{"id":4754,"date":"2018-02-06T02:46:51","date_gmt":"2018-02-06T02:46:51","guid":{"rendered":"https:\/\/larevistadigital.com.ar\/blog\/?p=4754"},"modified":"2018-02-06T02:46:51","modified_gmt":"2018-02-06T02:46:51","slug":"chascomus-violento-robo-domicilio-dos-personas-heridas","status":"publish","type":"post","link":"https:\/\/larevistadigital.com.ar\/blog\/chascomus-violento-robo-domicilio-dos-personas-heridas\/","title":{"rendered":"CHASCOM\u00daS: VIOLENTO ROBO EN DOMICILIO CON DOS PERSONAS HERIDAS"},"content":{"rendered":"<h2>Un\u00a0 robo bastante violento se produjo en un domicilio ubicado en la calle Juli\u00e1n Quintana, entre Salta y San Lorenzo, en donde resultaron heridos dos hermanos.<\/h2>\n<p>La hija de la v\u00edctima fue entrevistada por el m\u00f3vil de FM Por Siempre, en donde narr\u00f3 que en momentos que se alistaban a cenar, su hijo se dirigi\u00f3 a una de las habitaciones para dormir al bebe, cuando siente el grito de auxilio proveniente del otro cuarto.<\/p>\n<blockquote>\n<h3>Al llegar a la otra habitaci\u00f3n, se lleva la ingrata sorpresa de encontrarse con los delincuentes que, a pesar de estar encapuchados, le parecieron menores. Los indeseables, amenazaban con un arma blanca a su madre, llegando inclusive a provocarle un corte a la jubilada.<\/h3>\n<\/blockquote>\n<p>Dijo que los ladrones, ped\u00edan con insistencia el dinero y las joyas que dec\u00edan saber que la familia pose\u00eda, pero la entrevistada neg\u00f3 fervientemente la tenencia de dinero o joyas.<\/p>\n<p>De manera arriesgada, y ante un descuido de los malhechores, las mujeres lograron encerrarse en el ba\u00f1o de la vivienda, desde donde pod\u00edan escuchar los ruidos provocados por la rotura de diversos objetos en su domicilio. Es ah\u00ed donde interviene el hermano de la jubilada, que luego de forcejear con los cacos, cae sobre una mesa de vidrio, la que al romperse le causa algunos cortes.<\/p>\n<p>El lamentable saldo: la jubilada y su hermano, terminaron hospitalizados, mientras que los cobardes huyeron con una suma de dos mil pesos.<\/p>\n<p>&nbsp;<\/p>\n","protected":false},"excerpt":{"rendered":"<div class=\"mh-excerpt\"><p>Un\u00a0 robo bastante violento se produjo en un domicilio ubicado en la calle Juli\u00e1n Quintana, entre Salta y San Lorenzo, en donde resultaron heridos dos hermanos. La hija de la v\u00edctima fue entrevistada por el <a class=\"mh-excerpt-more\" href=\"https:\/\/larevistadigital.com.ar\/blog\/chascomus-violento-robo-domicilio-dos-personas-heridas\/\" title=\"CHASCOM\u00daS: VIOLENTO ROBO EN DOMICILIO CON DOS PERSONAS HERIDAS\">[Leer M\u00e1s]<\/a><\/p>\n<\/div>","protected":false},"author":3,"featured_media":4757,"comment_status":"open","ping_status":"open","sticky":false,"template":"","format":"standard","meta":{"_jetpack_memberships_contains_paid_content":false,"footnotes":"","jetpack_publicize_message":"","jetpack_publicize_feature_enabled":true,"jetpack_social_post_already_shared":true,"jetpack_social_options":{"image_generator_settings":{"template":"highway","default_image_id":0,"font":"","enabled":false},"version":2}},"categories":[41],"tags":[],"class_list":{"0":"post-4754","1":"post","2":"type-post","3":"status-publish","4":"format-standard","5":"has-post-thumbnail","7":"category-destacadas"},"jetpack_publicize_connections":[],"jetpack_featured_media_url":"https:\/\/i0.wp.com\/larevistadigital.com.ar\/blog\/wp-content\/uploads\/2018\/02\/descarga-8.jpg?fit=650%2C440&ssl=1","jetpack_sharing_enabled":true,"jetpack_shortlink":"https:\/\/wp.me\/p8qtrQ-1eG","jetpack-related-posts":[{"id":12361,"url":"https:\/\/larevistadigital.com.ar\/blog\/robo-violento-en-el-barrio-san-jose\/","url_meta":{"origin":4754,"position":0},"title":"ROBO VIOLENTO EN EL BARRIO SAN JOS\u00c9","author":"Alejandro Sosa Ruda","date":"27 septiembre, 2019","format":false,"excerpt":"Se conoci\u00f3 ayer del violento robo que sufri\u00f3 Jos\u00e9 Celano en su domicilio del barrio San Jos\u00e9, sobre calle Roque Saenz Pe\u00f1a. All\u00ed un vecino sufri\u00f3 un asalto, donde tres delincuentes lo agredieron e intentaron cortarle un dedo, para luego sustraerle televisores, 5 mil pesos, un celular, entre otros objetos.\u2026","rel":"","context":"En \u00abINTERES GENERAL\u00bb","block_context":{"text":"INTERES GENERAL","link":"https:\/\/larevistadigital.com.ar\/blog\/category\/interes-general\/"},"img":{"alt_text":"","src":"https:\/\/i0.wp.com\/larevistadigital.com.ar\/blog\/wp-content\/uploads\/2018\/10\/COMISARIA-de-CHASCOMUS_02-05-2015.jpg?fit=800%2C600&ssl=1&resize=350%2C200","width":350,"height":200,"srcset":"https:\/\/i0.wp.com\/larevistadigital.com.ar\/blog\/wp-content\/uploads\/2018\/10\/COMISARIA-de-CHASCOMUS_02-05-2015.jpg?fit=800%2C600&ssl=1&resize=350%2C200 1x, https:\/\/i0.wp.com\/larevistadigital.com.ar\/blog\/wp-content\/uploads\/2018\/10\/COMISARIA-de-CHASCOMUS_02-05-2015.jpg?fit=800%2C600&ssl=1&resize=525%2C300 1.5x, https:\/\/i0.wp.com\/larevistadigital.com.ar\/blog\/wp-content\/uploads\/2018\/10\/COMISARIA-de-CHASCOMUS_02-05-2015.jpg?fit=800%2C600&ssl=1&resize=700%2C400 2x"},"classes":[]},{"id":44339,"url":"https:\/\/larevistadigital.com.ar\/blog\/violento-robo-en-castelli-detuvieron-a-dos-vecinos-acusados-de-ser-los-entregadores\/","url_meta":{"origin":4754,"position":1},"title":"Violento robo en Castelli: detuvieron a dos vecinos acusados de ser los \u201centregadores\u201d","author":"Alejandro Sosa Ruda","date":"5 marzo, 2026","format":false,"excerpt":"La investigaci\u00f3n por el asalto a una vivienda c\u00e9ntrica sum\u00f3 nuevas detenciones. Los sospechosos habr\u00edan aportado informaci\u00f3n clave a los delincuentes que golpearon y ataron a las v\u00edctimas. 05 de Marzo de 2026 CASTELLI -\u00a0 \u00a0La investigaci\u00f3n por el violento robo ocurrido el martes por la noche en una vivienda\u2026","rel":"","context":"En \u00abCASTELLI\u00bb","block_context":{"text":"CASTELLI","link":"https:\/\/larevistadigital.com.ar\/blog\/category\/castelli\/"},"img":{"alt_text":"","src":"https:\/\/i0.wp.com\/larevistadigital.com.ar\/blog\/wp-content\/uploads\/WhatsApp-Image-2026-03-05-at-15.44.29-e1772751736307.jpeg?fit=738%2C740&ssl=1&resize=350%2C200","width":350,"height":200,"srcset":"https:\/\/i0.wp.com\/larevistadigital.com.ar\/blog\/wp-content\/uploads\/WhatsApp-Image-2026-03-05-at-15.44.29-e1772751736307.jpeg?fit=738%2C740&ssl=1&resize=350%2C200 1x, https:\/\/i0.wp.com\/larevistadigital.com.ar\/blog\/wp-content\/uploads\/WhatsApp-Image-2026-03-05-at-15.44.29-e1772751736307.jpeg?fit=738%2C740&ssl=1&resize=525%2C300 1.5x, https:\/\/i0.wp.com\/larevistadigital.com.ar\/blog\/wp-content\/uploads\/WhatsApp-Image-2026-03-05-at-15.44.29-e1772751736307.jpeg?fit=738%2C740&ssl=1&resize=700%2C400 2x"},"classes":[]},{"id":34844,"url":"https:\/\/larevistadigital.com.ar\/blog\/chascomus-la-policia-comunal-detuvo-a-una-complice-del-violento-robo-a-elvira-manzur-y-su-pareja\/","url_meta":{"origin":4754,"position":2},"title":"CHASCOM\u00daS: LA POLIC\u00cdA COMUNAL DETUVO A UNA C\u00d3MPLICE DEL VIOLENTO ROBO A ELVIRA MANZUR Y SU PAREJA.","author":"Alejandro Sosa Ruda","date":"15 diciembre, 2023","format":false,"excerpt":"La Polic\u00eda Comunal detuvo en Berazategui a otra c\u00f3mplice del violento robo a Elvira Manzur y su pareja, Guillermo Merlino. Contin\u00faan haciendo un gran trabajo para que nadie quede impune 15 de diciembre de 2023 CHASCOM\u00daS -\u00a0 En relaci\u00f3n al\u00a0 delito de ROBO AGRAVADO POR SER EN POBLADO, EN BANDA\u2026","rel":"","context":"En \u00abDESTACADAS\u00bb","block_context":{"text":"DESTACADAS","link":"https:\/\/larevistadigital.com.ar\/blog\/category\/destacadas\/"},"img":{"alt_text":"","src":"https:\/\/i0.wp.com\/larevistadigital.com.ar\/blog\/wp-content\/uploads\/WhatsApp-Image-2023-12-15-at-10.34.45-e1702650929794.jpeg?fit=898%2C589&ssl=1&resize=350%2C200","width":350,"height":200,"srcset":"https:\/\/i0.wp.com\/larevistadigital.com.ar\/blog\/wp-content\/uploads\/WhatsApp-Image-2023-12-15-at-10.34.45-e1702650929794.jpeg?fit=898%2C589&ssl=1&resize=350%2C200 1x, https:\/\/i0.wp.com\/larevistadigital.com.ar\/blog\/wp-content\/uploads\/WhatsApp-Image-2023-12-15-at-10.34.45-e1702650929794.jpeg?fit=898%2C589&ssl=1&resize=525%2C300 1.5x, https:\/\/i0.wp.com\/larevistadigital.com.ar\/blog\/wp-content\/uploads\/WhatsApp-Image-2023-12-15-at-10.34.45-e1702650929794.jpeg?fit=898%2C589&ssl=1&resize=700%2C400 2x"},"classes":[]},{"id":9177,"url":"https:\/\/larevistadigital.com.ar\/blog\/brandsen-violento-robo-a-dos-familias-en-el-cowntry-altos-de-brandsen\/","url_meta":{"origin":4754,"position":3},"title":"BRANDSEN: VIOLENTO ROBO A DOS FAMILIAS EN EL COWNTRY ALTOS DE BRANDSEN","author":"Alejandro Sosa Ruda","date":"18 marzo, 2019","format":false,"excerpt":"En la madrugada de este lunes 18 de marzo,\u00a0cuatro delincuentes armados y\u00a0encapuchados, ingresaron al\u00a0country \u201cAltos de Brandsen\u201d, ubicado en calle Los Indios 1074 \u00a0y robaron en\u00a0dos viviendas a punta de pistola. Tras atar a las familias,\u00a0se dieron a la fuga con dinero en efectivo. Seg\u00fan informaron fuentes policiales, los malvivientes\u2026","rel":"","context":"En \u00abPOLICIALES\u00bb","block_context":{"text":"POLICIALES","link":"https:\/\/larevistadigital.com.ar\/blog\/category\/policiales\/"},"img":{"alt_text":"","src":"https:\/\/i0.wp.com\/larevistadigital.com.ar\/blog\/wp-content\/uploads\/2019\/03\/WhatsApp-Image-2019-03-18-at-09.58.26.jpeg?fit=1200%2C673&ssl=1&resize=350%2C200","width":350,"height":200,"srcset":"https:\/\/i0.wp.com\/larevistadigital.com.ar\/blog\/wp-content\/uploads\/2019\/03\/WhatsApp-Image-2019-03-18-at-09.58.26.jpeg?fit=1200%2C673&ssl=1&resize=350%2C200 1x, https:\/\/i0.wp.com\/larevistadigital.com.ar\/blog\/wp-content\/uploads\/2019\/03\/WhatsApp-Image-2019-03-18-at-09.58.26.jpeg?fit=1200%2C673&ssl=1&resize=525%2C300 1.5x, https:\/\/i0.wp.com\/larevistadigital.com.ar\/blog\/wp-content\/uploads\/2019\/03\/WhatsApp-Image-2019-03-18-at-09.58.26.jpeg?fit=1200%2C673&ssl=1&resize=700%2C400 2x, https:\/\/i0.wp.com\/larevistadigital.com.ar\/blog\/wp-content\/uploads\/2019\/03\/WhatsApp-Image-2019-03-18-at-09.58.26.jpeg?fit=1200%2C673&ssl=1&resize=1050%2C600 3x"},"classes":[]},{"id":42128,"url":"https:\/\/larevistadigital.com.ar\/blog\/violento-robo-a-jubilados-en-los-hornos-los-ataron-y-escaparon-con-su-auto-y-dinero\/","url_meta":{"origin":4754,"position":4},"title":"Violento robo a jubilados en Los Hornos: los ataron y escaparon con su auto y dinero","author":"Alejandro Sosa Ruda","date":"20 octubre, 2025","format":false,"excerpt":"Tres delincuentes encapuchados irrumpieron en plena madrugada en la vivienda del matrimonio, los amenazaron con armas y se llevaron joyas, dinero y el veh\u00edculo familiar. 20 de Octubre de 2025 LA PLATA -\u00a0 \u00a0Un violento robo a mano armada conmocion\u00f3 al barrio Los Hornos, en La Plata, durante la madrugada\u2026","rel":"","context":"En \u00abPOLICIALES\u00bb","block_context":{"text":"POLICIALES","link":"https:\/\/larevistadigital.com.ar\/blog\/category\/policiales\/"},"img":{"alt_text":"POLIC\u00cdA","src":"https:\/\/i0.wp.com\/larevistadigital.com.ar\/blog\/wp-content\/uploads\/POLICIA-3.jpg?fit=880%2C512&ssl=1&resize=350%2C200","width":350,"height":200,"srcset":"https:\/\/i0.wp.com\/larevistadigital.com.ar\/blog\/wp-content\/uploads\/POLICIA-3.jpg?fit=880%2C512&ssl=1&resize=350%2C200 1x, https:\/\/i0.wp.com\/larevistadigital.com.ar\/blog\/wp-content\/uploads\/POLICIA-3.jpg?fit=880%2C512&ssl=1&resize=525%2C300 1.5x, https:\/\/i0.wp.com\/larevistadigital.com.ar\/blog\/wp-content\/uploads\/POLICIA-3.jpg?fit=880%2C512&ssl=1&resize=700%2C400 2x"},"classes":[]},{"id":41110,"url":"https:\/\/larevistadigital.com.ar\/blog\/general-madariaga-detienen-a-dos-sujetos-por-un-violento-hecho-de-robo-en-pinamar\/","url_meta":{"origin":4754,"position":5},"title":"General Madariaga: Detienen a dos sujetos por un violento  hecho de robo en Pinamar","author":"Alejandro Sosa Ruda","date":"26 agosto, 2025","format":false,"excerpt":"La investigaci\u00f3n permiti\u00f3 dar con los sospechosos en General Madariaga. La v\u00edctima hab\u00eda sido reducida y golpeada en su vivienda. 26 de agosto de 2025 GENERAL MADARIAGA\u00a0 -\u00a0 \u00a0Un operativo policial desarrollado en General Madariaga culmin\u00f3 con la aprehensi\u00f3n de dos hombres acusados de participar en un violento robo ocurrido\u2026","rel":"","context":"En \u00abPOLICIALES\u00bb","block_context":{"text":"POLICIALES","link":"https:\/\/larevistadigital.com.ar\/blog\/category\/policiales\/"},"img":{"alt_text":"","src":"https:\/\/i0.wp.com\/larevistadigital.com.ar\/blog\/wp-content\/uploads\/539384492_18053244758449331_7543124158828652225_n.jpg?fit=700%2C700&ssl=1&resize=350%2C200","width":350,"height":200,"srcset":"https:\/\/i0.wp.com\/larevistadigital.com.ar\/blog\/wp-content\/uploads\/539384492_18053244758449331_7543124158828652225_n.jpg?fit=700%2C700&ssl=1&resize=350%2C200 1x, https:\/\/i0.wp.com\/larevistadigital.com.ar\/blog\/wp-content\/uploads\/539384492_18053244758449331_7543124158828652225_n.jpg?fit=700%2C700&ssl=1&resize=525%2C300 1.5x, https:\/\/i0.wp.com\/larevistadigital.com.ar\/blog\/wp-content\/uploads\/539384492_18053244758449331_7543124158828652225_n.jpg?fit=700%2C700&ssl=1&resize=700%2C400 2x"},"classes":[]}],"_links":{"self":[{"href":"https:\/\/larevistadigital.com.ar\/blog\/wp-json\/wp\/v2\/posts\/4754","targetHints":{"allow":["GET"]}}],"collection":[{"href":"https:\/\/larevistadigital.com.ar\/blog\/wp-json\/wp\/v2\/posts"}],"about":[{"href":"https:\/\/larevistadigital.com.ar\/blog\/wp-json\/wp\/v2\/types\/post"}],"author":[{"embeddable":true,"href":"https:\/\/larevistadigital.com.ar\/blog\/wp-json\/wp\/v2\/users\/3"}],"replies":[{"embeddable":true,"href":"https:\/\/larevistadigital.com.ar\/blog\/wp-json\/wp\/v2\/comments?post=4754"}],"version-history":[{"count":1,"href":"https:\/\/larevistadigital.com.ar\/blog\/wp-json\/wp\/v2\/posts\/4754\/revisions"}],"predecessor-version":[{"id":4758,"href":"https:\/\/larevistadigital.com.ar\/blog\/wp-json\/wp\/v2\/posts\/4754\/revisions\/4758"}],"wp:featuredmedia":[{"embeddable":true,"href":"https:\/\/larevistadigital.com.ar\/blog\/wp-json\/wp\/v2\/media\/4757"}],"wp:attachment":[{"href":"https:\/\/larevistadigital.com.ar\/blog\/wp-json\/wp\/v2\/media?parent=4754"}],"wp:term":[{"taxonomy":"category","embeddable":true,"href":"https:\/\/larevistadigital.com.ar\/blog\/wp-json\/wp\/v2\/categories?post=4754"},{"taxonomy":"post_tag","embeddable":true,"href":"https:\/\/larevistadigital.com.ar\/blog\/wp-json\/wp\/v2\/tags?post=4754"}],"curies":[{"name":"wp","href":"https:\/\/api.w.org\/{rel}","templated":true}]}}