{"id":4759,"date":"2018-02-06T11:27:43","date_gmt":"2018-02-06T11:27:43","guid":{"rendered":"https:\/\/larevistadigital.com.ar\/blog\/?p=4759"},"modified":"2018-02-06T11:27:43","modified_gmt":"2018-02-06T11:27:43","slug":"chascomus-vecinos-enojados-la-secretaria-obras-servicios","status":"publish","type":"post","link":"https:\/\/larevistadigital.com.ar\/blog\/chascomus-vecinos-enojados-la-secretaria-obras-servicios\/","title":{"rendered":"CHASCOM\u00daS: VECINOS ENOJADOS CON LA SECRETAR\u00cdA DE OBRAS Y SERVICIOS"},"content":{"rendered":"<p>Vecinos se pusieron en contacto con nosotros para informarnos su descontento con las autoridades de la Secretar\u00eda de Obras de Chascom\u00fas, luego de haberse comunicado en varias oportunidades y no haber tenido ning\u00fan tipo de respuesta.<\/p>\n<p>Manifestaron,\u00a0 que desde hace m\u00e1s de una semana, una persona cort\u00f3 las plantas de su domicilio, y bloque\u00f3 la calle Saavedra al 700, quedando as\u00ed desde entonces.<\/p>\n<p>En primer lugar, desconocemos si la persona que hizo la poda, lo hizo avisando a las autoridades para que recojan las plantas, pero lo que sucedi\u00f3 luego, es que varios vecinos s\u00ed lo hicieron, dando aviso de esta situaci\u00f3n que hasta el momento fue totalmente ignorada por las autoridades municipales, por lo que la calle contin\u00faa tal y como estaba hace d\u00edas.<\/p>\n<p>&nbsp;<\/p>\n","protected":false},"excerpt":{"rendered":"<div class=\"mh-excerpt\"><p>Vecinos se pusieron en contacto con nosotros para informarnos su descontento con las autoridades de la Secretar\u00eda de Obras de Chascom\u00fas, luego de haberse comunicado en varias oportunidades y no haber tenido ning\u00fan tipo de <a class=\"mh-excerpt-more\" href=\"https:\/\/larevistadigital.com.ar\/blog\/chascomus-vecinos-enojados-la-secretaria-obras-servicios\/\" title=\"CHASCOM\u00daS: VECINOS ENOJADOS CON LA SECRETAR\u00cdA DE OBRAS Y SERVICIOS\">[Leer M\u00e1s]<\/a><\/p>\n<\/div>","protected":false},"author":3,"featured_media":4760,"comment_status":"open","ping_status":"open","sticky":false,"template":"","format":"standard","meta":{"_jetpack_memberships_contains_paid_content":false,"footnotes":"","jetpack_publicize_message":"","jetpack_publicize_feature_enabled":true,"jetpack_social_post_already_shared":true,"jetpack_social_options":{"image_generator_settings":{"template":"highway","default_image_id":0,"font":"","enabled":false},"version":2}},"categories":[12],"tags":[],"class_list":{"0":"post-4759","1":"post","2":"type-post","3":"status-publish","4":"format-standard","5":"has-post-thumbnail","7":"category-politica"},"jetpack_publicize_connections":[],"jetpack_featured_media_url":"https:\/\/i0.wp.com\/larevistadigital.com.ar\/blog\/wp-content\/uploads\/2018\/02\/WhatsApp-Image-2018-02-05-at-21.24.47.jpeg?fit=1280%2C960&ssl=1","jetpack_sharing_enabled":true,"jetpack_shortlink":"https:\/\/wp.me\/p8qtrQ-1eL","jetpack-related-posts":[{"id":4090,"url":"https:\/\/larevistadigital.com.ar\/blog\/chascomus-finalmente-las-autoridades-municipales-le-entraron-las-balas\/","url_meta":{"origin":4759,"position":0},"title":"CHASCOM\u00daS: FINALMENTE A LAS AUTORIDADES MUNICIPALES \u201cLE ENTRARON LAS BALAS\u201d","author":"Alejandro Sosa Ruda","date":"1 diciembre, 2017","format":false,"excerpt":"Luego de los reiterados reclamos de los vecinos del barrio Lomas Altas, parece que el Municipio tom\u00f3 nota de la situaci\u00f3n, y envi\u00f3 personal a dar soluci\u00f3n a los problemas. Luego de una gran cantidad de reclamos por v\u00eda telef\u00f3nica, escrita y personalmente en la Secretar\u00eda de Obras y Servicios,\u2026","rel":"","context":"En \u00abCHASCOM\u00daS\u00bb","block_context":{"text":"CHASCOM\u00daS","link":"https:\/\/larevistadigital.com.ar\/blog\/category\/chascomus\/"},"img":{"alt_text":"","src":"https:\/\/i0.wp.com\/larevistadigital.com.ar\/blog\/wp-content\/uploads\/2017\/12\/24172973_1701686596518885_6670751717988241050_o.jpg?fit=1200%2C800&ssl=1&resize=350%2C200","width":350,"height":200,"srcset":"https:\/\/i0.wp.com\/larevistadigital.com.ar\/blog\/wp-content\/uploads\/2017\/12\/24172973_1701686596518885_6670751717988241050_o.jpg?fit=1200%2C800&ssl=1&resize=350%2C200 1x, https:\/\/i0.wp.com\/larevistadigital.com.ar\/blog\/wp-content\/uploads\/2017\/12\/24172973_1701686596518885_6670751717988241050_o.jpg?fit=1200%2C800&ssl=1&resize=525%2C300 1.5x, https:\/\/i0.wp.com\/larevistadigital.com.ar\/blog\/wp-content\/uploads\/2017\/12\/24172973_1701686596518885_6670751717988241050_o.jpg?fit=1200%2C800&ssl=1&resize=700%2C400 2x, https:\/\/i0.wp.com\/larevistadigital.com.ar\/blog\/wp-content\/uploads\/2017\/12\/24172973_1701686596518885_6670751717988241050_o.jpg?fit=1200%2C800&ssl=1&resize=1050%2C600 3x"},"classes":[]},{"id":8381,"url":"https:\/\/larevistadigital.com.ar\/blog\/chascomus-vecinos-preocupados-por-una-mujer-con-algun-desequilibrio-deambula-por-calle-belgrano\/","url_meta":{"origin":4759,"position":1},"title":"CHASCOM\u00daS: VECINOS PREOCUPADOS POR UNA MUJER CON ALG\u00daN DESEQUILIBRIO DEAMBULA POR CALLE BELGRANO","author":"Alejandro Sosa Ruda","date":"12 febrero, 2019","format":false,"excerpt":"Desde su cuenta de facebook, una vecina de Chascom\u00fas, hizo p\u00fablica la preocupaci\u00f3n de muchas personas por la presencia de una chica que seg\u00fan cuentan, deambula por los alrededores de calle Belgrano, a veces en situaci\u00f3n agresiva, y en otros momentos como \"ida\", llegando a cruzar la calle sin mirar,\u2026","rel":"","context":"En \u00abDESTACADAS\u00bb","block_context":{"text":"DESTACADAS","link":"https:\/\/larevistadigital.com.ar\/blog\/category\/destacadas\/"},"img":{"alt_text":"","src":"https:\/\/i0.wp.com\/larevistadigital.com.ar\/blog\/wp-content\/uploads\/2019\/02\/52630291_2073297469444816_784002819110731776_n-e1549986615763.jpg?fit=600%2C449&ssl=1&resize=350%2C200","width":350,"height":200,"srcset":"https:\/\/i0.wp.com\/larevistadigital.com.ar\/blog\/wp-content\/uploads\/2019\/02\/52630291_2073297469444816_784002819110731776_n-e1549986615763.jpg?fit=600%2C449&ssl=1&resize=350%2C200 1x, https:\/\/i0.wp.com\/larevistadigital.com.ar\/blog\/wp-content\/uploads\/2019\/02\/52630291_2073297469444816_784002819110731776_n-e1549986615763.jpg?fit=600%2C449&ssl=1&resize=525%2C300 1.5x"},"classes":[]},{"id":10995,"url":"https:\/\/larevistadigital.com.ar\/blog\/chascomus-reclamo-de-vecinos-de-el-gallo-blanco\/","url_meta":{"origin":4759,"position":2},"title":"CHASCOM\u00daS: RECLAMO DE VECINOS DE EL GALLO BLANCO","author":"Alejandro Sosa Ruda","date":"2 julio, 2019","format":false,"excerpt":"El Diario El Fuerte de Chascom\u00fas, hizo p\u00fablico un reclamo de vecinos del barrio El Gallo Blanco, que se comunicaron a trav\u00e9s de un mail, para pedir que se difunda un reclamo que al parecer no ha tenido atenci\u00f3n por parte de las autoridades municipales. El texto publicado por El\u2026","rel":"","context":"En \u00abDESTACADAS\u00bb","block_context":{"text":"DESTACADAS","link":"https:\/\/larevistadigital.com.ar\/blog\/category\/destacadas\/"},"img":{"alt_text":"","src":"https:\/\/i0.wp.com\/larevistadigital.com.ar\/blog\/wp-content\/uploads\/2019\/05\/images.jpg?fit=600%2C317&ssl=1&resize=350%2C200","width":350,"height":200,"srcset":"https:\/\/i0.wp.com\/larevistadigital.com.ar\/blog\/wp-content\/uploads\/2019\/05\/images.jpg?fit=600%2C317&ssl=1&resize=350%2C200 1x, https:\/\/i0.wp.com\/larevistadigital.com.ar\/blog\/wp-content\/uploads\/2019\/05\/images.jpg?fit=600%2C317&ssl=1&resize=525%2C300 1.5x"},"classes":[]},{"id":6187,"url":"https:\/\/larevistadigital.com.ar\/blog\/vecinos-de-chascomus-se-quejan-por-el-estado-de-los-caminos-rurales\/","url_meta":{"origin":4759,"position":3},"title":"VECINOS DE CHASCOM\u00daS SE QUEJAN POR EL ESTADO DE LOS CAMINOS RURALES","author":"Alejandro Sosa Ruda","date":"13 agosto, 2018","format":false,"excerpt":"Vecinos de la zona rural hicieron llegar su queja por el estado del camino rural que une la Avda. Costanera, a la altura del Barrio Parque Girado, con el que desde la Autov\u00eda 2 va a Manantiales por un lado y a Pila por otro. De acuerdo a lo que\u2026","rel":"","context":"En \u00abCHASCOM\u00daS\u00bb","block_context":{"text":"CHASCOM\u00daS","link":"https:\/\/larevistadigital.com.ar\/blog\/category\/chascomus\/"},"img":{"alt_text":"","src":"https:\/\/i0.wp.com\/larevistadigital.com.ar\/blog\/wp-content\/uploads\/2018\/08\/caminos-rurales-960-426-960-23925.jpg?fit=960%2C426&ssl=1&resize=350%2C200","width":350,"height":200,"srcset":"https:\/\/i0.wp.com\/larevistadigital.com.ar\/blog\/wp-content\/uploads\/2018\/08\/caminos-rurales-960-426-960-23925.jpg?fit=960%2C426&ssl=1&resize=350%2C200 1x, https:\/\/i0.wp.com\/larevistadigital.com.ar\/blog\/wp-content\/uploads\/2018\/08\/caminos-rurales-960-426-960-23925.jpg?fit=960%2C426&ssl=1&resize=525%2C300 1.5x, https:\/\/i0.wp.com\/larevistadigital.com.ar\/blog\/wp-content\/uploads\/2018\/08\/caminos-rurales-960-426-960-23925.jpg?fit=960%2C426&ssl=1&resize=700%2C400 2x"},"classes":[]},{"id":1970,"url":"https:\/\/larevistadigital.com.ar\/blog\/queja-de-vecinos-por-pozo-en-el-acceso\/","url_meta":{"origin":4759,"position":4},"title":"QUEJA DE VECINOS POR POZO EN EL ACCESO","author":"Alejandro Sosa Ruda","date":"11 abril, 2017","format":false,"excerpt":"Un grupo de vecinos que residen en el acceso norte de Chascom\u00fas, nos hizo llegar unas fotos con el reclamo a las autoridades de Obras y Servicios, que parecen haber pasado por alto el estado de una zanja ubicada en las intersecciones de las calles Misiones y Libres del sur,\u2026","rel":"","context":"En \u00abCHASCOM\u00daS\u00bb","block_context":{"text":"CHASCOM\u00daS","link":"https:\/\/larevistadigital.com.ar\/blog\/category\/chascomus\/"},"img":{"alt_text":"","src":"https:\/\/i0.wp.com\/larevistadigital.com.ar\/blog\/wp-content\/uploads\/2017\/04\/WhatsApp-Image-2017-04-11-at-08.20.39-1.jpeg?fit=864%2C794&ssl=1&resize=350%2C200","width":350,"height":200,"srcset":"https:\/\/i0.wp.com\/larevistadigital.com.ar\/blog\/wp-content\/uploads\/2017\/04\/WhatsApp-Image-2017-04-11-at-08.20.39-1.jpeg?fit=864%2C794&ssl=1&resize=350%2C200 1x, https:\/\/i0.wp.com\/larevistadigital.com.ar\/blog\/wp-content\/uploads\/2017\/04\/WhatsApp-Image-2017-04-11-at-08.20.39-1.jpeg?fit=864%2C794&ssl=1&resize=525%2C300 1.5x, https:\/\/i0.wp.com\/larevistadigital.com.ar\/blog\/wp-content\/uploads\/2017\/04\/WhatsApp-Image-2017-04-11-at-08.20.39-1.jpeg?fit=864%2C794&ssl=1&resize=700%2C400 2x"},"classes":[]},{"id":24264,"url":"https:\/\/larevistadigital.com.ar\/blog\/chascomus-se-repiten-las-quejas-de-los-vecinos-por-el-estado-deplorable-de-las-calles-de-tierra\/","url_meta":{"origin":4759,"position":5},"title":"CHASCOM\u00daS: SE REPITEN LAS QUEJAS DE LOS VECINOS POR EL ESTADO DEPLORABLE DE LAS CALLES DE TIERRA","author":"Alejandro Sosa Ruda","date":"28 febrero, 2022","format":false,"excerpt":"Una situaci\u00f3n que se repite. Inacci\u00f3n, abandono por parte del \u00e1rea de Obras y una gesti\u00f3n de Turismo que no reacciona y mira para otro lado. \"Total, la gente viene igual\"... CHASCOM\u00daS\u00a0 -\u00a0 Lamentablemente y ante la inacci\u00f3n de las autoridades municipales, la gente debe recurrir a las redes sociales,\u2026","rel":"","context":"En \u00abDESTACADAS\u00bb","block_context":{"text":"DESTACADAS","link":"https:\/\/larevistadigital.com.ar\/blog\/category\/destacadas\/"},"img":{"alt_text":"","src":"https:\/\/i0.wp.com\/larevistadigital.com.ar\/blog\/wp-content\/uploads\/274812278_10222072439662547_3129632542071479380_n.jpg?fit=900%2C1200&ssl=1&resize=350%2C200","width":350,"height":200,"srcset":"https:\/\/i0.wp.com\/larevistadigital.com.ar\/blog\/wp-content\/uploads\/274812278_10222072439662547_3129632542071479380_n.jpg?fit=900%2C1200&ssl=1&resize=350%2C200 1x, https:\/\/i0.wp.com\/larevistadigital.com.ar\/blog\/wp-content\/uploads\/274812278_10222072439662547_3129632542071479380_n.jpg?fit=900%2C1200&ssl=1&resize=525%2C300 1.5x, https:\/\/i0.wp.com\/larevistadigital.com.ar\/blog\/wp-content\/uploads\/274812278_10222072439662547_3129632542071479380_n.jpg?fit=900%2C1200&ssl=1&resize=700%2C400 2x"},"classes":[]}],"_links":{"self":[{"href":"https:\/\/larevistadigital.com.ar\/blog\/wp-json\/wp\/v2\/posts\/4759","targetHints":{"allow":["GET"]}}],"collection":[{"href":"https:\/\/larevistadigital.com.ar\/blog\/wp-json\/wp\/v2\/posts"}],"about":[{"href":"https:\/\/larevistadigital.com.ar\/blog\/wp-json\/wp\/v2\/types\/post"}],"author":[{"embeddable":true,"href":"https:\/\/larevistadigital.com.ar\/blog\/wp-json\/wp\/v2\/users\/3"}],"replies":[{"embeddable":true,"href":"https:\/\/larevistadigital.com.ar\/blog\/wp-json\/wp\/v2\/comments?post=4759"}],"version-history":[{"count":1,"href":"https:\/\/larevistadigital.com.ar\/blog\/wp-json\/wp\/v2\/posts\/4759\/revisions"}],"predecessor-version":[{"id":4761,"href":"https:\/\/larevistadigital.com.ar\/blog\/wp-json\/wp\/v2\/posts\/4759\/revisions\/4761"}],"wp:featuredmedia":[{"embeddable":true,"href":"https:\/\/larevistadigital.com.ar\/blog\/wp-json\/wp\/v2\/media\/4760"}],"wp:attachment":[{"href":"https:\/\/larevistadigital.com.ar\/blog\/wp-json\/wp\/v2\/media?parent=4759"}],"wp:term":[{"taxonomy":"category","embeddable":true,"href":"https:\/\/larevistadigital.com.ar\/blog\/wp-json\/wp\/v2\/categories?post=4759"},{"taxonomy":"post_tag","embeddable":true,"href":"https:\/\/larevistadigital.com.ar\/blog\/wp-json\/wp\/v2\/tags?post=4759"}],"curies":[{"name":"wp","href":"https:\/\/api.w.org\/{rel}","templated":true}]}}