{"id":4762,"date":"2018-02-06T12:31:22","date_gmt":"2018-02-06T12:31:22","guid":{"rendered":"https:\/\/larevistadigital.com.ar\/blog\/?p=4762"},"modified":"2018-02-06T12:31:22","modified_gmt":"2018-02-06T12:31:22","slug":"chascomus-cambiemos-pidio-los-demas-bloques-reconsiderar-los-aumentos-las-tasas","status":"publish","type":"post","link":"https:\/\/larevistadigital.com.ar\/blog\/chascomus-cambiemos-pidio-los-demas-bloques-reconsiderar-los-aumentos-las-tasas\/","title":{"rendered":"CHASCOM\u00daS: CAMBIEMOS PIDI\u00d3 A LOS DEM\u00c1S BLOQUES RECONSIDERAR LOS AUMENTOS EN LAS TASAS"},"content":{"rendered":"<h2>EN ALGUNOS CASOS SUPERAN EL 1000% Y SE TORNAN IMPAGABLES PARA QUIENES TIENEN MENOS POSIBILIDADES. HAY MUCHOS QUE POR UN LOTE VIERON INCREMENTADAS LAS TASAS EN M\u00c1S DEL 1000%. ALGO DEBEN HACER LAS AUTORIDADES PARA QUE ESTO NO TERMINE CON UN GRAN SECTOR DE LA POBLACI\u00d3N ENDEUDADO Y SIN POSIBILIDADES DE SALIR DE ESA SITUACI\u00d3N.<\/h2>\n<p>El consenso dur\u00f3 poco. El interbloque de concejales de Cambiemos, en virtud a los graves y hasta podr\u00edamos llamar \u201cdescabellados\u201d aumentos que se han producido en las tasas de varios vecinos de la ciudad, propone a trav\u00e9s de un \u201cproyecto de resoluci\u00f3n\u201d y a todos los bloques, rever la ordenanza fiscal e impositiva que fue votada y aprobada hace apenas algunos d\u00edas, m\u00e1s exactamente el 21 de diciembre y deriv\u00f3 en estos valores.<\/p>\n<blockquote>\n<h3>Ya se hab\u00edan comunicado con La Revista Digital varios vecinos, sumamente preocupados por los terribles aumentos que en algunos casos superan el 1000%, y que los m\u00e1s humildes no est\u00e1n en condiciones de afrontar.<\/h3>\n<\/blockquote>\n<p>Uno de los casos que lleg\u00f3 a nuestra redacci\u00f3n, y provoc\u00f3 revuelo, fue por ejemplo el de algunos afiliados bancarios que manifestaron su descontento con el secretario general local, <strong>Franc\u00edsco Rodriguez<\/strong>, de reconocida militancia en Unidad por Chascom\u00fas, por formar parte del grupo de \u201cmayores contribuyentes\u201d que vot\u00f3 a favor de esta medida.<\/p>\n<p>Otros casos, que son varios, nos dicen que pasaron de pagar alrededor de $100.- a pagar $1.200.-.<\/p>\n<p>La tasa en cuesti\u00f3n es la denominada \u201cservicios generales\u201d, que antes se llamaba alumbrado, barrido y limpieza.<\/p>\n<blockquote>\n<h3>Lo cierto, es que el tema no es menor, ya que afecta a gente que lamentablemente no podr\u00e1 pagar los valores que se est\u00e1n pretendiendo cobrar, lo que derivar\u00e1 en moras que quien sabe c\u00f3mo terminar\u00e1n.<\/h3>\n<\/blockquote>\n<p>Nadie puede afirmar que, ante la mora de los vecinos, y los intereses e importes que puedan generarse, no aparezca alg\u00fan d\u00eda un iluminado que pretenda cobrar o ejecutar a los deudores, con el desastre social que esto acarrear\u00eda.<\/p>\n<p>A continuaci\u00f3n, el proyecto presentado:<\/p>\n<p><a href=\"https:\/\/i0.wp.com\/larevistadigital.com.ar\/blog\/wp-content\/uploads\/2018\/02\/Resoluci%C3%B3n-1.jpg?ssl=1\"><img data-recalc-dims=\"1\" loading=\"lazy\" decoding=\"async\" class=\"alignnone size-full wp-image-4764\" src=\"https:\/\/i0.wp.com\/larevistadigital.com.ar\/blog\/wp-content\/uploads\/2018\/02\/Resoluci%C3%B3n-1.jpg?resize=1400%2C1867&#038;ssl=1\" alt=\"\" width=\"1400\" height=\"1867\" srcset=\"https:\/\/i0.wp.com\/larevistadigital.com.ar\/blog\/wp-content\/uploads\/2018\/02\/Resoluci%C3%B3n-1.jpg?w=1400&amp;ssl=1 1400w, https:\/\/i0.wp.com\/larevistadigital.com.ar\/blog\/wp-content\/uploads\/2018\/02\/Resoluci%C3%B3n-1.jpg?resize=225%2C300&amp;ssl=1 225w, https:\/\/i0.wp.com\/larevistadigital.com.ar\/blog\/wp-content\/uploads\/2018\/02\/Resoluci%C3%B3n-1.jpg?resize=768%2C1024&amp;ssl=1 768w\" sizes=\"auto, (max-width: 1000px) 100vw, 1000px\" \/><\/a><\/p>\n<p><a href=\"https:\/\/i0.wp.com\/larevistadigital.com.ar\/blog\/wp-content\/uploads\/2018\/02\/Resoluci%C3%B3n-2.jpg?ssl=1\"><img data-recalc-dims=\"1\" loading=\"lazy\" decoding=\"async\" class=\"alignnone size-full wp-image-4765\" src=\"https:\/\/i0.wp.com\/larevistadigital.com.ar\/blog\/wp-content\/uploads\/2018\/02\/Resoluci%C3%B3n-2.jpg?resize=1400%2C1867&#038;ssl=1\" alt=\"\" width=\"1400\" height=\"1867\" srcset=\"https:\/\/i0.wp.com\/larevistadigital.com.ar\/blog\/wp-content\/uploads\/2018\/02\/Resoluci%C3%B3n-2.jpg?w=1400&amp;ssl=1 1400w, https:\/\/i0.wp.com\/larevistadigital.com.ar\/blog\/wp-content\/uploads\/2018\/02\/Resoluci%C3%B3n-2.jpg?resize=225%2C300&amp;ssl=1 225w, https:\/\/i0.wp.com\/larevistadigital.com.ar\/blog\/wp-content\/uploads\/2018\/02\/Resoluci%C3%B3n-2.jpg?resize=768%2C1024&amp;ssl=1 768w\" sizes=\"auto, (max-width: 1000px) 100vw, 1000px\" \/><\/a><\/p>\n<p>&nbsp;<\/p>\n","protected":false},"excerpt":{"rendered":"<div class=\"mh-excerpt\"><p>EN ALGUNOS CASOS SUPERAN EL 1000% Y SE TORNAN IMPAGABLES PARA QUIENES TIENEN MENOS POSIBILIDADES. HAY MUCHOS QUE POR UN LOTE VIERON INCREMENTADAS LAS TASAS EN M\u00c1S DEL 1000%. ALGO DEBEN HACER LAS AUTORIDADES PARA <a class=\"mh-excerpt-more\" href=\"https:\/\/larevistadigital.com.ar\/blog\/chascomus-cambiemos-pidio-los-demas-bloques-reconsiderar-los-aumentos-las-tasas\/\" title=\"CHASCOM\u00daS: CAMBIEMOS PIDI\u00d3 A LOS DEM\u00c1S BLOQUES RECONSIDERAR LOS AUMENTOS EN LAS TASAS\">[Leer M\u00e1s]<\/a><\/p>\n<\/div>","protected":false},"author":3,"featured_media":4766,"comment_status":"open","ping_status":"open","sticky":false,"template":"","format":"standard","meta":{"_jetpack_memberships_contains_paid_content":false,"footnotes":"","jetpack_publicize_message":"","jetpack_publicize_feature_enabled":true,"jetpack_social_post_already_shared":true,"jetpack_social_options":{"image_generator_settings":{"template":"highway","default_image_id":0,"font":"","enabled":false},"version":2}},"categories":[6,12],"tags":[],"class_list":{"0":"post-4762","1":"post","2":"type-post","3":"status-publish","4":"format-standard","5":"has-post-thumbnail","7":"category-chascomus","8":"category-politica"},"jetpack_publicize_connections":[],"jetpack_featured_media_url":"https:\/\/i0.wp.com\/larevistadigital.com.ar\/blog\/wp-content\/uploads\/2018\/02\/intereses-bancarios01.jpg?fit=650%2C463&ssl=1","jetpack_sharing_enabled":true,"jetpack_shortlink":"https:\/\/wp.me\/p8qtrQ-1eO","jetpack-related-posts":[{"id":4257,"url":"https:\/\/larevistadigital.com.ar\/blog\/la-concejal-perez-casal-aseguro-los-aumentos-propuestos-intendente-vecino-paga-tasas-121-pasara-pagar-823\/","url_meta":{"origin":4762,"position":0},"title":"LA CONCEJAL P\u00c9REZ CASAL ASEGUR\u00d3 QUE CON LOS AUMENTOS PROPUESTOS POR EL INTENDENTE, UN VECINO QUE PAGA TASAS POR $121.- PASAR\u00c1 A PAGAR$ 823.-","author":"Alejandro Sosa Ruda","date":"18 diciembre, 2017","format":false,"excerpt":"En una entrevista durante el programa \u201cDos por M\u00e1s\u201d que se emite los viernes por la FM \u201cla Radio\u201d 101.5, la concejal de UCR-Cambiemos Claudia P\u00e9rez Casal brind\u00f3 algunos preocupantes detalles de los aumentos que el intendente Javier Gast\u00f3n tiene previstos para las tasas en el pr\u00f3ximo a\u00f1o, y que\u2026","rel":"","context":"En \u00abDESTACADAS\u00bb","block_context":{"text":"DESTACADAS","link":"https:\/\/larevistadigital.com.ar\/blog\/category\/destacadas\/"},"img":{"alt_text":"","src":"https:\/\/i0.wp.com\/larevistadigital.com.ar\/blog\/wp-content\/uploads\/2017\/12\/nota-1311604-claudia-perez-cazal-apostamos-puesta-marcha-parque-industrial-como-motor-empleo-produccion-647610.jpg?fit=1000%2C750&ssl=1&resize=350%2C200","width":350,"height":200,"srcset":"https:\/\/i0.wp.com\/larevistadigital.com.ar\/blog\/wp-content\/uploads\/2017\/12\/nota-1311604-claudia-perez-cazal-apostamos-puesta-marcha-parque-industrial-como-motor-empleo-produccion-647610.jpg?fit=1000%2C750&ssl=1&resize=350%2C200 1x, https:\/\/i0.wp.com\/larevistadigital.com.ar\/blog\/wp-content\/uploads\/2017\/12\/nota-1311604-claudia-perez-cazal-apostamos-puesta-marcha-parque-industrial-como-motor-empleo-produccion-647610.jpg?fit=1000%2C750&ssl=1&resize=525%2C300 1.5x, https:\/\/i0.wp.com\/larevistadigital.com.ar\/blog\/wp-content\/uploads\/2017\/12\/nota-1311604-claudia-perez-cazal-apostamos-puesta-marcha-parque-industrial-como-motor-empleo-produccion-647610.jpg?fit=1000%2C750&ssl=1&resize=700%2C400 2x"},"classes":[]},{"id":14015,"url":"https:\/\/larevistadigital.com.ar\/blog\/aqui-no-hay-grieta-los-municipios-del-conurbano-autorizan-aumentos-de-tasas-de-hasta-el-60\/","url_meta":{"origin":4762,"position":1},"title":"AQU\u00cd NO HAY \u00abGRIETA\u00bb LOS MUNICIPIOS DEL CONURBANO AUTORIZAN AUMENTOS DE TASAS DE HASTA EL 60%","author":"Alejandro Sosa Ruda","date":"6 enero, 2020","format":false,"excerpt":"Las boletas de ABL, el impuesto municipal m\u00e1s importante, comenzaron a llegar con fuertes subas. Sin importar el color pol\u00edtico, los alcaldes que tienen mayor\u00eda en los Concejos Deliberantes imponen sus propuestas. En Avellaneda, el kirchnerista Jorge Ferraresi dispuso un aumento del 60% de una, sin escalonamiento. Los vecinos juntan\u2026","rel":"","context":"En \u00abINTERES GENERAL\u00bb","block_context":{"text":"INTERES GENERAL","link":"https:\/\/larevistadigital.com.ar\/blog\/category\/interes-general\/"},"img":{"alt_text":"","src":"https:\/\/i0.wp.com\/larevistadigital.com.ar\/blog\/wp-content\/uploads\/impuestos.jpg?fit=600%2C488&ssl=1&resize=350%2C200","width":350,"height":200,"srcset":"https:\/\/i0.wp.com\/larevistadigital.com.ar\/blog\/wp-content\/uploads\/impuestos.jpg?fit=600%2C488&ssl=1&resize=350%2C200 1x, https:\/\/i0.wp.com\/larevistadigital.com.ar\/blog\/wp-content\/uploads\/impuestos.jpg?fit=600%2C488&ssl=1&resize=525%2C300 1.5x"},"classes":[]},{"id":6733,"url":"https:\/\/larevistadigital.com.ar\/blog\/chascomus-aqui-mas-pruebas-de-los-entredichos-por-supuestas-sobrefacturaciones-entre-cambiemos-y-unidad-por-chascomus\/","url_meta":{"origin":4762,"position":2},"title":"CHASCOM\u00daS: AQU\u00cd M\u00c1S PRUEBAS DE LOS ENTREDICHOS POR SUPUESTAS SOBREFACTURACIONES ENTRE CAMBIEMOS Y UNIDAD POR CHASCOM\u00daS","author":"Alejandro Sosa Ruda","date":"4 octubre, 2018","format":false,"excerpt":"Algunas fuentes nos hacen llegar informaci\u00f3n y elementos que dejan probado que los \u201cinconvenientes\u201d entre el oficialismo y cambiemos dentro del Consejo Escolar, ya vienen ocurriendo por distintas razones, que hasta hoy se desconoc\u00edan. Evidentemente los \u00faltimos acontecimientos respecto de una auditor\u00eda que salieron a la luz y que brindamos\u2026","rel":"","context":"En \u00abDESTACADAS\u00bb","block_context":{"text":"DESTACADAS","link":"https:\/\/larevistadigital.com.ar\/blog\/category\/destacadas\/"},"img":{"alt_text":"","src":"https:\/\/i0.wp.com\/larevistadigital.com.ar\/blog\/wp-content\/uploads\/2018\/10\/Sin-t%C3%ADtulo-1.jpg?fit=1200%2C675&ssl=1&resize=350%2C200","width":350,"height":200,"srcset":"https:\/\/i0.wp.com\/larevistadigital.com.ar\/blog\/wp-content\/uploads\/2018\/10\/Sin-t%C3%ADtulo-1.jpg?fit=1200%2C675&ssl=1&resize=350%2C200 1x, https:\/\/i0.wp.com\/larevistadigital.com.ar\/blog\/wp-content\/uploads\/2018\/10\/Sin-t%C3%ADtulo-1.jpg?fit=1200%2C675&ssl=1&resize=525%2C300 1.5x, https:\/\/i0.wp.com\/larevistadigital.com.ar\/blog\/wp-content\/uploads\/2018\/10\/Sin-t%C3%ADtulo-1.jpg?fit=1200%2C675&ssl=1&resize=700%2C400 2x, https:\/\/i0.wp.com\/larevistadigital.com.ar\/blog\/wp-content\/uploads\/2018\/10\/Sin-t%C3%ADtulo-1.jpg?fit=1200%2C675&ssl=1&resize=1050%2C600 3x"},"classes":[]},{"id":13836,"url":"https:\/\/larevistadigital.com.ar\/blog\/chascomus-sufrio-en-las-principales-tasas-un-aumento-del-512\/","url_meta":{"origin":4762,"position":3},"title":"CHASCOM\u00daS SUFRI\u00d3 EN LAS PRINCIPALES TASAS UN AUMENTO DEL 51,2%","author":"Alejandro Sosa Ruda","date":"27 diciembre, 2019","format":false,"excerpt":"Al incrementarse los salarios municipales Pese que hace pocos d\u00edas que se aprob\u00f3 por mayor\u00eda oficialista la Ordenanza Fiscal e Impositiva con un aumento del 35% en las tasas de Servicio Generales y Servicios Sanitarios, el mecanismo establecido para su actualizaci\u00f3n, que es con la variaci\u00f3n de los sueldos municipales,\u2026","rel":"","context":"En \u00abINTERES GENERAL\u00bb","block_context":{"text":"INTERES GENERAL","link":"https:\/\/larevistadigital.com.ar\/blog\/category\/interes-general\/"},"img":{"alt_text":"","src":"https:\/\/i0.wp.com\/larevistadigital.com.ar\/blog\/wp-content\/uploads\/municipalidad-de-chascomus.jpg?fit=1200%2C800&ssl=1&resize=350%2C200","width":350,"height":200,"srcset":"https:\/\/i0.wp.com\/larevistadigital.com.ar\/blog\/wp-content\/uploads\/municipalidad-de-chascomus.jpg?fit=1200%2C800&ssl=1&resize=350%2C200 1x, https:\/\/i0.wp.com\/larevistadigital.com.ar\/blog\/wp-content\/uploads\/municipalidad-de-chascomus.jpg?fit=1200%2C800&ssl=1&resize=525%2C300 1.5x, https:\/\/i0.wp.com\/larevistadigital.com.ar\/blog\/wp-content\/uploads\/municipalidad-de-chascomus.jpg?fit=1200%2C800&ssl=1&resize=700%2C400 2x, https:\/\/i0.wp.com\/larevistadigital.com.ar\/blog\/wp-content\/uploads\/municipalidad-de-chascomus.jpg?fit=1200%2C800&ssl=1&resize=1050%2C600 3x"},"classes":[]},{"id":4446,"url":"https:\/\/larevistadigital.com.ar\/blog\/chascomus-secretario-hacienda-se-siente-conforme-la-fiscal-impositiva-se-voto\/","url_meta":{"origin":4762,"position":4},"title":"CHASCOM\u00daS: EL SECRETARIO DE HACIENDA SE SIENTE CONFORME CON LA FISCAL IMPOSITIVA QUE SE VOT\u00d3","author":"Alejandro Sosa Ruda","date":"9 enero, 2018","format":false,"excerpt":"El Secretario de Hacienda del Municipio de Chascom\u00fas, Juan Facundo Alfons\u00edn mantuvo un di\u00e1logo con el programa AM Show, que se emite por la FM \u201cLa Radio\u201d 101.5 acerca del impacto del aumento de las tasas y de la nueva ordenanza Fiscal e Impositiva. En primera instancia, Alfons\u00edn destac\u00f3 que\u2026","rel":"","context":"En \u00abCHASCOM\u00daS\u00bb","block_context":{"text":"CHASCOM\u00daS","link":"https:\/\/larevistadigital.com.ar\/blog\/category\/chascomus\/"},"img":{"alt_text":"","src":"https:\/\/i0.wp.com\/larevistadigital.com.ar\/blog\/wp-content\/uploads\/2018\/01\/alfonsin_29dediciembrede2017_elfuerte.jpg?fit=737%2C415&ssl=1&resize=350%2C200","width":350,"height":200,"srcset":"https:\/\/i0.wp.com\/larevistadigital.com.ar\/blog\/wp-content\/uploads\/2018\/01\/alfonsin_29dediciembrede2017_elfuerte.jpg?fit=737%2C415&ssl=1&resize=350%2C200 1x, https:\/\/i0.wp.com\/larevistadigital.com.ar\/blog\/wp-content\/uploads\/2018\/01\/alfonsin_29dediciembrede2017_elfuerte.jpg?fit=737%2C415&ssl=1&resize=525%2C300 1.5x, https:\/\/i0.wp.com\/larevistadigital.com.ar\/blog\/wp-content\/uploads\/2018\/01\/alfonsin_29dediciembrede2017_elfuerte.jpg?fit=737%2C415&ssl=1&resize=700%2C400 2x"},"classes":[]},{"id":13967,"url":"https:\/\/larevistadigital.com.ar\/blog\/chascomus-con-el-voto-oficialista-se-aprobaron-los-aumentos-de-tasas-de-la-fiscal-e-impositiva\/","url_meta":{"origin":4762,"position":5},"title":"CHASCOM\u00daS: CON EL VOTO OFICIALISTA SE APROBARON LOS AUMENTOS DE TASAS DE LA FISCAL E IMPOSITIVA","author":"Alejandro Sosa Ruda","date":"4 enero, 2020","format":false,"excerpt":"La alianza del Frente de Todos en Chascom\u00fas, tuvo un debut que mostr\u00f3 un funcionamiento \"aceitado\" en el que todos cumplieron con los requerimientos del Ejecutivo, sin chistar, y demostrando una vez m\u00e1s que los partidos suelen defender sus intereses por sobre los pareceres de los vecinos. El Concejo entonces\u2026","rel":"","context":"En \u00abDESTACADAS\u00bb","block_context":{"text":"DESTACADAS","link":"https:\/\/larevistadigital.com.ar\/blog\/category\/destacadas\/"},"img":{"alt_text":"","src":"https:\/\/i0.wp.com\/larevistadigital.com.ar\/blog\/wp-content\/uploads\/RF33f.jpg?fit=605%2C480&ssl=1&resize=350%2C200","width":350,"height":200,"srcset":"https:\/\/i0.wp.com\/larevistadigital.com.ar\/blog\/wp-content\/uploads\/RF33f.jpg?fit=605%2C480&ssl=1&resize=350%2C200 1x, https:\/\/i0.wp.com\/larevistadigital.com.ar\/blog\/wp-content\/uploads\/RF33f.jpg?fit=605%2C480&ssl=1&resize=525%2C300 1.5x"},"classes":[]}],"_links":{"self":[{"href":"https:\/\/larevistadigital.com.ar\/blog\/wp-json\/wp\/v2\/posts\/4762","targetHints":{"allow":["GET"]}}],"collection":[{"href":"https:\/\/larevistadigital.com.ar\/blog\/wp-json\/wp\/v2\/posts"}],"about":[{"href":"https:\/\/larevistadigital.com.ar\/blog\/wp-json\/wp\/v2\/types\/post"}],"author":[{"embeddable":true,"href":"https:\/\/larevistadigital.com.ar\/blog\/wp-json\/wp\/v2\/users\/3"}],"replies":[{"embeddable":true,"href":"https:\/\/larevistadigital.com.ar\/blog\/wp-json\/wp\/v2\/comments?post=4762"}],"version-history":[{"count":2,"href":"https:\/\/larevistadigital.com.ar\/blog\/wp-json\/wp\/v2\/posts\/4762\/revisions"}],"predecessor-version":[{"id":4768,"href":"https:\/\/larevistadigital.com.ar\/blog\/wp-json\/wp\/v2\/posts\/4762\/revisions\/4768"}],"wp:featuredmedia":[{"embeddable":true,"href":"https:\/\/larevistadigital.com.ar\/blog\/wp-json\/wp\/v2\/media\/4766"}],"wp:attachment":[{"href":"https:\/\/larevistadigital.com.ar\/blog\/wp-json\/wp\/v2\/media?parent=4762"}],"wp:term":[{"taxonomy":"category","embeddable":true,"href":"https:\/\/larevistadigital.com.ar\/blog\/wp-json\/wp\/v2\/categories?post=4762"},{"taxonomy":"post_tag","embeddable":true,"href":"https:\/\/larevistadigital.com.ar\/blog\/wp-json\/wp\/v2\/tags?post=4762"}],"curies":[{"name":"wp","href":"https:\/\/api.w.org\/{rel}","templated":true}]}}