{"id":4769,"date":"2018-02-06T12:46:29","date_gmt":"2018-02-06T12:46:29","guid":{"rendered":"https:\/\/larevistadigital.com.ar\/blog\/?p=4769"},"modified":"2018-02-06T12:46:29","modified_gmt":"2018-02-06T12:46:29","slug":"partido-fe-trato-zaffaroni-irresponsable-inmoral-golpista","status":"publish","type":"post","link":"https:\/\/larevistadigital.com.ar\/blog\/partido-fe-trato-zaffaroni-irresponsable-inmoral-golpista\/","title":{"rendered":"EL PARTIDO FE TRAT\u00d3 A ZAFFARONI DE IRRESPONSABLE, INMORAL Y GOLPISTA"},"content":{"rendered":"<div>Por intermedio de una gacetilla de prensa, el Partido FE nos hace llegar una declaraci\u00f3n que han elaborado el d\u00eda 3 de febrero \u00faltimo, en relaci\u00f3n a las recientes declaraciones del ex juez y militante kirchnerista <strong>Eugenio Zaffaroni<\/strong><\/div>\n<div><\/div>\n<div><\/div>\n<div id=\"yui_3_16_0_1_1517917048039_22178\" style=\"text-align: center\"><span id=\"yui_3_16_0_1_1517917048039_22204\"><strong id=\"yui_3_16_0_1_1517917048039_22203\"><span id=\"yui_3_16_0_1_1517917048039_22202\">ZAFFARONI ES IRRESPONSABLE, INMORAL Y GOLPISTA<\/span><\/strong><\/span><\/p>\n<\/div>\n<div id=\"yui_3_16_0_1_1517917048039_22179\">\n<\/div>\n<div id=\"yui_3_16_0_1_1517917048039_22201\"><em><strong><span id=\"yui_3_16_0_1_1517917048039_23977\">Declaraci\u00f3n del Partido FE de la Provincia de Buenos Aires<\/span><\/strong><\/em><\/div>\n<div id=\"yui_3_16_0_1_1517917048039_22180\"><em><strong>3 de febrero de 2018<\/strong><\/em><\/p>\n<p><span id=\"yui_3_16_0_1_1517917048039_23987\">El <strong>Juez Eugenio Zaffaroni<\/strong> ha dicho recientemente que quiere que el gobierno del presidente <strong>Macri <em>\u201cse vaya lo antes posible\u201d<\/em><\/strong> y anunci\u00f3 que, de no suceder eso,<em><strong> \u201cvienen vientos de violencia extrema\u201d<\/strong><\/em>.<br \/>\n<\/span><br \/>\n<span id=\"yui_3_16_0_1_1517917048039_22182\">Estas expresiones, propias de alguien que desconoce o rechaza los valores republicanos y democr\u00e1ticos, fueron hechas por quien fue convencional constituyente nacional en 1994, legislador de la ciudad de Buenos Aires en 1997, ministro de la Corte Suprema de Justicia de la Naci\u00f3n de 2003 a 2014, y actualmente es Juez de la Corte Interamericana de Derechos Humanos en representaci\u00f3n de nuestro pa\u00eds.<br \/>\n<\/span><br \/>\n<span id=\"yui_3_16_0_1_1517917048039_22184\"><strong>Zaffaroni<\/strong> sabe muy bien lo que est\u00e1 haciendo y el sentido antidemocr\u00e1tico y golpista de sus manifestaciones. El act\u00faa como representante de los que plantean que hoy no hay Estado de Derecho en nuestro pa\u00eds y que el presidente <strong>Mauricio Macri<\/strong> es la dictadura. El forma parte de los que adhieren a la violencia pol\u00edtica como camino para resolver diferencias, violencia que ya han ejercido unos pocos en reiteradas oportunidades intentando frenar y condicionar el funcionamiento del Congreso Nacional y de la Legislatura provincial.<br \/>\n<\/span><span id=\"yui_3_16_0_1_1517917048039_22199\"><\/span><\/div>\n<div><\/div>\n<div><span id=\"yui_3_16_0_1_1517917048039_22199\">Pero <strong>Zaffaroni<\/strong> no representa solo eso, con su doctrina garantista se pas\u00f3 a\u00f1os de su vida perdonando y absolviendo a actores de hechos delictivos repudiados por la sociedad que hac\u00edan insostenibles las vejaciones a las que se vieron sometidos v\u00edctimas y familiares de grav\u00edsimos delitos contra la integridad f\u00edsica de las personas. Con su doble moral, juez due\u00f1o de prost\u00edbulos, pretende dictarnos el modelo de pa\u00eds que necesitamos.<br \/>\n<\/span><\/div>\n<div><\/div>\n<div id=\"yui_3_16_0_1_1517917048039_22187\"><span id=\"yui_3_16_0_1_1517917048039_23990\"><strong>Zaffaroni<\/strong> es irresponsable, inmoral y golpista. Alguna vez signific\u00f3 un aire de renovaci\u00f3n en la Justicia argentina, hoy es una verg\u00fcenza que nos est\u00e9 representando en una corte internacional.<br \/>\n<\/span><\/p>\n<\/div>\n<div id=\"yui_3_16_0_1_1517917048039_22186\"><span id=\"yui_3_16_0_1_1517917048039_22188\">\u00a0 \u00a0 \u00a0 \u00a0 \u00a0 \u00a0 \u00a0 \u00a0 \u00a0 \u00a0 \u00a0 \u00a0 \u00a0 \u00a0 \u00a0 \u00a0 \u00a0 \u00a0 \u00a0 \u00a0 \u00a0 \u00a0 \u00a0 \u00a0 \u00a0 \u00a0 \u00a0 \u00a0 \u00a0 \u00a0 \u00a0 \u00a0 \u00a0 \u00a0 \u00a0 \u00a0 \u00a0 \u00a0 \u00a0 \u00a0\u00a0<\/span><\/div>\n<div id=\"yui_3_16_0_1_1517917048039_22190\"><strong><span id=\"yui_3_16_0_1_1517917048039_22189\">CECILIO SALAZAR\u00a0 \u00a0 \u00a0 \u00a0 \u00a0 \u00a0 \u00a0 \u00a0 \u00a0JORGE PIROTTA<\/span><\/strong><\/div>\n<div id=\"yui_3_16_0_1_1517917048039_22192\"><span id=\"yui_3_16_0_1_1517917048039_22191\"><strong>\u00a0 \u00a0Vicepresidente\u00a0 \u00a0 \u00a0 \u00a0 \u00a0 \u00a0 \u00a0 \u00a0 \u00a0 \u00a0 \u00a0 \u00a0 \u00a0 \u00a0 Presidente<\/strong><\/p>\n<p><\/span><\/div>\n<div id=\"yui_3_16_0_1_1517917048039_22194\"><span id=\"yui_3_16_0_1_1517917048039_22193\">Partido FE de la Provincia de Buenos Aires<\/span><\/div>\n","protected":false},"excerpt":{"rendered":"<div class=\"mh-excerpt\"><p>Por intermedio de una gacetilla de prensa, el Partido FE nos hace llegar una declaraci\u00f3n que han elaborado el d\u00eda 3 de febrero \u00faltimo, en relaci\u00f3n a las recientes declaraciones del ex juez y militante <a class=\"mh-excerpt-more\" href=\"https:\/\/larevistadigital.com.ar\/blog\/partido-fe-trato-zaffaroni-irresponsable-inmoral-golpista\/\" title=\"EL PARTIDO FE TRAT\u00d3 A ZAFFARONI DE IRRESPONSABLE, INMORAL Y GOLPISTA\">[Leer M\u00e1s]<\/a><\/p>\n<\/div>","protected":false},"author":3,"featured_media":4770,"comment_status":"open","ping_status":"open","sticky":false,"template":"","format":"standard","meta":{"_jetpack_memberships_contains_paid_content":false,"footnotes":"","jetpack_publicize_message":"","jetpack_publicize_feature_enabled":true,"jetpack_social_post_already_shared":true,"jetpack_social_options":{"image_generator_settings":{"template":"highway","default_image_id":0,"font":"","enabled":false},"version":2}},"categories":[12],"tags":[],"class_list":{"0":"post-4769","1":"post","2":"type-post","3":"status-publish","4":"format-standard","5":"has-post-thumbnail","7":"category-politica"},"jetpack_publicize_connections":[],"jetpack_featured_media_url":"https:\/\/i0.wp.com\/larevistadigital.com.ar\/blog\/wp-content\/uploads\/2018\/02\/size1_71874b8e4a21a8239264a16f15a9641e.jpg?fit=600%2C338&ssl=1","jetpack_sharing_enabled":true,"jetpack_shortlink":"https:\/\/wp.me\/p8qtrQ-1eV","jetpack-related-posts":[{"id":26108,"url":"https:\/\/larevistadigital.com.ar\/blog\/concurrido-e-importante-marco-para-el-lanzamiento-de-martin-larralde-como-el-referente-del-partido-fe-en-chascomus\/","url_meta":{"origin":4769,"position":0},"title":"CONCURRIDO E IMPORTANTE MARCO PARA EL LANZAMIENTO DE MART\u00cdN LARRALDE COMO EL REFERENTE DEL PARTIDO FE EN CHASCOM\u00daS","author":"Alejandro Sosa Ruda","date":"26 junio, 2022","format":false,"excerpt":"Diputados, el presidente del partido en provincia, dirigentes de la quinta con asistencia perfecta y figuras invitadas de otras secciones fueron parte del marco que en un plenario presentaron al dirigente peronista Mart\u00edn Larralde, como el referente del Partido Fe en la quinta secci\u00f3n electoral. CHASCOM\u00daS -\u00a0 El d\u00eda s\u00e1bado,\u2026","rel":"","context":"En \u00abDESTACADAS\u00bb","block_context":{"text":"DESTACADAS","link":"https:\/\/larevistadigital.com.ar\/blog\/category\/destacadas\/"},"img":{"alt_text":"","src":"https:\/\/i0.wp.com\/larevistadigital.com.ar\/blog\/wp-content\/uploads\/20220626130251_sanchez-jauregui-2.jpg?fit=730%2C487&ssl=1&resize=350%2C200","width":350,"height":200,"srcset":"https:\/\/i0.wp.com\/larevistadigital.com.ar\/blog\/wp-content\/uploads\/20220626130251_sanchez-jauregui-2.jpg?fit=730%2C487&ssl=1&resize=350%2C200 1x, https:\/\/i0.wp.com\/larevistadigital.com.ar\/blog\/wp-content\/uploads\/20220626130251_sanchez-jauregui-2.jpg?fit=730%2C487&ssl=1&resize=525%2C300 1.5x, https:\/\/i0.wp.com\/larevistadigital.com.ar\/blog\/wp-content\/uploads\/20220626130251_sanchez-jauregui-2.jpg?fit=730%2C487&ssl=1&resize=700%2C400 2x"},"classes":[]},{"id":2457,"url":"https:\/\/larevistadigital.com.ar\/blog\/quedo-conformado-e-integrara-la-mesa-de-cambiemos-el-partido-fe-en-chascomus\/","url_meta":{"origin":4769,"position":1},"title":"QUED\u00d3 CONFORMADO E INTEGRAR\u00c1 LA MESA DE CAMBIEMOS, EL PARTIDO FE EN CHASCOM\u00daS","author":"Alejandro Sosa Ruda","date":"18 junio, 2017","format":false,"excerpt":"El partido creado y conducido por el \u201cMomo\u201d Venegas, secretario general de UATRE, tendr\u00e1 su lugar en Chascom\u00fas. Ser\u00e1 presidido por Andrea Vieira. En di\u00e1logo con el programa \u201cAtaque de Radio\u201d, conducido por Juan Mafud y Alejandro \u201cEl Tano\u201d Sosa en la FM 101.5, la presidenta del partido Fe de\u2026","rel":"","context":"En \u00abCHASCOM\u00daS\u00bb","block_context":{"text":"CHASCOM\u00daS","link":"https:\/\/larevistadigital.com.ar\/blog\/category\/chascomus\/"},"img":{"alt_text":"","src":"https:\/\/i0.wp.com\/larevistadigital.com.ar\/blog\/wp-content\/uploads\/2017\/06\/LklK2h8I.jpeg?fit=1200%2C1200&ssl=1&resize=350%2C200","width":350,"height":200,"srcset":"https:\/\/i0.wp.com\/larevistadigital.com.ar\/blog\/wp-content\/uploads\/2017\/06\/LklK2h8I.jpeg?fit=1200%2C1200&ssl=1&resize=350%2C200 1x, https:\/\/i0.wp.com\/larevistadigital.com.ar\/blog\/wp-content\/uploads\/2017\/06\/LklK2h8I.jpeg?fit=1200%2C1200&ssl=1&resize=525%2C300 1.5x, https:\/\/i0.wp.com\/larevistadigital.com.ar\/blog\/wp-content\/uploads\/2017\/06\/LklK2h8I.jpeg?fit=1200%2C1200&ssl=1&resize=700%2C400 2x, https:\/\/i0.wp.com\/larevistadigital.com.ar\/blog\/wp-content\/uploads\/2017\/06\/LklK2h8I.jpeg?fit=1200%2C1200&ssl=1&resize=1050%2C600 3x"},"classes":[]},{"id":26081,"url":"https:\/\/larevistadigital.com.ar\/blog\/manana-se-hace-la-presentacion-de-martin-larralde-como-referente-local-del-partido-fe\/","url_meta":{"origin":4769,"position":2},"title":"MA\u00d1ANA SE HACE LA PRESENTACI\u00d3N DE MART\u00cdN LARRALDE COMO REFERENTE LOCAL DEL PARTIDO FE","author":"Alejandro Sosa Ruda","date":"24 junio, 2022","format":false,"excerpt":"El joven y respetado dirigente peronista, Mart\u00edn Larralde ser\u00e1 ma\u00f1ana presentado en sociedad como el referente del partido Fe en Chascom\u00fas. se destaca la presencia de la diputada provincial Natalia S\u00e1nchez Jauregui. CHASCOM\u00daS -\u00a0\u00a0Ma\u00f1ana s\u00e1bado 25\/6 se llevar\u00e1 a cabo en la ciudad de Chascom\u00fas, un plenario del Partido Fe\u2026","rel":"","context":"En \u00abCHASCOM\u00daS\u00bb","block_context":{"text":"CHASCOM\u00daS","link":"https:\/\/larevistadigital.com.ar\/blog\/category\/chascomus\/"},"img":{"alt_text":"","src":"https:\/\/i0.wp.com\/larevistadigital.com.ar\/blog\/wp-content\/uploads\/WhatsApp-Image-2022-06-24-at-8.45.46-PM.jpeg?fit=860%2C1024&ssl=1&resize=350%2C200","width":350,"height":200,"srcset":"https:\/\/i0.wp.com\/larevistadigital.com.ar\/blog\/wp-content\/uploads\/WhatsApp-Image-2022-06-24-at-8.45.46-PM.jpeg?fit=860%2C1024&ssl=1&resize=350%2C200 1x, https:\/\/i0.wp.com\/larevistadigital.com.ar\/blog\/wp-content\/uploads\/WhatsApp-Image-2022-06-24-at-8.45.46-PM.jpeg?fit=860%2C1024&ssl=1&resize=525%2C300 1.5x, https:\/\/i0.wp.com\/larevistadigital.com.ar\/blog\/wp-content\/uploads\/WhatsApp-Image-2022-06-24-at-8.45.46-PM.jpeg?fit=860%2C1024&ssl=1&resize=700%2C400 2x"},"classes":[]},{"id":2461,"url":"https:\/\/larevistadigital.com.ar\/blog\/fue-presentado-en-sociedad-el-partido-fe-en-chascomus\/","url_meta":{"origin":4769,"position":3},"title":"FUE PRESENTADO EN SOCIEDAD EL PARTIDO FE EN CHASCOM\u00daS","author":"Alejandro Sosa Ruda","date":"21 junio, 2017","format":false,"excerpt":"En una confiter\u00eda c\u00e9ntrica de la ciudad de Chascom\u00fas se llev\u00f3 a cabo un peque\u00f1o acto y posterior conferencia de prensa en la que se present\u00f3 la representaci\u00f3n local y autoridades del Partido Fe, que lidera el secretario general de UATRE Ger\u00f3nimo \u201cEl Momo\u201d Venegas. La reuni\u00f3n comenz\u00f3 un poco\u2026","rel":"","context":"En \u00abCHASCOM\u00daS\u00bb","block_context":{"text":"CHASCOM\u00daS","link":"https:\/\/larevistadigital.com.ar\/blog\/category\/chascomus\/"},"img":{"alt_text":"","src":"https:\/\/i0.wp.com\/larevistadigital.com.ar\/blog\/wp-content\/uploads\/2017\/06\/WhatsApp-Image-2017-06-19-at-14.17.39-1.jpeg?fit=1152%2C864&ssl=1&resize=350%2C200","width":350,"height":200,"srcset":"https:\/\/i0.wp.com\/larevistadigital.com.ar\/blog\/wp-content\/uploads\/2017\/06\/WhatsApp-Image-2017-06-19-at-14.17.39-1.jpeg?fit=1152%2C864&ssl=1&resize=350%2C200 1x, https:\/\/i0.wp.com\/larevistadigital.com.ar\/blog\/wp-content\/uploads\/2017\/06\/WhatsApp-Image-2017-06-19-at-14.17.39-1.jpeg?fit=1152%2C864&ssl=1&resize=525%2C300 1.5x, https:\/\/i0.wp.com\/larevistadigital.com.ar\/blog\/wp-content\/uploads\/2017\/06\/WhatsApp-Image-2017-06-19-at-14.17.39-1.jpeg?fit=1152%2C864&ssl=1&resize=700%2C400 2x, https:\/\/i0.wp.com\/larevistadigital.com.ar\/blog\/wp-content\/uploads\/2017\/06\/WhatsApp-Image-2017-06-19-at-14.17.39-1.jpeg?fit=1152%2C864&ssl=1&resize=1050%2C600 3x"},"classes":[]},{"id":4289,"url":"https:\/\/larevistadigital.com.ar\/blog\/contador-los-kirchner-admitio-haber-adulterado-documentos-orden-cristina\/","url_meta":{"origin":4769,"position":4},"title":"EL CONTADOR DE LOS KIRCHNER ADMITI\u00d3 HABER ADULTERADO DOCUMENTOS POR ORDEN DE CRISTINA","author":"Alejandro Sosa Ruda","date":"22 diciembre, 2017","format":false,"excerpt":"V\u00edctor Manzanares, el contador detenido de la familia Kirchner, complic\u00f3 hoy a la ex presidente en su declaraci\u00f3n ante el Juez, al admitir que hab\u00eda usado Liquid Paper para modificar actas de \u201cHotesur\u201d por orden de Cristina Fernandez. Manzanares admiti\u00f3 ante la Justicia que corrigi\u00f3 libros societarios y contables de\u2026","rel":"","context":"En \u00abPOLITICA\u00bb","block_context":{"text":"POLITICA","link":"https:\/\/larevistadigital.com.ar\/blog\/category\/politica\/"},"img":{"alt_text":"","src":"https:\/\/i0.wp.com\/larevistadigital.com.ar\/blog\/wp-content\/uploads\/2017\/12\/descarga-4.jpg?fit=650%2C364&ssl=1&resize=350%2C200","width":350,"height":200,"srcset":"https:\/\/i0.wp.com\/larevistadigital.com.ar\/blog\/wp-content\/uploads\/2017\/12\/descarga-4.jpg?fit=650%2C364&ssl=1&resize=350%2C200 1x, https:\/\/i0.wp.com\/larevistadigital.com.ar\/blog\/wp-content\/uploads\/2017\/12\/descarga-4.jpg?fit=650%2C364&ssl=1&resize=525%2C300 1.5x"},"classes":[]},{"id":20361,"url":"https:\/\/larevistadigital.com.ar\/blog\/un-river-muy-diezmado-y-con-enzo-perez-al-arco-va-por-la-epica-ante-independiente-de-santa-fe\/","url_meta":{"origin":4769,"position":5},"title":"UN RIVER MUY DIEZMADO Y CON ENZO PEREZ AL ARCO, VA POR LA \u00c9PICA ANTE INDEPENDIENTE DE SANTA FE","author":"Alejandro Sosa Ruda","date":"19 mayo, 2021","format":false,"excerpt":"Desde las 21, el equipo de Marcelo Gallardo jugar\u00e1 un partido por la clasificaci\u00f3n con Enzo P\u00e9rez al arco, tras el aluvi\u00f3n de contagios que dinamit\u00f3 su plantel. River Plate, muy diezmado a causa de los 20 casos positivos de coronavirus que lo obligar\u00e1n a tener un jugador de campo\u2026","rel":"","context":"En \u00abDEPORTES\u00bb","block_context":{"text":"DEPORTES","link":"https:\/\/larevistadigital.com.ar\/blog\/category\/deportes\/"},"img":{"alt_text":"","src":"https:\/\/i0.wp.com\/larevistadigital.com.ar\/blog\/wp-content\/uploads\/Enzo-Perez-River-1.jpg?fit=1200%2C672&ssl=1&resize=350%2C200","width":350,"height":200,"srcset":"https:\/\/i0.wp.com\/larevistadigital.com.ar\/blog\/wp-content\/uploads\/Enzo-Perez-River-1.jpg?fit=1200%2C672&ssl=1&resize=350%2C200 1x, https:\/\/i0.wp.com\/larevistadigital.com.ar\/blog\/wp-content\/uploads\/Enzo-Perez-River-1.jpg?fit=1200%2C672&ssl=1&resize=525%2C300 1.5x, https:\/\/i0.wp.com\/larevistadigital.com.ar\/blog\/wp-content\/uploads\/Enzo-Perez-River-1.jpg?fit=1200%2C672&ssl=1&resize=700%2C400 2x, https:\/\/i0.wp.com\/larevistadigital.com.ar\/blog\/wp-content\/uploads\/Enzo-Perez-River-1.jpg?fit=1200%2C672&ssl=1&resize=1050%2C600 3x"},"classes":[]}],"_links":{"self":[{"href":"https:\/\/larevistadigital.com.ar\/blog\/wp-json\/wp\/v2\/posts\/4769","targetHints":{"allow":["GET"]}}],"collection":[{"href":"https:\/\/larevistadigital.com.ar\/blog\/wp-json\/wp\/v2\/posts"}],"about":[{"href":"https:\/\/larevistadigital.com.ar\/blog\/wp-json\/wp\/v2\/types\/post"}],"author":[{"embeddable":true,"href":"https:\/\/larevistadigital.com.ar\/blog\/wp-json\/wp\/v2\/users\/3"}],"replies":[{"embeddable":true,"href":"https:\/\/larevistadigital.com.ar\/blog\/wp-json\/wp\/v2\/comments?post=4769"}],"version-history":[{"count":1,"href":"https:\/\/larevistadigital.com.ar\/blog\/wp-json\/wp\/v2\/posts\/4769\/revisions"}],"predecessor-version":[{"id":4771,"href":"https:\/\/larevistadigital.com.ar\/blog\/wp-json\/wp\/v2\/posts\/4769\/revisions\/4771"}],"wp:featuredmedia":[{"embeddable":true,"href":"https:\/\/larevistadigital.com.ar\/blog\/wp-json\/wp\/v2\/media\/4770"}],"wp:attachment":[{"href":"https:\/\/larevistadigital.com.ar\/blog\/wp-json\/wp\/v2\/media?parent=4769"}],"wp:term":[{"taxonomy":"category","embeddable":true,"href":"https:\/\/larevistadigital.com.ar\/blog\/wp-json\/wp\/v2\/categories?post=4769"},{"taxonomy":"post_tag","embeddable":true,"href":"https:\/\/larevistadigital.com.ar\/blog\/wp-json\/wp\/v2\/tags?post=4769"}],"curies":[{"name":"wp","href":"https:\/\/api.w.org\/{rel}","templated":true}]}}