{"id":4772,"date":"2018-02-06T15:16:05","date_gmt":"2018-02-06T15:16:05","guid":{"rendered":"https:\/\/larevistadigital.com.ar\/blog\/?p=4772"},"modified":"2018-02-06T15:16:05","modified_gmt":"2018-02-06T15:16:05","slug":"chascomus-urgente-pedido-ayuda-joven-vecino","status":"publish","type":"post","link":"https:\/\/larevistadigital.com.ar\/blog\/chascomus-urgente-pedido-ayuda-joven-vecino\/","title":{"rendered":"CHASCOM\u00daS: URGENTE PEDIDO DE AYUDA PARA UN J\u00d3VEN VECINO"},"content":{"rendered":"<p><strong>Matias Ruiz<\/strong> de 35 a\u00f1os de edad, vecino de Chascomus, necesita de la ayuda de TODOS, Paciente Oncol\u00f3gico que hoy depende de 2 Ampollas cada 20 d\u00edas, luego de realizar su\u00a0<strong>quimio\u00a0por un tumor maligno<\/strong>\u00a0en uno de sus pulmones.<\/p>\n<blockquote>\n<h3>El Hospital de Chascom\u00fas logr\u00f3 conseguir 2 en su \u00faltima Quimioterapia, pero no son suficientes. El tiempo corre y necesitamos la ayuda de todos.<\/h3>\n<\/blockquote>\n<p><strong>Necesitamos comercios que puedan tener a partir de este jueves 8\/02\/18 hasta el 23\/04\/2017\u00a0 Urnas para que todos los ciudadanos que puedan colaborar lo hagan.<\/strong><\/p>\n","protected":false},"excerpt":{"rendered":"<div class=\"mh-excerpt\"><p>Matias Ruiz de 35 a\u00f1os de edad, vecino de Chascomus, necesita de la ayuda de TODOS, Paciente Oncol\u00f3gico que hoy depende de 2 Ampollas cada 20 d\u00edas, luego de realizar su\u00a0quimio\u00a0por un tumor maligno\u00a0en uno <a class=\"mh-excerpt-more\" href=\"https:\/\/larevistadigital.com.ar\/blog\/chascomus-urgente-pedido-ayuda-joven-vecino\/\" title=\"CHASCOM\u00daS: URGENTE PEDIDO DE AYUDA PARA UN J\u00d3VEN VECINO\">[Leer M\u00e1s]<\/a><\/p>\n<\/div>","protected":false},"author":3,"featured_media":4775,"comment_status":"open","ping_status":"open","sticky":false,"template":"","format":"standard","meta":{"_jetpack_memberships_contains_paid_content":false,"footnotes":"","jetpack_publicize_message":"","jetpack_publicize_feature_enabled":true,"jetpack_social_post_already_shared":true,"jetpack_social_options":{"image_generator_settings":{"template":"highway","default_image_id":0,"font":"","enabled":false},"version":2}},"categories":[6],"tags":[],"class_list":{"0":"post-4772","1":"post","2":"type-post","3":"status-publish","4":"format-standard","5":"has-post-thumbnail","7":"category-chascomus"},"jetpack_publicize_connections":[],"jetpack_featured_media_url":"https:\/\/i0.wp.com\/larevistadigital.com.ar\/blog\/wp-content\/uploads\/2018\/02\/27657102_218210048750026_3090602461314950192_n.jpg?fit=600%2C604&ssl=1","jetpack_sharing_enabled":true,"jetpack_shortlink":"https:\/\/wp.me\/p8qtrQ-1eY","jetpack-related-posts":[{"id":42486,"url":"https:\/\/larevistadigital.com.ar\/blog\/chascomus-una-familia-perdio-su-taller-en-un-incendio-y-necesita-ayuda-para-volver-a-trabajar\/","url_meta":{"origin":4772,"position":0},"title":"Chascom\u00fas: una familia perdi\u00f3 su taller en un incendio y necesita ayuda para volver a trabajar","author":"Alejandro Sosa Ruda","date":"16 noviembre, 2025","format":false,"excerpt":"Milagros y Esteban, una pareja trabajadora de Chascom\u00fas, vieron destruido su galp\u00f3n y todas sus herramientas tras un incendio que arras\u00f3 con su fuente de trabajo. Piden ayuda a la comunidad para poder empezar de nuevo. 16 de Noviembre de 2025 La madrugada del jueves dej\u00f3 una de esas escenas\u2026","rel":"","context":"En \u00abDESTACADAS\u00bb","block_context":{"text":"DESTACADAS","link":"https:\/\/larevistadigital.com.ar\/blog\/category\/destacadas\/"},"img":{"alt_text":"","src":"https:\/\/i0.wp.com\/larevistadigital.com.ar\/blog\/wp-content\/uploads\/INCENDIO-TALLER.jpg?fit=650%2C566&ssl=1&resize=350%2C200","width":350,"height":200,"srcset":"https:\/\/i0.wp.com\/larevistadigital.com.ar\/blog\/wp-content\/uploads\/INCENDIO-TALLER.jpg?fit=650%2C566&ssl=1&resize=350%2C200 1x, https:\/\/i0.wp.com\/larevistadigital.com.ar\/blog\/wp-content\/uploads\/INCENDIO-TALLER.jpg?fit=650%2C566&ssl=1&resize=525%2C300 1.5x"},"classes":[]},{"id":42576,"url":"https:\/\/larevistadigital.com.ar\/blog\/chascomus-consternacion-por-la-muerte-de-un-vecino\/","url_meta":{"origin":4772,"position":1},"title":"Chascom\u00fas: Consternaci\u00f3n por la muerte de un vecino","author":"Alejandro Sosa Ruda","date":"21 noviembre, 2025","format":false,"excerpt":"Un hombre de 84 a\u00f1os fue hallado sin vida en su domicilio. Las autoridades intervinieron tras un aviso telef\u00f3nico. Se recuerda la importancia de pedir ayuda ante cualquier signo de angustia o crisis emocional. 21 de Noviembre de 2025 CHASCOM\u00daS -\u00a0 Un vecino de 84 a\u00f1os fue encontrado sin vida\u2026","rel":"","context":"En \u00abINTERES GENERAL\u00bb","block_context":{"text":"INTERES GENERAL","link":"https:\/\/larevistadigital.com.ar\/blog\/category\/interes-general\/"},"img":{"alt_text":"","src":"https:\/\/i0.wp.com\/larevistadigital.com.ar\/blog\/wp-content\/uploads\/Suicidio-Bme-Correa.jpg?fit=1200%2C671&ssl=1&resize=350%2C200","width":350,"height":200,"srcset":"https:\/\/i0.wp.com\/larevistadigital.com.ar\/blog\/wp-content\/uploads\/Suicidio-Bme-Correa.jpg?fit=1200%2C671&ssl=1&resize=350%2C200 1x, https:\/\/i0.wp.com\/larevistadigital.com.ar\/blog\/wp-content\/uploads\/Suicidio-Bme-Correa.jpg?fit=1200%2C671&ssl=1&resize=525%2C300 1.5x, https:\/\/i0.wp.com\/larevistadigital.com.ar\/blog\/wp-content\/uploads\/Suicidio-Bme-Correa.jpg?fit=1200%2C671&ssl=1&resize=700%2C400 2x, https:\/\/i0.wp.com\/larevistadigital.com.ar\/blog\/wp-content\/uploads\/Suicidio-Bme-Correa.jpg?fit=1200%2C671&ssl=1&resize=1050%2C600 3x"},"classes":[]},{"id":13819,"url":"https:\/\/larevistadigital.com.ar\/blog\/chascomus-accion-solidaria-de-la-pena-boquense-jorge-chino-benitez\/","url_meta":{"origin":4772,"position":2},"title":"CHASCOM\u00daS: ACCI\u00d3N SOLIDARIA DE LA PE\u00d1A BOQUENSE JORGE \u00abCHINO\u00bb BENITEZ","author":"Alejandro Sosa Ruda","date":"26 diciembre, 2019","format":false,"excerpt":"Tal como lo vienen haciendo otras pe\u00f1as, la comisi\u00f3n directiva de la hist\u00f3rica Pe\u00f1a de Boca Juniors Jorge \"Chino\" Benitez ha emprendido la tarea de ayudar a los chicos que menos tienen en el pr\u00f3ximo festejo de Reyes. As\u00ed lo han hecho saber mediante un comunicado que a continuaci\u00f3n se\u2026","rel":"","context":"En \u00abCHASCOM\u00daS\u00bb","block_context":{"text":"CHASCOM\u00daS","link":"https:\/\/larevistadigital.com.ar\/blog\/category\/chascomus\/"},"img":{"alt_text":"","src":"https:\/\/i0.wp.com\/larevistadigital.com.ar\/blog\/wp-content\/uploads\/dibujos-de-reyes-magos-para-colorear_0.jpg?fit=1200%2C675&ssl=1&resize=350%2C200","width":350,"height":200,"srcset":"https:\/\/i0.wp.com\/larevistadigital.com.ar\/blog\/wp-content\/uploads\/dibujos-de-reyes-magos-para-colorear_0.jpg?fit=1200%2C675&ssl=1&resize=350%2C200 1x, https:\/\/i0.wp.com\/larevistadigital.com.ar\/blog\/wp-content\/uploads\/dibujos-de-reyes-magos-para-colorear_0.jpg?fit=1200%2C675&ssl=1&resize=525%2C300 1.5x, https:\/\/i0.wp.com\/larevistadigital.com.ar\/blog\/wp-content\/uploads\/dibujos-de-reyes-magos-para-colorear_0.jpg?fit=1200%2C675&ssl=1&resize=700%2C400 2x, https:\/\/i0.wp.com\/larevistadigital.com.ar\/blog\/wp-content\/uploads\/dibujos-de-reyes-magos-para-colorear_0.jpg?fit=1200%2C675&ssl=1&resize=1050%2C600 3x"},"classes":[]},{"id":29377,"url":"https:\/\/larevistadigital.com.ar\/blog\/chascomus-aparecio-valentin-castro\/","url_meta":{"origin":4772,"position":3},"title":"CHASCOM\u00daS: \u00a1APARECI\u00d3 VALENT\u00cdN CASTRO!","author":"Alejandro Sosa Ruda","date":"10 diciembre, 2022","format":false,"excerpt":"La mam\u00e1 agradeci\u00f3 en las redes la ayuda de la ciudad, que comparti\u00f3 el pedido de ayuda. Finalmente, el joven apareci\u00f3 y est\u00e1 con su madre, por lo que nos alegramos y agradecemos a todos los vecinos que se preocuparon y ocuparon de compartir el pedido de la madre del\u2026","rel":"","context":"En \u00abDESTACADAS\u00bb","block_context":{"text":"DESTACADAS","link":"https:\/\/larevistadigital.com.ar\/blog\/category\/destacadas\/"},"img":{"alt_text":"","src":"https:\/\/i0.wp.com\/larevistadigital.com.ar\/blog\/wp-content\/uploads\/aparecio-valentin.jpg?fit=830%2C567&ssl=1&resize=350%2C200","width":350,"height":200,"srcset":"https:\/\/i0.wp.com\/larevistadigital.com.ar\/blog\/wp-content\/uploads\/aparecio-valentin.jpg?fit=830%2C567&ssl=1&resize=350%2C200 1x, https:\/\/i0.wp.com\/larevistadigital.com.ar\/blog\/wp-content\/uploads\/aparecio-valentin.jpg?fit=830%2C567&ssl=1&resize=525%2C300 1.5x, https:\/\/i0.wp.com\/larevistadigital.com.ar\/blog\/wp-content\/uploads\/aparecio-valentin.jpg?fit=830%2C567&ssl=1&resize=700%2C400 2x"},"classes":[]},{"id":35135,"url":"https:\/\/larevistadigital.com.ar\/blog\/chascomus-vecino-denuncia-que-el-hospital-le-nego-una-ambulancia-para-una-persona-desvanecida\/","url_meta":{"origin":4772,"position":4},"title":"CHASCOM\u00daS: VECINO DENUNCIA QUE EL HOSPITAL LE NEG\u00d3 UNA AMBULANCIA PARA UNA PERSONA DESVANECIDA","author":"Alejandro Sosa Ruda","date":"29 enero, 2024","format":false,"excerpt":"El vecino denunci\u00f3 en la red social Facebook, y r\u00e1pidamente se sumaron gran cantidad de personas con distintos reclamos. \u00bfNo es hora de hacer algo?... 29 de enero de 2023 CHASCOM\u00daS -\u00a0 \u00a0Un nuevo reclamo se ha sumado por distintas irregularidades en la atenci\u00f3n del querido Hospital Municipal San Vicente\u2026","rel":"","context":"En \u00abCHASCOM\u00daS\u00bb","block_context":{"text":"CHASCOM\u00daS","link":"https:\/\/larevistadigital.com.ar\/blog\/category\/chascomus\/"},"img":{"alt_text":"","src":"https:\/\/i0.wp.com\/larevistadigital.com.ar\/blog\/wp-content\/uploads\/AMBULANCIA.jpg?fit=750%2C517&ssl=1&resize=350%2C200","width":350,"height":200,"srcset":"https:\/\/i0.wp.com\/larevistadigital.com.ar\/blog\/wp-content\/uploads\/AMBULANCIA.jpg?fit=750%2C517&ssl=1&resize=350%2C200 1x, https:\/\/i0.wp.com\/larevistadigital.com.ar\/blog\/wp-content\/uploads\/AMBULANCIA.jpg?fit=750%2C517&ssl=1&resize=525%2C300 1.5x, https:\/\/i0.wp.com\/larevistadigital.com.ar\/blog\/wp-content\/uploads\/AMBULANCIA.jpg?fit=750%2C517&ssl=1&resize=700%2C400 2x"},"classes":[]},{"id":11573,"url":"https:\/\/larevistadigital.com.ar\/blog\/chascomus-dos-santos-trabaja-fuertemente-para-equilibrar-la-calidad-de-vida-de-todos-los-vecinos\/","url_meta":{"origin":4772,"position":5},"title":"CHASCOM\u00daS: DOS SANTOS TRABAJA FUERTEMENTE PARA EQUILIBRAR LA CALIDAD DE VIDA DE TODOS LOS VECINOS","author":"Alejandro Sosa Ruda","date":"28 julio, 2019","format":false,"excerpt":"El pre candidato a Intendente de Chascom\u00fas por Juntos por el Cambio, coment\u00f3 en Fm Vox que \u201cEstamos estrechando lazos y trabajando con ese gran equipo que tiene Mar\u00eda Eugenia Vidal\u2026 cada uno de los Ministros me ha brindado su apoyo y ayuda, donde sabemos que tenemos una demanda muy\u2026","rel":"","context":"En \u00abINTERES GENERAL\u00bb","block_context":{"text":"INTERES GENERAL","link":"https:\/\/larevistadigital.com.ar\/blog\/category\/interes-general\/"},"img":{"alt_text":"","src":"https:\/\/i0.wp.com\/larevistadigital.com.ar\/blog\/wp-content\/uploads\/67066789_886616491731159_8105903296843087872_n.jpg?fit=720%2C960&ssl=1&resize=350%2C200","width":350,"height":200,"srcset":"https:\/\/i0.wp.com\/larevistadigital.com.ar\/blog\/wp-content\/uploads\/67066789_886616491731159_8105903296843087872_n.jpg?fit=720%2C960&ssl=1&resize=350%2C200 1x, https:\/\/i0.wp.com\/larevistadigital.com.ar\/blog\/wp-content\/uploads\/67066789_886616491731159_8105903296843087872_n.jpg?fit=720%2C960&ssl=1&resize=525%2C300 1.5x, https:\/\/i0.wp.com\/larevistadigital.com.ar\/blog\/wp-content\/uploads\/67066789_886616491731159_8105903296843087872_n.jpg?fit=720%2C960&ssl=1&resize=700%2C400 2x"},"classes":[]}],"_links":{"self":[{"href":"https:\/\/larevistadigital.com.ar\/blog\/wp-json\/wp\/v2\/posts\/4772","targetHints":{"allow":["GET"]}}],"collection":[{"href":"https:\/\/larevistadigital.com.ar\/blog\/wp-json\/wp\/v2\/posts"}],"about":[{"href":"https:\/\/larevistadigital.com.ar\/blog\/wp-json\/wp\/v2\/types\/post"}],"author":[{"embeddable":true,"href":"https:\/\/larevistadigital.com.ar\/blog\/wp-json\/wp\/v2\/users\/3"}],"replies":[{"embeddable":true,"href":"https:\/\/larevistadigital.com.ar\/blog\/wp-json\/wp\/v2\/comments?post=4772"}],"version-history":[{"count":1,"href":"https:\/\/larevistadigital.com.ar\/blog\/wp-json\/wp\/v2\/posts\/4772\/revisions"}],"predecessor-version":[{"id":4774,"href":"https:\/\/larevistadigital.com.ar\/blog\/wp-json\/wp\/v2\/posts\/4772\/revisions\/4774"}],"wp:featuredmedia":[{"embeddable":true,"href":"https:\/\/larevistadigital.com.ar\/blog\/wp-json\/wp\/v2\/media\/4775"}],"wp:attachment":[{"href":"https:\/\/larevistadigital.com.ar\/blog\/wp-json\/wp\/v2\/media?parent=4772"}],"wp:term":[{"taxonomy":"category","embeddable":true,"href":"https:\/\/larevistadigital.com.ar\/blog\/wp-json\/wp\/v2\/categories?post=4772"},{"taxonomy":"post_tag","embeddable":true,"href":"https:\/\/larevistadigital.com.ar\/blog\/wp-json\/wp\/v2\/tags?post=4772"}],"curies":[{"name":"wp","href":"https:\/\/api.w.org\/{rel}","templated":true}]}}