{"id":4776,"date":"2018-02-06T18:15:10","date_gmt":"2018-02-06T18:15:10","guid":{"rendered":"https:\/\/larevistadigital.com.ar\/blog\/?p=4776"},"modified":"2018-02-06T18:15:10","modified_gmt":"2018-02-06T18:15:10","slug":"chascomus-belgrano-aumento-municipales-del-15-bono-3-500-1-000-los-jubilados","status":"publish","type":"post","link":"https:\/\/larevistadigital.com.ar\/blog\/chascomus-belgrano-aumento-municipales-del-15-bono-3-500-1-000-los-jubilados\/","title":{"rendered":"\u00bfY EN CHASCOM\u00daS?&#8230;BELGRANO AUMENTO A MUNICIPALES DEL 15%, BONO DE $3.500.- Y $1.000.- PARA LOS JUBILADOS"},"content":{"rendered":"<p>Seg\u00fan lo relata el portal INFOZONA, finalmente, el Sindicato de Empleados Municipales de General Belgrano, UPCN y ATE llegaron a un acuerdo con el gobierno municipal de dicho Distrito.<\/p>\n<p>Habr\u00e1 un aumento del 15%, como los Sindicatos reclamaban pero en tres cuotas.<\/p>\n<p>Adem\u00e1s, el gobierno municipal otorgar\u00e1 $3500 como bono, en tres cuotas tambi\u00e9n y un bono en marzo de $1000 a los jubilados que cobren menos de 8000 pesos.<\/p>\n<blockquote>\n<h3>La noticia fue confirmada al peri\u00f3dico Cu4rto Poder por el Secretario General Ra\u00fal Enrique quien expres\u00f3 <em><strong>\u201cAdem\u00e1s se anunci\u00f3 recategorizaci\u00f3n y convenio colectivo en el transcurso del a\u00f1o. El Sindicato acept\u00f3 porque no pudimos conseguir m\u00e1s. Tiramos opciones y el gobierno no pudo ofrecer otra cosa\u2026Igualmente si la inflaci\u00f3n es superior, volvemos o lo arreglamos en el convenio colectivo\u201d<\/strong><\/em>.<\/h3>\n<\/blockquote>\n<p>En ese sentido, en el sueldo de febrero, que se abona en marzo, se cobrar\u00e1 el primer bono de $1500. En marzo se dar\u00e1 el 3% de aumento sobre el b\u00e1sico y el bono de los mil pesos a los jubilados. Durante abril y mayo se otorgar\u00e1 el bono de $1000 restante. En julio, se har\u00e1 efectivo el 5% de aumento y en octubre el 7%, restante, completando as\u00ed el 15%.<\/p>\n","protected":false},"excerpt":{"rendered":"<div class=\"mh-excerpt\"><p>Seg\u00fan lo relata el portal INFOZONA, finalmente, el Sindicato de Empleados Municipales de General Belgrano, UPCN y ATE llegaron a un acuerdo con el gobierno municipal de dicho Distrito. Habr\u00e1 un aumento del 15%, como <a class=\"mh-excerpt-more\" href=\"https:\/\/larevistadigital.com.ar\/blog\/chascomus-belgrano-aumento-municipales-del-15-bono-3-500-1-000-los-jubilados\/\" title=\"\u00bfY EN CHASCOM\u00daS?&#8230;BELGRANO AUMENTO A MUNICIPALES DEL 15%, BONO DE $3.500.- Y $1.000.- PARA LOS JUBILADOS\">[Leer M\u00e1s]<\/a><\/p>\n<\/div>","protected":false},"author":3,"featured_media":4777,"comment_status":"open","ping_status":"open","sticky":false,"template":"","format":"standard","meta":{"_jetpack_memberships_contains_paid_content":false,"footnotes":"","jetpack_publicize_message":"","jetpack_publicize_feature_enabled":true,"jetpack_social_post_already_shared":true,"jetpack_social_options":{"image_generator_settings":{"template":"highway","default_image_id":0,"font":"","enabled":false},"version":2}},"categories":[3,12],"tags":[],"class_list":{"0":"post-4776","1":"post","2":"type-post","3":"status-publish","4":"format-standard","5":"has-post-thumbnail","7":"category-general-belgrano","8":"category-politica"},"jetpack_publicize_connections":[],"jetpack_featured_media_url":"https:\/\/i0.wp.com\/larevistadigital.com.ar\/blog\/wp-content\/uploads\/2018\/02\/maxresdefault.jpg?fit=1600%2C1188&ssl=1","jetpack_sharing_enabled":true,"jetpack_shortlink":"https:\/\/wp.me\/p8qtrQ-1f2","jetpack-related-posts":[{"id":917,"url":"https:\/\/larevistadigital.com.ar\/blog\/alicia-barletta-sostuvo-estan-lejos-llegar-acuerdo-gobierno-los-gremios-municipales\/","url_meta":{"origin":4776,"position":0},"title":"Alicia Barletta sostuvo que est\u00e1n muy lejos de llegar a un acuerdo entre el gobierno y los gremios municipales.","author":"Alejandro Sosa Ruda","date":"10 marzo, 2017","format":false,"excerpt":"En una entrevista de la FM 101.5 durante el programa AM Show, la secretaria general de ATE Mar\u00eda Alicia Barletta se refiri\u00f3 a la negociaci\u00f3n\u00a0con el gobierno municipal acerca de los aumentos salariales. Menciono que estuvieron reunidos los tres gremios municipales con el departamento ejecutivo, en donde hubo una mejora\u2026","rel":"","context":"En \u00abGREMIALES\u00bb","block_context":{"text":"GREMIALES","link":"https:\/\/larevistadigital.com.ar\/blog\/category\/gremiales\/"},"img":{"alt_text":"","src":"https:\/\/i0.wp.com\/larevistadigital.com.ar\/blog\/wp-content\/uploads\/2017\/03\/barleta_Alicia-Copy.jpg?fit=1024%2C768&ssl=1&resize=350%2C200","width":350,"height":200,"srcset":"https:\/\/i0.wp.com\/larevistadigital.com.ar\/blog\/wp-content\/uploads\/2017\/03\/barleta_Alicia-Copy.jpg?fit=1024%2C768&ssl=1&resize=350%2C200 1x, https:\/\/i0.wp.com\/larevistadigital.com.ar\/blog\/wp-content\/uploads\/2017\/03\/barleta_Alicia-Copy.jpg?fit=1024%2C768&ssl=1&resize=525%2C300 1.5x, https:\/\/i0.wp.com\/larevistadigital.com.ar\/blog\/wp-content\/uploads\/2017\/03\/barleta_Alicia-Copy.jpg?fit=1024%2C768&ssl=1&resize=700%2C400 2x"},"classes":[]},{"id":39151,"url":"https:\/\/larevistadigital.com.ar\/blog\/nuevo-aumento-para-jubilados-cuanto-cobraran-desde-abril-y-que-pasa-con-el-bono\/","url_meta":{"origin":4776,"position":1},"title":"Nuevo aumento para jubilados: cu\u00e1nto cobrar\u00e1n desde abril y qu\u00e9 pasa con el bono","author":"Alejandro Sosa Ruda","date":"26 marzo, 2025","format":false,"excerpt":"La suba ser\u00e1 del 2,4% y responde a la f\u00f3rmula de movilidad que se ajusta de acuerdo al \u00edndice de inflaci\u00f3n. El bono se mantiene en $ 70.000, como desde marzo de 2024. 26 de Marzo de 2025 El Gobierno nacional oficializ\u00f3 este mi\u00e9rcoles un incremento del 2,4% en los\u2026","rel":"","context":"En \u00abINTERES GENERAL\u00bb","block_context":{"text":"INTERES GENERAL","link":"https:\/\/larevistadigital.com.ar\/blog\/category\/interes-general\/"},"img":{"alt_text":"","src":"https:\/\/i0.wp.com\/larevistadigital.com.ar\/blog\/wp-content\/uploads\/6610702a40a02.jpg?fit=1200%2C675&ssl=1&resize=350%2C200","width":350,"height":200,"srcset":"https:\/\/i0.wp.com\/larevistadigital.com.ar\/blog\/wp-content\/uploads\/6610702a40a02.jpg?fit=1200%2C675&ssl=1&resize=350%2C200 1x, https:\/\/i0.wp.com\/larevistadigital.com.ar\/blog\/wp-content\/uploads\/6610702a40a02.jpg?fit=1200%2C675&ssl=1&resize=525%2C300 1.5x, https:\/\/i0.wp.com\/larevistadigital.com.ar\/blog\/wp-content\/uploads\/6610702a40a02.jpg?fit=1200%2C675&ssl=1&resize=700%2C400 2x, https:\/\/i0.wp.com\/larevistadigital.com.ar\/blog\/wp-content\/uploads\/6610702a40a02.jpg?fit=1200%2C675&ssl=1&resize=1050%2C600 3x"},"classes":[]},{"id":16243,"url":"https:\/\/larevistadigital.com.ar\/blog\/municipales-es-suficiente-los-gremios-acordaron-por-un-bono-de-4-000-en-dos-cuotas-pero-ni-hablar-de-aumento-hasta-el-ano-proximo\/","url_meta":{"origin":4776,"position":2},"title":"MUNICIPALES: \u00bfES SUFICIENTE? LOS GREMIOS ACORDARON POR UN BONO DE $4.000.- EN DOS CUOTAS (PERO NI HABLAR DE AUMENTO HASTA EL A\u00d1O PR\u00d3XIMO)","author":"Alejandro Sosa Ruda","date":"5 septiembre, 2020","format":false,"excerpt":"Luego de idas y vueltas, reclamos y reuniones que a nada han conducido, mientras los empleados municipales han pedido a sus representantes gremiales que se decrete un paro, que peleen por sus derechos y magros ingresos, se supo el d\u00eda de ayer, que los gremios acordaron con el departamento ejecutivo,\u2026","rel":"","context":"En \u00abDESTACADAS\u00bb","block_context":{"text":"DESTACADAS","link":"https:\/\/larevistadigital.com.ar\/blog\/category\/destacadas\/"},"img":{"alt_text":"","src":"https:\/\/i0.wp.com\/larevistadigital.com.ar\/blog\/wp-content\/uploads\/municipalidad-de-chascomus.jpg?fit=1200%2C800&ssl=1&resize=350%2C200","width":350,"height":200,"srcset":"https:\/\/i0.wp.com\/larevistadigital.com.ar\/blog\/wp-content\/uploads\/municipalidad-de-chascomus.jpg?fit=1200%2C800&ssl=1&resize=350%2C200 1x, https:\/\/i0.wp.com\/larevistadigital.com.ar\/blog\/wp-content\/uploads\/municipalidad-de-chascomus.jpg?fit=1200%2C800&ssl=1&resize=525%2C300 1.5x, https:\/\/i0.wp.com\/larevistadigital.com.ar\/blog\/wp-content\/uploads\/municipalidad-de-chascomus.jpg?fit=1200%2C800&ssl=1&resize=700%2C400 2x, https:\/\/i0.wp.com\/larevistadigital.com.ar\/blog\/wp-content\/uploads\/municipalidad-de-chascomus.jpg?fit=1200%2C800&ssl=1&resize=1050%2C600 3x"},"classes":[]},{"id":9818,"url":"https:\/\/larevistadigital.com.ar\/blog\/lezama-acuerdo-salarial-el-ejecutivo-y-los-gremios-firmaron-un-aumento-del-4041-para-empleados-municipales\/","url_meta":{"origin":4776,"position":3},"title":"LEZAMA: ACUERDO SALARIAL: EL EJECUTIVO Y LOS GREMIOS FIRMARON UN AUMENTO DEL 40,41 % PARA EMPLEADOS MUNICIPALES","author":"Alejandro Sosa Ruda","date":"24 abril, 2019","format":false,"excerpt":"En horas del mediod\u00eda del martes, el Intendente Municipal Arnaldo Harispe junto a funcionarios de su gabinete cerr\u00f3 con la totalidad de los gremios un aumento de m\u00e1s del 40 % para el a\u00f1o 2019, que llegar\u00e1 a los sueldos del personal municipal en tres etapas: - 15 % sobre\u2026","rel":"","context":"En \u00abLEZAMA\u00bb","block_context":{"text":"LEZAMA","link":"https:\/\/larevistadigital.com.ar\/blog\/category\/lezama\/"},"img":{"alt_text":"","src":"https:\/\/i0.wp.com\/larevistadigital.com.ar\/blog\/wp-content\/uploads\/2019\/04\/58581911_1445543228971707_750778403807821824_n.jpg?fit=812%2C473&ssl=1&resize=350%2C200","width":350,"height":200,"srcset":"https:\/\/i0.wp.com\/larevistadigital.com.ar\/blog\/wp-content\/uploads\/2019\/04\/58581911_1445543228971707_750778403807821824_n.jpg?fit=812%2C473&ssl=1&resize=350%2C200 1x, https:\/\/i0.wp.com\/larevistadigital.com.ar\/blog\/wp-content\/uploads\/2019\/04\/58581911_1445543228971707_750778403807821824_n.jpg?fit=812%2C473&ssl=1&resize=525%2C300 1.5x, https:\/\/i0.wp.com\/larevistadigital.com.ar\/blog\/wp-content\/uploads\/2019\/04\/58581911_1445543228971707_750778403807821824_n.jpg?fit=812%2C473&ssl=1&resize=700%2C400 2x"},"classes":[]},{"id":18615,"url":"https:\/\/larevistadigital.com.ar\/blog\/ayacucho-anuncio-el-pago-de-un-bono-de-7-000-y-el-aumento-salarial-para-sus-municipales\/","url_meta":{"origin":4776,"position":4},"title":"AYACUCHO ANUNCI\u00d3 EL PAGO DE UN BONO DE $7.000.- Y EL AUMENTO SALARIAL PARA SUS MUNICIPALES","author":"Alejandro Sosa Ruda","date":"14 enero, 2021","format":false,"excerpt":"Tal como se hab\u00eda anunciado, el pr\u00f3ximo viernes 15 de enero la Municipalidad de Ayacucho estar\u00e1 haciendo efectivo el pago del bono para empleados municipales. El mismo ser\u00e1 de $7.000 por agente y alcanzar\u00e1 a empleados activos, jubilados y pensionados municipales, quedando exceptuados todos los cargos pol\u00edticos. De acuerdo a\u2026","rel":"","context":"En \u00abPOLITICA PROVINCIAL\u00bb","block_context":{"text":"POLITICA PROVINCIAL","link":"https:\/\/larevistadigital.com.ar\/blog\/category\/politica\/politica-provincial\/"},"img":{"alt_text":"","src":"https:\/\/i0.wp.com\/larevistadigital.com.ar\/blog\/wp-content\/uploads\/21-10-2020-cordonnier.jpg?fit=1200%2C900&ssl=1&resize=350%2C200","width":350,"height":200,"srcset":"https:\/\/i0.wp.com\/larevistadigital.com.ar\/blog\/wp-content\/uploads\/21-10-2020-cordonnier.jpg?fit=1200%2C900&ssl=1&resize=350%2C200 1x, https:\/\/i0.wp.com\/larevistadigital.com.ar\/blog\/wp-content\/uploads\/21-10-2020-cordonnier.jpg?fit=1200%2C900&ssl=1&resize=525%2C300 1.5x, https:\/\/i0.wp.com\/larevistadigital.com.ar\/blog\/wp-content\/uploads\/21-10-2020-cordonnier.jpg?fit=1200%2C900&ssl=1&resize=700%2C400 2x, https:\/\/i0.wp.com\/larevistadigital.com.ar\/blog\/wp-content\/uploads\/21-10-2020-cordonnier.jpg?fit=1200%2C900&ssl=1&resize=1050%2C600 3x"},"classes":[]},{"id":27666,"url":"https:\/\/larevistadigital.com.ar\/blog\/bonos-de-anses-que-extras-se-pagan-en-octubre-noviembre-y-diciembre\/","url_meta":{"origin":4776,"position":5},"title":"BONOS DE ANS\u00c9S: \u00bfQU\u00c9 EXTRAS SE PAGAN EN OCTUBRE, NOVIEMBRE Y DICIEMBRE?","author":"Alejandro Sosa Ruda","date":"11 septiembre, 2022","format":false,"excerpt":"El organismo pagar\u00e1 bonos a varios grupos de beneficiarios, junto a los aumentos correspondientes para jubilados, pensionados y asignaciones familiares. 11 de septiembre de 2022 La Administraci\u00f3n Nacional de la Seguridad Social (ANSES) otorgar\u00e1 varios bonos extraordinarios durante los pr\u00f3ximos meses, en los que tambi\u00e9n abonar\u00e1 los aumentos previstos tanto\u2026","rel":"","context":"En \u00abSin categor\u00eda\u00bb","block_context":{"text":"Sin categor\u00eda","link":"https:\/\/larevistadigital.com.ar\/blog\/category\/sin-categoria\/"},"img":{"alt_text":"","src":"","width":0,"height":0},"classes":[]}],"_links":{"self":[{"href":"https:\/\/larevistadigital.com.ar\/blog\/wp-json\/wp\/v2\/posts\/4776","targetHints":{"allow":["GET"]}}],"collection":[{"href":"https:\/\/larevistadigital.com.ar\/blog\/wp-json\/wp\/v2\/posts"}],"about":[{"href":"https:\/\/larevistadigital.com.ar\/blog\/wp-json\/wp\/v2\/types\/post"}],"author":[{"embeddable":true,"href":"https:\/\/larevistadigital.com.ar\/blog\/wp-json\/wp\/v2\/users\/3"}],"replies":[{"embeddable":true,"href":"https:\/\/larevistadigital.com.ar\/blog\/wp-json\/wp\/v2\/comments?post=4776"}],"version-history":[{"count":2,"href":"https:\/\/larevistadigital.com.ar\/blog\/wp-json\/wp\/v2\/posts\/4776\/revisions"}],"predecessor-version":[{"id":4779,"href":"https:\/\/larevistadigital.com.ar\/blog\/wp-json\/wp\/v2\/posts\/4776\/revisions\/4779"}],"wp:featuredmedia":[{"embeddable":true,"href":"https:\/\/larevistadigital.com.ar\/blog\/wp-json\/wp\/v2\/media\/4777"}],"wp:attachment":[{"href":"https:\/\/larevistadigital.com.ar\/blog\/wp-json\/wp\/v2\/media?parent=4776"}],"wp:term":[{"taxonomy":"category","embeddable":true,"href":"https:\/\/larevistadigital.com.ar\/blog\/wp-json\/wp\/v2\/categories?post=4776"},{"taxonomy":"post_tag","embeddable":true,"href":"https:\/\/larevistadigital.com.ar\/blog\/wp-json\/wp\/v2\/tags?post=4776"}],"curies":[{"name":"wp","href":"https:\/\/api.w.org\/{rel}","templated":true}]}}