{"id":4780,"date":"2018-02-06T18:24:01","date_gmt":"2018-02-06T18:24:01","guid":{"rendered":"https:\/\/larevistadigital.com.ar\/blog\/?p=4780"},"modified":"2018-02-06T18:24:01","modified_gmt":"2018-02-06T18:24:01","slug":"dolores-fallo-favor-jubilado-del-poder-judicial-dolores-relacion-al-impuesto-las-ganancias","status":"publish","type":"post","link":"https:\/\/larevistadigital.com.ar\/blog\/dolores-fallo-favor-jubilado-del-poder-judicial-dolores-relacion-al-impuesto-las-ganancias\/","title":{"rendered":"DOLORES: OTRO FALLO A FAVOR DE UN JUBILADO DEL PODER JUDICIAL DE DOLORES EN RELACI\u00d3N AL IMPUESTO A LAS GANANCIAS"},"content":{"rendered":"<div class=\"post-content-bd\">\n<p>Lo dict\u00f3 el Juez Federal de Dolores, considerando al igual que lo hiciera en agosto pasado, que los adicionales al \u201csalario b\u00e1sico\u201d deben ser excluidos al momento de efectuarse el c\u00e1lculo de retenci\u00f3n.<\/p>\n<p>El Juez Federal de Dolores, Dr. <strong>Alejo Ramos Padilla<\/strong>, hizo nuevamente lugar a un amparo presentado por un jubilado del Poder Judicial de Dolores, y resolvi\u00f3 con relaci\u00f3n al Impuesto a las Ganancias, que no se deben tomar los adicionales al sueldo b\u00e1sico en el c\u00e1lculo para determinar la imposici\u00f3n de dicho tributo.<\/p>\n<blockquote>\n<h3>Ya en agosto del a\u00f1o pasado el Juez Federal hab\u00eda resuelto en ese sentido ante la presentaci\u00f3n que hab\u00eda efectuado <strong>Jos\u00e9 Manuel Fern\u00e1ndez<\/strong>, jubilado del Poder Judicial Departamental.<\/h3>\n<\/blockquote>\n<p>Ahora nuevamente hizo lugar al amparo de otro jubilado judicial, el se\u00f1or <strong>Roberto Mehl<\/strong>, que con el patrocinio letrado del Dr. <strong>Francisco Stea<\/strong> se present\u00f3 y sostuvo, que ven\u00eda percibiendo importantes descuentos en su haber jubilatorio como jubilado del Poder Judicial de la Provincia. Que desde el 1\u00ba de enero del a\u00f1o 2016 mediante Resoluci\u00f3n 302\/16, la Suprema Corte de Justicia provincial hab\u00eda dispuesto a los efectos de la retenci\u00f3n del Impuesto a las Ganancias al personal en actividad, que se deb\u00eda tomar como base imponible para el c\u00e1lculo solamente el \u201csueldo\u00a0b\u00e1sico\u201d de la estructura salarial vigente. Y que por ello al no hacerse de igual forma con los jubilados judiciales provinciales se violaba el principio de igualdad, lo que importaba una incorrecta t\u00e9cnica impositiva.<\/p>\n<blockquote>\n<h3>El Juez Federal<strong> Ramos Padilla<\/strong> al receptar el amparo, entendi\u00f3 \u2013al igual que en el fallo anterior- que los rubros \u201cAdicionales\u201d deb\u00edan ser excluidos al momento de efectuarse el c\u00e1lculo de retenci\u00f3n de dicho Impuesto, precisando en el fallo, que si la acordada de la Corte no hac\u00eda distingo entre empleados activos y pasivos del Poder Judicial bonaerense, deb\u00eda entenderse que era aplicable a todos por igual.<\/h3>\n<\/blockquote>\n<p>Esta resoluci\u00f3n del Dr. <strong>Ramos Padilla<\/strong> se compatibiliza con el principio constitucional de igualdad, pues no resultaba equitativo que los haberes previsionales sufran un descuento mayor (en porcentaje) que los del personal activo.<\/p>\n<p>En definitiva el Juzgado Federal de Dolores orden\u00f3 a la AFIP, a que luego de notificada la sentencia comunique al Instituto de Previsi\u00f3n Social de la Provincia de Buenos Aires, que debe practicar al Sr.<strong> Mehl<\/strong> la retenci\u00f3n relativa al Impuesto a las Ganancias solo al rubro \u201csueldo b\u00e1sico\u201d de su haber previsional,\u00a0 de modo tal que no se afecte la proporcionalidad que debe existir entre los haberes del trabajador activo y el jubilado.<\/p>\n<p>Con respecto al primer fallo en ese sentido, es de puntualizar que fue apelado ante la C\u00e1mara Federal de Mar del Plata, que a la fecha no lo ha resuelto.<\/p>\n<p>FUENTE: DIARIO COMPROMISO<\/p>\n<\/div>\n<footer>\n<div class=\"cf\"><\/div>\n<div class=\"post-sharing-bd\"><\/div>\n<\/footer>\n","protected":false},"excerpt":{"rendered":"<div class=\"mh-excerpt\"><p>Lo dict\u00f3 el Juez Federal de Dolores, considerando al igual que lo hiciera en agosto pasado, que los adicionales al \u201csalario b\u00e1sico\u201d deben ser excluidos al momento de efectuarse el c\u00e1lculo de retenci\u00f3n. El Juez <a class=\"mh-excerpt-more\" href=\"https:\/\/larevistadigital.com.ar\/blog\/dolores-fallo-favor-jubilado-del-poder-judicial-dolores-relacion-al-impuesto-las-ganancias\/\" title=\"DOLORES: OTRO FALLO A FAVOR DE UN JUBILADO DEL PODER JUDICIAL DE DOLORES EN RELACI\u00d3N AL IMPUESTO A LAS GANANCIAS\">[Leer M\u00e1s]<\/a><\/p>\n<\/div>","protected":false},"author":3,"featured_media":4783,"comment_status":"open","ping_status":"open","sticky":false,"template":"","format":"standard","meta":{"_jetpack_memberships_contains_paid_content":false,"footnotes":"","jetpack_publicize_message":"","jetpack_publicize_feature_enabled":true,"jetpack_social_post_already_shared":true,"jetpack_social_options":{"image_generator_settings":{"template":"highway","default_image_id":0,"font":"","enabled":false},"version":2}},"categories":[43,12],"tags":[],"class_list":{"0":"post-4780","1":"post","2":"type-post","3":"status-publish","4":"format-standard","5":"has-post-thumbnail","7":"category-dolores","8":"category-politica"},"jetpack_publicize_connections":[],"jetpack_featured_media_url":"https:\/\/i0.wp.com\/larevistadigital.com.ar\/blog\/wp-content\/uploads\/2018\/02\/177078-maza.jpg?fit=1600%2C1063&ssl=1","jetpack_sharing_enabled":true,"jetpack_shortlink":"https:\/\/wp.me\/p8qtrQ-1f6","jetpack-related-posts":[{"id":32688,"url":"https:\/\/larevistadigital.com.ar\/blog\/mar-de-ajo-condenaron-a-un-jubilado-por-explotacion-sexual-de-menores-de-edad\/","url_meta":{"origin":4780,"position":0},"title":"MAR DE AJ\u00d3: CONDENARON A UN JUBILADO POR EXPLOTACI\u00d3N SEXUAL DE MENORES DE EDAD","author":"Alejandro Sosa Ruda","date":"31 julio, 2023","format":false,"excerpt":"Un jubilado de Mar de Aj\u00f3 fue condenado a 10 a\u00f1os de prisi\u00f3n por explotar sexualmente a adolescentes. 31 de julio de 2023 MAR DE AJ\u00d3\u00a0 -\u00a0 \u00a0Jorge Hugo Montenegro, un jubilado de 72 a\u00f1os, fue sentenciado por el delito de promoci\u00f3n y facilitaci\u00f3n de la prostituci\u00f3n de menores y\u2026","rel":"","context":"En \u00abPOLICIALES\u00bb","block_context":{"text":"POLICIALES","link":"https:\/\/larevistadigital.com.ar\/blog\/category\/policiales\/"},"img":{"alt_text":"","src":"https:\/\/i0.wp.com\/larevistadigital.com.ar\/blog\/wp-content\/uploads\/20230731153817_patrullero2.jpg?fit=880%2C512&ssl=1&resize=350%2C200","width":350,"height":200,"srcset":"https:\/\/i0.wp.com\/larevistadigital.com.ar\/blog\/wp-content\/uploads\/20230731153817_patrullero2.jpg?fit=880%2C512&ssl=1&resize=350%2C200 1x, https:\/\/i0.wp.com\/larevistadigital.com.ar\/blog\/wp-content\/uploads\/20230731153817_patrullero2.jpg?fit=880%2C512&ssl=1&resize=525%2C300 1.5x, https:\/\/i0.wp.com\/larevistadigital.com.ar\/blog\/wp-content\/uploads\/20230731153817_patrullero2.jpg?fit=880%2C512&ssl=1&resize=700%2C400 2x"},"classes":[]},{"id":7143,"url":"https:\/\/larevistadigital.com.ar\/blog\/dolores-fallecio-el-juez-del-caso-cabezas\/","url_meta":{"origin":4780,"position":1},"title":"DOLORES: FALLECI\u00d3 EL JUEZ DEL CASO CABEZAS","author":"Alejandro Sosa Ruda","date":"12 diciembre, 2018","format":false,"excerpt":"Falleci\u00f3 este lunes en la ciudad de Dolores, el Dr. Jos\u00e9 Luis Macchi, quien fuera el Juez que impuls\u00f3 desde el 25 de enero de 1997 la investigaci\u00f3n judicial por el asesinato del periodista Jos\u00e9 Luis Cabezas. Hijo dilecto de esta ciudad, muy querido por sus vecinos, el Dr. Macchi\u2026","rel":"","context":"En \u00abDOLORES\u00bb","block_context":{"text":"DOLORES","link":"https:\/\/larevistadigital.com.ar\/blog\/category\/dolores\/"},"img":{"alt_text":"","src":"https:\/\/i0.wp.com\/larevistadigital.com.ar\/blog\/wp-content\/uploads\/2018\/12\/juez-macchi.jpg?fit=1000%2C650&ssl=1&resize=350%2C200","width":350,"height":200,"srcset":"https:\/\/i0.wp.com\/larevistadigital.com.ar\/blog\/wp-content\/uploads\/2018\/12\/juez-macchi.jpg?fit=1000%2C650&ssl=1&resize=350%2C200 1x, https:\/\/i0.wp.com\/larevistadigital.com.ar\/blog\/wp-content\/uploads\/2018\/12\/juez-macchi.jpg?fit=1000%2C650&ssl=1&resize=525%2C300 1.5x, https:\/\/i0.wp.com\/larevistadigital.com.ar\/blog\/wp-content\/uploads\/2018\/12\/juez-macchi.jpg?fit=1000%2C650&ssl=1&resize=700%2C400 2x"},"classes":[]},{"id":5568,"url":"https:\/\/larevistadigital.com.ar\/blog\/dolores-la-justicia-impuso-plazo-al-municipio-para-el-saneamiento-de-los-basurales-a-cielo-abierto\/","url_meta":{"origin":4780,"position":2},"title":"DOLORES: La justicia impuso plazo al municipio para el saneamiento de los basurales a cielo abierto","author":"Alejandro Sosa Ruda","date":"10 mayo, 2018","format":false,"excerpt":"Tambi\u00e9n para que ponga en funcionamiento la nueva Planta de Residuos en construcci\u00f3n. El fallo se dict\u00f3 en el marco de un amparo presentado por un abogado del foro local y que tramit\u00f3 por sorteo en el Tribunal de Trabajo n\u00ba 2 Departamental. En un fallo reciente dictado por el\u2026","rel":"","context":"En \u00abDESTACADAS\u00bb","block_context":{"text":"DESTACADAS","link":"https:\/\/larevistadigital.com.ar\/blog\/category\/destacadas\/"},"img":{"alt_text":"","src":"https:\/\/i0.wp.com\/larevistadigital.com.ar\/blog\/wp-content\/uploads\/2018\/05\/IMG_2398.jpg?fit=693%2C346&ssl=1&resize=350%2C200","width":350,"height":200,"srcset":"https:\/\/i0.wp.com\/larevistadigital.com.ar\/blog\/wp-content\/uploads\/2018\/05\/IMG_2398.jpg?fit=693%2C346&ssl=1&resize=350%2C200 1x, https:\/\/i0.wp.com\/larevistadigital.com.ar\/blog\/wp-content\/uploads\/2018\/05\/IMG_2398.jpg?fit=693%2C346&ssl=1&resize=525%2C300 1.5x"},"classes":[]},{"id":18933,"url":"https:\/\/larevistadigital.com.ar\/blog\/detienen-a-ex-funcionario-judicial-de-dolores-por-violacion-luego-de-permanecer-5-anos-profugo\/","url_meta":{"origin":4780,"position":3},"title":"DETIENEN A EX FUNCIONARIO JUDICIAL DE DOLORES POR VIOLACI\u00d3N, LUEGO DE PERMANECER 5 A\u00d1OS PR\u00d3FUGO","author":"Alejandro Sosa Ruda","date":"19 febrero, 2021","format":false,"excerpt":"Hab\u00eda sido sentenciado a 9 a\u00f1os en junio de 2015 por abuso sexual a dos ni\u00f1as. Fue detenido en Tandil. DOLORES - Un ex funcionario judicial de Dolores condenado por la violaci\u00f3n de dos menores que se encontraba pr\u00f3fugo desde hace cinco a\u00f1os fue detenido ayer en Tandil. Miguel \u00c1ngel\u2026","rel":"","context":"En \u00abDOLORES\u00bb","block_context":{"text":"DOLORES","link":"https:\/\/larevistadigital.com.ar\/blog\/category\/dolores\/"},"img":{"alt_text":"","src":"https:\/\/i0.wp.com\/larevistadigital.com.ar\/blog\/wp-content\/uploads\/9a797013a690a26831e1a1d38fb60d7e671b3072.jpeg?fit=1140%2C846&ssl=1&resize=350%2C200","width":350,"height":200,"srcset":"https:\/\/i0.wp.com\/larevistadigital.com.ar\/blog\/wp-content\/uploads\/9a797013a690a26831e1a1d38fb60d7e671b3072.jpeg?fit=1140%2C846&ssl=1&resize=350%2C200 1x, https:\/\/i0.wp.com\/larevistadigital.com.ar\/blog\/wp-content\/uploads\/9a797013a690a26831e1a1d38fb60d7e671b3072.jpeg?fit=1140%2C846&ssl=1&resize=525%2C300 1.5x, https:\/\/i0.wp.com\/larevistadigital.com.ar\/blog\/wp-content\/uploads\/9a797013a690a26831e1a1d38fb60d7e671b3072.jpeg?fit=1140%2C846&ssl=1&resize=700%2C400 2x, https:\/\/i0.wp.com\/larevistadigital.com.ar\/blog\/wp-content\/uploads\/9a797013a690a26831e1a1d38fb60d7e671b3072.jpeg?fit=1140%2C846&ssl=1&resize=1050%2C600 3x"},"classes":[]},{"id":11256,"url":"https:\/\/larevistadigital.com.ar\/blog\/dolores-designan-dos-nuevos-jueces-penales\/","url_meta":{"origin":4780,"position":4},"title":"DOLORES: DESIGNAN DOS NUEVOS JUECES PENALES","author":"Alejandro Sosa Ruda","date":"13 julio, 2019","format":false,"excerpt":"Uno integrar\u00e1 el Tribunal en lo Criminal n\u00ba 1 y el otro ser\u00e1 titular del Juzgado Correccional n\u00ba 2, cuyas sedes del Departamento Judicial est\u00e1n ubicadas en nuestra ciudad. \u00a0La Gobernadora Mar\u00eda Eugenia Vidal oficializ\u00f3 mediante el respectivo decreto la designaci\u00f3n de dos jueces penales para el Departamento Judicial Dolores,\u2026","rel":"","context":"En \u00abDOLORES\u00bb","block_context":{"text":"DOLORES","link":"https:\/\/larevistadigital.com.ar\/blog\/category\/dolores\/"},"img":{"alt_text":"","src":"https:\/\/i0.wp.com\/larevistadigital.com.ar\/blog\/wp-content\/uploads\/Correccional-2-660x330.jpg?fit=660%2C330&ssl=1&resize=350%2C200","width":350,"height":200,"srcset":"https:\/\/i0.wp.com\/larevistadigital.com.ar\/blog\/wp-content\/uploads\/Correccional-2-660x330.jpg?fit=660%2C330&ssl=1&resize=350%2C200 1x, https:\/\/i0.wp.com\/larevistadigital.com.ar\/blog\/wp-content\/uploads\/Correccional-2-660x330.jpg?fit=660%2C330&ssl=1&resize=525%2C300 1.5x"},"classes":[]},{"id":39845,"url":"https:\/\/larevistadigital.com.ar\/blog\/denuncias-por-violencia-laboral-y-de-genero-apartan-a-un-juez-del-tribunal-de-trabajo-de-mar-del-plata\/","url_meta":{"origin":4780,"position":5},"title":"Denuncias por violencia laboral y de g\u00e9nero: apartan a un juez del Tribunal de Trabajo de Mar del Plata","author":"Alejandro Sosa Ruda","date":"21 mayo, 2025","format":false,"excerpt":"La medida preventiva fue dispuesta contra Mariano Jos\u00e9 Riva, exfuncionario judicial de Dolores, tras una investigaci\u00f3n que expuso conductas sistem\u00e1ticas de maltrato hacia personal a su cargo. 21 de Mayo de 2025 CHASCOM\u00daS -\u00a0 El juez Mariano Jos\u00e9 Riva, integrante del Tribunal de Trabajo N\u00b0 4 de Mar del Plata\u2026","rel":"","context":"En \u00abPOLICIALES\u00bb","block_context":{"text":"POLICIALES","link":"https:\/\/larevistadigital.com.ar\/blog\/category\/policiales\/"},"img":{"alt_text":"","src":"https:\/\/i0.wp.com\/larevistadigital.com.ar\/blog\/wp-content\/uploads\/65deca145c0f3c4574b489a03da53d1a828ba5eb.jpg?fit=1140%2C680&ssl=1&resize=350%2C200","width":350,"height":200,"srcset":"https:\/\/i0.wp.com\/larevistadigital.com.ar\/blog\/wp-content\/uploads\/65deca145c0f3c4574b489a03da53d1a828ba5eb.jpg?fit=1140%2C680&ssl=1&resize=350%2C200 1x, https:\/\/i0.wp.com\/larevistadigital.com.ar\/blog\/wp-content\/uploads\/65deca145c0f3c4574b489a03da53d1a828ba5eb.jpg?fit=1140%2C680&ssl=1&resize=525%2C300 1.5x, https:\/\/i0.wp.com\/larevistadigital.com.ar\/blog\/wp-content\/uploads\/65deca145c0f3c4574b489a03da53d1a828ba5eb.jpg?fit=1140%2C680&ssl=1&resize=700%2C400 2x, https:\/\/i0.wp.com\/larevistadigital.com.ar\/blog\/wp-content\/uploads\/65deca145c0f3c4574b489a03da53d1a828ba5eb.jpg?fit=1140%2C680&ssl=1&resize=1050%2C600 3x"},"classes":[]}],"_links":{"self":[{"href":"https:\/\/larevistadigital.com.ar\/blog\/wp-json\/wp\/v2\/posts\/4780","targetHints":{"allow":["GET"]}}],"collection":[{"href":"https:\/\/larevistadigital.com.ar\/blog\/wp-json\/wp\/v2\/posts"}],"about":[{"href":"https:\/\/larevistadigital.com.ar\/blog\/wp-json\/wp\/v2\/types\/post"}],"author":[{"embeddable":true,"href":"https:\/\/larevistadigital.com.ar\/blog\/wp-json\/wp\/v2\/users\/3"}],"replies":[{"embeddable":true,"href":"https:\/\/larevistadigital.com.ar\/blog\/wp-json\/wp\/v2\/comments?post=4780"}],"version-history":[{"count":1,"href":"https:\/\/larevistadigital.com.ar\/blog\/wp-json\/wp\/v2\/posts\/4780\/revisions"}],"predecessor-version":[{"id":4784,"href":"https:\/\/larevistadigital.com.ar\/blog\/wp-json\/wp\/v2\/posts\/4780\/revisions\/4784"}],"wp:featuredmedia":[{"embeddable":true,"href":"https:\/\/larevistadigital.com.ar\/blog\/wp-json\/wp\/v2\/media\/4783"}],"wp:attachment":[{"href":"https:\/\/larevistadigital.com.ar\/blog\/wp-json\/wp\/v2\/media?parent=4780"}],"wp:term":[{"taxonomy":"category","embeddable":true,"href":"https:\/\/larevistadigital.com.ar\/blog\/wp-json\/wp\/v2\/categories?post=4780"},{"taxonomy":"post_tag","embeddable":true,"href":"https:\/\/larevistadigital.com.ar\/blog\/wp-json\/wp\/v2\/tags?post=4780"}],"curies":[{"name":"wp","href":"https:\/\/api.w.org\/{rel}","templated":true}]}}