{"id":4786,"date":"2018-02-07T03:15:57","date_gmt":"2018-02-07T03:15:57","guid":{"rendered":"https:\/\/larevistadigital.com.ar\/blog\/?p=4786"},"modified":"2018-02-07T03:15:57","modified_gmt":"2018-02-07T03:15:57","slug":"murio-la-periodista-debora-perez-volpin-estudio-la-trinidad-aca-informe-la-clinica","status":"publish","type":"post","link":"https:\/\/larevistadigital.com.ar\/blog\/murio-la-periodista-debora-perez-volpin-estudio-la-trinidad-aca-informe-la-clinica\/","title":{"rendered":"MURI\u00d3 LA PERIODISTA D\u00c9BORA PEREZ VOLPIN DURANTE UN ESTUDIO EN \u00abLA TRINIDAD\u00bb (AC\u00c1 EL INFORME DE LA CL\u00cdNICA)"},"content":{"rendered":"<p>De manera totalmente inesperada, la periodista y legisladora porte\u00f1a, <strong>D\u00e9bora P\u00e9rez Volpin<\/strong> falleci\u00f3 esta tarde noche en el Sanatorio \u201cLa Trinidad\u201d, en donde hab\u00eda ido a hacerse una \u201cendoscop\u00eda\u201d.<\/p>\n<p>La periodista de 50 a\u00f1os de edad, hab\u00eda estado padeciendo dolores de est\u00f3mago, por lo que se le hab\u00eda aconsejado hacerse ese estudio.<\/p>\n<blockquote>\n<h3>En ese centro m\u00e9dico le hab\u00edan realizado una endoscop\u00eda y habr\u00eda sufrido un paro card\u00edaco por complicaciones en la anestesia, inform\u00f3 el periodista\u00a0<strong>Guillermo Lobo<\/strong>\u00a0en\u00a0<strong><em>Telenoche<\/em><\/strong>. Entre los estudios que le hab\u00edan realizado previamente dieron\u00a0mal algunos indicadores del h\u00edgado, por lo que los m\u00e9dicos decidieron su internaci\u00f3n.<\/h3>\n<\/blockquote>\n<p><strong>P\u00e9rez Volpin<\/strong>\u00a0condujo durante 12 a\u00f1os Arriba Argentinos por la pantalla de El Trece, y renunci\u00f3 a la emisora a mitad de 2017 para postularse como candidata a diputada porte\u00f1a por el frente Evoluci\u00f3n de\u00a0<strong>Mart\u00edn Lousteau.<\/strong><\/p>\n<p>Naci\u00f3 el 30 de diciembre de 1967 en la\u00a0<strong>Ciudad de Buenos Aires<\/strong>, estaba casada con <strong>Enrique Sacco<\/strong> y era madre de dos hijos, <strong>Agust\u00edn<\/strong> y <strong>Luna<\/strong>, que los tuvo con su anterior esposo, <strong>Marcelo Funes<\/strong>. Fue durante a\u00f1os la cara visible de las noticias en la pantalla de TN y El Trece.<\/p>\n<p><strong><a href=\"https:\/\/i0.wp.com\/larevistadigital.com.ar\/blog\/wp-content\/uploads\/2018\/02\/BkG_4TDLf_930x525__1.jpg?ssl=1\"><img data-recalc-dims=\"1\" loading=\"lazy\" decoding=\"async\" class=\"size-full wp-image-4791 aligncenter\" src=\"https:\/\/i0.wp.com\/larevistadigital.com.ar\/blog\/wp-content\/uploads\/2018\/02\/BkG_4TDLf_930x525__1.jpg?resize=930%2C525&#038;ssl=1\" alt=\"\" width=\"930\" height=\"525\" srcset=\"https:\/\/i0.wp.com\/larevistadigital.com.ar\/blog\/wp-content\/uploads\/2018\/02\/BkG_4TDLf_930x525__1.jpg?w=930&amp;ssl=1 930w, https:\/\/i0.wp.com\/larevistadigital.com.ar\/blog\/wp-content\/uploads\/2018\/02\/BkG_4TDLf_930x525__1.jpg?resize=300%2C169&amp;ssl=1 300w, https:\/\/i0.wp.com\/larevistadigital.com.ar\/blog\/wp-content\/uploads\/2018\/02\/BkG_4TDLf_930x525__1.jpg?resize=768%2C434&amp;ssl=1 768w\" sizes=\"auto, (max-width: 930px) 100vw, 930px\" \/><\/a><\/strong><\/p>\n<p><strong>En 1992 entr\u00f3 a El Trece como pasante e hizo sus primeras apariciones frente a c\u00e1mara haciendo suplencias de cronistas.<\/strong>\u00a0Trabaj\u00f3 en varias \u00e1reas de producci\u00f3n, luego como movilera de exteriores, notera sobre temas de salud y finalmente como presentadora de noticias.\u00a0<strong>En 1996 comenz\u00f3 a conducir en TN y desde 2004 condujo en El Trece, ganando ese mismo a\u00f1o un Mart\u00edn Fierro.<\/strong><\/p>\n<blockquote>\n<h3><strong>Entre 2004 y 2005, P\u00e9rez Volpin condujo \u00abEn S\u00edntesis\u00bb<\/strong>, el resumen informativo que se emit\u00eda durante la medianoche, y poco despu\u00e9s particip\u00f3 del lanzamiento del ciclo\u00a0<strong>\u00abArriba Argentinos\u00bb<\/strong>, el noticiero matinal de Canal 13 que protagoniz\u00f3 junto a <strong>Marcelo Bonelli<\/strong>.<\/h3>\n<\/blockquote>\n<p>Dicho noticiero<strong>\u00a0fue el m\u00e1s visto de su franja horaria<\/strong>\u00a0y alcanz\u00f3 sus picos de audiencia durante el conflicto entre las entidades rurales y el gobierno de <strong>Cristina Kirchner <\/strong>por la aplicaci\u00f3n de la resoluci\u00f3n 125, en 2008.<\/p>\n<p>Paralelamente, tambi\u00e9n trabaj\u00f3 como c<strong>onductora del ciclo \u00abSeg\u00fan como se mire\u00bb, que se emit\u00eda por Radio Mitre<\/strong>, y encabez\u00f3 los programas \u00abAnecdotario\u00bb y \u00abEntre Par\u00e9ntesis\u00bb, que iban por Canal A.<\/p>\n<p><a href=\"https:\/\/i0.wp.com\/larevistadigital.com.ar\/blog\/wp-content\/uploads\/2018\/02\/debora-perez-volpin-asumiendo.jpg?ssl=1\"><img data-recalc-dims=\"1\" decoding=\"async\" class=\"size-full wp-image-4790 aligncenter\" src=\"https:\/\/i0.wp.com\/larevistadigital.com.ar\/blog\/wp-content\/uploads\/2018\/02\/debora-perez-volpin-asumiendo.jpg?ssl=1\" alt=\"\" \/><\/a><\/p>\n<p>Se despidi\u00f3 del periodismo en junio de 2017, cuando\u00a0<strong>se lanz\u00f3 a la pol\u00edtica como primer candidata a legisladora porte\u00f1a en la lista de Mart\u00edn Lousteau.<\/strong>\u00a0Logr\u00f3 una gran elecci\u00f3n, superando el 12% de los votos y gan\u00e1ndole, gracias al corte de boleta, al ex ministro de Econom\u00eda, que se postulaba como diputado nacional. Asumi\u00f3 el 10 de diciembre y solo estuvo una vez en su banca el 22 de diciembre cuando vot\u00f3 el Presupuesto.<\/p>\n<p style=\"text-align: center\"><strong>EL INFORME DE LA CL\u00cdNICA<\/strong><\/p>\n<p><a href=\"https:\/\/i0.wp.com\/larevistadigital.com.ar\/blog\/wp-content\/uploads\/2018\/02\/0028896741.jpeg?ssl=1\"><img data-recalc-dims=\"1\" loading=\"lazy\" decoding=\"async\" class=\"size-full wp-image-4789 aligncenter\" src=\"https:\/\/i0.wp.com\/larevistadigital.com.ar\/blog\/wp-content\/uploads\/2018\/02\/0028896741.jpeg?resize=569%2C610&#038;ssl=1\" alt=\"\" width=\"569\" height=\"610\" srcset=\"https:\/\/i0.wp.com\/larevistadigital.com.ar\/blog\/wp-content\/uploads\/2018\/02\/0028896741.jpeg?w=569&amp;ssl=1 569w, https:\/\/i0.wp.com\/larevistadigital.com.ar\/blog\/wp-content\/uploads\/2018\/02\/0028896741.jpeg?resize=280%2C300&amp;ssl=1 280w\" sizes=\"auto, (max-width: 569px) 100vw, 569px\" \/><\/a><\/p>\n<p>&nbsp;<\/p>\n","protected":false},"excerpt":{"rendered":"<div class=\"mh-excerpt\"><p>De manera totalmente inesperada, la periodista y legisladora porte\u00f1a, D\u00e9bora P\u00e9rez Volpin falleci\u00f3 esta tarde noche en el Sanatorio \u201cLa Trinidad\u201d, en donde hab\u00eda ido a hacerse una \u201cendoscop\u00eda\u201d. La periodista de 50 a\u00f1os de <a class=\"mh-excerpt-more\" href=\"https:\/\/larevistadigital.com.ar\/blog\/murio-la-periodista-debora-perez-volpin-estudio-la-trinidad-aca-informe-la-clinica\/\" title=\"MURI\u00d3 LA PERIODISTA D\u00c9BORA PEREZ VOLPIN DURANTE UN ESTUDIO EN \u00abLA TRINIDAD\u00bb (AC\u00c1 EL INFORME DE LA CL\u00cdNICA)\">[Leer M\u00e1s]<\/a><\/p>\n<\/div>","protected":false},"author":3,"featured_media":4788,"comment_status":"open","ping_status":"open","sticky":false,"template":"","format":"standard","meta":{"_jetpack_memberships_contains_paid_content":false,"footnotes":"","jetpack_publicize_message":"","jetpack_publicize_feature_enabled":true,"jetpack_social_post_already_shared":true,"jetpack_social_options":{"image_generator_settings":{"template":"highway","default_image_id":0,"font":"","enabled":false},"version":2}},"categories":[15,12],"tags":[],"class_list":{"0":"post-4786","1":"post","2":"type-post","3":"status-publish","4":"format-standard","5":"has-post-thumbnail","7":"category-cultura","8":"category-politica"},"jetpack_publicize_connections":[],"jetpack_featured_media_url":"https:\/\/i0.wp.com\/larevistadigital.com.ar\/blog\/wp-content\/uploads\/2018\/02\/ByrGAiwLf_930x525__1.jpg?fit=930%2C525&ssl=1","jetpack_sharing_enabled":true,"jetpack_shortlink":"https:\/\/wp.me\/p8qtrQ-1fc","jetpack-related-posts":[{"id":4794,"url":"https:\/\/larevistadigital.com.ar\/blog\/la-justicia-caratulo-homicidio-culposo-la-muerte-debora-perez-volpin\/","url_meta":{"origin":4786,"position":0},"title":"LA JUSTICIA CARATUL\u00d3 COMO \u00abHOMICIDIO CULPOSO\u00bb LA MUERTE DE D\u00c9BORA P\u00c9REZ VOLPIN","author":"Alejandro Sosa Ruda","date":"7 febrero, 2018","format":false,"excerpt":"La justicia finalmente caratul\u00f3 la causa iniciada por el fallecimiento de la periodista y diputada D\u00e9bora P\u00e9rez Volpin, como \u201cHomicidio Culposo\u201d. Recordemos que la periodista falleci\u00f3 cuando se le practicaba una endoscop\u00eda, procedimiento que seg\u00fan dicen los expertos, \u201cpuede llegar a morir una persona de cada diez mil\u201d, pero aparentemente\u2026","rel":"","context":"En \u00abDESTACADAS\u00bb","block_context":{"text":"DESTACADAS","link":"https:\/\/larevistadigital.com.ar\/blog\/category\/destacadas\/"},"img":{"alt_text":"","src":"https:\/\/i0.wp.com\/larevistadigital.com.ar\/blog\/wp-content\/uploads\/2018\/02\/Sanatorio-de-la-Trinidad.jpg?fit=660%2C370&ssl=1&resize=350%2C200","width":350,"height":200,"srcset":"https:\/\/i0.wp.com\/larevistadigital.com.ar\/blog\/wp-content\/uploads\/2018\/02\/Sanatorio-de-la-Trinidad.jpg?fit=660%2C370&ssl=1&resize=350%2C200 1x, https:\/\/i0.wp.com\/larevistadigital.com.ar\/blog\/wp-content\/uploads\/2018\/02\/Sanatorio-de-la-Trinidad.jpg?fit=660%2C370&ssl=1&resize=525%2C300 1.5x"},"classes":[]},{"id":11689,"url":"https:\/\/larevistadigital.com.ar\/blog\/juicio-por-debora-perez-volpin-hoy-se-dara-a-conocer-el-veredicto-con-posibles-condenas-al-endoscopista-y-la-anestesista\/","url_meta":{"origin":4786,"position":1},"title":"JUICIO POR DEBORA P\u00c9REZ VOLPIN: HOY SE DAR\u00c1 A CONOCER EL VEREDICTO CON POSIBLES CONDENAS AL ENDOSCOPISTA Y LA ANESTESISTA","author":"Alejandro Sosa Ruda","date":"2 agosto, 2019","format":false,"excerpt":"Diego Bialolenkier y N\u00e9lida Puente podr\u00edan ser condenados por homicidio culposo por la muerte de la periodista y diputada de la Ciudad.\u00a0 El juicio por la muerte de la periodista y legisladora porte\u00f1a\u00a0D\u00e9bora P\u00e9rez Volpin\u00a0entr\u00f3 en su etapa final y este viernes, luego de los alegatos finales, el Tribunal Oral\u2026","rel":"","context":"En \u00abINTERES GENERAL\u00bb","block_context":{"text":"INTERES GENERAL","link":"https:\/\/larevistadigital.com.ar\/blog\/category\/interes-general\/"},"img":{"alt_text":"","src":"https:\/\/i0.wp.com\/larevistadigital.com.ar\/blog\/wp-content\/uploads\/0036476173.jpg?fit=1200%2C678&ssl=1&resize=350%2C200","width":350,"height":200,"srcset":"https:\/\/i0.wp.com\/larevistadigital.com.ar\/blog\/wp-content\/uploads\/0036476173.jpg?fit=1200%2C678&ssl=1&resize=350%2C200 1x, https:\/\/i0.wp.com\/larevistadigital.com.ar\/blog\/wp-content\/uploads\/0036476173.jpg?fit=1200%2C678&ssl=1&resize=525%2C300 1.5x, https:\/\/i0.wp.com\/larevistadigital.com.ar\/blog\/wp-content\/uploads\/0036476173.jpg?fit=1200%2C678&ssl=1&resize=700%2C400 2x, https:\/\/i0.wp.com\/larevistadigital.com.ar\/blog\/wp-content\/uploads\/0036476173.jpg?fit=1200%2C678&ssl=1&resize=1050%2C600 3x"},"classes":[]},{"id":12729,"url":"https:\/\/larevistadigital.com.ar\/blog\/encontraron-muerto-al-periodista-lucas-carrasco\/","url_meta":{"origin":4786,"position":2},"title":"ENCONTRARON MUERTO AL PERIODISTA LUCAS CARRASCO","author":"Alejandro Sosa Ruda","date":"21 octubre, 2019","format":false,"excerpt":"El ex integrante de 678, que fue condenado hace un mes y medio a la pena de 9 a\u00f1os de prisi\u00f3n por \u201cabuso sexual\u201d, apareci\u00f3 sin vida en un pasillo de su domicilio en Paran\u00e1, Entre R\u00edos. Se investigan las causas El periodista Lucas Carrasco, que a inicios de septiembre\u2026","rel":"","context":"En \u00abINTERES GENERAL\u00bb","block_context":{"text":"INTERES GENERAL","link":"https:\/\/larevistadigital.com.ar\/blog\/category\/interes-general\/"},"img":{"alt_text":"","src":"https:\/\/i0.wp.com\/larevistadigital.com.ar\/blog\/wp-content\/uploads\/Screenshot_1-50.jpg?fit=935%2C522&ssl=1&resize=350%2C200","width":350,"height":200,"srcset":"https:\/\/i0.wp.com\/larevistadigital.com.ar\/blog\/wp-content\/uploads\/Screenshot_1-50.jpg?fit=935%2C522&ssl=1&resize=350%2C200 1x, https:\/\/i0.wp.com\/larevistadigital.com.ar\/blog\/wp-content\/uploads\/Screenshot_1-50.jpg?fit=935%2C522&ssl=1&resize=525%2C300 1.5x, https:\/\/i0.wp.com\/larevistadigital.com.ar\/blog\/wp-content\/uploads\/Screenshot_1-50.jpg?fit=935%2C522&ssl=1&resize=700%2C400 2x"},"classes":[]},{"id":28287,"url":"https:\/\/larevistadigital.com.ar\/blog\/murio-cesar-masetti-notable-periodista-y-conductor-historico-de-telenoche\/","url_meta":{"origin":4786,"position":3},"title":"MURI\u00d3 CESAR MASETTI, NOTABLE PERIODISTA Y CONDUCTOR HIST\u00d3RICO DE \u00abTELENOCHE\u00bb","author":"Alejandro Sosa Ruda","date":"4 octubre, 2022","format":false,"excerpt":"Ten\u00eda 80 a\u00f1os y junto a M\u00f3nica Cahen D\u2019Anvers fue la cara del noticiero de eltrece desde 1991 hasta 2003. 04 de octubre de 2022 A los 80 a\u00f1os, muri\u00f3\u00a0C\u00e9sar Mascetti, uno de los grandes maestros del periodismo de la Argentina y conductor hist\u00f3rico del noticiero de\u00a0eltrece Telenoche\u00a0junto a su\u2026","rel":"","context":"En \u00abSin categor\u00eda\u00bb","block_context":{"text":"Sin categor\u00eda","link":"https:\/\/larevistadigital.com.ar\/blog\/category\/sin-categoria\/"},"img":{"alt_text":"","src":"https:\/\/i0.wp.com\/larevistadigital.com.ar\/blog\/wp-content\/uploads\/20160316114225c164bbc9d6c72a52c599bbb43d8db8e1.jpg?fit=900%2C900&ssl=1&resize=350%2C200","width":350,"height":200,"srcset":"https:\/\/i0.wp.com\/larevistadigital.com.ar\/blog\/wp-content\/uploads\/20160316114225c164bbc9d6c72a52c599bbb43d8db8e1.jpg?fit=900%2C900&ssl=1&resize=350%2C200 1x, https:\/\/i0.wp.com\/larevistadigital.com.ar\/blog\/wp-content\/uploads\/20160316114225c164bbc9d6c72a52c599bbb43d8db8e1.jpg?fit=900%2C900&ssl=1&resize=525%2C300 1.5x, https:\/\/i0.wp.com\/larevistadigital.com.ar\/blog\/wp-content\/uploads\/20160316114225c164bbc9d6c72a52c599bbb43d8db8e1.jpg?fit=900%2C900&ssl=1&resize=700%2C400 2x"},"classes":[]},{"id":14648,"url":"https:\/\/larevistadigital.com.ar\/blog\/muere-ahogado-en-brasil-un-periodista-del-diario-ole\/","url_meta":{"origin":4786,"position":4},"title":"MUERE AHOGADO EN BRASIL UN PERIODISTA DEL DIARIO OLE","author":"Alejandro Sosa Ruda","date":"6 febrero, 2020","format":false,"excerpt":"Un profundo dolor ocasionado por una tragedia inesperada sacudi\u00f3 este mi\u00e9rcoles a la redacci\u00f3n del diario deportivo Ol\u00e9. Desde Brasil\u200b, lleg\u00f3\u00a0la terrible noticia de la muerte de Marcelo Pagliaccio, un joven periodista deportivo que falleci\u00f3 ahogado mientras se hallaba de vacaciones. Marcelo viajaba como parte de un tour. Hab\u00eda participado\u2026","rel":"","context":"En \u00abDEPORTES\u00bb","block_context":{"text":"DEPORTES","link":"https:\/\/larevistadigital.com.ar\/blog\/category\/deportes\/"},"img":{"alt_text":"","src":"https:\/\/i0.wp.com\/larevistadigital.com.ar\/blog\/wp-content\/uploads\/Sk-LpwtGU-768x000.jpeg?fit=768%2C432&ssl=1&resize=350%2C200","width":350,"height":200,"srcset":"https:\/\/i0.wp.com\/larevistadigital.com.ar\/blog\/wp-content\/uploads\/Sk-LpwtGU-768x000.jpeg?fit=768%2C432&ssl=1&resize=350%2C200 1x, https:\/\/i0.wp.com\/larevistadigital.com.ar\/blog\/wp-content\/uploads\/Sk-LpwtGU-768x000.jpeg?fit=768%2C432&ssl=1&resize=525%2C300 1.5x, https:\/\/i0.wp.com\/larevistadigital.com.ar\/blog\/wp-content\/uploads\/Sk-LpwtGU-768x000.jpeg?fit=768%2C432&ssl=1&resize=700%2C400 2x"},"classes":[]},{"id":1642,"url":"https:\/\/larevistadigital.com.ar\/blog\/fue-internada-silvina-luna\/","url_meta":{"origin":4786,"position":5},"title":"FUE INTERNADA SILVINA LUNA","author":"Alejandro Sosa Ruda","date":"26 marzo, 2017","format":false,"excerpt":"Silvina Luna\u00a0fue internada esta tarde en el Hospital Italiano, en el barrio de Almagro, seg\u00fan inform\u00f3 el periodista de espect\u00e1culos\u00a0\u00c1ngel de Brito. La modelo y actriz\u00a0lleg\u00f3 al hospital acompa\u00f1ada por \u201cEl Polaco\u201d, cont\u00f3 el periodista. \u201cTiene seguridad en la puerta de su cuarto del sector 36, en la planta baja\u2026","rel":"","context":"En \u00abDESTACADAS\u00bb","block_context":{"text":"DESTACADAS","link":"https:\/\/larevistadigital.com.ar\/blog\/category\/destacadas\/"},"img":{"alt_text":"","src":"https:\/\/i0.wp.com\/larevistadigital.com.ar\/blog\/wp-content\/uploads\/2017\/03\/silvinalunagranhermano2011conductora.jpg?fit=1200%2C675&ssl=1&resize=350%2C200","width":350,"height":200,"srcset":"https:\/\/i0.wp.com\/larevistadigital.com.ar\/blog\/wp-content\/uploads\/2017\/03\/silvinalunagranhermano2011conductora.jpg?fit=1200%2C675&ssl=1&resize=350%2C200 1x, https:\/\/i0.wp.com\/larevistadigital.com.ar\/blog\/wp-content\/uploads\/2017\/03\/silvinalunagranhermano2011conductora.jpg?fit=1200%2C675&ssl=1&resize=525%2C300 1.5x, https:\/\/i0.wp.com\/larevistadigital.com.ar\/blog\/wp-content\/uploads\/2017\/03\/silvinalunagranhermano2011conductora.jpg?fit=1200%2C675&ssl=1&resize=700%2C400 2x, https:\/\/i0.wp.com\/larevistadigital.com.ar\/blog\/wp-content\/uploads\/2017\/03\/silvinalunagranhermano2011conductora.jpg?fit=1200%2C675&ssl=1&resize=1050%2C600 3x"},"classes":[]}],"_links":{"self":[{"href":"https:\/\/larevistadigital.com.ar\/blog\/wp-json\/wp\/v2\/posts\/4786","targetHints":{"allow":["GET"]}}],"collection":[{"href":"https:\/\/larevistadigital.com.ar\/blog\/wp-json\/wp\/v2\/posts"}],"about":[{"href":"https:\/\/larevistadigital.com.ar\/blog\/wp-json\/wp\/v2\/types\/post"}],"author":[{"embeddable":true,"href":"https:\/\/larevistadigital.com.ar\/blog\/wp-json\/wp\/v2\/users\/3"}],"replies":[{"embeddable":true,"href":"https:\/\/larevistadigital.com.ar\/blog\/wp-json\/wp\/v2\/comments?post=4786"}],"version-history":[{"count":1,"href":"https:\/\/larevistadigital.com.ar\/blog\/wp-json\/wp\/v2\/posts\/4786\/revisions"}],"predecessor-version":[{"id":4792,"href":"https:\/\/larevistadigital.com.ar\/blog\/wp-json\/wp\/v2\/posts\/4786\/revisions\/4792"}],"wp:featuredmedia":[{"embeddable":true,"href":"https:\/\/larevistadigital.com.ar\/blog\/wp-json\/wp\/v2\/media\/4788"}],"wp:attachment":[{"href":"https:\/\/larevistadigital.com.ar\/blog\/wp-json\/wp\/v2\/media?parent=4786"}],"wp:term":[{"taxonomy":"category","embeddable":true,"href":"https:\/\/larevistadigital.com.ar\/blog\/wp-json\/wp\/v2\/categories?post=4786"},{"taxonomy":"post_tag","embeddable":true,"href":"https:\/\/larevistadigital.com.ar\/blog\/wp-json\/wp\/v2\/tags?post=4786"}],"curies":[{"name":"wp","href":"https:\/\/api.w.org\/{rel}","templated":true}]}}