{"id":4859,"date":"2018-02-12T00:06:21","date_gmt":"2018-02-12T00:06:21","guid":{"rendered":"https:\/\/larevistadigital.com.ar\/blog\/?p=4859"},"modified":"2018-02-12T00:06:21","modified_gmt":"2018-02-12T00:06:21","slug":"una-caricia-al-alma-hoy-daniel-baremboim-espectacular-e-imperdible-video","status":"publish","type":"post","link":"https:\/\/larevistadigital.com.ar\/blog\/una-caricia-al-alma-hoy-daniel-baremboim-espectacular-e-imperdible-video\/","title":{"rendered":"UNA CARICIA AL ALMA: Hoy Daniel Baremboim en un espectacular e imperdible video"},"content":{"rendered":"<h2>1 de Enero de 2009. Daniel Barenboim dirige a la Orquesta Filarm\u00f3nica de Viena (y al p\u00fablico) en la interpretaci\u00f3n de la Marcha Radetzky, de Johann Strauss.<\/h2>\n<p><b>Daniel Barenboim<\/b>\u00a0nacido en\u00a0Buenos Aires, 15 de noviembre de 1942) es un pianista y director de orquesta argentino nacionalizado espa\u00f1ol, israel\u00ed y palestino.<\/p>\n<p>Hijo de m\u00fasicos (tanto <strong>Enrique Barenboim<\/strong> como <strong>A\u00edda Schuster<\/strong>, sus padres, fueron destacados pianistas), debut\u00f3 en Buenos Aires a los siete a\u00f1os con un \u00e9xito tal que fue invitado por el Mozarteum de Salzburgo a continuar sus estudios en esta ciudad, en cuyo festival triunf\u00f3 tres a\u00f1os despu\u00e9s. Posteriormente estudi\u00f3 con\u00a0<a title=\"Nadia Boulanger\" href=\"https:\/\/es.wikipedia.org\/wiki\/Nadia_Boulanger\">Nadia Boulanger<\/a>,\u00a0<a title=\"\u00cdgor Mark\u00e9vich\" href=\"https:\/\/es.wikipedia.org\/wiki\/%C3%8Dgor_Mark%C3%A9vich\">Igor Markevitch<\/a>\u00a0y en la\u00a0<a title=\"Academia Nacional de Santa Cecilia\" href=\"https:\/\/es.wikipedia.org\/wiki\/Academia_Nacional_de_Santa_Cecilia\">Academia de Santa Cecilia<\/a>\u00a0de Roma.<\/p>\n<p>Aqu\u00ed un video espectacular en donde muestra todo su talento y carisma que lo hacen \u00fanico&#8230;<\/p>\n<div style=\"width: 640px;\" class=\"wp-video\"><!--[if lt IE 9]><script>document.createElement('video');<\/script><![endif]-->\n<video class=\"wp-video-shortcode\" id=\"video-4859-1\" width=\"640\" height=\"360\" preload=\"metadata\" controls=\"controls\"><source type=\"video\/mp4\" src=\"https:\/\/larevistadigital.com.ar\/blog\/wp-content\/uploads\/2018\/02\/Marcha-Radetzky-Concierto-a\u00f1o-nuevo-2009-Daniel-Barenboim.mp4?_=1\" \/><a href=\"https:\/\/larevistadigital.com.ar\/blog\/wp-content\/uploads\/2018\/02\/Marcha-Radetzky-Concierto-a\u00f1o-nuevo-2009-Daniel-Barenboim.mp4\">https:\/\/larevistadigital.com.ar\/blog\/wp-content\/uploads\/2018\/02\/Marcha-Radetzky-Concierto-a\u00f1o-nuevo-2009-Daniel-Barenboim.mp4<\/a><\/video><\/div>\n","protected":false},"excerpt":{"rendered":"<div class=\"mh-excerpt\"><p>1 de Enero de 2009. Daniel Barenboim dirige a la Orquesta Filarm\u00f3nica de Viena (y al p\u00fablico) en la interpretaci\u00f3n de la Marcha Radetzky, de Johann Strauss. Daniel Barenboim\u00a0nacido en\u00a0Buenos Aires, 15 de noviembre de <a class=\"mh-excerpt-more\" href=\"https:\/\/larevistadigital.com.ar\/blog\/una-caricia-al-alma-hoy-daniel-baremboim-espectacular-e-imperdible-video\/\" title=\"UNA CARICIA AL ALMA: Hoy Daniel Baremboim en un espectacular e imperdible video\">[Leer M\u00e1s]<\/a><\/p>\n<\/div>","protected":false},"author":3,"featured_media":4863,"comment_status":"open","ping_status":"open","sticky":false,"template":"","format":"standard","meta":{"_jetpack_memberships_contains_paid_content":false,"footnotes":"","jetpack_publicize_message":"","jetpack_publicize_feature_enabled":true,"jetpack_social_post_already_shared":true,"jetpack_social_options":{"image_generator_settings":{"template":"highway","default_image_id":0,"font":"","enabled":false},"version":2}},"categories":[15,12],"tags":[],"class_list":{"0":"post-4859","1":"post","2":"type-post","3":"status-publish","4":"format-standard","5":"has-post-thumbnail","7":"category-cultura","8":"category-politica"},"jetpack_publicize_connections":[],"jetpack_featured_media_url":"https:\/\/i0.wp.com\/larevistadigital.com.ar\/blog\/wp-content\/uploads\/2018\/02\/Daniel-Barenboim-.jpg?fit=1280%2C854&ssl=1","jetpack_sharing_enabled":true,"jetpack_shortlink":"https:\/\/wp.me\/p8qtrQ-1gn","jetpack-related-posts":[{"id":5081,"url":"https:\/\/larevistadigital.com.ar\/blog\/interpretes-locales-la-fiesta-federal-las-orquesta-escuela\/","url_meta":{"origin":4859,"position":0},"title":"Int\u00e9rpretes locales en la Fiesta Federal de las Orquesta Escuela","author":"admin","date":"27 febrero, 2018","format":false,"excerpt":"Integrantes de la Orquesta Escuela de Lezama participaron de la VI Edici\u00f3n de \u201cEl Festival\u201d, que form\u00f3 parte de los festejos del 20\u00ba Aniversario de la Orquesta-Escuela de Chascom\u00fas. J\u00f3venes integrantes de la Orquesta Escuela de Lezama participaron de la VI Edici\u00f3n de \u201cEl Festival\u201d, la Fiesta Federal de las\u2026","rel":"","context":"En \u00abLEZAMA\u00bb","block_context":{"text":"LEZAMA","link":"https:\/\/larevistadigital.com.ar\/blog\/category\/lezama\/"},"img":{"alt_text":"","src":"https:\/\/i0.wp.com\/larevistadigital.com.ar\/blog\/wp-content\/uploads\/2018\/03\/resize_1519750235.jpg?fit=720%2C480&ssl=1&resize=350%2C200","width":350,"height":200,"srcset":"https:\/\/i0.wp.com\/larevistadigital.com.ar\/blog\/wp-content\/uploads\/2018\/03\/resize_1519750235.jpg?fit=720%2C480&ssl=1&resize=350%2C200 1x, https:\/\/i0.wp.com\/larevistadigital.com.ar\/blog\/wp-content\/uploads\/2018\/03\/resize_1519750235.jpg?fit=720%2C480&ssl=1&resize=525%2C300 1.5x, https:\/\/i0.wp.com\/larevistadigital.com.ar\/blog\/wp-content\/uploads\/2018\/03\/resize_1519750235.jpg?fit=720%2C480&ssl=1&resize=700%2C400 2x"},"classes":[]},{"id":33992,"url":"https:\/\/larevistadigital.com.ar\/blog\/la-orquesta-escuela-organiza-un-conciertazo-para-festejar-sus-25-anos\/","url_meta":{"origin":4859,"position":1},"title":"LA ORQUESTA-ESCUELA ORGANIZA UN \u00abCONCIERTAZO\u00bb PARA FESTEJAR SUS 25 A\u00d1OS","author":"Alejandro Sosa Ruda","date":"12 octubre, 2023","format":false,"excerpt":"Por Sergio \"Tony\" Peralta La invitaci\u00f3n es para este viernes 13 a las 19 horas en el Gimnasio ICM con entrada libre y gratuita, y a su t\u00e9rmino comenzar\u00e1 una Gran Pe\u00f1a Folkl\u00f3rica con artistas invitados. 12 de octubre de 2023 CHASCOM\u00daS -\u00a0 El 10 de Octubre se cumplieron 25\u2026","rel":"","context":"En \u00abCHASCOM\u00daS\u00bb","block_context":{"text":"CHASCOM\u00daS","link":"https:\/\/larevistadigital.com.ar\/blog\/category\/chascomus\/"},"img":{"alt_text":"","src":"https:\/\/i0.wp.com\/larevistadigital.com.ar\/blog\/wp-content\/uploads\/WhatsApp-Image-2023-10-12-at-07.26.47.jpeg?fit=1080%2C1080&ssl=1&resize=350%2C200","width":350,"height":200,"srcset":"https:\/\/i0.wp.com\/larevistadigital.com.ar\/blog\/wp-content\/uploads\/WhatsApp-Image-2023-10-12-at-07.26.47.jpeg?fit=1080%2C1080&ssl=1&resize=350%2C200 1x, https:\/\/i0.wp.com\/larevistadigital.com.ar\/blog\/wp-content\/uploads\/WhatsApp-Image-2023-10-12-at-07.26.47.jpeg?fit=1080%2C1080&ssl=1&resize=525%2C300 1.5x, https:\/\/i0.wp.com\/larevistadigital.com.ar\/blog\/wp-content\/uploads\/WhatsApp-Image-2023-10-12-at-07.26.47.jpeg?fit=1080%2C1080&ssl=1&resize=700%2C400 2x, https:\/\/i0.wp.com\/larevistadigital.com.ar\/blog\/wp-content\/uploads\/WhatsApp-Image-2023-10-12-at-07.26.47.jpeg?fit=1080%2C1080&ssl=1&resize=1050%2C600 3x"},"classes":[]},{"id":17763,"url":"https:\/\/larevistadigital.com.ar\/blog\/lezama-desde-la-provincia-invertiran-60-269-168\/","url_meta":{"origin":4859,"position":2},"title":"LEZAMA: DESDE LA PROVINCIA INVERTIR\u00c1N $60.269.168.-","author":"Alejandro Sosa Ruda","date":"20 noviembre, 2020","format":false,"excerpt":"Ser\u00edan $1.500.000.- en la Planta de Tratamientos L\u00edquidos Lixiviados, y $58.769.198.- en 11 nuevas viviendas, y culminar otras 58 en distintos barrios, que hab\u00edan sido abandonadas. El gobierno de la provincia de Buenos Aires confirm\u00f3 una muy importante inversi\u00f3n en obras p\u00fablicas en el distrito de Lezama. La terminaci\u00f3n de\u2026","rel":"","context":"En \u00abLEZAMA\u00bb","block_context":{"text":"LEZAMA","link":"https:\/\/larevistadigital.com.ar\/blog\/category\/lezama\/"},"img":{"alt_text":"","src":"https:\/\/i0.wp.com\/larevistadigital.com.ar\/blog\/wp-content\/uploads\/Harispe-recorrio-la-obra-de-18-viviendas-2.jpg?fit=800%2C535&ssl=1&resize=350%2C200","width":350,"height":200,"srcset":"https:\/\/i0.wp.com\/larevistadigital.com.ar\/blog\/wp-content\/uploads\/Harispe-recorrio-la-obra-de-18-viviendas-2.jpg?fit=800%2C535&ssl=1&resize=350%2C200 1x, https:\/\/i0.wp.com\/larevistadigital.com.ar\/blog\/wp-content\/uploads\/Harispe-recorrio-la-obra-de-18-viviendas-2.jpg?fit=800%2C535&ssl=1&resize=525%2C300 1.5x, https:\/\/i0.wp.com\/larevistadigital.com.ar\/blog\/wp-content\/uploads\/Harispe-recorrio-la-obra-de-18-viviendas-2.jpg?fit=800%2C535&ssl=1&resize=700%2C400 2x"},"classes":[]},{"id":33805,"url":"https:\/\/larevistadigital.com.ar\/blog\/chascomus-participo-de-la-feria-internacional-de-turismo\/","url_meta":{"origin":4859,"position":3},"title":"CHASCOM\u00daS PARTICIP\u00d3 DE LA FERIA INTERNACIONAL DE TURISMO","author":"Alejandro Sosa Ruda","date":"4 octubre, 2023","format":false,"excerpt":"Desde el viernes 30 de septiembre hasta el martes 3 de octubre se llev\u00f3 a cabo en el Predio Ferial de La Rural de la Ciudad Aut\u00f3noma de Buenos Aires la Feria Internacional de Turismo que este a\u00f1o tuvo un rec\u00f3rd de p\u00fablico, superando los 125 mil visitantes (87.986 de\u2026","rel":"","context":"En \u00abCHASCOM\u00daS\u00bb","block_context":{"text":"CHASCOM\u00daS","link":"https:\/\/larevistadigital.com.ar\/blog\/category\/chascomus\/"},"img":{"alt_text":"","src":"https:\/\/i0.wp.com\/larevistadigital.com.ar\/blog\/wp-content\/uploads\/fit-1500x610-1.jpg?fit=1200%2C488&ssl=1&resize=350%2C200","width":350,"height":200,"srcset":"https:\/\/i0.wp.com\/larevistadigital.com.ar\/blog\/wp-content\/uploads\/fit-1500x610-1.jpg?fit=1200%2C488&ssl=1&resize=350%2C200 1x, https:\/\/i0.wp.com\/larevistadigital.com.ar\/blog\/wp-content\/uploads\/fit-1500x610-1.jpg?fit=1200%2C488&ssl=1&resize=525%2C300 1.5x, https:\/\/i0.wp.com\/larevistadigital.com.ar\/blog\/wp-content\/uploads\/fit-1500x610-1.jpg?fit=1200%2C488&ssl=1&resize=700%2C400 2x, https:\/\/i0.wp.com\/larevistadigital.com.ar\/blog\/wp-content\/uploads\/fit-1500x610-1.jpg?fit=1200%2C488&ssl=1&resize=1050%2C600 3x"},"classes":[]},{"id":1026,"url":"https:\/\/larevistadigital.com.ar\/blog\/batakis-cuestiono-a-vidal-por-decir-que-la-provincia-esta-fundida\/","url_meta":{"origin":4859,"position":4},"title":"Batakis cuestion\u00f3 a Vidal por decir que la provincia \u00abest\u00e1 fundida\u00bb","author":"editor","date":"12 marzo, 2017","format":false,"excerpt":"La exministra de Econom\u00eda de la gesti\u00f3n Scioli respondi\u00f3 a la \"carta a las familias\" que public\u00f3 la gobernadora tras el fracaso de la negociaci\u00f3n con los docentes, en la que asegur\u00f3 que cuando asumieron hallaron una \"provincia fundida, que sigue fundida\". Batakis dijo que \"le est\u00e1n mintiendo a la\u2026","rel":"","context":"En \u00abPOLITICA\u00bb","block_context":{"text":"POLITICA","link":"https:\/\/larevistadigital.com.ar\/blog\/category\/politica\/"},"img":{"alt_text":"","src":"https:\/\/i0.wp.com\/larevistadigital.com.ar\/blog\/wp-content\/uploads\/2017\/03\/silvina_batakis_contra_vidal.jpg?fit=320%2C200&ssl=1&resize=350%2C200","width":350,"height":200},"classes":[]},{"id":10799,"url":"https:\/\/larevistadigital.com.ar\/blog\/terror-por-nube-roja-luego-de-una-explosion-en-buenos-aires\/","url_meta":{"origin":4859,"position":5},"title":"TERROR POR NUBE ROJA LUEGO DE UNA EXPLOSI\u00d3N EN BUENOS AIRES","author":"Alejandro Sosa Ruda","date":"27 junio, 2019","format":false,"excerpt":"Pas\u00f3, dentro de una f\u00e1brica de productos de limpieza. Vecinos sintieron una explosi\u00f3n y cundi\u00f3 el p\u00e1nico. Pero la municipalidad dice que no hay de qu\u00e9 preocuparse. Vecinos de Villa Bosch, en el partido de Tres de Febrero, se alarmaron hoy tras sentir una explosi\u00f3n y divisar una nube roja\u2026","rel":"","context":"En \u00abCURIOSAS\u00bb","block_context":{"text":"CURIOSAS","link":"https:\/\/larevistadigital.com.ar\/blog\/category\/curiosas\/"},"img":{"alt_text":"","src":"https:\/\/i0.wp.com\/larevistadigital.com.ar\/blog\/wp-content\/uploads\/Screenshot_1-9.jpg?fit=1083%2C595&ssl=1&resize=350%2C200","width":350,"height":200,"srcset":"https:\/\/i0.wp.com\/larevistadigital.com.ar\/blog\/wp-content\/uploads\/Screenshot_1-9.jpg?fit=1083%2C595&ssl=1&resize=350%2C200 1x, https:\/\/i0.wp.com\/larevistadigital.com.ar\/blog\/wp-content\/uploads\/Screenshot_1-9.jpg?fit=1083%2C595&ssl=1&resize=525%2C300 1.5x, https:\/\/i0.wp.com\/larevistadigital.com.ar\/blog\/wp-content\/uploads\/Screenshot_1-9.jpg?fit=1083%2C595&ssl=1&resize=700%2C400 2x, https:\/\/i0.wp.com\/larevistadigital.com.ar\/blog\/wp-content\/uploads\/Screenshot_1-9.jpg?fit=1083%2C595&ssl=1&resize=1050%2C600 3x"},"classes":[]}],"_links":{"self":[{"href":"https:\/\/larevistadigital.com.ar\/blog\/wp-json\/wp\/v2\/posts\/4859","targetHints":{"allow":["GET"]}}],"collection":[{"href":"https:\/\/larevistadigital.com.ar\/blog\/wp-json\/wp\/v2\/posts"}],"about":[{"href":"https:\/\/larevistadigital.com.ar\/blog\/wp-json\/wp\/v2\/types\/post"}],"author":[{"embeddable":true,"href":"https:\/\/larevistadigital.com.ar\/blog\/wp-json\/wp\/v2\/users\/3"}],"replies":[{"embeddable":true,"href":"https:\/\/larevistadigital.com.ar\/blog\/wp-json\/wp\/v2\/comments?post=4859"}],"version-history":[{"count":3,"href":"https:\/\/larevistadigital.com.ar\/blog\/wp-json\/wp\/v2\/posts\/4859\/revisions"}],"predecessor-version":[{"id":4865,"href":"https:\/\/larevistadigital.com.ar\/blog\/wp-json\/wp\/v2\/posts\/4859\/revisions\/4865"}],"wp:featuredmedia":[{"embeddable":true,"href":"https:\/\/larevistadigital.com.ar\/blog\/wp-json\/wp\/v2\/media\/4863"}],"wp:attachment":[{"href":"https:\/\/larevistadigital.com.ar\/blog\/wp-json\/wp\/v2\/media?parent=4859"}],"wp:term":[{"taxonomy":"category","embeddable":true,"href":"https:\/\/larevistadigital.com.ar\/blog\/wp-json\/wp\/v2\/categories?post=4859"},{"taxonomy":"post_tag","embeddable":true,"href":"https:\/\/larevistadigital.com.ar\/blog\/wp-json\/wp\/v2\/tags?post=4859"}],"curies":[{"name":"wp","href":"https:\/\/api.w.org\/{rel}","templated":true}]}}