{"id":4879,"date":"2018-02-13T01:53:43","date_gmt":"2018-02-13T01:53:43","guid":{"rendered":"https:\/\/larevistadigital.com.ar\/blog\/?p=4879"},"modified":"2018-02-13T01:54:57","modified_gmt":"2018-02-13T01:54:57","slug":"intendente-bahia-blanca-sostuvo-una-caceria-brujas-cotra-machismo","status":"publish","type":"post","link":"https:\/\/larevistadigital.com.ar\/blog\/intendente-bahia-blanca-sostuvo-una-caceria-brujas-cotra-machismo\/","title":{"rendered":"EL INTENDENTE DE BAH\u00cdA BLANCA SOSTUVO QUE HAY UNA \u00abCACER\u00cdA DE BRUJAS\u00bb COTRA EL MACHISMO"},"content":{"rendered":"<h2>En una entrevista, el jefe comunal H\u00e9ctor Gay lament\u00f3 que hubiera debates p\u00fablicos como el generado por las frases de Cacho Casta\u00f1a. \u201cSi abraz\u00e1s a un nene porque te cay\u00f3 simp\u00e1tico, capaz que te hacen una denuncia de abuso de menores\u201d, ejemplific\u00f3.<\/h2>\n<p>Por la sensibilidad ante las frases discriminadoras para con las mujeres, hay \u201cuna cacer\u00eda de brujas\u201d y \u201cnos estamos yendo al pasto\u201d, evalu\u00f3 el intendente de Bah\u00eda Blanca,<strong> H\u00e9ctor Gay<\/strong>, durante un programa radial de su localidad, en el que comparti\u00f3 micr\u00f3fono y conceptos con el subsecretario de Cultura de su gesti\u00f3n, <strong>Ricardo Margo<\/strong>, y el conductor del env\u00edo,<strong> Adri\u00e1n Scabuzzo<\/strong>. <em><strong>\u201cHay que cuidarse mucho de lo que uno dice en la radio\u201d<\/strong><\/em>, lament\u00f3 el periodista, poco antes de que el subsecretario sentenciara que la reacci\u00f3n a las frases de Cacho Casta\u00f1a fue <strong><em>\u201cuna soberana estupidez\u201d. \u201cAdem\u00e1s, dicho por Casta\u00f1a\u2026 Si vos me dec\u00eds que lo dijo un soci\u00f3logo\u201d<\/em><\/strong>, remat\u00f3.<\/p>\n<blockquote>\n<h3>Una y otras consideraciones fueron pronunciadas al aire el s\u00e1bado 3 de febrero en el programa Made in Bah\u00eda, de FM La Br\u00fajula 24. Aunque, seg\u00fan explica la web de la radio, la consigna era que los funcionarios participaran de la <strong><em>\u201cinteresante y divertida trivia\u201d<\/em> <\/strong>del programa (\u201clas preguntas giraron en torno a publicidades que fueron resonantes, el a\u00f1o en que sucedieron determinadas noticias, reconocimiento de voces de cantantes y de famosos, trailers de pel\u00edculas y series y bandas de sonido\u201d), durante la hora y pico de aire hubo espacio para charlas sobre bueyes perdidos.<\/h3>\n<\/blockquote>\n<p>Gracias a eso, tras reflexionar sobre la tecnolog\u00eda y los desarrollos que eso trae aparejado, como las redes sociales (<strong><em>\u201ctodo se est\u00e1 yendo de cauce y en algunos casos es prostituci\u00f3n encubierta\u201d<\/em><\/strong>, advirti\u00f3 el subsecretario en relaci\u00f3n a Tinder, por caso), los funcionarios y el periodista derivaron en consideraciones sobre debates de la opini\u00f3n p\u00fablica. <strong><em>\u201cHoy cambiaron muchas cosas, hay que cuidarse mucho al hablar. Yo hoy a la ma\u00f1ana pensaba que el hecho de estar en un medio period\u00edstico donde hay gente todo el d\u00eda escuchando noticias y tratando de ver qu\u00e9 es lo que dice uno para ver si realmente es as\u00ed o analizar la noticia\u201d<\/em><\/strong> exige atenci\u00f3n, coment\u00f3 el conductor.<\/p>\n<p>La reflexi\u00f3n abri\u00f3 la puerta a que el periodista a\u00f1adiera <em><strong>\u201cuno se tiene que cuidar mucho de lo que va a decir porque hoy un piropo, lo que antes era un piropo subido de tono\u2026\u201d<\/strong><\/em> y no pudiera terminar la frase porque el intendente acot\u00f3:<strong><em> \u201cpreguntale a Cacho Casta\u00f1a, si no\u2026 puede dar c\u00e1tedra de eso\u201d<\/em><\/strong>.<\/p>\n<p>Invitado a seguir el tema, el conductor evalu\u00f3: <strong><em>\u201cyo creo que (a Casta\u00f1a) se le escap\u00f3\u201d<\/em><\/strong>.<\/p>\n<blockquote>\n<h3><em><strong>\u201cEs una soberana estupidez\u201d<\/strong><\/em>, sentenci\u00f3 el subsecretario de Cultura, <strong>Margo<\/strong>, quien a\u00f1adi\u00f3 que<em><strong> \u201chace treinta a\u00f1os que esa frase se dice\u201d.<\/strong><\/em> Adem\u00e1s, continu\u00f3, <em><strong>\u201cdicho por Cacho Casta\u00f1a. Si vos me dec\u00eds que lo dijo un soci\u00f3logo&#8230;\u201d<\/strong><\/em>.<\/h3>\n<\/blockquote>\n<p>Sobre esa base, el periodista propuso otra consideraci\u00f3n:<strong><em> \u201cUn piropo subido de tono c\u00f3mo cambia seg\u00fan diferentes \u00e1reas\u201d<\/em><\/strong>. Continu\u00f3: <em><strong>\u201cPor ejemplo, un tipo que te diga \u2018ay mamita qu\u00e9 buena que est\u00e1s\u2019 desde una Ferrari puede ser una propuesta de casamiento. Desde un Wolkswagen Gol es acoso; de un Reanault 12 es abuso sexual y desde un andamio, es femicidio. Pasa as\u00ed\u201d<\/strong><\/em>.<\/p>\n<p>El intendente Gay concedi\u00f3: <strong><em>\u201cnos estamos yendo al pasto con esto\u201d. \u00a0\u201cAhora parece que dicen \u2018en 1946 Fulano me acos\u00f3\u2019\u2026\u201d<\/em><\/strong>, dijo, y lament\u00f3: <em><strong>\u201choy si abraz\u00e1s a un nene porque te cay\u00f3 simp\u00e1tico, capaz que te hacen una denuncia de abuso de menores\u201d. \u201cSe est\u00e1 perdiendo el humor, el doble sentido del humor\u201d<\/strong><\/em>, sentenci\u00f3 el subsecretario de Cultura. C\u00f3modo en el terreno de su gesti\u00f3n, a\u00f1adi\u00f3: <em><strong>\u201choy Bernard Shaw ser\u00eda sentenciado. Ni hablar Mark Twain\u201d<\/strong><\/em>. El escritor, relat\u00f3<strong> Margo<\/strong>, <strong><em>\u201cse sent\u00f3 un d\u00eda a hablar a un grupo de mujeres y dijo como comienzo \u2018bueno, hablar de este tema de la mujer&#8230;\u2019. Peleaban por el voto, el 1800 y pico. \u2018No es cuesti\u00f3n de hablar a tontas y a locas. Lo dijo con la iron\u00eda que manejaba \u00e9l, el sarcasmo. Hoy&#8230;\u201d. \u201c&#8230; nos trat\u00f3 de locas\u201d, acot\u00f3 el periodista. \u201cClaro, hoy est\u00e1 ana&#8230; anatemi&#8230; anatematizado y castigado y no compramos m\u00e1s libros de Mark Twain.\u201d.<\/em><\/strong><\/p>\n<p>fuente:p\u00e1gina12<\/p>\n","protected":false},"excerpt":{"rendered":"<div class=\"mh-excerpt\"><p>En una entrevista, el jefe comunal H\u00e9ctor Gay lament\u00f3 que hubiera debates p\u00fablicos como el generado por las frases de Cacho Casta\u00f1a. \u201cSi abraz\u00e1s a un nene porque te cay\u00f3 simp\u00e1tico, capaz que te hacen <a class=\"mh-excerpt-more\" href=\"https:\/\/larevistadigital.com.ar\/blog\/intendente-bahia-blanca-sostuvo-una-caceria-brujas-cotra-machismo\/\" title=\"EL INTENDENTE DE BAH\u00cdA BLANCA SOSTUVO QUE HAY UNA \u00abCACER\u00cdA DE BRUJAS\u00bb COTRA EL MACHISMO\">[Leer M\u00e1s]<\/a><\/p>\n<\/div>","protected":false},"author":3,"featured_media":4880,"comment_status":"open","ping_status":"open","sticky":false,"template":"","format":"standard","meta":{"_jetpack_memberships_contains_paid_content":false,"footnotes":"","jetpack_publicize_message":"","jetpack_publicize_feature_enabled":true,"jetpack_social_post_already_shared":true,"jetpack_social_options":{"image_generator_settings":{"template":"highway","default_image_id":0,"font":"","enabled":false},"version":2}},"categories":[12],"tags":[],"class_list":{"0":"post-4879","1":"post","2":"type-post","3":"status-publish","4":"format-standard","5":"has-post-thumbnail","7":"category-politica"},"jetpack_publicize_connections":[],"jetpack_featured_media_url":"https:\/\/i0.wp.com\/larevistadigital.com.ar\/blog\/wp-content\/uploads\/2018\/02\/na17fo02_2.jpg?fit=960%2C540&ssl=1","jetpack_sharing_enabled":true,"jetpack_shortlink":"https:\/\/wp.me\/p8qtrQ-1gH","jetpack-related-posts":[{"id":12632,"url":"https:\/\/larevistadigital.com.ar\/blog\/murio-cacho-castana\/","url_meta":{"origin":4879,"position":0},"title":"MURI\u00d3 CACHO CASTA\u00d1A","author":"Alejandro Sosa Ruda","date":"15 octubre, 2019","format":false,"excerpt":"El cantante\u00a0Humberto \u201cCacho\u201d Casta\u00f1a\u00a0falleci\u00f3 a los 77 a\u00f1os en la cl\u00ednica porte\u00f1a\u00a0Los Arcos, donde estaba internado desde el viernes en terapia intensiva, diagnosticado con \u201cuna condici\u00f3n grave y con pron\u00f3stico reservado\u201d. Casta\u00f1a estaba siendo tratado por un \u201ccuadro de neumon\u00eda\u201d, por el que estaba conectado a un\u00a0respirador artificial. De acuerdo\u2026","rel":"","context":"En \u00abINTERES GENERAL\u00bb","block_context":{"text":"INTERES GENERAL","link":"https:\/\/larevistadigital.com.ar\/blog\/category\/interes-general\/"},"img":{"alt_text":"","src":"https:\/\/i0.wp.com\/larevistadigital.com.ar\/blog\/wp-content\/uploads\/1420412954140104024_0.jpg?fit=960%2C640&ssl=1&resize=350%2C200","width":350,"height":200,"srcset":"https:\/\/i0.wp.com\/larevistadigital.com.ar\/blog\/wp-content\/uploads\/1420412954140104024_0.jpg?fit=960%2C640&ssl=1&resize=350%2C200 1x, https:\/\/i0.wp.com\/larevistadigital.com.ar\/blog\/wp-content\/uploads\/1420412954140104024_0.jpg?fit=960%2C640&ssl=1&resize=525%2C300 1.5x, https:\/\/i0.wp.com\/larevistadigital.com.ar\/blog\/wp-content\/uploads\/1420412954140104024_0.jpg?fit=960%2C640&ssl=1&resize=700%2C400 2x"},"classes":[]},{"id":4497,"url":"https:\/\/larevistadigital.com.ar\/blog\/vidal-habia-denunciado-la-mafia-la-uocra-bahia-blanca\/","url_meta":{"origin":4879,"position":1},"title":"VIDAL HAB\u00cdA DENUNCIADO A LA MAFIA DE LA UOCRA EN BAH\u00cdA BLANCA","author":"Alejandro Sosa Ruda","date":"11 enero, 2018","format":false,"excerpt":"A fines de septiembre del a\u00f1o pasado, durante la campa\u00f1a electoral, la\u00a0mandataria provincial encabez\u00f3 un acto junto al intendente local H\u00e9ctor Gay y al candidato a senador nacional Esteban Bullrich. All\u00ed,\u00a0Vidal denunci\u00f3 p\u00fablicamente el\u00a0modus operandi\u00a0de Jos\u00e9 Burgos, secretario adjunto del gremio local. Durante aquella visita Bah\u00eda Blanca, la gobernadora habl\u00f3\u2026","rel":"","context":"En \u00abDESTACADAS\u00bb","block_context":{"text":"DESTACADAS","link":"https:\/\/larevistadigital.com.ar\/blog\/category\/destacadas\/"},"img":{"alt_text":"","src":"https:\/\/i0.wp.com\/larevistadigital.com.ar\/blog\/wp-content\/uploads\/2018\/01\/Vidal_dictadora.jpg?fit=600%2C314&ssl=1&resize=350%2C200","width":350,"height":200,"srcset":"https:\/\/i0.wp.com\/larevistadigital.com.ar\/blog\/wp-content\/uploads\/2018\/01\/Vidal_dictadora.jpg?fit=600%2C314&ssl=1&resize=350%2C200 1x, https:\/\/i0.wp.com\/larevistadigital.com.ar\/blog\/wp-content\/uploads\/2018\/01\/Vidal_dictadora.jpg?fit=600%2C314&ssl=1&resize=525%2C300 1.5x"},"classes":[]},{"id":24422,"url":"https:\/\/larevistadigital.com.ar\/blog\/descarrilo-un-tren-en-olavarria-con-500-pasajeros-hay-heridos\/","url_meta":{"origin":4879,"position":2},"title":"DESCARRIL\u00d3 UN TREN EN OLAVARR\u00cdA CON 500 PASAJEROS: HAY HERIDOS","author":"Alejandro Sosa Ruda","date":"8 marzo, 2022","format":false,"excerpt":"La formaci\u00f3n se dirig\u00eda desde Buenos Aires a Bah\u00eda Blanca. Iban completo con casi 500 pasajeros abordo Un tren de pasajeros que se dirig\u00eda desde Buenos Aires a Bah\u00eda Blanca\u00a0descarril\u00f3 esta ma\u00f1ana a la altura de la ciudad de Olavarr\u00eda. Seg\u00fan las primeras informaciones que llegan desde el lugar del\u2026","rel":"","context":"En \u00abINTERES GENERAL\u00bb","block_context":{"text":"INTERES GENERAL","link":"https:\/\/larevistadigital.com.ar\/blog\/category\/interes-general\/"},"img":{"alt_text":"","src":"https:\/\/i0.wp.com\/larevistadigital.com.ar\/blog\/wp-content\/uploads\/HYT5SYKGAJCH3JFSH7NJR7LLOA.jpeg?fit=879%2C588&ssl=1&resize=350%2C200","width":350,"height":200,"srcset":"https:\/\/i0.wp.com\/larevistadigital.com.ar\/blog\/wp-content\/uploads\/HYT5SYKGAJCH3JFSH7NJR7LLOA.jpeg?fit=879%2C588&ssl=1&resize=350%2C200 1x, https:\/\/i0.wp.com\/larevistadigital.com.ar\/blog\/wp-content\/uploads\/HYT5SYKGAJCH3JFSH7NJR7LLOA.jpeg?fit=879%2C588&ssl=1&resize=525%2C300 1.5x, https:\/\/i0.wp.com\/larevistadigital.com.ar\/blog\/wp-content\/uploads\/HYT5SYKGAJCH3JFSH7NJR7LLOA.jpeg?fit=879%2C588&ssl=1&resize=700%2C400 2x"},"classes":[]},{"id":35480,"url":"https:\/\/larevistadigital.com.ar\/blog\/bahia-blanca-denuncian-un-nuevo-derrame-de-hidrocarburos\/","url_meta":{"origin":4879,"position":3},"title":"BAH\u00cdA BLANCA: DENUNCIAN UN NUEVO DERRAME DE HIDROCARBUROS.","author":"Alejandro Sosa Ruda","date":"10 marzo, 2024","format":false,"excerpt":"Desde fines del 2023 la Estaci\u00f3n de Rescate de Fauna Marina (ERFAM ) viene manifestando p\u00fablicamente su preocupaci\u00f3n por los reiterados derrames de hidrocarburos en el estuario de la bah\u00eda Blanca. 10 de marzo de 2024 BAH\u00cdA BLANCA -\u00a0 La composici\u00f3n de im\u00e1genes satelitales elaboradas por el Observatorio de Sismicidad\u2026","rel":"","context":"En \u00abREGIONALES\u00bb","block_context":{"text":"REGIONALES","link":"https:\/\/larevistadigital.com.ar\/blog\/category\/regionales\/"},"img":{"alt_text":"","src":"https:\/\/i0.wp.com\/larevistadigital.com.ar\/blog\/wp-content\/uploads\/20240309153850_cuarto-derrame-hidrocarburos-estuario-bahia-blanca.jpg?fit=880%2C512&ssl=1&resize=350%2C200","width":350,"height":200,"srcset":"https:\/\/i0.wp.com\/larevistadigital.com.ar\/blog\/wp-content\/uploads\/20240309153850_cuarto-derrame-hidrocarburos-estuario-bahia-blanca.jpg?fit=880%2C512&ssl=1&resize=350%2C200 1x, https:\/\/i0.wp.com\/larevistadigital.com.ar\/blog\/wp-content\/uploads\/20240309153850_cuarto-derrame-hidrocarburos-estuario-bahia-blanca.jpg?fit=880%2C512&ssl=1&resize=525%2C300 1.5x, https:\/\/i0.wp.com\/larevistadigital.com.ar\/blog\/wp-content\/uploads\/20240309153850_cuarto-derrame-hidrocarburos-estuario-bahia-blanca.jpg?fit=880%2C512&ssl=1&resize=700%2C400 2x"},"classes":[]},{"id":16993,"url":"https:\/\/larevistadigital.com.ar\/blog\/todo-lo-que-ocurrio-un-dia-como-hoy-15-10\/","url_meta":{"origin":4879,"position":4},"title":"TODO LO QUE OCURRI\u00d3 UN D\u00cdA COMO HOY (15\/10)","author":"Alejandro Sosa Ruda","date":"15 octubre, 2020","format":false,"excerpt":"John Sullivan: campe\u00f3n a \"pu\u00f1o limpio\" 1858 -\u00a0Naci\u00f3\u00a0John Lawrence Sullivan, quien fue un boxeador estadounidense que ha sido el \u00faltimo de los campeones mundiales de los pesos pesados\u00a0\"a mano limpia\",\u00a0es decir sin guantes. La sociedad local lo convirti\u00f3 en una celebridad nacional y fue uno de los primeros h\u00e9roes deportivos\u2026","rel":"","context":"En \u00abCULTURA\u00bb","block_context":{"text":"CULTURA","link":"https:\/\/larevistadigital.com.ar\/blog\/category\/cultura\/"},"img":{"alt_text":"","src":"https:\/\/i0.wp.com\/larevistadigital.com.ar\/blog\/wp-content\/uploads\/LOGO-EFEMERIDES.jpg?fit=1200%2C628&ssl=1&resize=350%2C200","width":350,"height":200,"srcset":"https:\/\/i0.wp.com\/larevistadigital.com.ar\/blog\/wp-content\/uploads\/LOGO-EFEMERIDES.jpg?fit=1200%2C628&ssl=1&resize=350%2C200 1x, https:\/\/i0.wp.com\/larevistadigital.com.ar\/blog\/wp-content\/uploads\/LOGO-EFEMERIDES.jpg?fit=1200%2C628&ssl=1&resize=525%2C300 1.5x, https:\/\/i0.wp.com\/larevistadigital.com.ar\/blog\/wp-content\/uploads\/LOGO-EFEMERIDES.jpg?fit=1200%2C628&ssl=1&resize=700%2C400 2x, https:\/\/i0.wp.com\/larevistadigital.com.ar\/blog\/wp-content\/uploads\/LOGO-EFEMERIDES.jpg?fit=1200%2C628&ssl=1&resize=1050%2C600 3x"},"classes":[]},{"id":39085,"url":"https:\/\/larevistadigital.com.ar\/blog\/kicillof-y-susbielles-recorrieron-las-obras-del-plan-de-reconstruccion-integral-de-bahia-blanca\/","url_meta":{"origin":4879,"position":5},"title":"Kicillof y Susbielles recorrieron las obras del Plan de Reconstrucci\u00f3n Integral de Bah\u00eda Blanca","author":"Alejandro Sosa Ruda","date":"22 marzo, 2025","format":false,"excerpt":"Adem\u00e1s, el Gobernador entreg\u00f3 nuevos patrulleros y ambulancias; y anunci\u00f3 el financiamiento de 1.000 mejoramientos habitacionales en las zonas afectadas. 22 de Marzo de 2025 BUENOS AIRES -\u00a0 El gobernador de la provincia de Buenos Aires, Axel Kicillof, recorri\u00f3 este jueves junto al intendente de Bah\u00eda Blanca, Federico Susbielles, los\u2026","rel":"","context":"En \u00abDESTACADAS\u00bb","block_context":{"text":"DESTACADAS","link":"https:\/\/larevistadigital.com.ar\/blog\/category\/destacadas\/"},"img":{"alt_text":"","src":"https:\/\/i0.wp.com\/larevistadigital.com.ar\/blog\/wp-content\/uploads\/DSC8046ED.jpg?fit=743%2C530&ssl=1&resize=350%2C200","width":350,"height":200,"srcset":"https:\/\/i0.wp.com\/larevistadigital.com.ar\/blog\/wp-content\/uploads\/DSC8046ED.jpg?fit=743%2C530&ssl=1&resize=350%2C200 1x, https:\/\/i0.wp.com\/larevistadigital.com.ar\/blog\/wp-content\/uploads\/DSC8046ED.jpg?fit=743%2C530&ssl=1&resize=525%2C300 1.5x, https:\/\/i0.wp.com\/larevistadigital.com.ar\/blog\/wp-content\/uploads\/DSC8046ED.jpg?fit=743%2C530&ssl=1&resize=700%2C400 2x"},"classes":[]}],"_links":{"self":[{"href":"https:\/\/larevistadigital.com.ar\/blog\/wp-json\/wp\/v2\/posts\/4879","targetHints":{"allow":["GET"]}}],"collection":[{"href":"https:\/\/larevistadigital.com.ar\/blog\/wp-json\/wp\/v2\/posts"}],"about":[{"href":"https:\/\/larevistadigital.com.ar\/blog\/wp-json\/wp\/v2\/types\/post"}],"author":[{"embeddable":true,"href":"https:\/\/larevistadigital.com.ar\/blog\/wp-json\/wp\/v2\/users\/3"}],"replies":[{"embeddable":true,"href":"https:\/\/larevistadigital.com.ar\/blog\/wp-json\/wp\/v2\/comments?post=4879"}],"version-history":[{"count":2,"href":"https:\/\/larevistadigital.com.ar\/blog\/wp-json\/wp\/v2\/posts\/4879\/revisions"}],"predecessor-version":[{"id":4883,"href":"https:\/\/larevistadigital.com.ar\/blog\/wp-json\/wp\/v2\/posts\/4879\/revisions\/4883"}],"wp:featuredmedia":[{"embeddable":true,"href":"https:\/\/larevistadigital.com.ar\/blog\/wp-json\/wp\/v2\/media\/4880"}],"wp:attachment":[{"href":"https:\/\/larevistadigital.com.ar\/blog\/wp-json\/wp\/v2\/media?parent=4879"}],"wp:term":[{"taxonomy":"category","embeddable":true,"href":"https:\/\/larevistadigital.com.ar\/blog\/wp-json\/wp\/v2\/categories?post=4879"},{"taxonomy":"post_tag","embeddable":true,"href":"https:\/\/larevistadigital.com.ar\/blog\/wp-json\/wp\/v2\/tags?post=4879"}],"curies":[{"name":"wp","href":"https:\/\/api.w.org\/{rel}","templated":true}]}}