{"id":4884,"date":"2018-02-13T01:59:12","date_gmt":"2018-02-13T01:59:12","guid":{"rendered":"https:\/\/larevistadigital.com.ar\/blog\/?p=4884"},"modified":"2018-02-13T01:59:12","modified_gmt":"2018-02-13T01:59:12","slug":"mujer-policia-baleo-cuello-asaltante","status":"publish","type":"post","link":"https:\/\/larevistadigital.com.ar\/blog\/mujer-policia-baleo-cuello-asaltante\/","title":{"rendered":"MUJER POLIC\u00cdA BALE\u00d3 EN EL CUELLO A ASALTANTE"},"content":{"rendered":"<p>La localidad bonaerense de Mariano Acosta, en el partido de Merlo, fue escenario de un violento suceso, ya que una oficial de la Polic\u00eda Local hiri\u00f3 de bala a un delincuente que pretendi\u00f3 desvalijarla, mientras ella tomaba mate, junto a 2 amigos, en una plaza de dicha zona.<\/p>\n<p>Al respecto, los voceros del departamento judicial de Mor\u00f3n revelaron a cronica.com.ar que el hecho se produjo cuando la mujer, que se desempe\u00f1a en la Polic\u00eda Local de Merlo, se hallaba, junto a 2 de sus amigos \u2013un joven y una muchacha- en una plaza situada en el cruce Bossini y Cobo, en el citado distrito, en el oeste del conurbano provincial.<\/p>\n<blockquote>\n<h3>De acuerdo a lo manifestado por los informantes, en estas circunstancias apareci\u00f3 en el predio un sujeto, que portaba 2 armas de fuego y que amenaz\u00f3 a las 3 v\u00edctimas con fines de robo, exigi\u00e9ndoles la inmediata entrega de sus diferentes objetos de valor.<\/h3>\n<h3>Como consecuencia de esta situaci\u00f3n, la funcionaria, que estaba franco de servicio y vestida de civil, logr\u00f3 extraer r\u00e1pidamente su pistola reglamentaria 9 mil\u00edmetros, con la que le dispar\u00f3 un balazo en el cuello al asaltante.<\/h3>\n<\/blockquote>\n<p>Momentos despu\u00e9s, el individuo fue trasladado, de urgencia, al Hospital H\u00e9roes de Malvinas, en Merlo, donde permanece al cuidado de los facultativos del centro asistencial.<\/p>\n<p>Trascendi\u00f3 que tanto la oficial como las restantes v\u00edctimas resultaron milagrosamente ilesas.<\/p>\n<p>Pesquisas policiales de la comisar\u00eda de Mariano Acosta (6\u00aa de Merlo) se encargan de investigar lo ocurrido.<\/p>\n<p>El caso se agrega al suceso registrado el viernes pasado, en la localidad bonaerense de Villa Diamante, en el partido de Lan\u00fas, cuando una oficial de la Polic\u00eda de la Ciudad abati\u00f3 de un balazo en la cabeza a uno de los 3 delincuentes que intentaron sustraerle su autom\u00f3vil.<\/p>\n<p>fuente:cr\u00f3nica<\/p>\n","protected":false},"excerpt":{"rendered":"<div class=\"mh-excerpt\"><p>La localidad bonaerense de Mariano Acosta, en el partido de Merlo, fue escenario de un violento suceso, ya que una oficial de la Polic\u00eda Local hiri\u00f3 de bala a un delincuente que pretendi\u00f3 desvalijarla, mientras <a class=\"mh-excerpt-more\" href=\"https:\/\/larevistadigital.com.ar\/blog\/mujer-policia-baleo-cuello-asaltante\/\" title=\"MUJER POLIC\u00cdA BALE\u00d3 EN EL CUELLO A ASALTANTE\">[Leer M\u00e1s]<\/a><\/p>\n<\/div>","protected":false},"author":3,"featured_media":4885,"comment_status":"open","ping_status":"open","sticky":false,"template":"","format":"standard","meta":{"_jetpack_memberships_contains_paid_content":false,"footnotes":"","jetpack_publicize_message":"","jetpack_publicize_feature_enabled":true,"jetpack_social_post_already_shared":true,"jetpack_social_options":{"image_generator_settings":{"template":"highway","default_image_id":0,"font":"","enabled":false},"version":2}},"categories":[44,12],"tags":[],"class_list":{"0":"post-4884","1":"post","2":"type-post","3":"status-publish","4":"format-standard","5":"has-post-thumbnail","7":"category-policiales","8":"category-politica"},"jetpack_publicize_connections":[],"jetpack_featured_media_url":"https:\/\/i0.wp.com\/larevistadigital.com.ar\/blog\/wp-content\/uploads\/2018\/02\/marianoacostados.jpg_1734428432.jpg?fit=970%2C546&ssl=1","jetpack_sharing_enabled":true,"jetpack_shortlink":"https:\/\/wp.me\/p8qtrQ-1gM","jetpack-related-posts":[{"id":31353,"url":"https:\/\/larevistadigital.com.ar\/blog\/merlo-hallan-abandonada-a-una-bebe-recien-nacida\/","url_meta":{"origin":4884,"position":0},"title":"MERLO: HALLAN ABANDONADA A UNA BEB\u00c9 RECI\u00c9N NACIDA","author":"Alejandro Sosa Ruda","date":"4 mayo, 2023","format":false,"excerpt":"La ni\u00f1a fue encontrada en una vereda. Se desnuda y cubierta con una frazada. La madre fue identificada y qued\u00f3 detenida. 4 de mayo de 2023 MERLO -\u00a0 Una mujer encontr\u00f3 a una beb\u00e9 reci\u00e9n nacida abandonada en una vereda del partido de Merlo. La madre de la ni\u00f1a, tras\u2026","rel":"","context":"En \u00abSOCIEDAD\u00bb","block_context":{"text":"SOCIEDAD","link":"https:\/\/larevistadigital.com.ar\/blog\/category\/sociedad\/"},"img":{"alt_text":"","src":"https:\/\/i0.wp.com\/larevistadigital.com.ar\/blog\/wp-content\/uploads\/20230504173033_hosp.jpg?fit=880%2C512&ssl=1&resize=350%2C200","width":350,"height":200,"srcset":"https:\/\/i0.wp.com\/larevistadigital.com.ar\/blog\/wp-content\/uploads\/20230504173033_hosp.jpg?fit=880%2C512&ssl=1&resize=350%2C200 1x, https:\/\/i0.wp.com\/larevistadigital.com.ar\/blog\/wp-content\/uploads\/20230504173033_hosp.jpg?fit=880%2C512&ssl=1&resize=525%2C300 1.5x, https:\/\/i0.wp.com\/larevistadigital.com.ar\/blog\/wp-content\/uploads\/20230504173033_hosp.jpg?fit=880%2C512&ssl=1&resize=700%2C400 2x"},"classes":[]},{"id":30740,"url":"https:\/\/larevistadigital.com.ar\/blog\/merlo-discutio-con-su-pareja-mato-al-hijo-de-ambos-y-se-ahorco\/","url_meta":{"origin":4884,"position":1},"title":"MERLO: DISCUTI\u00d3 CON SU PAREJA, MAT\u00d3 AL HIJO DE AMBOS Y SE AHORC\u00d3","author":"Alejandro Sosa Ruda","date":"28 marzo, 2023","format":false,"excerpt":"<img src=\"data:;base64,\" alt=\"\" aria-hidden=\"true\" \/> El hombre asesin\u00f3 a su hijo de dos balazos y se quit\u00f3 la vida. Su esposa denunci\u00f3 que sufr\u00eda violencia de g\u00e9nero. Los cad\u00e1veres fueron encontrados por la mujer en un departamento que ten\u00edan vac\u00edo para alquilar. 28 de marzo de 2023 MERLO -\u00a0 Un\u2026","rel":"","context":"En \u00abINTERES GENERAL\u00bb","block_context":{"text":"INTERES GENERAL","link":"https:\/\/larevistadigital.com.ar\/blog\/category\/interes-general\/"},"img":{"alt_text":"","src":"https:\/\/i0.wp.com\/larevistadigital.com.ar\/blog\/wp-content\/uploads\/20230327182458_patrullero2-1.jpg?fit=880%2C512&ssl=1&resize=350%2C200","width":350,"height":200,"srcset":"https:\/\/i0.wp.com\/larevistadigital.com.ar\/blog\/wp-content\/uploads\/20230327182458_patrullero2-1.jpg?fit=880%2C512&ssl=1&resize=350%2C200 1x, https:\/\/i0.wp.com\/larevistadigital.com.ar\/blog\/wp-content\/uploads\/20230327182458_patrullero2-1.jpg?fit=880%2C512&ssl=1&resize=525%2C300 1.5x, https:\/\/i0.wp.com\/larevistadigital.com.ar\/blog\/wp-content\/uploads\/20230327182458_patrullero2-1.jpg?fit=880%2C512&ssl=1&resize=700%2C400 2x"},"classes":[]},{"id":10788,"url":"https:\/\/larevistadigital.com.ar\/blog\/cayo-la-banda-de-las-promotoras-seducian-a-hombres-y-luego-los-secuestraban\/","url_meta":{"origin":4884,"position":2},"title":"CAY\u00d3 LA BANDA DE LAS PROMOTORAS: SEDUC\u00cdAN A HOMBRES Y LUEGO LOS SECUESTRABAN","author":"Alejandro Sosa Ruda","date":"25 junio, 2019","format":false,"excerpt":"La Polic\u00eda Federal Argentina\u00a0desarticul\u00f3 en las \u00faltimas horas una organizaci\u00f3n criminal dedicada al secuestro extorsivo de personas. Seg\u00fan explicaron fuentes de la investigaci\u00f3n, tras el robo a dos hombres, se detuvo a nueve integrantes de la banda mediante la realizaci\u00f3n de 11 allanamientos\u00a0en Paso del Rey, Merlo, Isidro Casanova, Longchamps\u2026","rel":"","context":"En \u00abPOLICIALES\u00bb","block_context":{"text":"POLICIALES","link":"https:\/\/larevistadigital.com.ar\/blog\/category\/policiales\/"},"img":{"alt_text":"","src":"https:\/\/i0.wp.com\/larevistadigital.com.ar\/blog\/wp-content\/uploads\/detenciones.jpg?fit=802%2C451&ssl=1&resize=350%2C200","width":350,"height":200,"srcset":"https:\/\/i0.wp.com\/larevistadigital.com.ar\/blog\/wp-content\/uploads\/detenciones.jpg?fit=802%2C451&ssl=1&resize=350%2C200 1x, https:\/\/i0.wp.com\/larevistadigital.com.ar\/blog\/wp-content\/uploads\/detenciones.jpg?fit=802%2C451&ssl=1&resize=525%2C300 1.5x, https:\/\/i0.wp.com\/larevistadigital.com.ar\/blog\/wp-content\/uploads\/detenciones.jpg?fit=802%2C451&ssl=1&resize=700%2C400 2x"},"classes":[]},{"id":40780,"url":"https:\/\/larevistadigital.com.ar\/blog\/merlo-kicillof-inauguro-las-obras-de-ampliacion-de-la-escuela-secundaria-n-50\/","url_meta":{"origin":4884,"position":3},"title":"Merlo: Kicillof inaugur\u00f3 las obras de ampliaci\u00f3n de la Escuela Secundaria N\u00b0 50","author":"Alejandro Sosa Ruda","date":"5 agosto, 2025","format":false,"excerpt":"Adem\u00e1s, junto al intendente Gustavo Men\u00e9ndez se realiz\u00f3 la entrega de patrulleros y motos para fortalecer la seguridad en el distrito. 05 de Agosto de 2025 Merlo.- BUENOS AIRES -\u00a0 \u00a0El gobernador de la provincia de Buenos Aires, Axel Kicillof, encabez\u00f3 este martes el acto de inauguraci\u00f3n de las obras\u2026","rel":"","context":"En \u00abPOLITICA PROVINCIAL\u00bb","block_context":{"text":"POLITICA PROVINCIAL","link":"https:\/\/larevistadigital.com.ar\/blog\/category\/politica\/politica-provincial\/"},"img":{"alt_text":"","src":"https:\/\/i0.wp.com\/larevistadigital.com.ar\/blog\/wp-content\/uploads\/DSC1388.jpg?fit=743%2C530&ssl=1&resize=350%2C200","width":350,"height":200,"srcset":"https:\/\/i0.wp.com\/larevistadigital.com.ar\/blog\/wp-content\/uploads\/DSC1388.jpg?fit=743%2C530&ssl=1&resize=350%2C200 1x, https:\/\/i0.wp.com\/larevistadigital.com.ar\/blog\/wp-content\/uploads\/DSC1388.jpg?fit=743%2C530&ssl=1&resize=525%2C300 1.5x, https:\/\/i0.wp.com\/larevistadigital.com.ar\/blog\/wp-content\/uploads\/DSC1388.jpg?fit=743%2C530&ssl=1&resize=700%2C400 2x"},"classes":[]},{"id":34765,"url":"https:\/\/larevistadigital.com.ar\/blog\/de-terror-secuestran-y-golpean-a-un-joven-en-merlo-y-lo-liberan-en-suipacha\/","url_meta":{"origin":4884,"position":4},"title":"DE TERROR: SECUESTRAN Y GOLPEAN A UN JOVEN EN MERLO Y LO LIBERAN EN SUIPACHA.","author":"Alejandro Sosa Ruda","date":"5 diciembre, 2023","format":false,"excerpt":"Fue secuestrado en la zona del Hospital Malvinas Argentinas de Merlo por dos individuos con los rostros cubiertos con pasamonta\u00f1as que lo obligaron a subir a un veh\u00edculo tipo Trafic. Tras ser sometido a golpes, fue liberado en Ruta 5. 5 de diciembre de 2023 BUENOS AIRES -\u00a0 Una noche\u2026","rel":"","context":"En \u00abPOLICIALES\u00bb","block_context":{"text":"POLICIALES","link":"https:\/\/larevistadigital.com.ar\/blog\/category\/policiales\/"},"img":{"alt_text":"","src":"https:\/\/i0.wp.com\/larevistadigital.com.ar\/blog\/wp-content\/uploads\/Captura-de-pantalla-2023-12-05-110233.png?fit=968%2C539&ssl=1&resize=350%2C200","width":350,"height":200,"srcset":"https:\/\/i0.wp.com\/larevistadigital.com.ar\/blog\/wp-content\/uploads\/Captura-de-pantalla-2023-12-05-110233.png?fit=968%2C539&ssl=1&resize=350%2C200 1x, https:\/\/i0.wp.com\/larevistadigital.com.ar\/blog\/wp-content\/uploads\/Captura-de-pantalla-2023-12-05-110233.png?fit=968%2C539&ssl=1&resize=525%2C300 1.5x, https:\/\/i0.wp.com\/larevistadigital.com.ar\/blog\/wp-content\/uploads\/Captura-de-pantalla-2023-12-05-110233.png?fit=968%2C539&ssl=1&resize=700%2C400 2x"},"classes":[]},{"id":12616,"url":"https:\/\/larevistadigital.com.ar\/blog\/chascomus-detienen-a-mujer-que-intento-robar-por-5-vez-en-un-supermercado-local\/","url_meta":{"origin":4884,"position":5},"title":"CHASCOM\u00daS: DETIENEN A MUJER QUE INTENT\u00d3 ROBAR POR 5\u00b0 VEZ EN UN SUPERMERCADO LOCAL","author":"Alejandro Sosa Ruda","date":"11 octubre, 2019","format":false,"excerpt":"En la ma\u00f1ana de hoy, una mujer intent\u00f3 robar dos remeras y alg\u00fan otro art\u00edculo en el supermercado DIA% de la ciudad, pero fue descubierta por personal de la empresa, antes de retirarse del establecimiento. La situaci\u00f3n sigui\u00f3 con la mujer de unos cuarenta a\u00f1os pidiendo que la perdonen, que\u2026","rel":"","context":"En \u00abCHASCOM\u00daS\u00bb","block_context":{"text":"CHASCOM\u00daS","link":"https:\/\/larevistadigital.com.ar\/blog\/category\/chascomus\/"},"img":{"alt_text":"","src":"https:\/\/i0.wp.com\/larevistadigital.com.ar\/blog\/wp-content\/uploads\/WhatsApp-Image-2019-10-11-at-11.35.514.jpg?fit=719%2C560&ssl=1&resize=350%2C200","width":350,"height":200,"srcset":"https:\/\/i0.wp.com\/larevistadigital.com.ar\/blog\/wp-content\/uploads\/WhatsApp-Image-2019-10-11-at-11.35.514.jpg?fit=719%2C560&ssl=1&resize=350%2C200 1x, https:\/\/i0.wp.com\/larevistadigital.com.ar\/blog\/wp-content\/uploads\/WhatsApp-Image-2019-10-11-at-11.35.514.jpg?fit=719%2C560&ssl=1&resize=525%2C300 1.5x, https:\/\/i0.wp.com\/larevistadigital.com.ar\/blog\/wp-content\/uploads\/WhatsApp-Image-2019-10-11-at-11.35.514.jpg?fit=719%2C560&ssl=1&resize=700%2C400 2x"},"classes":[]}],"_links":{"self":[{"href":"https:\/\/larevistadigital.com.ar\/blog\/wp-json\/wp\/v2\/posts\/4884","targetHints":{"allow":["GET"]}}],"collection":[{"href":"https:\/\/larevistadigital.com.ar\/blog\/wp-json\/wp\/v2\/posts"}],"about":[{"href":"https:\/\/larevistadigital.com.ar\/blog\/wp-json\/wp\/v2\/types\/post"}],"author":[{"embeddable":true,"href":"https:\/\/larevistadigital.com.ar\/blog\/wp-json\/wp\/v2\/users\/3"}],"replies":[{"embeddable":true,"href":"https:\/\/larevistadigital.com.ar\/blog\/wp-json\/wp\/v2\/comments?post=4884"}],"version-history":[{"count":1,"href":"https:\/\/larevistadigital.com.ar\/blog\/wp-json\/wp\/v2\/posts\/4884\/revisions"}],"predecessor-version":[{"id":4886,"href":"https:\/\/larevistadigital.com.ar\/blog\/wp-json\/wp\/v2\/posts\/4884\/revisions\/4886"}],"wp:featuredmedia":[{"embeddable":true,"href":"https:\/\/larevistadigital.com.ar\/blog\/wp-json\/wp\/v2\/media\/4885"}],"wp:attachment":[{"href":"https:\/\/larevistadigital.com.ar\/blog\/wp-json\/wp\/v2\/media?parent=4884"}],"wp:term":[{"taxonomy":"category","embeddable":true,"href":"https:\/\/larevistadigital.com.ar\/blog\/wp-json\/wp\/v2\/categories?post=4884"},{"taxonomy":"post_tag","embeddable":true,"href":"https:\/\/larevistadigital.com.ar\/blog\/wp-json\/wp\/v2\/tags?post=4884"}],"curies":[{"name":"wp","href":"https:\/\/api.w.org\/{rel}","templated":true}]}}