{"id":4887,"date":"2018-02-13T02:16:23","date_gmt":"2018-02-13T02:16:23","guid":{"rendered":"https:\/\/larevistadigital.com.ar\/blog\/?p=4887"},"modified":"2018-02-13T02:16:23","modified_gmt":"2018-02-13T02:16:23","slug":"miles-turistas-eligieron-retornar-lunes","status":"publish","type":"post","link":"https:\/\/larevistadigital.com.ar\/blog\/miles-turistas-eligieron-retornar-lunes\/","title":{"rendered":"MILES DE TURISTAS ELIGIERON RETORNAR EL LUNES"},"content":{"rendered":"<p>Miles de turistas que eligieron como destino la costa atl\u00e1ntica, tomaron la decisi\u00f3n de retornar a sus hogares el d\u00eda lunes, es decir un d\u00eda antes del \u00faltimo feriado de la semana, por los festejos correspondientes al carnaval.<\/p>\n<blockquote>\n<h3>Por eso, durante too el d\u00eda hubo gran afluencia de tr\u00e1nsito en el sentido Mar del Plata-Capital Federal, provocando algunas demoras y largas filas de autom\u00f3viles detenidos en la ruta 2.<\/h3>\n<\/blockquote>\n<p>As\u00ed ocurri\u00f3 por ejemplo en la estaci\u00f3n de Peaje ubicada en Samboromb\u00f3n, en donde la gran afluencia de autom\u00f3viles provoco colas que llegaron a tener varios kil\u00f3metros de extensi\u00f3n en m\u00e1s de una oportunidad durante la jornada.<\/p>\n<p>Seguramente, esto aliviar\u00e1 algo el tr\u00e1nsito el d\u00eda de ma\u00f1ana, pero seguramente ser\u00e1 muy intenso, de todas formas.<\/p>\n","protected":false},"excerpt":{"rendered":"<div class=\"mh-excerpt\"><p>Miles de turistas que eligieron como destino la costa atl\u00e1ntica, tomaron la decisi\u00f3n de retornar a sus hogares el d\u00eda lunes, es decir un d\u00eda antes del \u00faltimo feriado de la semana, por los festejos <a class=\"mh-excerpt-more\" href=\"https:\/\/larevistadigital.com.ar\/blog\/miles-turistas-eligieron-retornar-lunes\/\" title=\"MILES DE TURISTAS ELIGIERON RETORNAR EL LUNES\">[Leer M\u00e1s]<\/a><\/p>\n<\/div>","protected":false},"author":3,"featured_media":4888,"comment_status":"open","ping_status":"open","sticky":false,"template":"","format":"standard","meta":{"_jetpack_memberships_contains_paid_content":false,"footnotes":"","jetpack_publicize_message":"","jetpack_publicize_feature_enabled":true,"jetpack_social_post_already_shared":true,"jetpack_social_options":{"image_generator_settings":{"template":"highway","default_image_id":0,"font":"","enabled":false},"version":2}},"categories":[41],"tags":[],"class_list":{"0":"post-4887","1":"post","2":"type-post","3":"status-publish","4":"format-standard","5":"has-post-thumbnail","7":"category-destacadas"},"jetpack_publicize_connections":[],"jetpack_featured_media_url":"https:\/\/i0.wp.com\/larevistadigital.com.ar\/blog\/wp-content\/uploads\/2018\/02\/WhatsApp-Image-2018-02-12-at-23.03.43.jpeg?fit=888%2C306&ssl=1","jetpack_sharing_enabled":true,"jetpack_shortlink":"https:\/\/wp.me\/p8qtrQ-1gP","jetpack-related-posts":[{"id":39645,"url":"https:\/\/larevistadigital.com.ar\/blog\/chascomus-impresionante-cantidad-de-turistas-el-pasado-fin-de-semana-largo\/","url_meta":{"origin":4887,"position":0},"title":"Chascom\u00fas: \u00a1Impresionante cantidad de turistas el pasado fin de semana largo!","author":"Alejandro Sosa Ruda","date":"5 mayo, 2025","format":false,"excerpt":"El \u00faltimo fin de semana largo se vivi\u00f3 con gran afluencia de visitantes en Chascom\u00fas, registr\u00e1ndose una ocupaci\u00f3n tur\u00edstica que alcanz\u00f3 el 85 % en las plazas habilitadas. 05 de Mayo de 2025 CHASCOM\u00daS -\u00a0 Seg\u00fan los datos ofrecidos por la subsecretar\u00eda de Turismo de la Municipalidad de Chascom\u00fas, los\u2026","rel":"","context":"En \u00abCHASCOM\u00daS\u00bb","block_context":{"text":"CHASCOM\u00daS","link":"https:\/\/larevistadigital.com.ar\/blog\/category\/chascomus\/"},"img":{"alt_text":"","src":"https:\/\/i0.wp.com\/larevistadigital.com.ar\/blog\/wp-content\/uploads\/6818f020cf27b.png?fit=668%2C445&ssl=1&resize=350%2C200","width":350,"height":200,"srcset":"https:\/\/i0.wp.com\/larevistadigital.com.ar\/blog\/wp-content\/uploads\/6818f020cf27b.png?fit=668%2C445&ssl=1&resize=350%2C200 1x, https:\/\/i0.wp.com\/larevistadigital.com.ar\/blog\/wp-content\/uploads\/6818f020cf27b.png?fit=668%2C445&ssl=1&resize=525%2C300 1.5x"},"classes":[]},{"id":14788,"url":"https:\/\/larevistadigital.com.ar\/blog\/chascomus-se-amplia-el-espacio-de-circulacion-peatonal-y-se-limita-el-espacio-de-estacionamiento\/","url_meta":{"origin":4887,"position":1},"title":"CHASCOM\u00daS: SE AMPL\u00cdA EL ESPACIO DE CIRCULACI\u00d3N PEATONAL Y SE LIMITA EL ESPACIO DE ESTACIONAMIENTO","author":"Alejandro Sosa Ruda","date":"13 febrero, 2020","format":false,"excerpt":"Esta semana se iniciaron trabajos en el sector de la costanera comprendido entre la calle Pedro Nicol\u00e1s Escribano y Artigas, exceptuando el tramo en el que fue construida la nueva senda costera, entre Corrientes y Moreno All\u00ed, los postes que demarcan la ribera de la laguna ser\u00e1n reubicados a 70\u2026","rel":"","context":"En \u00abINTERES GENERAL\u00bb","block_context":{"text":"INTERES GENERAL","link":"https:\/\/larevistadigital.com.ar\/blog\/category\/interes-general\/"},"img":{"alt_text":"","src":"https:\/\/i0.wp.com\/larevistadigital.com.ar\/blog\/wp-content\/uploads\/84696818_3000989569921908_1801782958705606656_o.jpg?fit=1200%2C800&ssl=1&resize=350%2C200","width":350,"height":200,"srcset":"https:\/\/i0.wp.com\/larevistadigital.com.ar\/blog\/wp-content\/uploads\/84696818_3000989569921908_1801782958705606656_o.jpg?fit=1200%2C800&ssl=1&resize=350%2C200 1x, https:\/\/i0.wp.com\/larevistadigital.com.ar\/blog\/wp-content\/uploads\/84696818_3000989569921908_1801782958705606656_o.jpg?fit=1200%2C800&ssl=1&resize=525%2C300 1.5x, https:\/\/i0.wp.com\/larevistadigital.com.ar\/blog\/wp-content\/uploads\/84696818_3000989569921908_1801782958705606656_o.jpg?fit=1200%2C800&ssl=1&resize=700%2C400 2x, https:\/\/i0.wp.com\/larevistadigital.com.ar\/blog\/wp-content\/uploads\/84696818_3000989569921908_1801782958705606656_o.jpg?fit=1200%2C800&ssl=1&resize=1050%2C600 3x"},"classes":[]},{"id":37450,"url":"https:\/\/larevistadigital.com.ar\/blog\/chascomus-prepara-un-amplio-operativo-de-seguridad-para-la-temporada-de-verano\/","url_meta":{"origin":4887,"position":2},"title":"Chascom\u00fas prepara un amplio operativo de seguridad para la temporada de verano","author":"Alejandro Sosa Ruda","date":"7 octubre, 2024","format":false,"excerpt":"Funcionarios municipales y autoridades policiales se reunieron para coordinar medidas de cara a la llegada de turistas. 7 de Octubre de 2024 CHASCOM\u00daS -\u00a0 El intendente Javier Gast\u00f3n encabez\u00f3 un encuentro con funcionarios municipales y autoridades policiales para comenzar a trabajar en el operativo de seguridad que se implementar\u00e1 durante\u2026","rel":"","context":"En \u00abINTERES GENERAL\u00bb","block_context":{"text":"INTERES GENERAL","link":"https:\/\/larevistadigital.com.ar\/blog\/category\/interes-general\/"},"img":{"alt_text":"","src":"https:\/\/i0.wp.com\/larevistadigital.com.ar\/blog\/wp-content\/uploads\/6704163e418bc.png?fit=668%2C445&ssl=1&resize=350%2C200","width":350,"height":200,"srcset":"https:\/\/i0.wp.com\/larevistadigital.com.ar\/blog\/wp-content\/uploads\/6704163e418bc.png?fit=668%2C445&ssl=1&resize=350%2C200 1x, https:\/\/i0.wp.com\/larevistadigital.com.ar\/blog\/wp-content\/uploads\/6704163e418bc.png?fit=668%2C445&ssl=1&resize=525%2C300 1.5x"},"classes":[]},{"id":35745,"url":"https:\/\/larevistadigital.com.ar\/blog\/jimena-arano-tuvimos-un-fin-de-semana-muy-exitoso\/","url_meta":{"origin":4887,"position":3},"title":"JIMENA ARANO: TUVIMOS UN FIN DE SEMANA MUY EXITOSO","author":"Alejandro Sosa Ruda","date":"3 abril, 2024","format":false,"excerpt":"As\u00ed lo defini\u00f3 la subsecretaria de Desarrollo Tur\u00edstico y Productivo Municipal, al ser consultada esta ma\u00f1ana por distintos medios radiales. 3 de abril de 2024 CHASCOM\u00daS -\u00a0 Este fin de semana largo dej\u00f3 un balance muy positivo para nuestra ciudad, con una gran afluencia de turistas y con datos que\u2026","rel":"","context":"En \u00abSin categor\u00eda\u00bb","block_context":{"text":"Sin categor\u00eda","link":"https:\/\/larevistadigital.com.ar\/blog\/category\/sin-categoria\/"},"img":{"alt_text":"","src":"https:\/\/i0.wp.com\/larevistadigital.com.ar\/blog\/wp-content\/uploads\/2024_04_04_01_10_09_2353737.jpg?fit=600%2C400&ssl=1&resize=350%2C200","width":350,"height":200,"srcset":"https:\/\/i0.wp.com\/larevistadigital.com.ar\/blog\/wp-content\/uploads\/2024_04_04_01_10_09_2353737.jpg?fit=600%2C400&ssl=1&resize=350%2C200 1x, https:\/\/i0.wp.com\/larevistadigital.com.ar\/blog\/wp-content\/uploads\/2024_04_04_01_10_09_2353737.jpg?fit=600%2C400&ssl=1&resize=525%2C300 1.5x"},"classes":[]},{"id":22766,"url":"https:\/\/larevistadigital.com.ar\/blog\/chascomus-malestar-de-vecinos-por-los-contenedores-atestados-de-basura-en-distintos-puntos-de-la-ciudad\/","url_meta":{"origin":4887,"position":4},"title":"CHASCOM\u00daS: MALESTAR DE VECINOS POR LOS CONTENEDORES ATESTADOS DE BASURA EN DISTINTOS PUNTOS DE LA CIUDAD","author":"Alejandro Sosa Ruda","date":"23 noviembre, 2021","format":false,"excerpt":"CHASCOM\u00daS - Luego del fin de semana largo, y la gran afluencia de p\u00fablico que recibi\u00f3 la ciudad de Chascom\u00fas, como era previsible, los contenedores de basura colocados en distintos lugares, colapsaron, sobre todo porque el d\u00eda domingo no hubo servicio de recolecci\u00f3n. Es l\u00f3gico que cada uno tenga derecho\u2026","rel":"","context":"En \u00abCHASCOM\u00daS\u00bb","block_context":{"text":"CHASCOM\u00daS","link":"https:\/\/larevistadigital.com.ar\/blog\/category\/chascomus\/"},"img":{"alt_text":"","src":"https:\/\/i0.wp.com\/larevistadigital.com.ar\/blog\/wp-content\/uploads\/dos.jpg?fit=1000%2C1143&ssl=1&resize=350%2C200","width":350,"height":200,"srcset":"https:\/\/i0.wp.com\/larevistadigital.com.ar\/blog\/wp-content\/uploads\/dos.jpg?fit=1000%2C1143&ssl=1&resize=350%2C200 1x, https:\/\/i0.wp.com\/larevistadigital.com.ar\/blog\/wp-content\/uploads\/dos.jpg?fit=1000%2C1143&ssl=1&resize=525%2C300 1.5x, https:\/\/i0.wp.com\/larevistadigital.com.ar\/blog\/wp-content\/uploads\/dos.jpg?fit=1000%2C1143&ssl=1&resize=700%2C400 2x"},"classes":[]},{"id":37507,"url":"https:\/\/larevistadigital.com.ar\/blog\/intensos-controles-preventivos-durante-el-fin-de-semana-largo\/","url_meta":{"origin":4887,"position":5},"title":"Intensos controles preventivos durante el fin de semana largo","author":"Alejandro Sosa Ruda","date":"15 octubre, 2024","format":false,"excerpt":"Los operativos de prevenci\u00f3n de tr\u00e1nsito y control de alcoholemia se llevaron a cabo en varios puntos de la ciudad, sin registrarse incidentes relacionados con el consumo de alcohol ni accidentes vehiculares. 14 de Octure de 2024 CHASCOM\u00daS -\u00a0 La Municipalidad de Chascom\u00fas implement\u00f3 un extenso dispositivo de seguridad durante\u2026","rel":"","context":"En \u00abINTERES GENERAL\u00bb","block_context":{"text":"INTERES GENERAL","link":"https:\/\/larevistadigital.com.ar\/blog\/category\/interes-general\/"},"img":{"alt_text":"","src":"https:\/\/i0.wp.com\/larevistadigital.com.ar\/blog\/wp-content\/uploads\/670d51fab1e0e.png?fit=668%2C445&ssl=1&resize=350%2C200","width":350,"height":200,"srcset":"https:\/\/i0.wp.com\/larevistadigital.com.ar\/blog\/wp-content\/uploads\/670d51fab1e0e.png?fit=668%2C445&ssl=1&resize=350%2C200 1x, https:\/\/i0.wp.com\/larevistadigital.com.ar\/blog\/wp-content\/uploads\/670d51fab1e0e.png?fit=668%2C445&ssl=1&resize=525%2C300 1.5x"},"classes":[]}],"_links":{"self":[{"href":"https:\/\/larevistadigital.com.ar\/blog\/wp-json\/wp\/v2\/posts\/4887","targetHints":{"allow":["GET"]}}],"collection":[{"href":"https:\/\/larevistadigital.com.ar\/blog\/wp-json\/wp\/v2\/posts"}],"about":[{"href":"https:\/\/larevistadigital.com.ar\/blog\/wp-json\/wp\/v2\/types\/post"}],"author":[{"embeddable":true,"href":"https:\/\/larevistadigital.com.ar\/blog\/wp-json\/wp\/v2\/users\/3"}],"replies":[{"embeddable":true,"href":"https:\/\/larevistadigital.com.ar\/blog\/wp-json\/wp\/v2\/comments?post=4887"}],"version-history":[{"count":1,"href":"https:\/\/larevistadigital.com.ar\/blog\/wp-json\/wp\/v2\/posts\/4887\/revisions"}],"predecessor-version":[{"id":4889,"href":"https:\/\/larevistadigital.com.ar\/blog\/wp-json\/wp\/v2\/posts\/4887\/revisions\/4889"}],"wp:featuredmedia":[{"embeddable":true,"href":"https:\/\/larevistadigital.com.ar\/blog\/wp-json\/wp\/v2\/media\/4888"}],"wp:attachment":[{"href":"https:\/\/larevistadigital.com.ar\/blog\/wp-json\/wp\/v2\/media?parent=4887"}],"wp:term":[{"taxonomy":"category","embeddable":true,"href":"https:\/\/larevistadigital.com.ar\/blog\/wp-json\/wp\/v2\/categories?post=4887"},{"taxonomy":"post_tag","embeddable":true,"href":"https:\/\/larevistadigital.com.ar\/blog\/wp-json\/wp\/v2\/tags?post=4887"}],"curies":[{"name":"wp","href":"https:\/\/api.w.org\/{rel}","templated":true}]}}