{"id":4892,"date":"2018-02-13T23:19:22","date_gmt":"2018-02-13T23:19:22","guid":{"rendered":"https:\/\/larevistadigital.com.ar\/blog\/?p=4892"},"modified":"2018-02-13T23:19:22","modified_gmt":"2018-02-13T23:19:22","slug":"zaffaroni-redoblo-la-apuesta-macri-se-van-podemos-resolver-problema","status":"publish","type":"post","link":"https:\/\/larevistadigital.com.ar\/blog\/zaffaroni-redoblo-la-apuesta-macri-se-van-podemos-resolver-problema\/","title":{"rendered":"ZAFFARONI REDOBL\u00d3 LA APUESTA CONTRA MACRI: \u00abSI SE VAN ANTES, PODEMOS RESOLVER EL PROBLEMA\u00bb"},"content":{"rendered":"<p>Hace aproximadamente un mes, el ex juez de la Corte Suprema de Justicia, <strong>Eug\u00e9nio Ra\u00fal Zaffaroni<\/strong> provoc\u00f3 un fuerte y generalizado repudio, pero ahora, en un intento de aclaraci\u00f3n de sus dichos, y como reza el refr\u00e1n popular, \u00aben lugar de aclarar, oscureci\u00f3\u00bb&#8230; Ya que luego de dejar en claro su rechazo y disconformidad con el gobierno de <strong>Macri<\/strong>, se\u00f1al\u00f3 que <em><strong>\u00abSi se van antes, podemos resolver el problema\u00bb<\/strong><\/em>.<\/p>\n<p>Las declaraciones se dieron en el marco de una entrevista realizada por <strong>Marcelo Zlotogwiazda<\/strong> en C5N, en donde adem\u00e1s afirm\u00f3 que\u00a0<strong><em>\u00abNo quiero un 2001, evitemos un desastre de esa naturaleza.\u00a0Evitar eso es clave, evitemos violencia\u00bb<\/em><\/strong><\/p>\n<div class=\"row\">\n<div class=\"col-xs-12 col-print-12\">\n<blockquote>\n<h3 class=\"element element-paragraph\">Luego plante\u00f3:<strong><em>\u00a0<span class=\"body-text-highlight\">\u00ab\u00bfQue se vayan antes? S\u00ed, que se vayan en 2019, si llegan a 2019. Que se vayan con un procedimiento constitucional de juicio pol\u00edtico, no s\u00e9, o que saquen el pie del acelerador\u00bb<\/span>. \u00abDe lo contrario vamos a tener un serio problema\u00bb<\/em><\/strong>, advirti\u00f3.<\/h3>\n<\/blockquote>\n<p>Continu\u00f3 diciendo que\u00a0<strong>\u00abSi se van antes, vamos a tener menos deuda. Si se van antes, podemos resolver el problema.\u00a0Que se vayan antes puede ser que se vayan en 2019. Esto nos est\u00e1 llevando a una cat\u00e1strofe social, ese es el grave problema que tenemos\u00bb.<\/strong><\/p>\n<p>Adem\u00e1s indic\u00f3 que\u00a0\u00a0<em><strong><span class=\"body-text-highlight\">\u00abEsto no termina bien, nunca termina bien. No termin\u00f3 bien en 1982, no termin\u00f3 bien en 2001. Evitemos una cat\u00e1strofe de esa naturaleza de alguna forma. O sacan el pie del acelerador un poco o vamos a tener un final parecido\u00bb<\/span><\/strong><\/em>.<\/p>\n<div class=\"row\">\n<div class=\"col-xs-12 col-print-12\">\n<p class=\"element element-paragraph\">\n<p class=\"element element-paragraph\">\u00a0asegur\u00f3 que: <em><strong>\u00abEstoy preocupado, veo una seguidilla. Primero, los gremialistas son corruptos; segundo, el decreto de nepotismo;\u00a0tercero, la idiotez de que quiero dar un golpe de Estado; cuarto, lo del polic\u00eda con el muchacho;\u00a0quinto, Dur\u00e1n Barba con la pena de muerte\u2026 Cuidado, estos son fuegos artificiales, est\u00e1n subestimando al pueblo argentino\u00bb<\/strong><\/em>.<\/p>\n<\/div>\n<\/div>\n<div class=\"row\">\n<div class=\"col-xs-12 col-print-12\">\n<p class=\"element element-paragraph\"><strong><em>\u00abCreo que lo que corresponde en este momento es acabar con mezquindades, dejar de discutir qui\u00e9n va a ser candidato a concejal o a lo que sea. Nos encontramos frente a una grave emergencia o la inminencia de una grave emergencia. Estimo que frente a una situaci\u00f3n tan grave lo que tendr\u00edamos que hacer todos es decir &#8216;vamos a ver d\u00f3nde salimos de este pozo&#8217;<\/em><\/strong>\u00ab, termin\u00f3.<\/p>\n<\/div>\n<\/div>\n<\/div>\n<\/div>\n","protected":false},"excerpt":{"rendered":"<div class=\"mh-excerpt\"><p>Hace aproximadamente un mes, el ex juez de la Corte Suprema de Justicia, Eug\u00e9nio Ra\u00fal Zaffaroni provoc\u00f3 un fuerte y generalizado repudio, pero ahora, en un intento de aclaraci\u00f3n de sus dichos, y como reza <a class=\"mh-excerpt-more\" href=\"https:\/\/larevistadigital.com.ar\/blog\/zaffaroni-redoblo-la-apuesta-macri-se-van-podemos-resolver-problema\/\" title=\"ZAFFARONI REDOBL\u00d3 LA APUESTA CONTRA MACRI: \u00abSI SE VAN ANTES, PODEMOS RESOLVER EL PROBLEMA\u00bb\">[Leer M\u00e1s]<\/a><\/p>\n<\/div>","protected":false},"author":3,"featured_media":4894,"comment_status":"open","ping_status":"open","sticky":false,"template":"","format":"standard","meta":{"_jetpack_memberships_contains_paid_content":false,"footnotes":"","jetpack_publicize_message":"","jetpack_publicize_feature_enabled":true,"jetpack_social_post_already_shared":true,"jetpack_social_options":{"image_generator_settings":{"template":"highway","default_image_id":0,"font":"","enabled":false},"version":2}},"categories":[12],"tags":[],"class_list":{"0":"post-4892","1":"post","2":"type-post","3":"status-publish","4":"format-standard","5":"has-post-thumbnail","7":"category-politica"},"jetpack_publicize_connections":[],"jetpack_featured_media_url":"https:\/\/i0.wp.com\/larevistadigital.com.ar\/blog\/wp-content\/uploads\/2018\/02\/51697c0e13515.jpg?fit=1200%2C816&ssl=1","jetpack_sharing_enabled":true,"jetpack_shortlink":"https:\/\/wp.me\/p8qtrQ-1gU","jetpack-related-posts":[{"id":16448,"url":"https:\/\/larevistadigital.com.ar\/blog\/macri-fue-internado-en-el-sanatorio-otamendi-por-posibles-polipos-intestinales\/","url_meta":{"origin":4892,"position":0},"title":"MACRI FUE INTERNADO EN EL SANATORIO OTAMENDI POR POSIBLES P\u00d3LIPOS INTESTINALES","author":"Alejandro Sosa Ruda","date":"22 septiembre, 2020","format":false,"excerpt":"Ser\u00e1 sometido a una colonoscop\u00eda, aunque aseguran que el cuadro no es grave. El ex presidente Mauricio Macri fue internado este martes en el Sanatorio Otamendi de la ciudad de Buenos Aires para ser sometido a una colonoscop\u00eda por presencia de p\u00f3lipos en el intestino. Macri estar\u00e1 internado hasta ma\u00f1ana\u2026","rel":"","context":"En \u00abDESTACADAS\u00bb","block_context":{"text":"DESTACADAS","link":"https:\/\/larevistadigital.com.ar\/blog\/category\/destacadas\/"},"img":{"alt_text":"","src":"https:\/\/i0.wp.com\/larevistadigital.com.ar\/blog\/wp-content\/uploads\/Mauricio-Macri.jpg?fit=1200%2C674&ssl=1&resize=350%2C200","width":350,"height":200,"srcset":"https:\/\/i0.wp.com\/larevistadigital.com.ar\/blog\/wp-content\/uploads\/Mauricio-Macri.jpg?fit=1200%2C674&ssl=1&resize=350%2C200 1x, https:\/\/i0.wp.com\/larevistadigital.com.ar\/blog\/wp-content\/uploads\/Mauricio-Macri.jpg?fit=1200%2C674&ssl=1&resize=525%2C300 1.5x, https:\/\/i0.wp.com\/larevistadigital.com.ar\/blog\/wp-content\/uploads\/Mauricio-Macri.jpg?fit=1200%2C674&ssl=1&resize=700%2C400 2x, https:\/\/i0.wp.com\/larevistadigital.com.ar\/blog\/wp-content\/uploads\/Mauricio-Macri.jpg?fit=1200%2C674&ssl=1&resize=1050%2C600 3x"},"classes":[]},{"id":33248,"url":"https:\/\/larevistadigital.com.ar\/blog\/kicillof-ni-bullrich-ni-milei-van-a-resolver-un-solo-problema\/","url_meta":{"origin":4892,"position":1},"title":"KICILLOF: \u00abNI BULLRICH NI MILEI VAN A RESOLVER UN SOLO PROBLEMA\u00bb","author":"Alejandro Sosa Ruda","date":"3 septiembre, 2023","format":false,"excerpt":"\"La derecha tiene dos candidatos pero un solo proyecto, que es quitar derechos\", dijo el Gobernador a trav\u00e9s de\u00a0sus redes sociales. 03 de septiembre de 2023 El gobernador bonaerense,\u00a0Axel Kicillof, advirti\u00f3 este domingo que los candidatos presidenciales opositores,\u00a0Patricia Bullrich\u00a0y\u00a0Javier Milei,\u00a0\"no van a resolver un solo problema\", por lo que el\u2026","rel":"","context":"En \u00abPOLITICA PROVINCIAL\u00bb","block_context":{"text":"POLITICA PROVINCIAL","link":"https:\/\/larevistadigital.com.ar\/blog\/category\/politica\/politica-provincial\/"},"img":{"alt_text":"","src":"https:\/\/i0.wp.com\/larevistadigital.com.ar\/blog\/wp-content\/uploads\/1693770149328.jpeg?fit=1200%2C594&ssl=1&resize=350%2C200","width":350,"height":200,"srcset":"https:\/\/i0.wp.com\/larevistadigital.com.ar\/blog\/wp-content\/uploads\/1693770149328.jpeg?fit=1200%2C594&ssl=1&resize=350%2C200 1x, https:\/\/i0.wp.com\/larevistadigital.com.ar\/blog\/wp-content\/uploads\/1693770149328.jpeg?fit=1200%2C594&ssl=1&resize=525%2C300 1.5x, https:\/\/i0.wp.com\/larevistadigital.com.ar\/blog\/wp-content\/uploads\/1693770149328.jpeg?fit=1200%2C594&ssl=1&resize=700%2C400 2x, https:\/\/i0.wp.com\/larevistadigital.com.ar\/blog\/wp-content\/uploads\/1693770149328.jpeg?fit=1200%2C594&ssl=1&resize=1050%2C600 3x"},"classes":[]},{"id":1279,"url":"https:\/\/larevistadigital.com.ar\/blog\/jorge-macri-marca-la-agenda-en-su-territorio\/","url_meta":{"origin":4892,"position":2},"title":"JORGE MACRI MARCA LA AGENDA EN SU TERRITORIO","author":"Alejandro Sosa Ruda","date":"17 marzo, 2017","format":false,"excerpt":"Luego del embate de Lilita Carri\u00f3, el intendente de Vicente L\u00f3pez, Jorge Macri encabezar\u00e1 un acto para demostrar fuerza y fortalecer\u00a0su candidatura como senador nacional por la provincia. Macri ser\u00e1 quien presida el primer Foro Federal de Intendentes Cambiemos. El Foro tendr\u00e1 lugar en el Club Copna. Desde el entorno\u2026","rel":"","context":"En \u00abDESTACADAS\u00bb","block_context":{"text":"DESTACADAS","link":"https:\/\/larevistadigital.com.ar\/blog\/category\/destacadas\/"},"img":{"alt_text":"","src":"https:\/\/i0.wp.com\/larevistadigital.com.ar\/blog\/wp-content\/uploads\/2017\/03\/jorge-macri-1.jpg?fit=1200%2C900&ssl=1&resize=350%2C200","width":350,"height":200,"srcset":"https:\/\/i0.wp.com\/larevistadigital.com.ar\/blog\/wp-content\/uploads\/2017\/03\/jorge-macri-1.jpg?fit=1200%2C900&ssl=1&resize=350%2C200 1x, https:\/\/i0.wp.com\/larevistadigital.com.ar\/blog\/wp-content\/uploads\/2017\/03\/jorge-macri-1.jpg?fit=1200%2C900&ssl=1&resize=525%2C300 1.5x, https:\/\/i0.wp.com\/larevistadigital.com.ar\/blog\/wp-content\/uploads\/2017\/03\/jorge-macri-1.jpg?fit=1200%2C900&ssl=1&resize=700%2C400 2x, https:\/\/i0.wp.com\/larevistadigital.com.ar\/blog\/wp-content\/uploads\/2017\/03\/jorge-macri-1.jpg?fit=1200%2C900&ssl=1&resize=1050%2C600 3x"},"classes":[]},{"id":25648,"url":"https:\/\/larevistadigital.com.ar\/blog\/maxi-abad-tambien-cruzo-a-macri-confundir-populismo-con-popular-es-una-forma-de-distorsionar-la-historia\/","url_meta":{"origin":4892,"position":3},"title":"MAXI ABAD, TAMBI\u00c9N CRUZ\u00d3 A MACRI: \u00abCONFUNDIR POPULISMO CON POPULAR, ES UNA FORMA DE DISTORSIONAR LA HISTORIA\u00bb","author":"Alejandro Sosa Ruda","date":"6 junio, 2022","format":false,"excerpt":"El presidente de la UCR bonaerense defendi\u00f3 el rol del gobierno de Yrigoyen en la historia argentina, luego que el expresidente lo responsabilizar\u00e1\u00a0por marcar el \u201corigen del populismo\u201d. El diputado provincial y titular de la UCR bonaerense\u00a0Maximiliano Abad\u00a0cuestion\u00f3 al expresidente\u00a0Mauricio Macri, al que\u00a0responsabiliz\u00f3 de \u201cdistorsionar la historia\u201d\u00a0luego que afirmar\u00e1 que\u00a0el\u2026","rel":"","context":"En \u00abINTERES GENERAL\u00bb","block_context":{"text":"INTERES GENERAL","link":"https:\/\/larevistadigital.com.ar\/blog\/category\/interes-general\/"},"img":{"alt_text":"","src":"https:\/\/i0.wp.com\/larevistadigital.com.ar\/blog\/wp-content\/uploads\/ABAD.png?fit=812%2C400&ssl=1&resize=350%2C200","width":350,"height":200,"srcset":"https:\/\/i0.wp.com\/larevistadigital.com.ar\/blog\/wp-content\/uploads\/ABAD.png?fit=812%2C400&ssl=1&resize=350%2C200 1x, https:\/\/i0.wp.com\/larevistadigital.com.ar\/blog\/wp-content\/uploads\/ABAD.png?fit=812%2C400&ssl=1&resize=525%2C300 1.5x, https:\/\/i0.wp.com\/larevistadigital.com.ar\/blog\/wp-content\/uploads\/ABAD.png?fit=812%2C400&ssl=1&resize=700%2C400 2x"},"classes":[]},{"id":22276,"url":"https:\/\/larevistadigital.com.ar\/blog\/juez-de-dolores-podria-declarar-en-rebeldia-a-macri\/","url_meta":{"origin":4892,"position":4},"title":"JUEZ DE DOLORES PODR\u00cdA DECLARAR EN REBELD\u00cdA A MACRI","author":"Alejandro Sosa Ruda","date":"7 octubre, 2021","format":false,"excerpt":"La diputada de Juntos por el Cambio Paula Oliveto dijo que medios K est\u00e1n largando la versi\u00f3n porque el ex presidente no se presentar\u00e1 ma\u00f1ana a indagatoria debido a que se encuentra de gira en EE.UU. Explic\u00f3 que si lo hace podr\u00eda eventualmente detenerlo cuando pise territorio nacional. La diputada\u2026","rel":"","context":"En \u00abDESTACADAS\u00bb","block_context":{"text":"DESTACADAS","link":"https:\/\/larevistadigital.com.ar\/blog\/category\/destacadas\/"},"img":{"alt_text":"","src":"https:\/\/i0.wp.com\/larevistadigital.com.ar\/blog\/wp-content\/uploads\/indagatoria-Macri-Foto-Archivo.jpg?fit=1200%2C675&ssl=1&resize=350%2C200","width":350,"height":200,"srcset":"https:\/\/i0.wp.com\/larevistadigital.com.ar\/blog\/wp-content\/uploads\/indagatoria-Macri-Foto-Archivo.jpg?fit=1200%2C675&ssl=1&resize=350%2C200 1x, https:\/\/i0.wp.com\/larevistadigital.com.ar\/blog\/wp-content\/uploads\/indagatoria-Macri-Foto-Archivo.jpg?fit=1200%2C675&ssl=1&resize=525%2C300 1.5x, https:\/\/i0.wp.com\/larevistadigital.com.ar\/blog\/wp-content\/uploads\/indagatoria-Macri-Foto-Archivo.jpg?fit=1200%2C675&ssl=1&resize=700%2C400 2x, https:\/\/i0.wp.com\/larevistadigital.com.ar\/blog\/wp-content\/uploads\/indagatoria-Macri-Foto-Archivo.jpg?fit=1200%2C675&ssl=1&resize=1050%2C600 3x"},"classes":[]},{"id":25770,"url":"https:\/\/larevistadigital.com.ar\/blog\/franco-flexas-el-intendente-radical-que-se-le-planto-a-macri-le-vamos-a-poner-los-puntos\/","url_meta":{"origin":4892,"position":5},"title":"FRANCO FLEXAS: EL INTENDENTE RADICAL QUE SE LE PLANT\u00d3 A MACRI \u00abLE VAMOS A PONER LOS PUNTOS\u00bb","author":"Alejandro Sosa Ruda","date":"10 junio, 2022","format":false,"excerpt":"Las repercusiones por el exabrupto de Mauricio Macri sobre la figura de Hip\u00f3lito Yrigoyen y el centenario partido radical, no cesa: es m\u00e1s, desde la UCR hacen cola para pegarle. Esta vez fue el Intendente de General Viamonte, Franco Flexas, quien se sum\u00f3 a las cr\u00edticas contra el controvertido l\u00edder\u2026","rel":"","context":"En \u00abINTERES GENERAL\u00bb","block_context":{"text":"INTERES GENERAL","link":"https:\/\/larevistadigital.com.ar\/blog\/category\/interes-general\/"},"img":{"alt_text":"","src":"https:\/\/i0.wp.com\/larevistadigital.com.ar\/blog\/wp-content\/uploads\/20220610182336_franco-flexas-ucr-viamonte-macri.jpg?fit=880%2C512&ssl=1&resize=350%2C200","width":350,"height":200,"srcset":"https:\/\/i0.wp.com\/larevistadigital.com.ar\/blog\/wp-content\/uploads\/20220610182336_franco-flexas-ucr-viamonte-macri.jpg?fit=880%2C512&ssl=1&resize=350%2C200 1x, https:\/\/i0.wp.com\/larevistadigital.com.ar\/blog\/wp-content\/uploads\/20220610182336_franco-flexas-ucr-viamonte-macri.jpg?fit=880%2C512&ssl=1&resize=525%2C300 1.5x, https:\/\/i0.wp.com\/larevistadigital.com.ar\/blog\/wp-content\/uploads\/20220610182336_franco-flexas-ucr-viamonte-macri.jpg?fit=880%2C512&ssl=1&resize=700%2C400 2x"},"classes":[]}],"_links":{"self":[{"href":"https:\/\/larevistadigital.com.ar\/blog\/wp-json\/wp\/v2\/posts\/4892","targetHints":{"allow":["GET"]}}],"collection":[{"href":"https:\/\/larevistadigital.com.ar\/blog\/wp-json\/wp\/v2\/posts"}],"about":[{"href":"https:\/\/larevistadigital.com.ar\/blog\/wp-json\/wp\/v2\/types\/post"}],"author":[{"embeddable":true,"href":"https:\/\/larevistadigital.com.ar\/blog\/wp-json\/wp\/v2\/users\/3"}],"replies":[{"embeddable":true,"href":"https:\/\/larevistadigital.com.ar\/blog\/wp-json\/wp\/v2\/comments?post=4892"}],"version-history":[{"count":1,"href":"https:\/\/larevistadigital.com.ar\/blog\/wp-json\/wp\/v2\/posts\/4892\/revisions"}],"predecessor-version":[{"id":4896,"href":"https:\/\/larevistadigital.com.ar\/blog\/wp-json\/wp\/v2\/posts\/4892\/revisions\/4896"}],"wp:featuredmedia":[{"embeddable":true,"href":"https:\/\/larevistadigital.com.ar\/blog\/wp-json\/wp\/v2\/media\/4894"}],"wp:attachment":[{"href":"https:\/\/larevistadigital.com.ar\/blog\/wp-json\/wp\/v2\/media?parent=4892"}],"wp:term":[{"taxonomy":"category","embeddable":true,"href":"https:\/\/larevistadigital.com.ar\/blog\/wp-json\/wp\/v2\/categories?post=4892"},{"taxonomy":"post_tag","embeddable":true,"href":"https:\/\/larevistadigital.com.ar\/blog\/wp-json\/wp\/v2\/tags?post=4892"}],"curies":[{"name":"wp","href":"https:\/\/api.w.org\/{rel}","templated":true}]}}