{"id":4926,"date":"2018-02-14T17:42:17","date_gmt":"2018-02-14T17:42:17","guid":{"rendered":"https:\/\/larevistadigital.com.ar\/blog\/?p=4926"},"modified":"2018-02-14T17:42:17","modified_gmt":"2018-02-14T17:42:17","slug":"chascomus-gresca-vecinos-disparos-detencion-hombre","status":"publish","type":"post","link":"https:\/\/larevistadigital.com.ar\/blog\/chascomus-gresca-vecinos-disparos-detencion-hombre\/","title":{"rendered":"CHASCOM\u00daS: GRESCA ENTRE VECINOS, DISPAROS Y DETENCI\u00d3N DE UN HOMBRE"},"content":{"rendered":"<p>En el marco de una rencilla vecinal, en las calles Jos\u00e9 hern\u00e1ndez y Querand\u00edes se alert\u00f3 al m\u00f3vil que cubre esa cuadr\u00edcula, que se dirige al lugar.<\/p>\n<blockquote>\n<h3>Una vez en el sitio, se identific\u00f3 a la v\u00edctima, que era un hombre de 48 a\u00f1os de edad apellidado <strong>Lugones<\/strong>, el que minutos antes hab\u00eda sido amenazado con un arma de fuego y disparos intimidatorios.<\/h3>\n<\/blockquote>\n<p>Posteriormente se identific\u00f3 al agresor, un hombre de\u00a0apellido <strong>Gusso<\/strong> de 66 a\u00f1os de edad a quien se le secuestr\u00f3 un rev\u00f3lver cal\u00edbre 38 special marca Amadeo Rossi sin documentaci\u00f3n.<\/p>\n<p>UFID 10 a cargo <strong>Dr Jonathan Robert<\/strong> dispuso aprehensi\u00f3n del agresor y secuestro del arma mencionada en el marco de actuaciones por Tenencia Ilegal de Arma de Fuego y Abuso de Arma.<\/p>\n","protected":false},"excerpt":{"rendered":"<div class=\"mh-excerpt\"><p>En el marco de una rencilla vecinal, en las calles Jos\u00e9 hern\u00e1ndez y Querand\u00edes se alert\u00f3 al m\u00f3vil que cubre esa cuadr\u00edcula, que se dirige al lugar. Una vez en el sitio, se identific\u00f3 a <a class=\"mh-excerpt-more\" href=\"https:\/\/larevistadigital.com.ar\/blog\/chascomus-gresca-vecinos-disparos-detencion-hombre\/\" title=\"CHASCOM\u00daS: GRESCA ENTRE VECINOS, DISPAROS Y DETENCI\u00d3N DE UN HOMBRE\">[Leer M\u00e1s]<\/a><\/p>\n<\/div>","protected":false},"author":3,"featured_media":4927,"comment_status":"open","ping_status":"open","sticky":false,"template":"","format":"standard","meta":{"_jetpack_memberships_contains_paid_content":false,"footnotes":"","jetpack_publicize_message":"","jetpack_publicize_feature_enabled":true,"jetpack_social_post_already_shared":true,"jetpack_social_options":{"image_generator_settings":{"template":"highway","default_image_id":0,"font":"","enabled":false},"version":2}},"categories":[44,12],"tags":[],"class_list":{"0":"post-4926","1":"post","2":"type-post","3":"status-publish","4":"format-standard","5":"has-post-thumbnail","7":"category-policiales","8":"category-politica"},"jetpack_publicize_connections":[],"jetpack_featured_media_url":"https:\/\/i0.wp.com\/larevistadigital.com.ar\/blog\/wp-content\/uploads\/2018\/02\/WhatsApp-Image-2018-02-14-at-14.06.13.jpeg?fit=684%2C560&ssl=1","jetpack_sharing_enabled":true,"jetpack_shortlink":"https:\/\/wp.me\/p8qtrQ-1hs","jetpack-related-posts":[{"id":11974,"url":"https:\/\/larevistadigital.com.ar\/blog\/detienen-a-un-hombre-de-72-anos-por-tenencia-ilegal-de-arma-de-fuego\/","url_meta":{"origin":4926,"position":0},"title":"DETIENEN A UN HOMBRE DE 72 A\u00d1OS POR TENENCIA ILEGAL DE ARMA DE FUEGO","author":"Alejandro Sosa Ruda","date":"22 agosto, 2019","format":false,"excerpt":"Tras una gresca entre j\u00f3venes Se inform\u00f3 desde la Estaci\u00f3n de Polic\u00eda Comunal que ayer fue aprehendido un hombre de 72 a\u00f1os, por \u201ctenencia ilegal de arma de fuego\u201d. El hecho se origin\u00f3 a ra\u00edz de una pelea que tuvo lugar el pasado martes por la noche en calle Rico\u2026","rel":"","context":"En \u00abCHASCOM\u00daS\u00bb","block_context":{"text":"CHASCOM\u00daS","link":"https:\/\/larevistadigital.com.ar\/blog\/category\/chascomus\/"},"img":{"alt_text":"","src":"https:\/\/i0.wp.com\/larevistadigital.com.ar\/blog\/wp-content\/uploads\/2017\/08\/GEO_COMISARIA_1_CHASCOMUS-e1705762962297.jpg?fit=1200%2C548&ssl=1&resize=350%2C200","width":350,"height":200,"srcset":"https:\/\/i0.wp.com\/larevistadigital.com.ar\/blog\/wp-content\/uploads\/2017\/08\/GEO_COMISARIA_1_CHASCOMUS-e1705762962297.jpg?fit=1200%2C548&ssl=1&resize=350%2C200 1x, https:\/\/i0.wp.com\/larevistadigital.com.ar\/blog\/wp-content\/uploads\/2017\/08\/GEO_COMISARIA_1_CHASCOMUS-e1705762962297.jpg?fit=1200%2C548&ssl=1&resize=525%2C300 1.5x, https:\/\/i0.wp.com\/larevistadigital.com.ar\/blog\/wp-content\/uploads\/2017\/08\/GEO_COMISARIA_1_CHASCOMUS-e1705762962297.jpg?fit=1200%2C548&ssl=1&resize=700%2C400 2x, https:\/\/i0.wp.com\/larevistadigital.com.ar\/blog\/wp-content\/uploads\/2017\/08\/GEO_COMISARIA_1_CHASCOMUS-e1705762962297.jpg?fit=1200%2C548&ssl=1&resize=1050%2C600 3x"},"classes":[]},{"id":14276,"url":"https:\/\/larevistadigital.com.ar\/blog\/canuelas-sujeto-intento-matar-a-sus-vecinos-y-fue-detenido\/","url_meta":{"origin":4926,"position":1},"title":"CA\u00d1UELAS: SUJETO INTENT\u00d3 MATAR A SUS VECINOS Y FUE DETENIDO","author":"Alejandro Sosa Ruda","date":"22 enero, 2020","format":false,"excerpt":"Hay dos personas heridas, entre ellos, un nene de 11 a\u00f1os. En las \u00faltimas horas la polic\u00eda de m\u00e1ximo paz, tom\u00f3 conocimiento que se habr\u00eda producido un altercado entre vecinos, arrojando como resultado dos masculinos heridos de arma de fuego. De averiguaciones practicadas, se pudo establecer que en el marco\u2026","rel":"","context":"En \u00abPOLICIALES\u00bb","block_context":{"text":"POLICIALES","link":"https:\/\/larevistadigital.com.ar\/blog\/category\/policiales\/"},"img":{"alt_text":"","src":"https:\/\/i0.wp.com\/larevistadigital.com.ar\/blog\/wp-content\/uploads\/1579690836888_wm.jpg?fit=1024%2C575&ssl=1&resize=350%2C200","width":350,"height":200,"srcset":"https:\/\/i0.wp.com\/larevistadigital.com.ar\/blog\/wp-content\/uploads\/1579690836888_wm.jpg?fit=1024%2C575&ssl=1&resize=350%2C200 1x, https:\/\/i0.wp.com\/larevistadigital.com.ar\/blog\/wp-content\/uploads\/1579690836888_wm.jpg?fit=1024%2C575&ssl=1&resize=525%2C300 1.5x, https:\/\/i0.wp.com\/larevistadigital.com.ar\/blog\/wp-content\/uploads\/1579690836888_wm.jpg?fit=1024%2C575&ssl=1&resize=700%2C400 2x"},"classes":[]},{"id":43963,"url":"https:\/\/larevistadigital.com.ar\/blog\/mar-del-plata-un-hombre-efectuo-disparos-en-la-madrugada-y-fue-detenido\/","url_meta":{"origin":4926,"position":2},"title":"Mar del Plata: Un hombre efectu\u00f3 disparos en la madrugada y fue detenido","author":"Alejandro Sosa Ruda","date":"12 febrero, 2026","format":false,"excerpt":"Vecinos alertaron al 911 por detonaciones en la v\u00eda p\u00fablica. La Polic\u00eda secuestr\u00f3 un rev\u00f3lver calibre .38 con la numeraci\u00f3n suprimida y la Fiscal\u00eda inici\u00f3 una causa por tenencia ilegal de arma y encubrimiento. 12 de febrero de 2026 MAR DEL PLATA -\u00a0 Un hombre de 30 a\u00f1os fue aprehendido\u2026","rel":"","context":"En \u00abPOLICIALES\u00bb","block_context":{"text":"POLICIALES","link":"https:\/\/larevistadigital.com.ar\/blog\/category\/policiales\/"},"img":{"alt_text":"","src":"https:\/\/i0.wp.com\/larevistadigital.com.ar\/blog\/wp-content\/uploads\/Captura-de-pantalla-2026-02-12-123904.jpg?fit=769%2C462&ssl=1&resize=350%2C200","width":350,"height":200,"srcset":"https:\/\/i0.wp.com\/larevistadigital.com.ar\/blog\/wp-content\/uploads\/Captura-de-pantalla-2026-02-12-123904.jpg?fit=769%2C462&ssl=1&resize=350%2C200 1x, https:\/\/i0.wp.com\/larevistadigital.com.ar\/blog\/wp-content\/uploads\/Captura-de-pantalla-2026-02-12-123904.jpg?fit=769%2C462&ssl=1&resize=525%2C300 1.5x, https:\/\/i0.wp.com\/larevistadigital.com.ar\/blog\/wp-content\/uploads\/Captura-de-pantalla-2026-02-12-123904.jpg?fit=769%2C462&ssl=1&resize=700%2C400 2x"},"classes":[]},{"id":41703,"url":"https:\/\/larevistadigital.com.ar\/blog\/chascomus-un-hombre-fue-detenido-tras-tiroteo-y-persecucion\/","url_meta":{"origin":4926,"position":3},"title":"Chascom\u00fas: Un hombre fue detenido tras tiroteo y persecuci\u00f3n","author":"Alejandro Sosa Ruda","date":"2 octubre, 2025","format":false,"excerpt":"El individuo portaba un arma con pedido de secuestro y llevaba coca\u00edna fraccionada. Qued\u00f3 detenido por m\u00faltiples delitos. 02 de Octubre de 2025 CHASCOM\u00daS -\u00a0 \u00a0Un operativo policial desarrollado en la madrugada de este jueves en Chascom\u00fas termin\u00f3 con la detenci\u00f3n de un hombre armado, luego de una persecuci\u00f3n y\u2026","rel":"","context":"En \u00abDESTACADAS\u00bb","block_context":{"text":"DESTACADAS","link":"https:\/\/larevistadigital.com.ar\/blog\/category\/destacadas\/"},"img":{"alt_text":"","src":"https:\/\/i0.wp.com\/larevistadigital.com.ar\/blog\/wp-content\/uploads\/WhatsApp-Image-2025-10-02-at-20.20.27.jpg?fit=996%2C1200&ssl=1&resize=350%2C200","width":350,"height":200,"srcset":"https:\/\/i0.wp.com\/larevistadigital.com.ar\/blog\/wp-content\/uploads\/WhatsApp-Image-2025-10-02-at-20.20.27.jpg?fit=996%2C1200&ssl=1&resize=350%2C200 1x, https:\/\/i0.wp.com\/larevistadigital.com.ar\/blog\/wp-content\/uploads\/WhatsApp-Image-2025-10-02-at-20.20.27.jpg?fit=996%2C1200&ssl=1&resize=525%2C300 1.5x, https:\/\/i0.wp.com\/larevistadigital.com.ar\/blog\/wp-content\/uploads\/WhatsApp-Image-2025-10-02-at-20.20.27.jpg?fit=996%2C1200&ssl=1&resize=700%2C400 2x"},"classes":[]},{"id":20645,"url":"https:\/\/larevistadigital.com.ar\/blog\/chascomus-balean-a-menor-de-17-anos\/","url_meta":{"origin":4926,"position":4},"title":"CHASCOM\u00daS: BALEAN A MENOR DE 17 A\u00d1OS","author":"Alejandro Sosa Ruda","date":"7 junio, 2021","format":false,"excerpt":"CHASCOM\u00daS - La polic\u00eda tom\u00f3 conocimiento telef\u00f3nicamente por parte del Hospital Municipal,\u00a0 que ingres\u00f3 un herido de arma de fuego. Al llegar, se identific\u00f3 al herido, que result\u00f3 se un menor de 17 a\u00f1os de edad, quien fue herido con un arma de fuego en la rodilla izquierda. La herida\u2026","rel":"","context":"En \u00abINTERES GENERAL\u00bb","block_context":{"text":"INTERES GENERAL","link":"https:\/\/larevistadigital.com.ar\/blog\/category\/interes-general\/"},"img":{"alt_text":"","src":"https:\/\/i0.wp.com\/larevistadigital.com.ar\/blog\/wp-content\/uploads\/2019\/01\/bbx_755050019_comisaria_chasco_01.jpg?fit=800%2C579&ssl=1&resize=350%2C200","width":350,"height":200,"srcset":"https:\/\/i0.wp.com\/larevistadigital.com.ar\/blog\/wp-content\/uploads\/2019\/01\/bbx_755050019_comisaria_chasco_01.jpg?fit=800%2C579&ssl=1&resize=350%2C200 1x, https:\/\/i0.wp.com\/larevistadigital.com.ar\/blog\/wp-content\/uploads\/2019\/01\/bbx_755050019_comisaria_chasco_01.jpg?fit=800%2C579&ssl=1&resize=525%2C300 1.5x, https:\/\/i0.wp.com\/larevistadigital.com.ar\/blog\/wp-content\/uploads\/2019\/01\/bbx_755050019_comisaria_chasco_01.jpg?fit=800%2C579&ssl=1&resize=700%2C400 2x"},"classes":[]},{"id":2864,"url":"https:\/\/larevistadigital.com.ar\/blog\/murio-el-hombre-que-habia-sido-baleado-durante-una-pelea-con-familiares-en-calle-juncal\/","url_meta":{"origin":4926,"position":5},"title":"Muri\u00f3 el hombre que hab\u00eda sido baleado durante una pelea con familiares en calle Juncal","author":"admin","date":"3 agosto, 2017","format":false,"excerpt":"El hecho hab\u00eda ocurrido el pasado 21 de julio en la ciudad de Dolores, cuando Abel Luna result\u00f3 gravemente herido de dos disparos de arma de fuego a la altura costal y cuello, tras discutir con sus familiares cuando habr\u00eda ido a una vivienda, a buscar a una mujer. La\u2026","rel":"","context":"En \u00abDOLORES\u00bb","block_context":{"text":"DOLORES","link":"https:\/\/larevistadigital.com.ar\/blog\/category\/dolores\/"},"img":{"alt_text":"","src":"https:\/\/i0.wp.com\/larevistadigital.com.ar\/blog\/wp-content\/uploads\/2017\/08\/dolores_03deagostode2017_elfuerte.jpg?fit=737%2C415&ssl=1&resize=350%2C200","width":350,"height":200,"srcset":"https:\/\/i0.wp.com\/larevistadigital.com.ar\/blog\/wp-content\/uploads\/2017\/08\/dolores_03deagostode2017_elfuerte.jpg?fit=737%2C415&ssl=1&resize=350%2C200 1x, https:\/\/i0.wp.com\/larevistadigital.com.ar\/blog\/wp-content\/uploads\/2017\/08\/dolores_03deagostode2017_elfuerte.jpg?fit=737%2C415&ssl=1&resize=525%2C300 1.5x, https:\/\/i0.wp.com\/larevistadigital.com.ar\/blog\/wp-content\/uploads\/2017\/08\/dolores_03deagostode2017_elfuerte.jpg?fit=737%2C415&ssl=1&resize=700%2C400 2x"},"classes":[]}],"_links":{"self":[{"href":"https:\/\/larevistadigital.com.ar\/blog\/wp-json\/wp\/v2\/posts\/4926","targetHints":{"allow":["GET"]}}],"collection":[{"href":"https:\/\/larevistadigital.com.ar\/blog\/wp-json\/wp\/v2\/posts"}],"about":[{"href":"https:\/\/larevistadigital.com.ar\/blog\/wp-json\/wp\/v2\/types\/post"}],"author":[{"embeddable":true,"href":"https:\/\/larevistadigital.com.ar\/blog\/wp-json\/wp\/v2\/users\/3"}],"replies":[{"embeddable":true,"href":"https:\/\/larevistadigital.com.ar\/blog\/wp-json\/wp\/v2\/comments?post=4926"}],"version-history":[{"count":1,"href":"https:\/\/larevistadigital.com.ar\/blog\/wp-json\/wp\/v2\/posts\/4926\/revisions"}],"predecessor-version":[{"id":4928,"href":"https:\/\/larevistadigital.com.ar\/blog\/wp-json\/wp\/v2\/posts\/4926\/revisions\/4928"}],"wp:featuredmedia":[{"embeddable":true,"href":"https:\/\/larevistadigital.com.ar\/blog\/wp-json\/wp\/v2\/media\/4927"}],"wp:attachment":[{"href":"https:\/\/larevistadigital.com.ar\/blog\/wp-json\/wp\/v2\/media?parent=4926"}],"wp:term":[{"taxonomy":"category","embeddable":true,"href":"https:\/\/larevistadigital.com.ar\/blog\/wp-json\/wp\/v2\/categories?post=4926"},{"taxonomy":"post_tag","embeddable":true,"href":"https:\/\/larevistadigital.com.ar\/blog\/wp-json\/wp\/v2\/tags?post=4926"}],"curies":[{"name":"wp","href":"https:\/\/api.w.org\/{rel}","templated":true}]}}