{"id":4929,"date":"2018-02-14T18:06:35","date_gmt":"2018-02-14T18:06:35","guid":{"rendered":"https:\/\/larevistadigital.com.ar\/blog\/?p=4929"},"modified":"2018-02-14T18:06:35","modified_gmt":"2018-02-14T18:06:35","slug":"chascomus-actuaciones-policiales-del-fin-semana","status":"publish","type":"post","link":"https:\/\/larevistadigital.com.ar\/blog\/chascomus-actuaciones-policiales-del-fin-semana\/","title":{"rendered":"CHASCOM\u00daS: ACTUACIONES POLICIALES DEL FIN DE SEMANA"},"content":{"rendered":"<p><strong>INCENDIO INTENCIONAL<\/strong><\/p>\n<p>Se inician actuaciones caratuladas como Incendio, resultando damnificada <strong>Pamela Lanta\u00f1o<\/strong>.<\/p>\n<p>El hecho se produjo en una vivienda sin habitar en calle Italia 297. Por el hecho con aporte de testigos se indiviadualiz\u00f3 a los responsables del mismo a dos menores de 12 a\u00f1os vecinos de la zona.<\/p>\n<p>Interviene<strong> Dra M\u00f3nica Ferr\u00e9<\/strong> Fiscal\u00eda de Menores Dolores.<\/p>\n<p><strong>AGRESI\u00d3N Y LESIONES<\/strong><\/p>\n<p>En.la madrugada del 11.02.18 en inmediaciones de Gonz\u00e1lez Ch\u00e1vez y Costanera, personal policial ante requerimiento de 911 y con apoyo de Monitoreo Municipal procede a la aprehensi\u00f3n de cuatro j\u00f3venes mayores masculinos, quienes instantes antes hab\u00edan agredido a un joven de 20 a\u00f1os provoc\u00e1ndole lesiones.<\/p>\n<p>UFID 10 a cargo <strong>Dr Jonathan Robert<\/strong> dispuso aprehensi\u00f3n de los cuatro agresores quienes una vez indagados recuperaron su libertad.<\/p>\n<p><strong>DA\u00d1OS EN UN COMERCIO<\/strong><\/p>\n<p>En la.madrugada del 11.02.18 se procedi\u00f3 a la aprehensi\u00f3n de <strong>Marcos Beroy<\/strong> de 19 a\u00f1os por ocasionar da\u00f1os en un comercio de av. Costanera y Avellaneda de este medio y resistirse a los uniformados.<\/p>\n<p>En virtud de los antecedentes del mismo <strong>Dr Jonathan Robert<\/strong> titular de UFID 10 dispuso detenci\u00f3n.<\/p>\n<p><strong>TENTATIVA DE HURTO<\/strong><\/p>\n<p>En la madrugada se procede a la aprehensi\u00f3n de un menor de 17 a\u00f1os quien fue sorprendido por personal policial con apoyo de monitoreo mientras intentaba sustraer un motovehiculo del dep\u00f3sito municipal de.motos de autov\u00eda 2.<\/p>\n<p>Interviene Fiscal\u00eda de Menores de dolores quien dispuso entrega de menor a progenitor. Actuaciones tentativa de hurto<\/p>\n","protected":false},"excerpt":{"rendered":"<div class=\"mh-excerpt\"><p>INCENDIO INTENCIONAL Se inician actuaciones caratuladas como Incendio, resultando damnificada Pamela Lanta\u00f1o. El hecho se produjo en una vivienda sin habitar en calle Italia 297. Por el hecho con aporte de testigos se indiviadualiz\u00f3 a <a class=\"mh-excerpt-more\" href=\"https:\/\/larevistadigital.com.ar\/blog\/chascomus-actuaciones-policiales-del-fin-semana\/\" title=\"CHASCOM\u00daS: ACTUACIONES POLICIALES DEL FIN DE SEMANA\">[Leer M\u00e1s]<\/a><\/p>\n<\/div>","protected":false},"author":3,"featured_media":4931,"comment_status":"open","ping_status":"open","sticky":false,"template":"","format":"standard","meta":{"_jetpack_memberships_contains_paid_content":false,"footnotes":"","jetpack_publicize_message":"","jetpack_publicize_feature_enabled":true,"jetpack_social_post_already_shared":true,"jetpack_social_options":{"image_generator_settings":{"template":"highway","default_image_id":0,"font":"","enabled":false},"version":2}},"categories":[44,12],"tags":[],"class_list":{"0":"post-4929","1":"post","2":"type-post","3":"status-publish","4":"format-standard","5":"has-post-thumbnail","7":"category-policiales","8":"category-politica"},"jetpack_publicize_connections":[],"jetpack_featured_media_url":"https:\/\/i0.wp.com\/larevistadigital.com.ar\/blog\/wp-content\/uploads\/2018\/02\/3.png?fit=915%2C585&ssl=1","jetpack_sharing_enabled":true,"jetpack_shortlink":"https:\/\/wp.me\/p8qtrQ-1hv","jetpack-related-posts":[{"id":5671,"url":"https:\/\/larevistadigital.com.ar\/blog\/chascomus-actuaciones-policiales\/","url_meta":{"origin":4929,"position":0},"title":"CHASCOM\u00daS: ACTUACIONES POLICIALES","author":"Alejandro Sosa Ruda","date":"27 mayo, 2018","format":false,"excerpt":"Ayer a las 19:00 hs en Av. Costanera y Manuel Fresco (la Bajadita) personal de la E.P.C Chascomus junto al personal del Grupo GAD Interceptan Fiat Siena en el cual dos j\u00f3venes uno de ellos de 21 a\u00f1os masculino y otra de 19 a\u00f1os (hermanos) ambos domiciliados en CABA a\u2026","rel":"","context":"En \u00abPOLICIALES\u00bb","block_context":{"text":"POLICIALES","link":"https:\/\/larevistadigital.com.ar\/blog\/category\/policiales\/"},"img":{"alt_text":"","src":"https:\/\/i0.wp.com\/larevistadigital.com.ar\/blog\/wp-content\/uploads\/2018\/05\/WhatsApp-Image-2018-05-27-at-01.15.50.jpeg?fit=600%2C1066&ssl=1&resize=350%2C200","width":350,"height":200,"srcset":"https:\/\/i0.wp.com\/larevistadigital.com.ar\/blog\/wp-content\/uploads\/2018\/05\/WhatsApp-Image-2018-05-27-at-01.15.50.jpeg?fit=600%2C1066&ssl=1&resize=350%2C200 1x, https:\/\/i0.wp.com\/larevistadigital.com.ar\/blog\/wp-content\/uploads\/2018\/05\/WhatsApp-Image-2018-05-27-at-01.15.50.jpeg?fit=600%2C1066&ssl=1&resize=525%2C300 1.5x"},"classes":[]},{"id":28088,"url":"https:\/\/larevistadigital.com.ar\/blog\/actuaciones-policiales-del-dia-de-ayer\/","url_meta":{"origin":4929,"position":1},"title":"ACTUACIONES POLICIALES DEL D\u00cdA DE AYER","author":"Alejandro Sosa Ruda","date":"27 septiembre, 2022","format":false,"excerpt":"La Polic\u00eda Comunal inform\u00f3 las actuaciones del d\u00eda de ayer. 27 de septiembre de 2022 CHASCOM\u00daS -\u00a0 La Polic\u00eda Comunal brind\u00f3 informaci\u00f3n acerca de las actuaciones del d\u00eda de ayer, mencionando los siguientes hechos: TENTATIVA DE ROBO CALIFICADO: Luego de recibir una llamada al 911, informando que se estaba llevando\u2026","rel":"","context":"En \u00abINTERES GENERAL\u00bb","block_context":{"text":"INTERES GENERAL","link":"https:\/\/larevistadigital.com.ar\/blog\/category\/interes-general\/"},"img":{"alt_text":"","src":"https:\/\/i0.wp.com\/larevistadigital.com.ar\/blog\/wp-content\/uploads\/2019\/01\/bbx_755050019_comisaria_chasco_01.jpg?fit=800%2C579&ssl=1&resize=350%2C200","width":350,"height":200,"srcset":"https:\/\/i0.wp.com\/larevistadigital.com.ar\/blog\/wp-content\/uploads\/2019\/01\/bbx_755050019_comisaria_chasco_01.jpg?fit=800%2C579&ssl=1&resize=350%2C200 1x, https:\/\/i0.wp.com\/larevistadigital.com.ar\/blog\/wp-content\/uploads\/2019\/01\/bbx_755050019_comisaria_chasco_01.jpg?fit=800%2C579&ssl=1&resize=525%2C300 1.5x, https:\/\/i0.wp.com\/larevistadigital.com.ar\/blog\/wp-content\/uploads\/2019\/01\/bbx_755050019_comisaria_chasco_01.jpg?fit=800%2C579&ssl=1&resize=700%2C400 2x"},"classes":[]},{"id":44797,"url":"https:\/\/larevistadigital.com.ar\/blog\/escuela-destruida-por-un-incendio-intencional-acusan-a-un-chico-de-13-anos\/","url_meta":{"origin":4929,"position":2},"title":"Escuela destruida por un incendio intencional: acusan a un chico de 13 a\u00f1os","author":"Alejandro Sosa Ruda","date":"30 marzo, 2026","format":false,"excerpt":"El fuego arras\u00f3 por completo la Escuela N\u00b0102 en Misiones. La Justicia investiga el hecho y el menor qued\u00f3 a disposici\u00f3n del Juzgado. 30 de marzo de 2026 MISIONES -\u00a0 \u00a0Un hecho conmocionante sacude a la localidad de San Antonio, en Misiones. Un adolescente de 13 a\u00f1os fue acusado de\u2026","rel":"","context":"En \u00abINTERES GENERAL\u00bb","block_context":{"text":"INTERES GENERAL","link":"https:\/\/larevistadigital.com.ar\/blog\/category\/interes-general\/"},"img":{"alt_text":"","src":"https:\/\/i0.wp.com\/larevistadigital.com.ar\/blog\/wp-content\/uploads\/Captura-de-pantalla-2026-03-30-002559.jpg?fit=915%2C394&ssl=1&resize=350%2C200","width":350,"height":200,"srcset":"https:\/\/i0.wp.com\/larevistadigital.com.ar\/blog\/wp-content\/uploads\/Captura-de-pantalla-2026-03-30-002559.jpg?fit=915%2C394&ssl=1&resize=350%2C200 1x, https:\/\/i0.wp.com\/larevistadigital.com.ar\/blog\/wp-content\/uploads\/Captura-de-pantalla-2026-03-30-002559.jpg?fit=915%2C394&ssl=1&resize=525%2C300 1.5x, https:\/\/i0.wp.com\/larevistadigital.com.ar\/blog\/wp-content\/uploads\/Captura-de-pantalla-2026-03-30-002559.jpg?fit=915%2C394&ssl=1&resize=700%2C400 2x"},"classes":[]},{"id":44857,"url":"https:\/\/larevistadigital.com.ar\/blog\/vecinos-persiguen-y-detienen-a-dos-menores-de-15-anos-que-habian-robado-una-moto\/","url_meta":{"origin":4929,"position":3},"title":"Vecinos persiguen y detienen a dos menores de 15 a\u00f1os, que hab\u00edan robado una moto","author":"Alejandro Sosa Ruda","date":"31 marzo, 2026","format":false,"excerpt":"El hecho ocurri\u00f3 en el barrio 9 de Julio. Los adolescentes hab\u00edan sustra\u00eddo el rodado de la v\u00eda p\u00fablica y fueron interceptados tras una persecuci\u00f3n. 31 de marzo de 2026 MAR DEL PLATA -\u00a0 Un nuevo episodio de inseguridad con menores involucrados se registr\u00f3 en el barrio 9 de Julio,\u2026","rel":"","context":"En \u00abPOLICIALES\u00bb","block_context":{"text":"POLICIALES","link":"https:\/\/larevistadigital.com.ar\/blog\/category\/policiales\/"},"img":{"alt_text":"","src":"https:\/\/i0.wp.com\/larevistadigital.com.ar\/blog\/wp-content\/uploads\/Captura-de-pantalla-2026-03-31-175334.jpg?fit=803%2C497&ssl=1&resize=350%2C200","width":350,"height":200,"srcset":"https:\/\/i0.wp.com\/larevistadigital.com.ar\/blog\/wp-content\/uploads\/Captura-de-pantalla-2026-03-31-175334.jpg?fit=803%2C497&ssl=1&resize=350%2C200 1x, https:\/\/i0.wp.com\/larevistadigital.com.ar\/blog\/wp-content\/uploads\/Captura-de-pantalla-2026-03-31-175334.jpg?fit=803%2C497&ssl=1&resize=525%2C300 1.5x, https:\/\/i0.wp.com\/larevistadigital.com.ar\/blog\/wp-content\/uploads\/Captura-de-pantalla-2026-03-31-175334.jpg?fit=803%2C497&ssl=1&resize=700%2C400 2x"},"classes":[]},{"id":30629,"url":"https:\/\/larevistadigital.com.ar\/blog\/chascomus-choco-su-auto-y-furioso-intento-incendiar-su-casa\/","url_meta":{"origin":4929,"position":4},"title":"CHASCOM\u00daS: CHOC\u00d3 SU AUTO, Y FURIOSO INTENT\u00d3 INCENDIAR SU CASA.","author":"Alejandro Sosa Ruda","date":"19 marzo, 2023","format":false,"excerpt":"La polic\u00eda tuvo que aprehenderlo porque el sujeto estaba muy alterado. Los Bomberos lograron controlar el incendio. 19 de marzo de 2023 CHASCOM\u00daS -\u00a0 Durante la jornada del s\u00e1bado se produjo un accidente de tr\u00e1nsito en calle Malvinas Argentinas y Rivadavia, donde un autom\u00f3vil Fiat Duna colision\u00f3 con un \u00e1rbol.\u2026","rel":"","context":"En \u00abCHASCOM\u00daS\u00bb","block_context":{"text":"CHASCOM\u00daS","link":"https:\/\/larevistadigital.com.ar\/blog\/category\/chascomus\/"},"img":{"alt_text":"","src":"https:\/\/i0.wp.com\/larevistadigital.com.ar\/blog\/wp-content\/uploads\/1620734310362-1.jpg?fit=1200%2C594&ssl=1&resize=350%2C200","width":350,"height":200,"srcset":"https:\/\/i0.wp.com\/larevistadigital.com.ar\/blog\/wp-content\/uploads\/1620734310362-1.jpg?fit=1200%2C594&ssl=1&resize=350%2C200 1x, https:\/\/i0.wp.com\/larevistadigital.com.ar\/blog\/wp-content\/uploads\/1620734310362-1.jpg?fit=1200%2C594&ssl=1&resize=525%2C300 1.5x, https:\/\/i0.wp.com\/larevistadigital.com.ar\/blog\/wp-content\/uploads\/1620734310362-1.jpg?fit=1200%2C594&ssl=1&resize=700%2C400 2x, https:\/\/i0.wp.com\/larevistadigital.com.ar\/blog\/wp-content\/uploads\/1620734310362-1.jpg?fit=1200%2C594&ssl=1&resize=1050%2C600 3x"},"classes":[]},{"id":37243,"url":"https:\/\/larevistadigital.com.ar\/blog\/chascomus-detienen-a-un-sujeto-por-violencia-de-genero\/","url_meta":{"origin":4929,"position":5},"title":"CHASCOM\u00daS: DETIENEN A UN SUJETO POR VIOLENCIA DE G\u00c9NERO","author":"Alejandro Sosa Ruda","date":"16 septiembre, 2024","format":false,"excerpt":"La mujer pidi\u00f3 ayuda de manera disimulada a un transe\u00fante, que a su vez inform\u00f3 a la polic\u00eda que aprehendi\u00f3 al sujeto. 16 de Septiembre de 2024 CHASCOM\u00daS\u00a0 -\u00a0 \u00a0En horas del mediodia del dia sabado, personal policial de E.P.C. Chascomus 1ra. se traslado al barrio la noria ya que\u2026","rel":"","context":"En \u00abINTERES GENERAL\u00bb","block_context":{"text":"INTERES GENERAL","link":"https:\/\/larevistadigital.com.ar\/blog\/category\/interes-general\/"},"img":{"alt_text":"","src":"https:\/\/i0.wp.com\/larevistadigital.com.ar\/blog\/wp-content\/uploads\/detenido-esposado.jpg?fit=1024%2C683&ssl=1&resize=350%2C200","width":350,"height":200,"srcset":"https:\/\/i0.wp.com\/larevistadigital.com.ar\/blog\/wp-content\/uploads\/detenido-esposado.jpg?fit=1024%2C683&ssl=1&resize=350%2C200 1x, https:\/\/i0.wp.com\/larevistadigital.com.ar\/blog\/wp-content\/uploads\/detenido-esposado.jpg?fit=1024%2C683&ssl=1&resize=525%2C300 1.5x, https:\/\/i0.wp.com\/larevistadigital.com.ar\/blog\/wp-content\/uploads\/detenido-esposado.jpg?fit=1024%2C683&ssl=1&resize=700%2C400 2x"},"classes":[]}],"_links":{"self":[{"href":"https:\/\/larevistadigital.com.ar\/blog\/wp-json\/wp\/v2\/posts\/4929","targetHints":{"allow":["GET"]}}],"collection":[{"href":"https:\/\/larevistadigital.com.ar\/blog\/wp-json\/wp\/v2\/posts"}],"about":[{"href":"https:\/\/larevistadigital.com.ar\/blog\/wp-json\/wp\/v2\/types\/post"}],"author":[{"embeddable":true,"href":"https:\/\/larevistadigital.com.ar\/blog\/wp-json\/wp\/v2\/users\/3"}],"replies":[{"embeddable":true,"href":"https:\/\/larevistadigital.com.ar\/blog\/wp-json\/wp\/v2\/comments?post=4929"}],"version-history":[{"count":1,"href":"https:\/\/larevistadigital.com.ar\/blog\/wp-json\/wp\/v2\/posts\/4929\/revisions"}],"predecessor-version":[{"id":4932,"href":"https:\/\/larevistadigital.com.ar\/blog\/wp-json\/wp\/v2\/posts\/4929\/revisions\/4932"}],"wp:featuredmedia":[{"embeddable":true,"href":"https:\/\/larevistadigital.com.ar\/blog\/wp-json\/wp\/v2\/media\/4931"}],"wp:attachment":[{"href":"https:\/\/larevistadigital.com.ar\/blog\/wp-json\/wp\/v2\/media?parent=4929"}],"wp:term":[{"taxonomy":"category","embeddable":true,"href":"https:\/\/larevistadigital.com.ar\/blog\/wp-json\/wp\/v2\/categories?post=4929"},{"taxonomy":"post_tag","embeddable":true,"href":"https:\/\/larevistadigital.com.ar\/blog\/wp-json\/wp\/v2\/tags?post=4929"}],"curies":[{"name":"wp","href":"https:\/\/api.w.org\/{rel}","templated":true}]}}