{"id":4960,"date":"2018-02-20T14:53:38","date_gmt":"2018-02-20T14:53:38","guid":{"rendered":"https:\/\/larevistadigital.com.ar\/blog\/?p=4960"},"modified":"2018-02-20T14:54:53","modified_gmt":"2018-02-20T14:54:53","slug":"video-del-dia-cinco-hombres-lobos-supuestamente-reales-captados-video","status":"publish","type":"post","link":"https:\/\/larevistadigital.com.ar\/blog\/video-del-dia-cinco-hombres-lobos-supuestamente-reales-captados-video\/","title":{"rendered":"VIDEO DEL D\u00cdA: CINCO HOMBRES LOBO SUPUESTAMENTE REALES CAPTADOS EN VIDEO"},"content":{"rendered":"<p>El\u00a0<em>hombre lobo<\/em>, tambi\u00e9n conocido como lic\u00e1ntropo, es una criatura legendaria presente en muchas culturas independientes a lo largo del mundo. Se ha dicho que este es el m\u00e1s universal de todos los mitos (probablemente junto con el del vampiro), y a\u00fan hoy, mucha gente cree en la existencia de los\u00a0<em>hombres lobo.<\/em><\/p>\n<p><strong>ALGUNOS DATOS DE LOS HOMBRES LOBO<\/strong><\/p>\n<h2>9. Se los puede llamar lic\u00e1ntropos<\/h2>\n<p>La palabra\u00a0<strong>lic\u00e1ntropo<\/strong>\u00a0viene de las palabras griegas\u00a0<em>lukos<\/em>, que significa lobo, y\u00a0<em>anthropos<\/em>,\u00a0que significa hombre. Fueron nombrados por primera vez en el siglo V a. E. C., por el historiador Herodoto, quien dijo que en la ciudad de Escitia los pobladores se transformaban en lobo una vez al a\u00f1o por varios d\u00edas y luego volv\u00edan a su aspecto normal.<\/p>\n<h2>8. Fue tambi\u00e9n una enfermedad mental<\/h2>\n<p>En el siglo II el m\u00e9dico\u00a0<strong>Galeno<\/strong>\u00a0describi\u00f3 una enfermedad mental por la cual una persona cre\u00eda poder transformarse en animal y la llam\u00f3\u00a0<strong>licantrop\u00eda cl\u00ednica<\/strong>.<\/p>\n<h2>7. Existen realmente, aunque no como te imaginas<\/h2>\n<p>La<strong>\u00a0hipertricosis<\/strong>\u00a0es una enfermedad que hace que crezca una gran cantidad de vello en el cuerpo de una persona. Suele llamarse el\u00a0<strong>s\u00edndrome del hombre lobo<\/strong>.<\/p>\n<section class=\"block block-crvt-adbtgmedia block-crvt-adbtgmedia-ad-7-300x250-paginado-mobile\">\n<div id=\"ad_7-300x250-paginado-mobile\" class=\"banner-placement mobile\">\n<h2>6. Hab\u00eda juicios a los hombres lobo<\/h2>\n<\/div>\n<\/section>\n<p>As\u00ed como hab\u00eda juicios a las mujeres acusadas de\u00a0<strong>brujas<\/strong>, tambi\u00e9n lo hab\u00eda a personas acusadas de ser\u00a0<strong>hombres lobo<\/strong>. No eran demasiado comunes, pero se extendieron hasta el siglo XVIII. Claro que era mejor culpar a mujeres y no hombres, aunque fueran hombres lobos.<\/p>\n<h2>5. Otros animales tambi\u00e9n exist\u00edan<\/h2>\n<div id=\"player-wrapper-22933036574029920\" class=\"jw-ad-visible\">\n<div>\u00a0Adem\u00e1s del hombre lobo, en el norte de Europa surgieron muchas leyendas de personas transform\u00e1ndose en otros animales, como por ejemplo osos. En pa\u00edses donde no se encuentran lobos f\u00e1cilmente se crearon otras criaturas, como\u00a0<strong>hombres puma<\/strong>\u00a0en Am\u00e9rica del Sur,\u00a0<strong>hombres tigre<\/strong>\u00a0en Asia y\u00a0<strong>hombres hiena<\/strong>\u00a0en \u00c1frica.<\/div>\n<\/div>\n<h2>4. No todos son malos<\/h2>\n<p>En Letonia y Lituania los hombres lobo suelen ser buenos y traen tesoros a las personas. \u00bfNo te hace acordar a la saga\u00a0<strong><em>Twilight<\/em><\/strong>? Adem\u00e1s, mientras en la mayor\u00eda de los pa\u00edses se considera que los\u00a0<strong>vampiros y hombres lobo<\/strong>\u00a0compiten, en otros se dice que un hombre lobo que muere renace como vampiro.<\/p>\n<h2>3. Una mordida mortal<\/h2>\n<p>De acuerdo a los mitos, los hombres lobo suelen transmitir su condici\u00f3n mediante una mordida a otra persona, y esta idea proviene de la enfermedad de la rabia, que se transmite igual. Sin embargo existen otras creencias sobre c\u00f3mo convertirse en uno: heredarlo de los padres, ser maldecido por un gitano, ponerse un cintur\u00f3n hecho de piel de lobo, tomar agua de la huella de un lobo o dormir afuera con la luna llena brillando en la cara.<\/p>\n<h2>2. C\u00f3mo da\u00f1ar a un hombre lobo<\/h2>\n<p>Para da\u00f1ar a un hombre lobo el mejor m\u00e9todo es una bala de plata. Pero si lo que queremos es hacer desaparecer esta condici\u00f3n de la persona los m\u00e9todos conocidos son el exorcismo, el ac\u00f3nito y perforar sus manos con clavos. Siempre seg\u00fan las leyendas, obviamente&#8230;<\/p>\n<h2>1. Francia sufri\u00f3 un ataque que los populariz\u00f3<\/h2>\n<p>En 1760 apareci\u00f3 la<strong>\u00a0Bestia de Gevaudan<\/strong>, que devor\u00f3 a m\u00e1s de cien personas. La mayor\u00eda pensaba que eran\u00a0<a href=\"http:\/\/list25.com\/25-outrageous-werewolves-facts-you-probably-never-knew\/1\/\" target=\"_blank\" rel=\"noopener\">hombres lobo<\/a>, e incluso se pidi\u00f3 al ej\u00e9rcito y a un grupo de cazadores que se encargaran de ellos. Es probable que fuera solamente un perro muy grande o alguna cruza entre perros y lobos.<\/p>\n<p style=\"text-align: center\"><strong>AC\u00c1 EL VIDEO QUE MUESTRA SUPUESTOS HOMBRES LOBO REALES<\/strong><\/p>\n<p>&nbsp;<\/p>\n<div style=\"width: 640px;\" class=\"wp-video\"><!--[if lt IE 9]><script>document.createElement('video');<\/script><![endif]-->\n<video class=\"wp-video-shortcode\" id=\"video-4960-1\" width=\"640\" height=\"360\" preload=\"metadata\" controls=\"controls\"><source type=\"video\/mp4\" src=\"https:\/\/larevistadigital.com.ar\/blog\/wp-content\/uploads\/2018\/02\/HOMBRES-LOBO-UNO.mp4?_=1\" \/><a href=\"https:\/\/larevistadigital.com.ar\/blog\/wp-content\/uploads\/2018\/02\/HOMBRES-LOBO-UNO.mp4\">https:\/\/larevistadigital.com.ar\/blog\/wp-content\/uploads\/2018\/02\/HOMBRES-LOBO-UNO.mp4<\/a><\/video><\/div>\n","protected":false},"excerpt":{"rendered":"<div class=\"mh-excerpt\"><p>El\u00a0hombre lobo, tambi\u00e9n conocido como lic\u00e1ntropo, es una criatura legendaria presente en muchas culturas independientes a lo largo del mundo. Se ha dicho que este es el m\u00e1s universal de todos los mitos (probablemente junto <a class=\"mh-excerpt-more\" href=\"https:\/\/larevistadigital.com.ar\/blog\/video-del-dia-cinco-hombres-lobos-supuestamente-reales-captados-video\/\" title=\"VIDEO DEL D\u00cdA: CINCO HOMBRES LOBO SUPUESTAMENTE REALES CAPTADOS EN VIDEO\">[Leer M\u00e1s]<\/a><\/p>\n<\/div>","protected":false},"author":3,"featured_media":4963,"comment_status":"open","ping_status":"open","sticky":false,"template":"","format":"standard","meta":{"_jetpack_memberships_contains_paid_content":false,"footnotes":"","jetpack_publicize_message":"","jetpack_publicize_feature_enabled":true,"jetpack_social_post_already_shared":true,"jetpack_social_options":{"image_generator_settings":{"template":"highway","default_image_id":0,"font":"","enabled":false},"version":2}},"categories":[45],"tags":[],"class_list":{"0":"post-4960","1":"post","2":"type-post","3":"status-publish","4":"format-standard","5":"has-post-thumbnail","7":"category-lo-vi-en-internet"},"jetpack_publicize_connections":[],"jetpack_featured_media_url":"https:\/\/i0.wp.com\/larevistadigital.com.ar\/blog\/wp-content\/uploads\/2018\/02\/lic%C3%A1ntropo.jpg?fit=1280%2C720&ssl=1","jetpack_sharing_enabled":true,"jetpack_shortlink":"https:\/\/wp.me\/p8qtrQ-1i0","jetpack-related-posts":[{"id":17260,"url":"https:\/\/larevistadigital.com.ar\/blog\/sorpresivo-hallazgo-de-un-lobo-marino-en-la-costa-de-berazategui\/","url_meta":{"origin":4960,"position":0},"title":"SORPRESIVO HALLAZGO DE UN LOBO MARINO EN LA COSTA DE BERAZATEGUI","author":"Alejandro Sosa Ruda","date":"27 octubre, 2020","format":false,"excerpt":"El animal qued\u00f3 al resguardo en una pileta municipal a la espera de ser trasladado a Mundo Marino. Un peque\u00f1o lobo marino apareci\u00f3 en la costa de la localidad bonaerense de Berazategui,\u00a0por lo que tuvo que quedar a resguardo en las piletas de un completo recreativo municipal a la espera\u2026","rel":"","context":"En \u00abREGIONALES\u00bb","block_context":{"text":"REGIONALES","link":"https:\/\/larevistadigital.com.ar\/blog\/category\/regionales\/"},"img":{"alt_text":"","src":"https:\/\/i0.wp.com\/larevistadigital.com.ar\/blog\/wp-content\/uploads\/0038190487.jpg?fit=1140%2C640&ssl=1&resize=350%2C200","width":350,"height":200,"srcset":"https:\/\/i0.wp.com\/larevistadigital.com.ar\/blog\/wp-content\/uploads\/0038190487.jpg?fit=1140%2C640&ssl=1&resize=350%2C200 1x, https:\/\/i0.wp.com\/larevistadigital.com.ar\/blog\/wp-content\/uploads\/0038190487.jpg?fit=1140%2C640&ssl=1&resize=525%2C300 1.5x, https:\/\/i0.wp.com\/larevistadigital.com.ar\/blog\/wp-content\/uploads\/0038190487.jpg?fit=1140%2C640&ssl=1&resize=700%2C400 2x, https:\/\/i0.wp.com\/larevistadigital.com.ar\/blog\/wp-content\/uploads\/0038190487.jpg?fit=1140%2C640&ssl=1&resize=1050%2C600 3x"},"classes":[]},{"id":21638,"url":"https:\/\/larevistadigital.com.ar\/blog\/san-bernardo-sorpresa-por-la-aparicion-de-un-lobo-marino-en-las-calles\/","url_meta":{"origin":4960,"position":1},"title":"SAN BERNARDO: SORPRESA POR LA APARICI\u00d3N DE UN LOBO MARINO EN LAS CALLES","author":"Alejandro Sosa Ruda","date":"22 agosto, 2021","format":false,"excerpt":"SAN BERNARDO - Un lobo marino sali\u00f3 del mar y sorprendi\u00f3 a quienes recorr\u00edan las playas de San Bernardo. El simp\u00e1tico animal recorri\u00f3 la avenida Costanera para luego descansar sobre Hernandarias, cautivando la mirada de quienes lo cruzaron y su imagen se viraliz\u00f3 en las redes sociales. Las autoridades recordaron\u2026","rel":"","context":"En \u00abREGIONALES\u00bb","block_context":{"text":"REGIONALES","link":"https:\/\/larevistadigital.com.ar\/blog\/category\/regionales\/"},"img":{"alt_text":"","src":"https:\/\/i0.wp.com\/larevistadigital.com.ar\/blog\/wp-content\/uploads\/57bae59d807de19e844ba7873642b3a5e47c5d87.jpg?fit=987%2C900&ssl=1&resize=350%2C200","width":350,"height":200,"srcset":"https:\/\/i0.wp.com\/larevistadigital.com.ar\/blog\/wp-content\/uploads\/57bae59d807de19e844ba7873642b3a5e47c5d87.jpg?fit=987%2C900&ssl=1&resize=350%2C200 1x, https:\/\/i0.wp.com\/larevistadigital.com.ar\/blog\/wp-content\/uploads\/57bae59d807de19e844ba7873642b3a5e47c5d87.jpg?fit=987%2C900&ssl=1&resize=525%2C300 1.5x, https:\/\/i0.wp.com\/larevistadigital.com.ar\/blog\/wp-content\/uploads\/57bae59d807de19e844ba7873642b3a5e47c5d87.jpg?fit=987%2C900&ssl=1&resize=700%2C400 2x"},"classes":[]},{"id":22614,"url":"https:\/\/larevistadigital.com.ar\/blog\/rescate-aparecio-un-pequeno-lobo-marino-en-las-costas-de-berisso\/","url_meta":{"origin":4960,"position":2},"title":"RESCATE: APARECI\u00d3 UN PEQUE\u00d1O LOBO MARINO EN LAS COSTAS DE BERISSO","author":"Alejandro Sosa Ruda","date":"9 noviembre, 2021","format":false,"excerpt":"Este domingo por la tarde, vecinos de la ciudad de Berisso que disfrutaban de una jornada espl\u00e9ndida en la rivera del r\u00edo, avistaron a un peque\u00f1o lobo marino, que con dificultad intentaba acercarse a la playa. Fue rescatado por personal de Defensa Civil del municipio. BERISSO\u00a0 -\u00a0Un peque\u00f1o lobo marino\u2026","rel":"","context":"En \u00abREGIONALES\u00bb","block_context":{"text":"REGIONALES","link":"https:\/\/larevistadigital.com.ar\/blog\/category\/regionales\/"},"img":{"alt_text":"","src":"https:\/\/i0.wp.com\/larevistadigital.com.ar\/blog\/wp-content\/uploads\/Captura-de-pantalla-2021-11-09-001421.jpg?fit=988%2C502&ssl=1&resize=350%2C200","width":350,"height":200,"srcset":"https:\/\/i0.wp.com\/larevistadigital.com.ar\/blog\/wp-content\/uploads\/Captura-de-pantalla-2021-11-09-001421.jpg?fit=988%2C502&ssl=1&resize=350%2C200 1x, https:\/\/i0.wp.com\/larevistadigital.com.ar\/blog\/wp-content\/uploads\/Captura-de-pantalla-2021-11-09-001421.jpg?fit=988%2C502&ssl=1&resize=525%2C300 1.5x, https:\/\/i0.wp.com\/larevistadigital.com.ar\/blog\/wp-content\/uploads\/Captura-de-pantalla-2021-11-09-001421.jpg?fit=988%2C502&ssl=1&resize=700%2C400 2x"},"classes":[]},{"id":26423,"url":"https:\/\/larevistadigital.com.ar\/blog\/prefectura-rescato-un-lobo-marino-en-la-plata\/","url_meta":{"origin":4960,"position":3},"title":"PREFECTURA RESCAT\u00d3 UN LOBO MARINO EN LA PLATA","author":"Alejandro Sosa Ruda","date":"7 julio, 2022","format":false,"excerpt":"Efectivos de la Prefectura Naval Argentina rescataron a un lobo marino peque\u00f1o que apareci\u00f3, desorientado, sobre la escollera del canal de acceso al puerto de La Plata. LA PLATA -\u00a0 La Autoridad Mar\u00edtima fue advertida de la presencia del animal e inmediatamente destac\u00f3 al lugar personal de la Prefectura Isla\u2026","rel":"","context":"En \u00abINTERES GENERAL\u00bb","block_context":{"text":"INTERES GENERAL","link":"https:\/\/larevistadigital.com.ar\/blog\/category\/interes-general\/"},"img":{"alt_text":"","src":"https:\/\/i0.wp.com\/larevistadigital.com.ar\/blog\/wp-content\/uploads\/20220706165834_prefectura-naval-rescato-un-lobo-marino-en-la-plata.jpg?fit=880%2C512&ssl=1&resize=350%2C200","width":350,"height":200,"srcset":"https:\/\/i0.wp.com\/larevistadigital.com.ar\/blog\/wp-content\/uploads\/20220706165834_prefectura-naval-rescato-un-lobo-marino-en-la-plata.jpg?fit=880%2C512&ssl=1&resize=350%2C200 1x, https:\/\/i0.wp.com\/larevistadigital.com.ar\/blog\/wp-content\/uploads\/20220706165834_prefectura-naval-rescato-un-lobo-marino-en-la-plata.jpg?fit=880%2C512&ssl=1&resize=525%2C300 1.5x, https:\/\/i0.wp.com\/larevistadigital.com.ar\/blog\/wp-content\/uploads\/20220706165834_prefectura-naval-rescato-un-lobo-marino-en-la-plata.jpg?fit=880%2C512&ssl=1&resize=700%2C400 2x"},"classes":[]},{"id":17333,"url":"https:\/\/larevistadigital.com.ar\/blog\/increible-los-premios-marplatenses-llamados-astor-en-homenaje-a-piazzola-pasaran-a-llamarse-lobo\/","url_meta":{"origin":4960,"position":4},"title":"INCRE\u00cdBLE: LOS PREMIOS MARPLATENSES LLAMADOS \u00abASTOR\u00bb EN HOMENAJE A PIAZZOLA PASAR\u00c1N A LLAMARSE \u00abLOBO\u00bb","author":"Alejandro Sosa Ruda","date":"30 octubre, 2020","format":false,"excerpt":"Est\u00e1bamos comenzando a escribir acerca del tema, pero elegimos reproducir una nota escrita por Nino Ramella y publicada en el diario La Capital de Mar del Plata, donde se aborda el tema con absoluta claridad. Incre\u00edblemente el INCAA, el Instituto de Cine y Artes Audiovisuales, organismo que funciona en el\u2026","rel":"","context":"En \u00abCULTURA\u00bb","block_context":{"text":"CULTURA","link":"https:\/\/larevistadigital.com.ar\/blog\/category\/cultura\/"},"img":{"alt_text":"","src":"https:\/\/i0.wp.com\/larevistadigital.com.ar\/blog\/wp-content\/uploads\/Screenshot_1-166.jpg?fit=870%2C577&ssl=1&resize=350%2C200","width":350,"height":200,"srcset":"https:\/\/i0.wp.com\/larevistadigital.com.ar\/blog\/wp-content\/uploads\/Screenshot_1-166.jpg?fit=870%2C577&ssl=1&resize=350%2C200 1x, https:\/\/i0.wp.com\/larevistadigital.com.ar\/blog\/wp-content\/uploads\/Screenshot_1-166.jpg?fit=870%2C577&ssl=1&resize=525%2C300 1.5x, https:\/\/i0.wp.com\/larevistadigital.com.ar\/blog\/wp-content\/uploads\/Screenshot_1-166.jpg?fit=870%2C577&ssl=1&resize=700%2C400 2x"},"classes":[]},{"id":25819,"url":"https:\/\/larevistadigital.com.ar\/blog\/lobo-marino-se-quedo-a-vivir-en-san-bernardo\/","url_meta":{"origin":4960,"position":5},"title":"LOBO MARINO SE QUED\u00d3 A VIVIR EN SAN BERNARDO","author":"Alejandro Sosa Ruda","date":"13 junio, 2022","format":false,"excerpt":"Desde hace una semana, los vecinos y visitantes de San Bernardo reciben a diario una grata visita, que al parecer se ha sentido tan c\u00f3modo en las playas de la zona sur del partido de La Costa que ha decidido quedarse por un tiempo. Seg\u00fan indic\u00f3 Melody De Gennaro, Directora\u2026","rel":"","context":"En \u00abMEDIO AMBIENTE\u00bb","block_context":{"text":"MEDIO AMBIENTE","link":"https:\/\/larevistadigital.com.ar\/blog\/category\/suplementos\/medio-ambiente\/"},"img":{"alt_text":"","src":"https:\/\/i0.wp.com\/larevistadigital.com.ar\/blog\/wp-content\/uploads\/20220611140331_elefante-marino-san-bernanrdo.jpg?fit=880%2C512&ssl=1&resize=350%2C200","width":350,"height":200,"srcset":"https:\/\/i0.wp.com\/larevistadigital.com.ar\/blog\/wp-content\/uploads\/20220611140331_elefante-marino-san-bernanrdo.jpg?fit=880%2C512&ssl=1&resize=350%2C200 1x, https:\/\/i0.wp.com\/larevistadigital.com.ar\/blog\/wp-content\/uploads\/20220611140331_elefante-marino-san-bernanrdo.jpg?fit=880%2C512&ssl=1&resize=525%2C300 1.5x, https:\/\/i0.wp.com\/larevistadigital.com.ar\/blog\/wp-content\/uploads\/20220611140331_elefante-marino-san-bernanrdo.jpg?fit=880%2C512&ssl=1&resize=700%2C400 2x"},"classes":[]}],"_links":{"self":[{"href":"https:\/\/larevistadigital.com.ar\/blog\/wp-json\/wp\/v2\/posts\/4960","targetHints":{"allow":["GET"]}}],"collection":[{"href":"https:\/\/larevistadigital.com.ar\/blog\/wp-json\/wp\/v2\/posts"}],"about":[{"href":"https:\/\/larevistadigital.com.ar\/blog\/wp-json\/wp\/v2\/types\/post"}],"author":[{"embeddable":true,"href":"https:\/\/larevistadigital.com.ar\/blog\/wp-json\/wp\/v2\/users\/3"}],"replies":[{"embeddable":true,"href":"https:\/\/larevistadigital.com.ar\/blog\/wp-json\/wp\/v2\/comments?post=4960"}],"version-history":[{"count":3,"href":"https:\/\/larevistadigital.com.ar\/blog\/wp-json\/wp\/v2\/posts\/4960\/revisions"}],"predecessor-version":[{"id":4965,"href":"https:\/\/larevistadigital.com.ar\/blog\/wp-json\/wp\/v2\/posts\/4960\/revisions\/4965"}],"wp:featuredmedia":[{"embeddable":true,"href":"https:\/\/larevistadigital.com.ar\/blog\/wp-json\/wp\/v2\/media\/4963"}],"wp:attachment":[{"href":"https:\/\/larevistadigital.com.ar\/blog\/wp-json\/wp\/v2\/media?parent=4960"}],"wp:term":[{"taxonomy":"category","embeddable":true,"href":"https:\/\/larevistadigital.com.ar\/blog\/wp-json\/wp\/v2\/categories?post=4960"},{"taxonomy":"post_tag","embeddable":true,"href":"https:\/\/larevistadigital.com.ar\/blog\/wp-json\/wp\/v2\/tags?post=4960"}],"curies":[{"name":"wp","href":"https:\/\/api.w.org\/{rel}","templated":true}]}}