{"id":4967,"date":"2018-02-23T03:38:13","date_gmt":"2018-02-23T03:38:13","guid":{"rendered":"https:\/\/larevistadigital.com.ar\/blog\/?p=4967"},"modified":"2018-02-23T03:38:13","modified_gmt":"2018-02-23T03:38:13","slug":"chascomus-la-clinica-podria-dejar-atender-los-afiliados-ioma","status":"publish","type":"post","link":"https:\/\/larevistadigital.com.ar\/blog\/chascomus-la-clinica-podria-dejar-atender-los-afiliados-ioma\/","title":{"rendered":"CHASCOM\u00daS: LA CL\u00cdNICA PODR\u00cdA DEJAR DE ATENDER A LOS AFILIADOS A IOMA"},"content":{"rendered":"<p>Desde el C\u00edrculo M\u00e9dico de Chascom\u00fas, se dio a conocer un comunicado con la firma de su Presidente, <strong>Dr. Marcelo Giacobone<\/strong> en donde hace alusi\u00f3n a la situaci\u00f3n financiera de la Cl\u00ednica Privada de esa ciudad.<\/p>\n<blockquote>\n<h3>La nota refiere a que la situaci\u00f3n, se origin\u00f3 por la falta de cumplimiento de los contratos firmados por FECLIBA, por parte de IOMA desencadenando as\u00ed el d\u00e9ficit econ\u00f3mico.<\/h3>\n<\/blockquote>\n<p>El riesgo que existe y est\u00e1 latente, es que de no mediar soluci\u00f3n al respecto, podr\u00edan quedar sin atenci\u00f3n en la mencionada instituci\u00f3n todos los afiliados a IOMA, por lo que los profesionales est\u00e1n sumamente preocupados.<\/p>\n<p style=\"text-align: center\"><strong>AQU\u00cd EL COMUNICADO DE PRENSA<\/strong><\/p>\n<p><a href=\"https:\/\/i0.wp.com\/larevistadigital.com.ar\/blog\/wp-content\/uploads\/2018\/02\/nota-reclamo-deuda-1.jpg?ssl=1\"><img data-recalc-dims=\"1\" loading=\"lazy\" decoding=\"async\" class=\"alignnone size-full wp-image-4968\" src=\"https:\/\/i0.wp.com\/larevistadigital.com.ar\/blog\/wp-content\/uploads\/2018\/02\/nota-reclamo-deuda-1.jpg?resize=2507%2C2589&#038;ssl=1\" alt=\"\" width=\"2507\" height=\"2589\" srcset=\"https:\/\/i0.wp.com\/larevistadigital.com.ar\/blog\/wp-content\/uploads\/2018\/02\/nota-reclamo-deuda-1.jpg?w=2507&amp;ssl=1 2507w, https:\/\/i0.wp.com\/larevistadigital.com.ar\/blog\/wp-content\/uploads\/2018\/02\/nota-reclamo-deuda-1.jpg?resize=290%2C300&amp;ssl=1 290w, https:\/\/i0.wp.com\/larevistadigital.com.ar\/blog\/wp-content\/uploads\/2018\/02\/nota-reclamo-deuda-1.jpg?resize=768%2C793&amp;ssl=1 768w, https:\/\/i0.wp.com\/larevistadigital.com.ar\/blog\/wp-content\/uploads\/2018\/02\/nota-reclamo-deuda-1.jpg?resize=992%2C1024&amp;ssl=1 992w, https:\/\/i0.wp.com\/larevistadigital.com.ar\/blog\/wp-content\/uploads\/2018\/02\/nota-reclamo-deuda-1.jpg?w=2000&amp;ssl=1 2000w\" sizes=\"auto, (max-width: 1000px) 100vw, 1000px\" \/><\/a><\/p>\n","protected":false},"excerpt":{"rendered":"<div class=\"mh-excerpt\"><p>Desde el C\u00edrculo M\u00e9dico de Chascom\u00fas, se dio a conocer un comunicado con la firma de su Presidente, Dr. Marcelo Giacobone en donde hace alusi\u00f3n a la situaci\u00f3n financiera de la Cl\u00ednica Privada de esa <a class=\"mh-excerpt-more\" href=\"https:\/\/larevistadigital.com.ar\/blog\/chascomus-la-clinica-podria-dejar-atender-los-afiliados-ioma\/\" title=\"CHASCOM\u00daS: LA CL\u00cdNICA PODR\u00cdA DEJAR DE ATENDER A LOS AFILIADOS A IOMA\">[Leer M\u00e1s]<\/a><\/p>\n<\/div>","protected":false},"author":3,"featured_media":4969,"comment_status":"open","ping_status":"open","sticky":false,"template":"","format":"standard","meta":{"_jetpack_memberships_contains_paid_content":false,"footnotes":"","jetpack_publicize_message":"","jetpack_publicize_feature_enabled":true,"jetpack_social_post_already_shared":true,"jetpack_social_options":{"image_generator_settings":{"template":"highway","default_image_id":0,"font":"","enabled":false},"version":2}},"categories":[6,12],"tags":[],"class_list":{"0":"post-4967","1":"post","2":"type-post","3":"status-publish","4":"format-standard","5":"has-post-thumbnail","7":"category-chascomus","8":"category-politica"},"jetpack_publicize_connections":[],"jetpack_featured_media_url":"https:\/\/i0.wp.com\/larevistadigital.com.ar\/blog\/wp-content\/uploads\/2018\/02\/Cl%C3%ADnica-Privada-Chascom%C3%BAs-SA.jpg?fit=620%2C369&ssl=1","jetpack_sharing_enabled":true,"jetpack_shortlink":"https:\/\/wp.me\/p8qtrQ-1i7","jetpack-related-posts":[{"id":13736,"url":"https:\/\/larevistadigital.com.ar\/blog\/ioma-le-debe-mas-de-13-000-000-a-las-farmacias-de-chascomus\/","url_meta":{"origin":4967,"position":0},"title":"IOMA LE DEBE M\u00c1S DE 13.000.000.- A LAS FARMACIAS DE CHASCOM\u00daS","author":"Alejandro Sosa Ruda","date":"19 diciembre, 2019","format":false,"excerpt":"IOMA le debe m\u00e1s de 13 millones de pesos a las farmacias de Chascom\u00fas, por los medicamentos dispensados desde el mes de agosto de 2019 a la fecha. As\u00ed lo inform\u00f3 el Colegio de Farmac\u00e9uticos de Chascom\u00fas, detallando que son $12.284.136,74 en ambulatorios y $1.004.817,48 en accesorios. Sobre esta situaci\u00f3n\u2026","rel":"","context":"En \u00abINTERES GENERAL\u00bb","block_context":{"text":"INTERES GENERAL","link":"https:\/\/larevistadigital.com.ar\/blog\/category\/interes-general\/"},"img":{"alt_text":"","src":"https:\/\/i0.wp.com\/larevistadigital.com.ar\/blog\/wp-content\/uploads\/mail-3.jpg?fit=600%2C400&ssl=1&resize=350%2C200","width":350,"height":200,"srcset":"https:\/\/i0.wp.com\/larevistadigital.com.ar\/blog\/wp-content\/uploads\/mail-3.jpg?fit=600%2C400&ssl=1&resize=350%2C200 1x, https:\/\/i0.wp.com\/larevistadigital.com.ar\/blog\/wp-content\/uploads\/mail-3.jpg?fit=600%2C400&ssl=1&resize=525%2C300 1.5x"},"classes":[]},{"id":35676,"url":"https:\/\/larevistadigital.com.ar\/blog\/aporte-de-5500-millones-en-ioma-aumentan-la-cobertura-para-medicamentos-ambulatorios-cronicos\/","url_meta":{"origin":4967,"position":1},"title":"APORTE DE 5,500. MILLONES: EN IOMA AUMENTAN LA COBERTURA PARA MEDICAMENTOS AMBULATORIOS CR\u00d3NICOS","author":"Alejandro Sosa Ruda","date":"23 marzo, 2024","format":false,"excerpt":"IOMA reorganiza su vadem\u00e9cum, y tras un enorme aporte de m\u00e1s de 5500 millones de pesos, se duplic\u00f3 la inversi\u00f3n en medicamentos ambulatorios para aumentar la cobertura. 23 de marzo de 2024 BUENOS AIRES -\u00a0 Seg\u00fan explicaron desde el instituto,\u00a0la devaluaci\u00f3n del 118% de diciembre de 2023, la liberalizaci\u00f3n de\u2026","rel":"","context":"En \u00abPOLITICA PROVINCIAL\u00bb","block_context":{"text":"POLITICA PROVINCIAL","link":"https:\/\/larevistadigital.com.ar\/blog\/category\/politica\/politica-provincial\/"},"img":{"alt_text":"","src":"https:\/\/i0.wp.com\/larevistadigital.com.ar\/blog\/wp-content\/uploads\/20240322163008_ioma-aumento-cobertura-medicamentos-ambulatorios-cronicos.jpg?fit=880%2C512&ssl=1&resize=350%2C200","width":350,"height":200,"srcset":"https:\/\/i0.wp.com\/larevistadigital.com.ar\/blog\/wp-content\/uploads\/20240322163008_ioma-aumento-cobertura-medicamentos-ambulatorios-cronicos.jpg?fit=880%2C512&ssl=1&resize=350%2C200 1x, https:\/\/i0.wp.com\/larevistadigital.com.ar\/blog\/wp-content\/uploads\/20240322163008_ioma-aumento-cobertura-medicamentos-ambulatorios-cronicos.jpg?fit=880%2C512&ssl=1&resize=525%2C300 1.5x, https:\/\/i0.wp.com\/larevistadigital.com.ar\/blog\/wp-content\/uploads\/20240322163008_ioma-aumento-cobertura-medicamentos-ambulatorios-cronicos.jpg?fit=880%2C512&ssl=1&resize=700%2C400 2x"},"classes":[]},{"id":21921,"url":"https:\/\/larevistadigital.com.ar\/blog\/tandil-mas-de-24-000-afiliados-de-ioma-sin-cobertura-por-un-conflicto-con-los-medicos\/","url_meta":{"origin":4967,"position":2},"title":"TANDIL: MAS DE 24.000 AFILIADOS DE IOMA SIN COBERTURA POR UN CONFLICTO CON LOS M\u00c9DICOS","author":"Alejandro Sosa Ruda","date":"8 septiembre, 2021","format":false,"excerpt":"La Defensor\u00eda del Pueblo bonaerense convoc\u00f3 a una mediaci\u00f3n a las partes este martes, pero no se lleg\u00f3 a un acuerdo. TANDIL - M\u00e1s de 24 mil afiliados de IOMA en Tandil se ven afectados por un conflicto entre el C\u00edrculo M\u00e9dico del distrito y la obra social bonaerense que\u2026","rel":"","context":"En \u00abREGIONALES\u00bb","block_context":{"text":"REGIONALES","link":"https:\/\/larevistadigital.com.ar\/blog\/category\/regionales\/"},"img":{"alt_text":"","src":"https:\/\/i0.wp.com\/larevistadigital.com.ar\/blog\/wp-content\/uploads\/374677bca7339f6b19fe221e600a596da308f652.jpg?fit=1140%2C744&ssl=1&resize=350%2C200","width":350,"height":200,"srcset":"https:\/\/i0.wp.com\/larevistadigital.com.ar\/blog\/wp-content\/uploads\/374677bca7339f6b19fe221e600a596da308f652.jpg?fit=1140%2C744&ssl=1&resize=350%2C200 1x, https:\/\/i0.wp.com\/larevistadigital.com.ar\/blog\/wp-content\/uploads\/374677bca7339f6b19fe221e600a596da308f652.jpg?fit=1140%2C744&ssl=1&resize=525%2C300 1.5x, https:\/\/i0.wp.com\/larevistadigital.com.ar\/blog\/wp-content\/uploads\/374677bca7339f6b19fe221e600a596da308f652.jpg?fit=1140%2C744&ssl=1&resize=700%2C400 2x, https:\/\/i0.wp.com\/larevistadigital.com.ar\/blog\/wp-content\/uploads\/374677bca7339f6b19fe221e600a596da308f652.jpg?fit=1140%2C744&ssl=1&resize=1050%2C600 3x"},"classes":[]},{"id":5109,"url":"https:\/\/larevistadigital.com.ar\/blog\/paro-los-medicos-ante-atraso-ioma\/","url_meta":{"origin":4967,"position":3},"title":"Paro de los m\u00e9dicos ante el atraso de IOMA","author":"admin","date":"1 marzo, 2018","format":false,"excerpt":"Malas noticias Los m\u00e9dicos nucleados en el CEMIBO confirmaron hoy al mediod\u00eda que, dada la falta de respuesta por parte del IOMA frente a los reiterados reclamos por pagos adeudados, a partir de ma\u00f1ana jueves 1\u00ba de marzo y hasta el s\u00e1bado 3 inclusive, no se atender\u00e1 a los afiliados\u2026","rel":"","context":"En \u00abGREMIALES\u00bb","block_context":{"text":"GREMIALES","link":"https:\/\/larevistadigital.com.ar\/blog\/category\/gremiales\/"},"img":{"alt_text":"","src":"https:\/\/i0.wp.com\/larevistadigital.com.ar\/blog\/wp-content\/uploads\/2018\/03\/ioma_20deenerode2108_elfuerte.jpg?fit=737%2C415&ssl=1&resize=350%2C200","width":350,"height":200,"srcset":"https:\/\/i0.wp.com\/larevistadigital.com.ar\/blog\/wp-content\/uploads\/2018\/03\/ioma_20deenerode2108_elfuerte.jpg?fit=737%2C415&ssl=1&resize=350%2C200 1x, https:\/\/i0.wp.com\/larevistadigital.com.ar\/blog\/wp-content\/uploads\/2018\/03\/ioma_20deenerode2108_elfuerte.jpg?fit=737%2C415&ssl=1&resize=525%2C300 1.5x, https:\/\/i0.wp.com\/larevistadigital.com.ar\/blog\/wp-content\/uploads\/2018\/03\/ioma_20deenerode2108_elfuerte.jpg?fit=737%2C415&ssl=1&resize=700%2C400 2x"},"classes":[]},{"id":2167,"url":"https:\/\/larevistadigital.com.ar\/blog\/desde-el-1o-de-mayo-los-afiliados-a-ioma-cuentan-con-servicio-gratuito-de-ambulancias\/","url_meta":{"origin":4967,"position":4},"title":"DESDE EL 1\u00ba DE MAYO LOS AFILIADOS A IOMA CUENTAN CON SERVICIO GRATUITO DE AMBULANCIAS","author":"Alejandro Sosa Ruda","date":"2 mayo, 2017","format":false,"excerpt":"Desde este 1\u00ba de mayo, y por primera vez en su historia, el Instituto Obra M\u00e9dica Asistencial (IOMA) -la obra social de la provincia de Buenos Aires- brindar\u00e1 a sus afiliados un servicio gratuito de ambulancias para riesgo de vida y emergencias, las 24 horas, los 365 d\u00edas del a\u00f1o.\u2026","rel":"","context":"En \u00abDESTACADAS\u00bb","block_context":{"text":"DESTACADAS","link":"https:\/\/larevistadigital.com.ar\/blog\/category\/destacadas\/"},"img":{"alt_text":"","src":"https:\/\/i0.wp.com\/larevistadigital.com.ar\/blog\/wp-content\/uploads\/2017\/05\/bbx_899877545_ioma.jpg?fit=1200%2C544&ssl=1&resize=350%2C200","width":350,"height":200,"srcset":"https:\/\/i0.wp.com\/larevistadigital.com.ar\/blog\/wp-content\/uploads\/2017\/05\/bbx_899877545_ioma.jpg?fit=1200%2C544&ssl=1&resize=350%2C200 1x, https:\/\/i0.wp.com\/larevistadigital.com.ar\/blog\/wp-content\/uploads\/2017\/05\/bbx_899877545_ioma.jpg?fit=1200%2C544&ssl=1&resize=525%2C300 1.5x, https:\/\/i0.wp.com\/larevistadigital.com.ar\/blog\/wp-content\/uploads\/2017\/05\/bbx_899877545_ioma.jpg?fit=1200%2C544&ssl=1&resize=700%2C400 2x, https:\/\/i0.wp.com\/larevistadigital.com.ar\/blog\/wp-content\/uploads\/2017\/05\/bbx_899877545_ioma.jpg?fit=1200%2C544&ssl=1&resize=1050%2C600 3x"},"classes":[]},{"id":38353,"url":"https:\/\/larevistadigital.com.ar\/blog\/con-un-nuevo-convenio-ioma-elimina-la-intermediacion-economica-de-femeba\/","url_meta":{"origin":4967,"position":5},"title":"Con un nuevo convenio IOMA elimina la intermediaci\u00f3n econ\u00f3mica de FEMEBA","author":"Alejandro Sosa Ruda","date":"19 diciembre, 2024","format":false,"excerpt":"A partir del 1 de enero de 2025, entrar\u00e1 en vigencia un nuevo acuerdo entre IOMA y la Federaci\u00f3n M\u00e9dica de la Provincia de Buenos Aires (FEMEBA), firmado por el presidente de IOMA, Homero Giles, y el vicepresidente de FEMEBA, Sandro Scafatti. 19 de diciembre de 2024 El nuevo acuerdo\u2026","rel":"","context":"En \u00abINTERES GENERAL\u00bb","block_context":{"text":"INTERES GENERAL","link":"https:\/\/larevistadigital.com.ar\/blog\/category\/interes-general\/"},"img":{"alt_text":"","src":"https:\/\/i0.wp.com\/larevistadigital.com.ar\/blog\/wp-content\/uploads\/20241219161354_ioma-convenio-femeba.jpg?fit=880%2C512&ssl=1&resize=350%2C200","width":350,"height":200,"srcset":"https:\/\/i0.wp.com\/larevistadigital.com.ar\/blog\/wp-content\/uploads\/20241219161354_ioma-convenio-femeba.jpg?fit=880%2C512&ssl=1&resize=350%2C200 1x, https:\/\/i0.wp.com\/larevistadigital.com.ar\/blog\/wp-content\/uploads\/20241219161354_ioma-convenio-femeba.jpg?fit=880%2C512&ssl=1&resize=525%2C300 1.5x, https:\/\/i0.wp.com\/larevistadigital.com.ar\/blog\/wp-content\/uploads\/20241219161354_ioma-convenio-femeba.jpg?fit=880%2C512&ssl=1&resize=700%2C400 2x"},"classes":[]}],"_links":{"self":[{"href":"https:\/\/larevistadigital.com.ar\/blog\/wp-json\/wp\/v2\/posts\/4967","targetHints":{"allow":["GET"]}}],"collection":[{"href":"https:\/\/larevistadigital.com.ar\/blog\/wp-json\/wp\/v2\/posts"}],"about":[{"href":"https:\/\/larevistadigital.com.ar\/blog\/wp-json\/wp\/v2\/types\/post"}],"author":[{"embeddable":true,"href":"https:\/\/larevistadigital.com.ar\/blog\/wp-json\/wp\/v2\/users\/3"}],"replies":[{"embeddable":true,"href":"https:\/\/larevistadigital.com.ar\/blog\/wp-json\/wp\/v2\/comments?post=4967"}],"version-history":[{"count":2,"href":"https:\/\/larevistadigital.com.ar\/blog\/wp-json\/wp\/v2\/posts\/4967\/revisions"}],"predecessor-version":[{"id":4971,"href":"https:\/\/larevistadigital.com.ar\/blog\/wp-json\/wp\/v2\/posts\/4967\/revisions\/4971"}],"wp:featuredmedia":[{"embeddable":true,"href":"https:\/\/larevistadigital.com.ar\/blog\/wp-json\/wp\/v2\/media\/4969"}],"wp:attachment":[{"href":"https:\/\/larevistadigital.com.ar\/blog\/wp-json\/wp\/v2\/media?parent=4967"}],"wp:term":[{"taxonomy":"category","embeddable":true,"href":"https:\/\/larevistadigital.com.ar\/blog\/wp-json\/wp\/v2\/categories?post=4967"},{"taxonomy":"post_tag","embeddable":true,"href":"https:\/\/larevistadigital.com.ar\/blog\/wp-json\/wp\/v2\/tags?post=4967"}],"curies":[{"name":"wp","href":"https:\/\/api.w.org\/{rel}","templated":true}]}}