{"id":4972,"date":"2018-02-23T03:37:11","date_gmt":"2018-02-23T03:37:11","guid":{"rendered":"https:\/\/larevistadigital.com.ar\/blog\/?p=4972"},"modified":"2018-02-23T03:37:11","modified_gmt":"2018-02-23T03:37:11","slug":"maipu-cerraron-la-escuela-14","status":"publish","type":"post","link":"https:\/\/larevistadigital.com.ar\/blog\/maipu-cerraron-la-escuela-14\/","title":{"rendered":"MAIPU: CERRARON LA ESCUELA 14"},"content":{"rendered":"<p>De acuerdo a lo publicado por el portal Infozona, en la tarde de ayer y confirmado por la Inspectora Jefe Distrital de Maip\u00fa, Prof. <strong>Mar\u00eda Marta Vargas<\/strong>; se cerr\u00f3 la Escuela N1 14 de dicho Distrito por determinaci\u00f3n tomada por Inspecci\u00f3n General dependiente del Ministerio General de Educaci\u00f3n de la Provincia de Buenos Aires. Este organismo fue quien comunic\u00f3 la decisi\u00f3n a la profesora <strong>Vargas<\/strong>.<\/p>\n<blockquote>\n<h3>La triste medida, afectar\u00e1 directamente a varias familias maipuenses ya que deber\u00e1n reubicar a sus ni\u00f1os en otros establecimientos, y algunos docentes perder\u00edan el trabajo ya que por su situaci\u00f3n de revista, no pueden ser reubicados, inform\u00f3 Semana Maipuense.<\/h3>\n<\/blockquote>\n<p>La Escuela 14, sufri\u00f3 hace a\u00f1os el paso de un tornado y la misma debi\u00f3 ser reconstruida all\u00e1 por noviembre de 1997.<\/p>\n<blockquote>\n<h3>La decisi\u00f3n, ser\u00eda porque que los alumnos provienen en su mayor\u00eda (a excepci\u00f3n de 3) del casco urbano. Asimismo, aducir\u00edan una p\u00e9rdida significativa de d\u00edas de clases por cuestiones del camino.<\/h3>\n<\/blockquote>\n<p>La matr\u00edcula del a\u00f1o anterior fue de 18 alumnos. Los alumnos ser\u00edan reubicados en las escuelas urbanas al tiempo que garantizar\u00edan para aquellos que necesiten escolarizarse en el turno de la ma\u00f1ana su asistencia al Centro Educativo Complementario (CEC) y Centro de D\u00eda al tiempo que brindar\u00edan transporte para los alumnos del \u00e1mbito rural que se les dificulte el traslado.<\/p>\n<p>FUENTE:INFOZONA<\/p>\n","protected":false},"excerpt":{"rendered":"<div class=\"mh-excerpt\"><p>De acuerdo a lo publicado por el portal Infozona, en la tarde de ayer y confirmado por la Inspectora Jefe Distrital de Maip\u00fa, Prof. Mar\u00eda Marta Vargas; se cerr\u00f3 la Escuela N1 14 de dicho <a class=\"mh-excerpt-more\" href=\"https:\/\/larevistadigital.com.ar\/blog\/maipu-cerraron-la-escuela-14\/\" title=\"MAIPU: CERRARON LA ESCUELA 14\">[Leer M\u00e1s]<\/a><\/p>\n<\/div>","protected":false},"author":3,"featured_media":4973,"comment_status":"open","ping_status":"open","sticky":false,"template":"","format":"standard","meta":{"_jetpack_memberships_contains_paid_content":false,"footnotes":"","jetpack_publicize_message":"","jetpack_publicize_feature_enabled":true,"jetpack_social_post_already_shared":true,"jetpack_social_options":{"image_generator_settings":{"template":"highway","default_image_id":0,"font":"","enabled":false},"version":2}},"categories":[29],"tags":[],"class_list":{"0":"post-4972","1":"post","2":"type-post","3":"status-publish","4":"format-standard","5":"has-post-thumbnail","7":"category-sociedad"},"jetpack_publicize_connections":[],"jetpack_featured_media_url":"https:\/\/i0.wp.com\/larevistadigital.com.ar\/blog\/wp-content\/uploads\/2018\/02\/escuela-Mataderos-inseguridad-Gustavo-Ortiz_CLAIMA20140919_0265_29.jpg?fit=1511%2C850&ssl=1","jetpack_sharing_enabled":true,"jetpack_shortlink":"https:\/\/wp.me\/p8qtrQ-1ic","jetpack-related-posts":[{"id":11876,"url":"https:\/\/larevistadigital.com.ar\/blog\/dolores-se-entregaron-impresoras-3d-a-instituciones-educativas-de-la-region\/","url_meta":{"origin":4972,"position":0},"title":"DOLORES: SE ENTREGARON IMPRESORAS 3D A INSTITUCIONES EDUCATIVAS DE LA REGI\u00d3N","author":"Alejandro Sosa Ruda","date":"16 agosto, 2019","format":false,"excerpt":"En la Sala de Conferencias de la Municipalidad, se llev\u00f3 a cabo la entrega de Impresoras 3D, un encuentro que reuni\u00f3 a la comunidad educativa de los Centros de Formaci\u00f3n Profesional y Laboral, Institutos T\u00e9cnicos y Escuelas Secundarias de Chascom\u00fas, Dolores, General Guido, General Madariaga, General Paz, La Costa, Maip\u00fa,\u2026","rel":"","context":"En \u00abDOLORES\u00bb","block_context":{"text":"DOLORES","link":"https:\/\/larevistadigital.com.ar\/blog\/category\/dolores\/"},"img":{"alt_text":"","src":"https:\/\/i0.wp.com\/larevistadigital.com.ar\/blog\/wp-content\/uploads\/Impresoras-660x330.jpg?fit=660%2C330&ssl=1&resize=350%2C200","width":350,"height":200,"srcset":"https:\/\/i0.wp.com\/larevistadigital.com.ar\/blog\/wp-content\/uploads\/Impresoras-660x330.jpg?fit=660%2C330&ssl=1&resize=350%2C200 1x, https:\/\/i0.wp.com\/larevistadigital.com.ar\/blog\/wp-content\/uploads\/Impresoras-660x330.jpg?fit=660%2C330&ssl=1&resize=525%2C300 1.5x"},"classes":[]},{"id":7088,"url":"https:\/\/larevistadigital.com.ar\/blog\/maipu-hospitalizaron-una-persona-tras-choque-en-la-autovia-2\/","url_meta":{"origin":4972,"position":1},"title":"MAIPU: HOSPITALIZARON UNA PERSONA TRAS CHOQUE EN LA AUTOV\u00cdA 2","author":"Alejandro Sosa Ruda","date":"5 diciembre, 2018","format":false,"excerpt":"Pasadas las 13.30 horas se produjo un accidente de tr\u00e1nsito en el Km. 278 de la Autov\u00eda 2, partido de Maip\u00fa, mano a Capital Federal. Por cuestiones que se tratan de establecer, chocaron un cami\u00f3n y una camioneta que llevaba de tiro una casilla cargada de materiales rurales, inform\u00f3 Semana\u2026","rel":"","context":"En \u00abPOLICIALES\u00bb","block_context":{"text":"POLICIALES","link":"https:\/\/larevistadigital.com.ar\/blog\/category\/policiales\/"},"img":{"alt_text":"","src":"https:\/\/i0.wp.com\/larevistadigital.com.ar\/blog\/wp-content\/uploads\/2018\/12\/PORTADA-CHOQUE-MAIPU.jpg?fit=900%2C403&ssl=1&resize=350%2C200","width":350,"height":200,"srcset":"https:\/\/i0.wp.com\/larevistadigital.com.ar\/blog\/wp-content\/uploads\/2018\/12\/PORTADA-CHOQUE-MAIPU.jpg?fit=900%2C403&ssl=1&resize=350%2C200 1x, https:\/\/i0.wp.com\/larevistadigital.com.ar\/blog\/wp-content\/uploads\/2018\/12\/PORTADA-CHOQUE-MAIPU.jpg?fit=900%2C403&ssl=1&resize=525%2C300 1.5x, https:\/\/i0.wp.com\/larevistadigital.com.ar\/blog\/wp-content\/uploads\/2018\/12\/PORTADA-CHOQUE-MAIPU.jpg?fit=900%2C403&ssl=1&resize=700%2C400 2x"},"classes":[]},{"id":25997,"url":"https:\/\/larevistadigital.com.ar\/blog\/maipu-murio-un-jinete-tras-ser-aplastado-por-un-caballo\/","url_meta":{"origin":4972,"position":2},"title":"MAIP\u00da: MURI\u00d3 UN JINETE TRAS SER APLASTADO POR UN CABALLO","author":"Alejandro Sosa Ruda","date":"21 junio, 2022","format":false,"excerpt":"Ten\u00eda 25 a\u00f1os y fue aplastado por un caballo en una jineteada en Santo Domingo. MAIP\u00da -\u00a0 Martin Z\u00e1rate de 25 a\u00f1os muri\u00f3 en las \u00faltimas horas, despu\u00e9s de ser aplastado por un caballo que mont\u00f3 ayer domingo, en una fiesta que se realiz\u00f3 en Santo Domingo, partido de Maipu.\u2026","rel":"","context":"En \u00abREGIONALES\u00bb","block_context":{"text":"REGIONALES","link":"https:\/\/larevistadigital.com.ar\/blog\/category\/regionales\/"},"img":{"alt_text":"","src":"https:\/\/i0.wp.com\/larevistadigital.com.ar\/blog\/wp-content\/uploads\/a415d8782be72868299de2f8cd452a1cb40e089d.jpg?fit=1140%2C888&ssl=1&resize=350%2C200","width":350,"height":200,"srcset":"https:\/\/i0.wp.com\/larevistadigital.com.ar\/blog\/wp-content\/uploads\/a415d8782be72868299de2f8cd452a1cb40e089d.jpg?fit=1140%2C888&ssl=1&resize=350%2C200 1x, https:\/\/i0.wp.com\/larevistadigital.com.ar\/blog\/wp-content\/uploads\/a415d8782be72868299de2f8cd452a1cb40e089d.jpg?fit=1140%2C888&ssl=1&resize=525%2C300 1.5x, https:\/\/i0.wp.com\/larevistadigital.com.ar\/blog\/wp-content\/uploads\/a415d8782be72868299de2f8cd452a1cb40e089d.jpg?fit=1140%2C888&ssl=1&resize=700%2C400 2x, https:\/\/i0.wp.com\/larevistadigital.com.ar\/blog\/wp-content\/uploads\/a415d8782be72868299de2f8cd452a1cb40e089d.jpg?fit=1140%2C888&ssl=1&resize=1050%2C600 3x"},"classes":[]},{"id":13026,"url":"https:\/\/larevistadigital.com.ar\/blog\/maipu-impugnan-la-eleccion-de-intendente\/","url_meta":{"origin":4972,"position":3},"title":"MAIPU: IMPUGNAN LA ELECCI\u00d3N DE INTENDENTE","author":"Alejandro Sosa Ruda","date":"4 noviembre, 2019","format":false,"excerpt":"El Juez Federal de Dolores, Alejo Ramos Padilla tom\u00f3 la decisi\u00f3n de impugnar la elecci\u00f3n a Intendente de la ciudad de Maipu, tras la denuncia de algunos ciudadanos que afirmaron que le fueron sustra\u00eddos y retenidos sus DNI a efectos que no pudieran ejercer su voto. Esto sucede luego del\u2026","rel":"","context":"En \u00abPOLITICA\u00bb","block_context":{"text":"POLITICA","link":"https:\/\/larevistadigital.com.ar\/blog\/category\/politica\/"},"img":{"alt_text":"","src":"https:\/\/i0.wp.com\/larevistadigital.com.ar\/blog\/wp-content\/uploads\/intendenterappallini1.jpg?fit=650%2C406&ssl=1&resize=350%2C200","width":350,"height":200,"srcset":"https:\/\/i0.wp.com\/larevistadigital.com.ar\/blog\/wp-content\/uploads\/intendenterappallini1.jpg?fit=650%2C406&ssl=1&resize=350%2C200 1x, https:\/\/i0.wp.com\/larevistadigital.com.ar\/blog\/wp-content\/uploads\/intendenterappallini1.jpg?fit=650%2C406&ssl=1&resize=525%2C300 1.5x"},"classes":[]},{"id":2861,"url":"https:\/\/larevistadigital.com.ar\/blog\/hallaron-en-madariaga-en-buenas-condiciones-a-un-vecino-de-maipu\/","url_meta":{"origin":4972,"position":4},"title":"Hallaron en Madariaga en buenas condiciones a un vecino de Maip\u00fa","author":"admin","date":"3 agosto, 2017","format":false,"excerpt":"La Polic\u00eda Local encontr\u00f3 a Avelino Valcarcel, de 82 a\u00f1os, en una vivienda de la Calle 16 al 2.200 de General Madariaga, en donde se hallaba en buenas condiciones. El hombre hab\u00eda mantenido una discusi\u00f3n con su esposa y decidi\u00f3 retirarse del domicilio de Maip\u00fa, en su auto, para emprender\u2026","rel":"","context":"En \u00abPOLICIALES\u00bb","block_context":{"text":"POLICIALES","link":"https:\/\/larevistadigital.com.ar\/blog\/category\/policiales\/"},"img":{"alt_text":"","src":"https:\/\/i0.wp.com\/larevistadigital.com.ar\/blog\/wp-content\/uploads\/2017\/08\/madariaga_03deagostode2017_elfuerte.jpg?fit=737%2C415&ssl=1&resize=350%2C200","width":350,"height":200,"srcset":"https:\/\/i0.wp.com\/larevistadigital.com.ar\/blog\/wp-content\/uploads\/2017\/08\/madariaga_03deagostode2017_elfuerte.jpg?fit=737%2C415&ssl=1&resize=350%2C200 1x, https:\/\/i0.wp.com\/larevistadigital.com.ar\/blog\/wp-content\/uploads\/2017\/08\/madariaga_03deagostode2017_elfuerte.jpg?fit=737%2C415&ssl=1&resize=525%2C300 1.5x, https:\/\/i0.wp.com\/larevistadigital.com.ar\/blog\/wp-content\/uploads\/2017\/08\/madariaga_03deagostode2017_elfuerte.jpg?fit=737%2C415&ssl=1&resize=700%2C400 2x"},"classes":[]},{"id":35941,"url":"https:\/\/larevistadigital.com.ar\/blog\/maipu-una-pelicula-comunitaria-filmada-en-pandemia-fue-premiada-en-un-festival-internacional-de-cine\/","url_meta":{"origin":4972,"position":5},"title":"MAIP\u00da: UNA PEL\u00cdCULA COMUNITARIA FILMADA EN PANDEMIA FUE PREMIADA EN UN FESTIVAL INTERNACIONAL DE CINE","author":"Alejandro Sosa Ruda","date":"27 abril, 2024","format":false,"excerpt":"\u201cRetrato de un amanecer\u201d, el largometraje independiente que produjo la asociaci\u00f3n Maip\u00fa Cine junto con el grupo de cineastas del conurbano bonaerenses Pitucos Cine, gan\u00f3 el Premio IILA del reconocido Festival de Cine Espa\u00f1ol y Latinoamericano de Roma. 27 de abril de 2024 MAIPU -\u00a0 Esta pel\u00edcula colectiva se film\u00f3\u2026","rel":"","context":"En \u00abINTERES GENERAL\u00bb","block_context":{"text":"INTERES GENERAL","link":"https:\/\/larevistadigital.com.ar\/blog\/category\/interes-general\/"},"img":{"alt_text":"","src":"https:\/\/i0.wp.com\/larevistadigital.com.ar\/blog\/wp-content\/uploads\/20240426164803_maipu-pelicula-comunitaria.jpg?fit=880%2C512&ssl=1&resize=350%2C200","width":350,"height":200,"srcset":"https:\/\/i0.wp.com\/larevistadigital.com.ar\/blog\/wp-content\/uploads\/20240426164803_maipu-pelicula-comunitaria.jpg?fit=880%2C512&ssl=1&resize=350%2C200 1x, https:\/\/i0.wp.com\/larevistadigital.com.ar\/blog\/wp-content\/uploads\/20240426164803_maipu-pelicula-comunitaria.jpg?fit=880%2C512&ssl=1&resize=525%2C300 1.5x, https:\/\/i0.wp.com\/larevistadigital.com.ar\/blog\/wp-content\/uploads\/20240426164803_maipu-pelicula-comunitaria.jpg?fit=880%2C512&ssl=1&resize=700%2C400 2x"},"classes":[]}],"_links":{"self":[{"href":"https:\/\/larevistadigital.com.ar\/blog\/wp-json\/wp\/v2\/posts\/4972","targetHints":{"allow":["GET"]}}],"collection":[{"href":"https:\/\/larevistadigital.com.ar\/blog\/wp-json\/wp\/v2\/posts"}],"about":[{"href":"https:\/\/larevistadigital.com.ar\/blog\/wp-json\/wp\/v2\/types\/post"}],"author":[{"embeddable":true,"href":"https:\/\/larevistadigital.com.ar\/blog\/wp-json\/wp\/v2\/users\/3"}],"replies":[{"embeddable":true,"href":"https:\/\/larevistadigital.com.ar\/blog\/wp-json\/wp\/v2\/comments?post=4972"}],"version-history":[{"count":2,"href":"https:\/\/larevistadigital.com.ar\/blog\/wp-json\/wp\/v2\/posts\/4972\/revisions"}],"predecessor-version":[{"id":4975,"href":"https:\/\/larevistadigital.com.ar\/blog\/wp-json\/wp\/v2\/posts\/4972\/revisions\/4975"}],"wp:featuredmedia":[{"embeddable":true,"href":"https:\/\/larevistadigital.com.ar\/blog\/wp-json\/wp\/v2\/media\/4973"}],"wp:attachment":[{"href":"https:\/\/larevistadigital.com.ar\/blog\/wp-json\/wp\/v2\/media?parent=4972"}],"wp:term":[{"taxonomy":"category","embeddable":true,"href":"https:\/\/larevistadigital.com.ar\/blog\/wp-json\/wp\/v2\/categories?post=4972"},{"taxonomy":"post_tag","embeddable":true,"href":"https:\/\/larevistadigital.com.ar\/blog\/wp-json\/wp\/v2\/tags?post=4972"}],"curies":[{"name":"wp","href":"https:\/\/api.w.org\/{rel}","templated":true}]}}