{"id":4976,"date":"2018-02-23T03:35:56","date_gmt":"2018-02-23T03:35:56","guid":{"rendered":"https:\/\/larevistadigital.com.ar\/blog\/?p=4976"},"modified":"2018-02-23T03:35:56","modified_gmt":"2018-02-23T03:35:56","slug":"murcielago-rabia-mordio-nene-6-anos","status":"publish","type":"post","link":"https:\/\/larevistadigital.com.ar\/blog\/murcielago-rabia-mordio-nene-6-anos\/","title":{"rendered":"MURCIELAGO CON RABIA MORDI\u00d3 A UN NENE DE 6 A\u00d1OS"},"content":{"rendered":"<p>Un ni\u00f1o de 6 a\u00f1os fue mordido por un murci\u00e9lago con rabia en Mar del Plata, cuando se encontraba en la pileta de una casa en la zona de Playa grande.<\/p>\n<blockquote>\n<h3>Su padre fue de inmediato a la Direcci\u00f3n de Zoonosis local donde se le realizaron las pruebas al animal y\u00a0se inici\u00f3 un tratamiento preventivo\u00a0para el ni\u00f1o. El hecho ocurri\u00f3 a principios de febrero pero se conoci\u00f3 en las \u00faltimas horas cuando\u00a0<strong>los estudios revelaron que el mam\u00edfero ten\u00eda rabia<\/strong>.<\/h3>\n<\/blockquote>\n<p><strong><em>\u00abAfortunadamente los padres llamaron a Zoonosis y se pudo realizar el tratamiento.\u00a0Estamos atentos porque ha habido algunos casos en la provincia de Buenos Aires\u00bb<\/em><\/strong>, explic\u00f3 al medio local\u00a0<strong><em>0223<\/em><\/strong><em>\u00a0<\/em>el subsecretario de Salud del Municipio, <strong>Pablo De la Colina<\/strong>.<\/p>\n<p>El funcionario municipal se\u00f1al\u00f3 que en los \u00faltimos tiempos se detectaron algunos casos de rabia producto de mordeduras de murci\u00e9lagos, pero no en animales dom\u00e9sticos. <em>\u00ab<strong>Es una enfermedad que est\u00e1 controlada, pero seguimos con la guardia alta porque cada tanto surge alg\u00fan caso<\/strong>\u00ab<\/em>, agreg\u00f3 <strong>De la Colina<\/strong>.<\/p>\n<p>Los murci\u00e9lagos, habitan en toda la provincia y se esconden en entretechos, \u00e1rboles, bajo las chapas de los techos, y distintos lugares. Son animales de h\u00e1bitos nocturnos.<\/p>\n<blockquote>\n<h3>De todas formas, para las autoridades locales <strong><em>\u201cel porcentaje de murci\u00e9lagos con rabia es alto\u201d Patricia Hollman, directora de Zoonosis municipal analiz\u00f3 que es \u00abmuy inusual\u00bb que se den casos como este, y que \u00absi bien el porcentaje es muy alto, no llegan a los 10 murci\u00e9lagos por a\u00f1o\u00bb, destac\u00f3 .<\/em><\/strong><\/h3>\n<\/blockquote>\n<p>La especialista recomend\u00f3 a la poblaci\u00f3n\u00a0<strong><em>\u00abno tener contacto directo con el animal, protegerse con guantes gruesos y taparlo con un frasco y ponerle una tapa o llamarnos a que lo pasemos a buscar, lo antes posible, para que pueda ser analizado<\/em><\/strong><em>\u00ab<\/em>.<\/p>\n<p>&nbsp;<\/p>\n","protected":false},"excerpt":{"rendered":"<div class=\"mh-excerpt\"><p>Un ni\u00f1o de 6 a\u00f1os fue mordido por un murci\u00e9lago con rabia en Mar del Plata, cuando se encontraba en la pileta de una casa en la zona de Playa grande. Su padre fue de <a class=\"mh-excerpt-more\" href=\"https:\/\/larevistadigital.com.ar\/blog\/murcielago-rabia-mordio-nene-6-anos\/\" title=\"MURCIELAGO CON RABIA MORDI\u00d3 A UN NENE DE 6 A\u00d1OS\">[Leer M\u00e1s]<\/a><\/p>\n<\/div>","protected":false},"author":3,"featured_media":4978,"comment_status":"open","ping_status":"open","sticky":false,"template":"","format":"standard","meta":{"_jetpack_memberships_contains_paid_content":false,"footnotes":"","jetpack_publicize_message":"","jetpack_publicize_feature_enabled":true,"jetpack_social_post_already_shared":true,"jetpack_social_options":{"image_generator_settings":{"template":"highway","default_image_id":0,"font":"","enabled":false},"version":2}},"categories":[29],"tags":[],"class_list":{"0":"post-4976","1":"post","2":"type-post","3":"status-publish","4":"format-standard","5":"has-post-thumbnail","7":"category-sociedad"},"jetpack_publicize_connections":[],"jetpack_featured_media_url":"https:\/\/i0.wp.com\/larevistadigital.com.ar\/blog\/wp-content\/uploads\/2018\/02\/descarga-11.jpg?fit=650%2C487&ssl=1","jetpack_sharing_enabled":true,"jetpack_shortlink":"https:\/\/wp.me\/p8qtrQ-1ig","jetpack-related-posts":[{"id":23537,"url":"https:\/\/larevistadigital.com.ar\/blog\/villa-gesell-detectan-caso-positivo-de-rabia-en-el-analisis-de-un-murcielago\/","url_meta":{"origin":4976,"position":0},"title":"VILLA GESELL: DETECTAN CASO POSITIVO DE RABIA, EN EL AN\u00c1LISIS DE UN MURCI\u00c9LAGO","author":"Alejandro Sosa Ruda","date":"24 enero, 2022","format":false,"excerpt":"Fue confirmado por el \u00e1rea municipal de Zoonosis. Se realiza un control de la zona del foco para reforzar la vacunaci\u00f3n antirr\u00e1bica. Desde el \u00e1rea municipal de Zoonosis de Villa Gesell informaron que se detect\u00f3\u00a0un caso positivo de rabia\u00a0en el an\u00e1lisis realizado a un murci\u00e9lago encontrado en\u00a0Paseo 137 y Avenida\u2026","rel":"","context":"En \u00abREGIONALES\u00bb","block_context":{"text":"REGIONALES","link":"https:\/\/larevistadigital.com.ar\/blog\/category\/regionales\/"},"img":{"alt_text":"","src":"https:\/\/i0.wp.com\/larevistadigital.com.ar\/blog\/wp-content\/uploads\/4c1c206c0603fc770bce801b0e05af3f51686b51.jpg?fit=1140%2C697&ssl=1&resize=350%2C200","width":350,"height":200,"srcset":"https:\/\/i0.wp.com\/larevistadigital.com.ar\/blog\/wp-content\/uploads\/4c1c206c0603fc770bce801b0e05af3f51686b51.jpg?fit=1140%2C697&ssl=1&resize=350%2C200 1x, https:\/\/i0.wp.com\/larevistadigital.com.ar\/blog\/wp-content\/uploads\/4c1c206c0603fc770bce801b0e05af3f51686b51.jpg?fit=1140%2C697&ssl=1&resize=525%2C300 1.5x, https:\/\/i0.wp.com\/larevistadigital.com.ar\/blog\/wp-content\/uploads\/4c1c206c0603fc770bce801b0e05af3f51686b51.jpg?fit=1140%2C697&ssl=1&resize=700%2C400 2x, https:\/\/i0.wp.com\/larevistadigital.com.ar\/blog\/wp-content\/uploads\/4c1c206c0603fc770bce801b0e05af3f51686b51.jpg?fit=1140%2C697&ssl=1&resize=1050%2C600 3x"},"classes":[]},{"id":30743,"url":"https:\/\/larevistadigital.com.ar\/blog\/tandil-en-tres-meses-hallaron-cinco-murcielagos-con-rabia\/","url_meta":{"origin":4976,"position":1},"title":"TANDIL: EN TRES MESES HALLARON CINCO MURCI\u00c9LAGOS CON RABIA","author":"Alejandro Sosa Ruda","date":"28 marzo, 2023","format":false,"excerpt":"Autoridades del \u00e1rea de salud p\u00fablica debieron activar nuevamente un protocolo de vacunaci\u00f3n de urgencia. La rabia es una enfermedad que no tiene tratamiento. 28 de marzo de 2023 TANDIL -\u00a0 En Tandil, desde diciembre hasta este mes de marzo, se han hallado cinco murci\u00e9lagos con rabia, lo que ha\u2026","rel":"","context":"En \u00abREGIONALES\u00bb","block_context":{"text":"REGIONALES","link":"https:\/\/larevistadigital.com.ar\/blog\/category\/regionales\/"},"img":{"alt_text":"","src":"https:\/\/i0.wp.com\/larevistadigital.com.ar\/blog\/wp-content\/uploads\/20230327171923_2328-600x450-1.jpg?fit=880%2C512&ssl=1&resize=350%2C200","width":350,"height":200,"srcset":"https:\/\/i0.wp.com\/larevistadigital.com.ar\/blog\/wp-content\/uploads\/20230327171923_2328-600x450-1.jpg?fit=880%2C512&ssl=1&resize=350%2C200 1x, https:\/\/i0.wp.com\/larevistadigital.com.ar\/blog\/wp-content\/uploads\/20230327171923_2328-600x450-1.jpg?fit=880%2C512&ssl=1&resize=525%2C300 1.5x, https:\/\/i0.wp.com\/larevistadigital.com.ar\/blog\/wp-content\/uploads\/20230327171923_2328-600x450-1.jpg?fit=880%2C512&ssl=1&resize=700%2C400 2x"},"classes":[]},{"id":30988,"url":"https:\/\/larevistadigital.com.ar\/blog\/tandil-ya-se-detectaron-5-casos-de-murcielagos-con-rabia-en-un-mes\/","url_meta":{"origin":4976,"position":2},"title":"TANDIL: YA SE DETECTARON 5 CASOS DE MURCI\u00c9LAGOS CON RABIA EN UN MES","author":"Alejandro Sosa Ruda","date":"12 abril, 2023","format":false,"excerpt":"La Municipalidad dispuso un operativo de vacunaci\u00f3n para aquellos perros y gatos que vivan en la zona del \u00faltimo hallazgo. 11 de abril de 2023 TANDIL -\u00a0 La ciudad de Tandil registr\u00f3 un nuevo caso de un murci\u00e9lago con rabia, y es el quinto que se detecta en el \u00faltimo\u2026","rel":"","context":"En \u00abREGIONALES\u00bb","block_context":{"text":"REGIONALES","link":"https:\/\/larevistadigital.com.ar\/blog\/category\/regionales\/"},"img":{"alt_text":"","src":"https:\/\/i0.wp.com\/larevistadigital.com.ar\/blog\/wp-content\/uploads\/descarga-1-1.jpg?fit=1200%2C812&ssl=1&resize=350%2C200","width":350,"height":200,"srcset":"https:\/\/i0.wp.com\/larevistadigital.com.ar\/blog\/wp-content\/uploads\/descarga-1-1.jpg?fit=1200%2C812&ssl=1&resize=350%2C200 1x, https:\/\/i0.wp.com\/larevistadigital.com.ar\/blog\/wp-content\/uploads\/descarga-1-1.jpg?fit=1200%2C812&ssl=1&resize=525%2C300 1.5x, https:\/\/i0.wp.com\/larevistadigital.com.ar\/blog\/wp-content\/uploads\/descarga-1-1.jpg?fit=1200%2C812&ssl=1&resize=700%2C400 2x, https:\/\/i0.wp.com\/larevistadigital.com.ar\/blog\/wp-content\/uploads\/descarga-1-1.jpg?fit=1200%2C812&ssl=1&resize=1050%2C600 3x"},"classes":[]},{"id":30403,"url":"https:\/\/larevistadigital.com.ar\/blog\/chascomus-operativo-de-bloqueo-sanitario-tras-el-hallazgo-de-un-murcielago-con-rabia\/","url_meta":{"origin":4976,"position":3},"title":"CHASCOM\u00daS: OPERATIVO DE \u00abBLOQUEO SANITARIO\u00bb TRAS EL HALLAZGO DE UN MURCI\u00c9LAGO CON RABIA.","author":"Alejandro Sosa Ruda","date":"6 marzo, 2023","format":false,"excerpt":"El equipo de Bromatolog\u00eda y Zoonosis trabaj\u00f3 en el sector de Juli\u00e1n Quintana e\/Scalabrini Ortiz y Las Acacias, completando la vacunaci\u00f3n antirr\u00e1bica de mascotas en un radio de 200mts a la redonda del lugar del hallazgo. 6 de marzo de 2023 CHASCOM\u00daS\u00a0 - Tras la notificaci\u00f3n a los respectivos domicilios,\u2026","rel":"","context":"En \u00abCHASCOM\u00daS\u00bb","block_context":{"text":"CHASCOM\u00daS","link":"https:\/\/larevistadigital.com.ar\/blog\/category\/chascomus\/"},"img":{"alt_text":"","src":"https:\/\/i0.wp.com\/larevistadigital.com.ar\/blog\/wp-content\/uploads\/descarga-18.jpg?fit=1200%2C900&ssl=1&resize=350%2C200","width":350,"height":200,"srcset":"https:\/\/i0.wp.com\/larevistadigital.com.ar\/blog\/wp-content\/uploads\/descarga-18.jpg?fit=1200%2C900&ssl=1&resize=350%2C200 1x, https:\/\/i0.wp.com\/larevistadigital.com.ar\/blog\/wp-content\/uploads\/descarga-18.jpg?fit=1200%2C900&ssl=1&resize=525%2C300 1.5x, https:\/\/i0.wp.com\/larevistadigital.com.ar\/blog\/wp-content\/uploads\/descarga-18.jpg?fit=1200%2C900&ssl=1&resize=700%2C400 2x, https:\/\/i0.wp.com\/larevistadigital.com.ar\/blog\/wp-content\/uploads\/descarga-18.jpg?fit=1200%2C900&ssl=1&resize=1050%2C600 3x"},"classes":[]},{"id":14780,"url":"https:\/\/larevistadigital.com.ar\/blog\/saladillo-hallan-murcielago-con-rabia-y-montan-operativo-preventivo\/","url_meta":{"origin":4976,"position":4},"title":"SALADILLO: HALLAN MURCI\u00c9LAGO CON RABIA Y MONTAN OPERATIVO PREVENTIVO","author":"Alejandro Sosa Ruda","date":"12 febrero, 2020","format":false,"excerpt":"Ser\u00e1 para vacunar perros y gatos. Un murci\u00e9lago afectado de rabia fue hallado en la ciudad bonaerense de Saladillo, cuyas autoridades sanitarias convocaron a la poblaci\u00f3n a concurrir el pr\u00f3ximo viernes a la plaza principal donde se montar\u00e1 un operativo\u00a0para vacunar perros y gatos contra esa enfermedad, inform\u00f3 una fuente\u2026","rel":"","context":"En \u00abREGIONALES\u00bb","block_context":{"text":"REGIONALES","link":"https:\/\/larevistadigital.com.ar\/blog\/category\/regionales\/"},"img":{"alt_text":"","src":"https:\/\/i0.wp.com\/larevistadigital.com.ar\/blog\/wp-content\/uploads\/1581540924845.jpg?fit=1200%2C645&ssl=1&resize=350%2C200","width":350,"height":200,"srcset":"https:\/\/i0.wp.com\/larevistadigital.com.ar\/blog\/wp-content\/uploads\/1581540924845.jpg?fit=1200%2C645&ssl=1&resize=350%2C200 1x, https:\/\/i0.wp.com\/larevistadigital.com.ar\/blog\/wp-content\/uploads\/1581540924845.jpg?fit=1200%2C645&ssl=1&resize=525%2C300 1.5x, https:\/\/i0.wp.com\/larevistadigital.com.ar\/blog\/wp-content\/uploads\/1581540924845.jpg?fit=1200%2C645&ssl=1&resize=700%2C400 2x, https:\/\/i0.wp.com\/larevistadigital.com.ar\/blog\/wp-content\/uploads\/1581540924845.jpg?fit=1200%2C645&ssl=1&resize=1050%2C600 3x"},"classes":[]},{"id":42447,"url":"https:\/\/larevistadigital.com.ar\/blog\/alarma-en-mar-del-plata-por-un-murcielago-con-rabia-advierten-que-menos-del-20-de-las-mascotas-esta-vacunada\/","url_meta":{"origin":4976,"position":5},"title":"Alarma en Mar del Plata por un murci\u00e9lago con rabia: advierten que menos del 20% de las mascotas est\u00e1 vacunada","author":"Alejandro Sosa Ruda","date":"10 noviembre, 2025","format":false,"excerpt":"El hallazgo de un murci\u00e9lago con rabia en el barrio Estrada encendi\u00f3 las alertas sanitarias. Desde el Colegio de Veterinarios bonaerense alertan sobre la baja vacunaci\u00f3n en perros y gatos y explican c\u00f3mo actuar ante un caso sospechoso. 10 de Noviembre de 2025 MAR DEL PLATA -\u00a0 La detecci\u00f3n de\u2026","rel":"","context":"En \u00abREGIONALES\u00bb","block_context":{"text":"REGIONALES","link":"https:\/\/larevistadigital.com.ar\/blog\/category\/regionales\/"},"img":{"alt_text":"","src":"https:\/\/i0.wp.com\/larevistadigital.com.ar\/blog\/wp-content\/uploads\/Captura-de-pantalla-2025-11-10-112710.jpg?fit=577%2C434&ssl=1&resize=350%2C200","width":350,"height":200,"srcset":"https:\/\/i0.wp.com\/larevistadigital.com.ar\/blog\/wp-content\/uploads\/Captura-de-pantalla-2025-11-10-112710.jpg?fit=577%2C434&ssl=1&resize=350%2C200 1x, https:\/\/i0.wp.com\/larevistadigital.com.ar\/blog\/wp-content\/uploads\/Captura-de-pantalla-2025-11-10-112710.jpg?fit=577%2C434&ssl=1&resize=525%2C300 1.5x"},"classes":[]}],"_links":{"self":[{"href":"https:\/\/larevistadigital.com.ar\/blog\/wp-json\/wp\/v2\/posts\/4976","targetHints":{"allow":["GET"]}}],"collection":[{"href":"https:\/\/larevistadigital.com.ar\/blog\/wp-json\/wp\/v2\/posts"}],"about":[{"href":"https:\/\/larevistadigital.com.ar\/blog\/wp-json\/wp\/v2\/types\/post"}],"author":[{"embeddable":true,"href":"https:\/\/larevistadigital.com.ar\/blog\/wp-json\/wp\/v2\/users\/3"}],"replies":[{"embeddable":true,"href":"https:\/\/larevistadigital.com.ar\/blog\/wp-json\/wp\/v2\/comments?post=4976"}],"version-history":[{"count":1,"href":"https:\/\/larevistadigital.com.ar\/blog\/wp-json\/wp\/v2\/posts\/4976\/revisions"}],"predecessor-version":[{"id":4979,"href":"https:\/\/larevistadigital.com.ar\/blog\/wp-json\/wp\/v2\/posts\/4976\/revisions\/4979"}],"wp:featuredmedia":[{"embeddable":true,"href":"https:\/\/larevistadigital.com.ar\/blog\/wp-json\/wp\/v2\/media\/4978"}],"wp:attachment":[{"href":"https:\/\/larevistadigital.com.ar\/blog\/wp-json\/wp\/v2\/media?parent=4976"}],"wp:term":[{"taxonomy":"category","embeddable":true,"href":"https:\/\/larevistadigital.com.ar\/blog\/wp-json\/wp\/v2\/categories?post=4976"},{"taxonomy":"post_tag","embeddable":true,"href":"https:\/\/larevistadigital.com.ar\/blog\/wp-json\/wp\/v2\/tags?post=4976"}],"curies":[{"name":"wp","href":"https:\/\/api.w.org\/{rel}","templated":true}]}}