{"id":4981,"date":"2018-02-23T03:34:21","date_gmt":"2018-02-23T03:34:21","guid":{"rendered":"https:\/\/larevistadigital.com.ar\/blog\/?p=4981"},"modified":"2018-02-23T03:34:21","modified_gmt":"2018-02-23T03:34:21","slug":"chascomus-desde-abril-se-dictaran-nuevos-cursos-italiano","status":"publish","type":"post","link":"https:\/\/larevistadigital.com.ar\/blog\/chascomus-desde-abril-se-dictaran-nuevos-cursos-italiano\/","title":{"rendered":"CHASCOM\u00daS: DESDE ABRIL SE DICTAR\u00c1N NUEVOS CURSOS DE ITALIANO"},"content":{"rendered":"<p>El presidente de la Sociedad Italiana de Chascom\u00fas, <strong>Hern\u00e1n Di Nucci<\/strong> mantuvo un di\u00e1logo con la FM 101.5 en donde brind\u00f3 informaci\u00f3n de las actividades y planes de la instituci\u00f3n.<\/p>\n<p>Comenz\u00f3 contando que al igual que en el a\u00f1o pasado, se va a brindar un curso de idioma italiano que comenzar\u00e1 a partir del mes de abril y que podr\u00e1n inscribirse los interesados durante todo el pr\u00f3ximo mes de marzo.<\/p>\n<p>El ser\u00e1 de lunes a viernes, en el horario de 11 a 12 horas y ser\u00e1 para todas las edades. Van a haber dos turnos que ser\u00e1n en los d\u00edas lunes de 18 a 19,30 para el nivel inicial, y de 19,30 a 21,00 horas ser\u00e1 para la gente con nivel avanzado.<\/p>\n<p>La profesora ser\u00e1 la se\u00f1ora <strong>Ana Maria Magdalena<\/strong> (la misma docente que el a\u00f1o pasado) y los costos del mismo ser\u00e1n:<\/p>\n<ul>\n<li>Socios: $600.- por mes<\/li>\n<li>No Socios: $700.- por mes<\/li>\n<\/ul>\n<p>Agreg\u00f3 que la gente en ese mismo instante que se inscribe, si lo desea puede asociarse y gozar de ese descuento desde ese momento.<\/p>\n<p>Por \u00faltimo<strong>, Di Nucci<\/strong> inform\u00f3 que est\u00e1 confirmado que se realizar\u00e1 pr\u00f3ximamente un evento en conjunto con <strong>Nicol\u00e1s Moreti <\/strong>de La Plata, y Cultura de Chascom\u00fas.<\/p>\n<p>Ser\u00e1 un evento itinerante que consiste en la presentaci\u00f3n de los finalistas de un certamen de m\u00fasica italiana que se realiza en La Plata, con artistas de muy buen nivel y artistas locales.<\/p>\n<p>Asegur\u00f3 que la idea es hacer un evento del nivel del cl\u00e1sico festival de San Remo, y que tambi\u00e9n se replicar\u00e1 en Italia.<\/p>\n<p>&nbsp;<\/p>\n","protected":false},"excerpt":{"rendered":"<div class=\"mh-excerpt\"><p>El presidente de la Sociedad Italiana de Chascom\u00fas, Hern\u00e1n Di Nucci mantuvo un di\u00e1logo con la FM 101.5 en donde brind\u00f3 informaci\u00f3n de las actividades y planes de la instituci\u00f3n. Comenz\u00f3 contando que al igual <a class=\"mh-excerpt-more\" href=\"https:\/\/larevistadigital.com.ar\/blog\/chascomus-desde-abril-se-dictaran-nuevos-cursos-italiano\/\" title=\"CHASCOM\u00daS: DESDE ABRIL SE DICTAR\u00c1N NUEVOS CURSOS DE ITALIANO\">[Leer M\u00e1s]<\/a><\/p>\n<\/div>","protected":false},"author":3,"featured_media":4982,"comment_status":"open","ping_status":"open","sticky":false,"template":"","format":"standard","meta":{"_jetpack_memberships_contains_paid_content":false,"footnotes":"","jetpack_publicize_message":"","jetpack_publicize_feature_enabled":true,"jetpack_social_post_already_shared":true,"jetpack_social_options":{"image_generator_settings":{"template":"highway","default_image_id":0,"font":"","enabled":false},"version":2}},"categories":[15,12],"tags":[],"class_list":{"0":"post-4981","1":"post","2":"type-post","3":"status-publish","4":"format-standard","5":"has-post-thumbnail","7":"category-cultura","8":"category-politica"},"jetpack_publicize_connections":[],"jetpack_featured_media_url":"https:\/\/i0.wp.com\/larevistadigital.com.ar\/blog\/wp-content\/uploads\/2018\/02\/20046712_1947665742139721_2359312270497587590_n.jpg?fit=638%2C960&ssl=1","jetpack_sharing_enabled":true,"jetpack_shortlink":"https:\/\/wp.me\/p8qtrQ-1il","jetpack-related-posts":[{"id":35766,"url":"https:\/\/larevistadigital.com.ar\/blog\/apertura-de-la-muestra-pictorica-mujeres\/","url_meta":{"origin":4981,"position":0},"title":"APERTURA DE LA MUESTRA PICT\u00d3RICA \u00abMUJERES\u00bb","author":"Alejandro Sosa Ruda","date":"5 abril, 2024","format":false,"excerpt":"Consta de 13 obras, retratos de mujeres imaginarias, combinadas con diferentes elementos que las acompa\u00f1an e identifican, realizadas con acr\u00edlico sobre lienzo. 4 de abril de 2024 CHASCOM\u00daS -\u00a0 Para el viernes 12 de abril se encuentra anunciada la apertura de la muestra \u201cMujeres\u201d, de Silvia Rodr\u00edguez, en el Centro\u2026","rel":"","context":"En \u00abCULTURA\u00bb","block_context":{"text":"CULTURA","link":"https:\/\/larevistadigital.com.ar\/blog\/category\/cultura\/"},"img":{"alt_text":"","src":"https:\/\/i0.wp.com\/larevistadigital.com.ar\/blog\/wp-content\/uploads\/2024_04_05_01_22_06_2054925.jpg?fit=600%2C797&ssl=1&resize=350%2C200","width":350,"height":200,"srcset":"https:\/\/i0.wp.com\/larevistadigital.com.ar\/blog\/wp-content\/uploads\/2024_04_05_01_22_06_2054925.jpg?fit=600%2C797&ssl=1&resize=350%2C200 1x, https:\/\/i0.wp.com\/larevistadigital.com.ar\/blog\/wp-content\/uploads\/2024_04_05_01_22_06_2054925.jpg?fit=600%2C797&ssl=1&resize=525%2C300 1.5x"},"classes":[]},{"id":5287,"url":"https:\/\/larevistadigital.com.ar\/blog\/eventos-programados-para-la-semana-santa\/","url_meta":{"origin":4981,"position":1},"title":"Eventos programados para la Semana Santa","author":"admin","date":"29 marzo, 2018","format":false,"excerpt":"Los siguientes son los eventos programados para esta Semana Santa, que presidir\u00e1 nuestro P\u00e1rroco el Padre Claudio Munilla. Hoy, lunes 26, a las 18 horas habr\u00e1 confesiones en el templo, a las 19 celebraci\u00f3n de la Santa Misa y a las 19,30 meditaci\u00f3n \u201cRito del fuego y de la Luz\u201d.\u2026","rel":"","context":"En \u00abPILA\u00bb","block_context":{"text":"PILA","link":"https:\/\/larevistadigital.com.ar\/blog\/category\/pila\/"},"img":{"alt_text":"","src":"https:\/\/i0.wp.com\/larevistadigital.com.ar\/blog\/wp-content\/uploads\/2018\/03\/pila2_26demarzode2108_elfuerte.jpg?fit=737%2C415&ssl=1&resize=350%2C200","width":350,"height":200,"srcset":"https:\/\/i0.wp.com\/larevistadigital.com.ar\/blog\/wp-content\/uploads\/2018\/03\/pila2_26demarzode2108_elfuerte.jpg?fit=737%2C415&ssl=1&resize=350%2C200 1x, https:\/\/i0.wp.com\/larevistadigital.com.ar\/blog\/wp-content\/uploads\/2018\/03\/pila2_26demarzode2108_elfuerte.jpg?fit=737%2C415&ssl=1&resize=525%2C300 1.5x, https:\/\/i0.wp.com\/larevistadigital.com.ar\/blog\/wp-content\/uploads\/2018\/03\/pila2_26demarzode2108_elfuerte.jpg?fit=737%2C415&ssl=1&resize=700%2C400 2x"},"classes":[]},{"id":44563,"url":"https:\/\/larevistadigital.com.ar\/blog\/en-abril-se-viene-un-nuevo-trail-running-chascomus\/","url_meta":{"origin":4981,"position":2},"title":"En abril se viene un nuevo Trail Running Chascom\u00fas","author":"Alejandro Sosa Ruda","date":"17 marzo, 2026","format":false,"excerpt":"Ya se encuentra abierta la inscripci\u00f3n para la competencia organizada por la Municipalidad de Chascom\u00fas. 17 de marzo de 2026 CHASCOM\u00daS -\u00a0 \u00a0El pr\u00f3ximo 12 de abril nuestra ciudad recibir\u00e1 a deportistas de distintas localidades que llegar\u00e1n para participar de una nueva edici\u00f3n del Trail Running Chascom\u00fas. La carrera se\u2026","rel":"","context":"En \u00abCHASCOM\u00daS\u00bb","block_context":{"text":"CHASCOM\u00daS","link":"https:\/\/larevistadigital.com.ar\/blog\/category\/chascomus\/"},"img":{"alt_text":"","src":"https:\/\/i0.wp.com\/larevistadigital.com.ar\/blog\/wp-content\/uploads\/69b97e3f079b8.png?fit=668%2C445&ssl=1&resize=350%2C200","width":350,"height":200,"srcset":"https:\/\/i0.wp.com\/larevistadigital.com.ar\/blog\/wp-content\/uploads\/69b97e3f079b8.png?fit=668%2C445&ssl=1&resize=350%2C200 1x, https:\/\/i0.wp.com\/larevistadigital.com.ar\/blog\/wp-content\/uploads\/69b97e3f079b8.png?fit=668%2C445&ssl=1&resize=525%2C300 1.5x"},"classes":[]},{"id":30940,"url":"https:\/\/larevistadigital.com.ar\/blog\/chascomus-se-reprogramo-la-fecha-para-el-desafio-mtb-chascomus\/","url_meta":{"origin":4981,"position":3},"title":"CHASCOM\u00daS: SE REPROGRAM\u00d3 LA FECHA PARA EL #DESAF\u00cdO MTB CHASCOM\u00daS","author":"Alejandro Sosa Ruda","date":"7 abril, 2023","format":false,"excerpt":"Se hab\u00eda suspendido por razones clim\u00e1ticas y ahora se dispuso una nueva fecha, para un imperdible evento que promete repetirse. 6 de abril de 2023 CHASCOM\u00daS -\u00a0 Un evento que fue suspendido hace poco tiempo por las lluvias, ahora ha sido reprogramado para llevarse a cabo el pr\u00f3ximo 23 de\u2026","rel":"","context":"En \u00abCHASCOM\u00daS\u00bb","block_context":{"text":"CHASCOM\u00daS","link":"https:\/\/larevistadigital.com.ar\/blog\/category\/chascomus\/"},"img":{"alt_text":"","src":"https:\/\/i0.wp.com\/larevistadigital.com.ar\/blog\/wp-content\/uploads\/339820172_993021305016311_9189302290776049363_n.jpg?fit=716%2C716&ssl=1&resize=350%2C200","width":350,"height":200,"srcset":"https:\/\/i0.wp.com\/larevistadigital.com.ar\/blog\/wp-content\/uploads\/339820172_993021305016311_9189302290776049363_n.jpg?fit=716%2C716&ssl=1&resize=350%2C200 1x, https:\/\/i0.wp.com\/larevistadigital.com.ar\/blog\/wp-content\/uploads\/339820172_993021305016311_9189302290776049363_n.jpg?fit=716%2C716&ssl=1&resize=525%2C300 1.5x, https:\/\/i0.wp.com\/larevistadigital.com.ar\/blog\/wp-content\/uploads\/339820172_993021305016311_9189302290776049363_n.jpg?fit=716%2C716&ssl=1&resize=700%2C400 2x"},"classes":[]},{"id":31020,"url":"https:\/\/larevistadigital.com.ar\/blog\/chascomus-se-llevara-a-cabo-la-segunda-charla-sobre-prevencion-primaria-en-familia\/","url_meta":{"origin":4981,"position":4},"title":"CHASCOM\u00daS: SE LLEVAR\u00c1 A CABO LA SEGUNDA CHARLA SOBRE PREVENCI\u00d3N PRIMARIA EN FAMILIA","author":"Alejandro Sosa Ruda","date":"13 abril, 2023","format":false,"excerpt":"Ser\u00e1 este s\u00e1bado en Uni\u00f3n Deportiva. Abordar\u00e1 temas de actualidad que nos pueden afectar a todos. 13 de abril de 2023 CHASCOM\u00daS -\u00a0 Este s\u00e1bado, 15 de abril, a las 10,30 horas, se realizar\u00e1 en el Club Atl\u00e9tico Uni\u00f3n Deportiva, calle Soler 336, la segunda charla sobre \u201cPrevenci\u00f3n primaria en\u2026","rel":"","context":"En \u00abINTERES GENERAL\u00bb","block_context":{"text":"INTERES GENERAL","link":"https:\/\/larevistadigital.com.ar\/blog\/category\/interes-general\/"},"img":{"alt_text":"","src":"https:\/\/i0.wp.com\/larevistadigital.com.ar\/blog\/wp-content\/uploads\/WhatsApp-Image-2023-04-11-at-16.13.10.jpeg?fit=1090%2C1090&ssl=1&resize=350%2C200","width":350,"height":200,"srcset":"https:\/\/i0.wp.com\/larevistadigital.com.ar\/blog\/wp-content\/uploads\/WhatsApp-Image-2023-04-11-at-16.13.10.jpeg?fit=1090%2C1090&ssl=1&resize=350%2C200 1x, https:\/\/i0.wp.com\/larevistadigital.com.ar\/blog\/wp-content\/uploads\/WhatsApp-Image-2023-04-11-at-16.13.10.jpeg?fit=1090%2C1090&ssl=1&resize=525%2C300 1.5x, https:\/\/i0.wp.com\/larevistadigital.com.ar\/blog\/wp-content\/uploads\/WhatsApp-Image-2023-04-11-at-16.13.10.jpeg?fit=1090%2C1090&ssl=1&resize=700%2C400 2x, https:\/\/i0.wp.com\/larevistadigital.com.ar\/blog\/wp-content\/uploads\/WhatsApp-Image-2023-04-11-at-16.13.10.jpeg?fit=1090%2C1090&ssl=1&resize=1050%2C600 3x"},"classes":[]},{"id":35732,"url":"https:\/\/larevistadigital.com.ar\/blog\/chascomus-durante-abril-continuara-la-campana-de-vacunacion-antirabica\/","url_meta":{"origin":4981,"position":5},"title":"CHASCOM\u00daS: DURANTE ABRIL CONTINUAR\u00c1 LA CAMPA\u00d1A DE VACUNACI\u00d3N ANTIR\u00c1BICA","author":"Alejandro Sosa Ruda","date":"3 abril, 2024","format":false,"excerpt":"La vacuna debe aplicarse de manera obligatoria a animales dom\u00e9sticos, a partir de los 3 meses de vida, y debe repetirse a\u00f1o tras a\u00f1o. 3 de abril de 2024 CHASCOM\u00daS -\u00a0 El equipo de la Direcci\u00f3n de Bromatolog\u00eda y Zoonosis contin\u00faa recorriendo barrios para aplicar las vacunas a perros y\u2026","rel":"","context":"En \u00abSin categor\u00eda\u00bb","block_context":{"text":"Sin categor\u00eda","link":"https:\/\/larevistadigital.com.ar\/blog\/category\/sin-categoria\/"},"img":{"alt_text":"","src":"https:\/\/i0.wp.com\/larevistadigital.com.ar\/blog\/wp-content\/uploads\/2024_04_04_00_56_33_9131175.jpg?fit=600%2C401&ssl=1&resize=350%2C200","width":350,"height":200,"srcset":"https:\/\/i0.wp.com\/larevistadigital.com.ar\/blog\/wp-content\/uploads\/2024_04_04_00_56_33_9131175.jpg?fit=600%2C401&ssl=1&resize=350%2C200 1x, https:\/\/i0.wp.com\/larevistadigital.com.ar\/blog\/wp-content\/uploads\/2024_04_04_00_56_33_9131175.jpg?fit=600%2C401&ssl=1&resize=525%2C300 1.5x"},"classes":[]}],"_links":{"self":[{"href":"https:\/\/larevistadigital.com.ar\/blog\/wp-json\/wp\/v2\/posts\/4981","targetHints":{"allow":["GET"]}}],"collection":[{"href":"https:\/\/larevistadigital.com.ar\/blog\/wp-json\/wp\/v2\/posts"}],"about":[{"href":"https:\/\/larevistadigital.com.ar\/blog\/wp-json\/wp\/v2\/types\/post"}],"author":[{"embeddable":true,"href":"https:\/\/larevistadigital.com.ar\/blog\/wp-json\/wp\/v2\/users\/3"}],"replies":[{"embeddable":true,"href":"https:\/\/larevistadigital.com.ar\/blog\/wp-json\/wp\/v2\/comments?post=4981"}],"version-history":[{"count":2,"href":"https:\/\/larevistadigital.com.ar\/blog\/wp-json\/wp\/v2\/posts\/4981\/revisions"}],"predecessor-version":[{"id":4985,"href":"https:\/\/larevistadigital.com.ar\/blog\/wp-json\/wp\/v2\/posts\/4981\/revisions\/4985"}],"wp:featuredmedia":[{"embeddable":true,"href":"https:\/\/larevistadigital.com.ar\/blog\/wp-json\/wp\/v2\/media\/4982"}],"wp:attachment":[{"href":"https:\/\/larevistadigital.com.ar\/blog\/wp-json\/wp\/v2\/media?parent=4981"}],"wp:term":[{"taxonomy":"category","embeddable":true,"href":"https:\/\/larevistadigital.com.ar\/blog\/wp-json\/wp\/v2\/categories?post=4981"},{"taxonomy":"post_tag","embeddable":true,"href":"https:\/\/larevistadigital.com.ar\/blog\/wp-json\/wp\/v2\/tags?post=4981"}],"curies":[{"name":"wp","href":"https:\/\/api.w.org\/{rel}","templated":true}]}}