{"id":4986,"date":"2018-02-23T03:46:43","date_gmt":"2018-02-23T03:46:43","guid":{"rendered":"https:\/\/larevistadigital.com.ar\/blog\/?p=4986"},"modified":"2018-02-23T03:46:43","modified_gmt":"2018-02-23T03:46:43","slug":"chascomus-esta-abierta-la-inscripcion-plan-fines-2","status":"publish","type":"post","link":"https:\/\/larevistadigital.com.ar\/blog\/chascomus-esta-abierta-la-inscripcion-plan-fines-2\/","title":{"rendered":"CHASCOM\u00daS: EST\u00c1 ABIERTA LA INSCRIPCI\u00d3N PARA EL PLAN FINES 2"},"content":{"rendered":"<p>Durante una entrevista en la FM 101.5 de Chascom\u00fas, se dialog\u00f3 con <strong>Natalia Pereyra<\/strong>, coordinadora administrativa del llamado \u201cPlan Fines 2\u201d, en donde coment\u00f3 en primera instancia que se est\u00e1 inscribiendo a los nuevos ingresantes al plan, para los interesados en finalizar el colegio secundario.<\/p>\n<blockquote>\n<h3><strong>Pereyra<\/strong> inform\u00f3 que ser\u00e1 en la Escuela N\u00b017 ubicada en la calle Machado 246, en el horario de 8,30 a 12,30 horas, sino en alg\u00fan otro momento en el que alguien quiera inscribirse y dejar sus datos, debe hacerlo en la calle Moreno 131 que es donde funciona la Jefatura Distrital.<\/h3>\n<\/blockquote>\n<p>Cabe se\u00f1alar que esta inscripci\u00f3n, es para quienes desean comenzar este ciclo 2018, y no para los que ya est\u00e1n estudiando.<\/p>\n<p>Expres\u00f3 que actualmente est\u00e1n estudiando unos 500 alumnos en 15 sedes, en Chascom\u00fas, en distintos horarios y que a la fecha hay aproximadamente unos 1.500 alumnos desde el a\u00f1o 2012.<\/p>\n<blockquote>\n<h3>La documentaci\u00f3n necesaria para la inscripci\u00f3n, es presentar dos copias de DNI, dos partidas de nacimiento y dos copias del certificado de estudio primario, o en el caso de tener estudios secundarios no completos, dos copias del anal\u00edtico, y por \u00faltimo dos constancias de CUIL.<\/h3>\n<\/blockquote>\n<p>La duraci\u00f3n del plan de estudios, es de tres a\u00f1os, si no hicieron secundario, con tres d\u00edas de estudio en el primer a\u00f1o, y dos d\u00edas desde el segundo a\u00f1o, viendo en cada caso como se arma el plan de cada persona de acuerdo a cuando hab\u00eda dejado los estudios.<\/p>\n<p>&nbsp;<\/p>\n<p>&nbsp;<\/p>\n","protected":false},"excerpt":{"rendered":"<div class=\"mh-excerpt\"><p>Durante una entrevista en la FM 101.5 de Chascom\u00fas, se dialog\u00f3 con Natalia Pereyra, coordinadora administrativa del llamado \u201cPlan Fines 2\u201d, en donde coment\u00f3 en primera instancia que se est\u00e1 inscribiendo a los nuevos ingresantes <a class=\"mh-excerpt-more\" href=\"https:\/\/larevistadigital.com.ar\/blog\/chascomus-esta-abierta-la-inscripcion-plan-fines-2\/\" title=\"CHASCOM\u00daS: EST\u00c1 ABIERTA LA INSCRIPCI\u00d3N PARA EL PLAN FINES 2\">[Leer M\u00e1s]<\/a><\/p>\n<\/div>","protected":false},"author":3,"featured_media":4988,"comment_status":"open","ping_status":"open","sticky":false,"template":"","format":"standard","meta":{"_jetpack_memberships_contains_paid_content":false,"footnotes":"","jetpack_publicize_message":"","jetpack_publicize_feature_enabled":true,"jetpack_social_post_already_shared":true,"jetpack_social_options":{"image_generator_settings":{"template":"highway","default_image_id":0,"font":"","enabled":false},"version":2}},"categories":[15,12],"tags":[],"class_list":{"0":"post-4986","1":"post","2":"type-post","3":"status-publish","4":"format-standard","5":"has-post-thumbnail","7":"category-cultura","8":"category-politica"},"jetpack_publicize_connections":[],"jetpack_featured_media_url":"https:\/\/i0.wp.com\/larevistadigital.com.ar\/blog\/wp-content\/uploads\/2018\/02\/FINES-2-otro.png?fit=850%2C400&ssl=1","jetpack_sharing_enabled":true,"jetpack_shortlink":"https:\/\/wp.me\/p8qtrQ-1iq","jetpack-related-posts":[{"id":35944,"url":"https:\/\/larevistadigital.com.ar\/blog\/chascomus-apertura-del-registro-de-inscripcion-de-pediatras-para-guardias\/","url_meta":{"origin":4986,"position":0},"title":"CHASCOM\u00daS: APERTURA DEL REGISTRO DE INSCRIPCI\u00d3N DE PEDIATRAS PARA GUARDIAS","author":"Alejandro Sosa Ruda","date":"27 abril, 2024","format":false,"excerpt":"La Municipalidad a trav\u00e9s de la Secretar\u00eda de Salud P\u00fablica, anunci\u00f3 la apertura del registro de inscripci\u00f3n para la contrataci\u00f3n de m\u00e9dicos pediatras para cubrir guardias durante los fines de semana. 27 de abril de 2024 CHASCOM\u00daS\u00a0 -\u00a0 La realidad de la salud p\u00fablica a nivel provincial y nacional, alertada\u2026","rel":"","context":"En \u00abCHASCOM\u00daS\u00bb","block_context":{"text":"CHASCOM\u00daS","link":"https:\/\/larevistadigital.com.ar\/blog\/category\/chascomus\/"},"img":{"alt_text":"","src":"https:\/\/i0.wp.com\/larevistadigital.com.ar\/blog\/wp-content\/uploads\/2024_04_28_00_21_50_5036825.jpg?fit=600%2C401&ssl=1&resize=350%2C200","width":350,"height":200,"srcset":"https:\/\/i0.wp.com\/larevistadigital.com.ar\/blog\/wp-content\/uploads\/2024_04_28_00_21_50_5036825.jpg?fit=600%2C401&ssl=1&resize=350%2C200 1x, https:\/\/i0.wp.com\/larevistadigital.com.ar\/blog\/wp-content\/uploads\/2024_04_28_00_21_50_5036825.jpg?fit=600%2C401&ssl=1&resize=525%2C300 1.5x"},"classes":[]},{"id":39980,"url":"https:\/\/larevistadigital.com.ar\/blog\/chascomus-abre-la-inscripcion-al-taller-de-digitalizacion\/","url_meta":{"origin":4986,"position":1},"title":"Chascom\u00fas: Abre la inscripci\u00f3n al Taller de Digitalizaci\u00f3n","author":"Alejandro Sosa Ruda","date":"6 junio, 2025","format":false,"excerpt":"Se trata de la segunda edici\u00f3n del a\u00f1o de esta capacitaci\u00f3n destinada a personas adultas con la finalidad de reducir la brecha digital 6 de Junio de 2025 CHASCOM\u00daS -\u00a0 Abre la inscripci\u00f3n a una nueva edici\u00f3n del Taller de Digitalizaci\u00f3n para adultos mayores que quieran familiarizarse con el uso\u2026","rel":"","context":"En \u00abCHASCOM\u00daS\u00bb","block_context":{"text":"CHASCOM\u00daS","link":"https:\/\/larevistadigital.com.ar\/blog\/category\/chascomus\/"},"img":{"alt_text":"","src":"https:\/\/i0.wp.com\/larevistadigital.com.ar\/blog\/wp-content\/uploads\/68432514339c4.png?fit=668%2C445&ssl=1&resize=350%2C200","width":350,"height":200,"srcset":"https:\/\/i0.wp.com\/larevistadigital.com.ar\/blog\/wp-content\/uploads\/68432514339c4.png?fit=668%2C445&ssl=1&resize=350%2C200 1x, https:\/\/i0.wp.com\/larevistadigital.com.ar\/blog\/wp-content\/uploads\/68432514339c4.png?fit=668%2C445&ssl=1&resize=525%2C300 1.5x"},"classes":[]},{"id":40310,"url":"https:\/\/larevistadigital.com.ar\/blog\/chascomus-inscripcion-al-listado-oficial-docente-municipal\/","url_meta":{"origin":4986,"position":2},"title":"Chascom\u00fas: Inscripci\u00f3n al Listado Oficial Docente Municipal","author":"Alejandro Sosa Ruda","date":"4 julio, 2025","format":false,"excerpt":"Se extiende la inscripci\u00f3n para los aspirantes docentes a desempe\u00f1arse en establecimientos educativos municipales. 04 e Julio de 2025 CHASCOM\u00daS -\u00a0 \u00a0El Tribunal de Clasificaci\u00f3n Docente Municipal informa que los docentes aspirantes a desempe\u00f1arse en establecimientos educativos municipales, podr\u00e1n completar la inscripci\u00f3n al listado oficial correspondiente al 2026 hasta el\u2026","rel":"","context":"En \u00abCHASCOM\u00daS\u00bb","block_context":{"text":"CHASCOM\u00daS","link":"https:\/\/larevistadigital.com.ar\/blog\/category\/chascomus\/"},"img":{"alt_text":"","src":"https:\/\/i0.wp.com\/larevistadigital.com.ar\/blog\/wp-content\/uploads\/686814036ee45.png?fit=668%2C445&ssl=1&resize=350%2C200","width":350,"height":200,"srcset":"https:\/\/i0.wp.com\/larevistadigital.com.ar\/blog\/wp-content\/uploads\/686814036ee45.png?fit=668%2C445&ssl=1&resize=350%2C200 1x, https:\/\/i0.wp.com\/larevistadigital.com.ar\/blog\/wp-content\/uploads\/686814036ee45.png?fit=668%2C445&ssl=1&resize=525%2C300 1.5x"},"classes":[]},{"id":39939,"url":"https:\/\/larevistadigital.com.ar\/blog\/chascomus-abre-la-inscripcion-para-los-docentes-para-las-escuelas-municipales\/","url_meta":{"origin":4986,"position":3},"title":"Chascom\u00fas: Abre la inscripci\u00f3n para los docentes para las escuelas municipales","author":"Alejandro Sosa Ruda","date":"30 mayo, 2025","format":false,"excerpt":"Abre la inscripci\u00f3n para los aspirantes docentes a desempe\u00f1arse en establecimientos educativos municipales. 30 de Mayo de 2025 CHASCOM\u00daS -\u00a0 El Tribunal de Clasificaci\u00f3n Docente Municipal informa que entre el 2 y el 30 de junio los docentes aspirantes a desempe\u00f1arse en establecimientos educativos municipales, podr\u00e1n completar la inscripci\u00f3n al\u2026","rel":"","context":"En \u00abCHASCOM\u00daS\u00bb","block_context":{"text":"CHASCOM\u00daS","link":"https:\/\/larevistadigital.com.ar\/blog\/category\/chascomus\/"},"img":{"alt_text":"","src":"https:\/\/i0.wp.com\/larevistadigital.com.ar\/blog\/wp-content\/uploads\/68389cd72b833.png?fit=668%2C445&ssl=1&resize=350%2C200","width":350,"height":200,"srcset":"https:\/\/i0.wp.com\/larevistadigital.com.ar\/blog\/wp-content\/uploads\/68389cd72b833.png?fit=668%2C445&ssl=1&resize=350%2C200 1x, https:\/\/i0.wp.com\/larevistadigital.com.ar\/blog\/wp-content\/uploads\/68389cd72b833.png?fit=668%2C445&ssl=1&resize=525%2C300 1.5x"},"classes":[]},{"id":40749,"url":"https:\/\/larevistadigital.com.ar\/blog\/fines-abierta-la-inscripcion\/","url_meta":{"origin":4986,"position":4},"title":"FinEs: abierta la inscripci\u00f3n","author":"Alejandro Sosa Ruda","date":"4 agosto, 2025","format":false,"excerpt":"Nuevo ciclo del programa que permite comenzar o finalizar los estudios secundarios obligatorios a las personas mayores de 18 a\u00f1os. 04 de Agosto de 2025 CHASCOM\u00daS\u00a0 -\u00a0 Se encuentran abiertas las inscripciones al Plan FinEs, el programa que permite comenzar o finalizar los estudios secundarios obligatorios a personas mayores de\u2026","rel":"","context":"En \u00abCHASCOM\u00daS\u00bb","block_context":{"text":"CHASCOM\u00daS","link":"https:\/\/larevistadigital.com.ar\/blog\/category\/chascomus\/"},"img":{"alt_text":"","src":"https:\/\/i0.wp.com\/larevistadigital.com.ar\/blog\/wp-content\/uploads\/6890f3a6a8213.png?fit=668%2C445&ssl=1&resize=350%2C200","width":350,"height":200,"srcset":"https:\/\/i0.wp.com\/larevistadigital.com.ar\/blog\/wp-content\/uploads\/6890f3a6a8213.png?fit=668%2C445&ssl=1&resize=350%2C200 1x, https:\/\/i0.wp.com\/larevistadigital.com.ar\/blog\/wp-content\/uploads\/6890f3a6a8213.png?fit=668%2C445&ssl=1&resize=525%2C300 1.5x"},"classes":[]},{"id":41019,"url":"https:\/\/larevistadigital.com.ar\/blog\/abrio-la-inscripcion-a-los-21k-de-chascomus\/","url_meta":{"origin":4986,"position":5},"title":"Abri\u00f3 la inscripci\u00f3n a los 21K de Chascom\u00fas","author":"Alejandro Sosa Ruda","date":"20 agosto, 2025","format":false,"excerpt":"Ya est\u00e1 habilitado el link para ser parte del evento m\u00e1s importante del calendario de running que propone la Municipalidad de Chascom\u00fas. 20 De Agosto de 2025 CHASCOM\u00daS\u00a0 -\u00a0 \u00a0 El pr\u00f3ximo 14 de septiembre se realizar\u00e1 uno de los eventos m\u00e1s esperados del calendario de running de Chascom\u00fas. Los\u2026","rel":"","context":"En \u00abCHASCOM\u00daS\u00bb","block_context":{"text":"CHASCOM\u00daS","link":"https:\/\/larevistadigital.com.ar\/blog\/category\/chascomus\/"},"img":{"alt_text":"","src":"https:\/\/i0.wp.com\/larevistadigital.com.ar\/blog\/wp-content\/uploads\/68a5f8fada22a.png?fit=668%2C445&ssl=1&resize=350%2C200","width":350,"height":200,"srcset":"https:\/\/i0.wp.com\/larevistadigital.com.ar\/blog\/wp-content\/uploads\/68a5f8fada22a.png?fit=668%2C445&ssl=1&resize=350%2C200 1x, https:\/\/i0.wp.com\/larevistadigital.com.ar\/blog\/wp-content\/uploads\/68a5f8fada22a.png?fit=668%2C445&ssl=1&resize=525%2C300 1.5x"},"classes":[]}],"_links":{"self":[{"href":"https:\/\/larevistadigital.com.ar\/blog\/wp-json\/wp\/v2\/posts\/4986","targetHints":{"allow":["GET"]}}],"collection":[{"href":"https:\/\/larevistadigital.com.ar\/blog\/wp-json\/wp\/v2\/posts"}],"about":[{"href":"https:\/\/larevistadigital.com.ar\/blog\/wp-json\/wp\/v2\/types\/post"}],"author":[{"embeddable":true,"href":"https:\/\/larevistadigital.com.ar\/blog\/wp-json\/wp\/v2\/users\/3"}],"replies":[{"embeddable":true,"href":"https:\/\/larevistadigital.com.ar\/blog\/wp-json\/wp\/v2\/comments?post=4986"}],"version-history":[{"count":1,"href":"https:\/\/larevistadigital.com.ar\/blog\/wp-json\/wp\/v2\/posts\/4986\/revisions"}],"predecessor-version":[{"id":4989,"href":"https:\/\/larevistadigital.com.ar\/blog\/wp-json\/wp\/v2\/posts\/4986\/revisions\/4989"}],"wp:featuredmedia":[{"embeddable":true,"href":"https:\/\/larevistadigital.com.ar\/blog\/wp-json\/wp\/v2\/media\/4988"}],"wp:attachment":[{"href":"https:\/\/larevistadigital.com.ar\/blog\/wp-json\/wp\/v2\/media?parent=4986"}],"wp:term":[{"taxonomy":"category","embeddable":true,"href":"https:\/\/larevistadigital.com.ar\/blog\/wp-json\/wp\/v2\/categories?post=4986"},{"taxonomy":"post_tag","embeddable":true,"href":"https:\/\/larevistadigital.com.ar\/blog\/wp-json\/wp\/v2\/tags?post=4986"}],"curies":[{"name":"wp","href":"https:\/\/api.w.org\/{rel}","templated":true}]}}