{"id":5002,"date":"2018-02-23T13:27:49","date_gmt":"2018-02-23T13:27:49","guid":{"rendered":"https:\/\/larevistadigital.com.ar\/blog\/?p=5002"},"modified":"2018-02-23T13:27:49","modified_gmt":"2018-02-23T13:27:49","slug":"chascomus-ricardo-michino-hablo-la-compra-200-nuevos-contenedores","status":"publish","type":"post","link":"https:\/\/larevistadigital.com.ar\/blog\/chascomus-ricardo-michino-hablo-la-compra-200-nuevos-contenedores\/","title":{"rendered":"CHASCOM\u00daS: RICARDO MICHINO HABL\u00d3 DE LA COMPRA DE 200 NUEVOS CONTENEDORES"},"content":{"rendered":"<h2><strong>Ricardo Michino<\/strong>, director de ambiente sustentable de la Municipalidad de Chascom\u00fas, habl\u00f3 del tema de la basura en la ciudad en la FM 101.5.<\/h2>\n<p>Manifest\u00f3 que se van a adquirir m\u00e1s contenedores ya que el resultado de los que se han colocado fue muy positivo, con muy buena recepci\u00f3n por parte de los vecinos.<\/p>\n<blockquote>\n<h3>Destac\u00f3 que han contribuido a mejorar la higiene de la ciudad y que significa un importante cambio cultural, mencionando que, si bien en un principio se temi\u00f3 que sufrieran el \u201cvandalismo\u201d de alguien desconsiderado, afortunadamente no ocurri\u00f3 de esa manera.<\/h3>\n<\/blockquote>\n<p>Los contenedores ser\u00e1n 200 y <strong>Michino<\/strong> recalc\u00f3 que ser\u00e1 un proceso, destinado a los barrios, reforzando las zonas y ampliando la cobertura, siendo la idea llegar a tener uno en cada esquina, para brindar un mejor servicio.<\/p>\n<blockquote>\n<h3>Con respecto al basurero municipal, dijo que se viene trabajando en tratar de convertir el lugar en un relleno sanitario, y que se ha logrado incluir a Chascom\u00fas entre las primeras 10 ciudades que la OPDS (organismo Provincial Para el Desarrollo Sostenible) trabajar\u00e1 en la materia.<\/h3>\n<\/blockquote>\n<p>Indic\u00f3 que est\u00e1 controlado el incendio en un 99%, y que actualmente casi no hay humo que proviene del basural.<\/p>\n<p>Coment\u00f3 que se abrieron caminos en las cavas y que se llevaron m\u00e1s de 400 camiones con tierra para sofocar el fuego, ya que la tierra es el material que se utiliza para apagar esos focos.<\/p>\n<p>Por \u00faltimo, dijo que han implementado un programa en el que se colocar\u00e1n \u201ccampanas\u201d verdes en distintos puntos de la ciudad a efectos de que los vecinos puedan llevar ah\u00ed sus reciclables, lo que se har\u00e1 paulatinamente durante el transcurso de este a\u00f1o.<\/p>\n","protected":false},"excerpt":{"rendered":"<div class=\"mh-excerpt\"><p>Ricardo Michino, director de ambiente sustentable de la Municipalidad de Chascom\u00fas, habl\u00f3 del tema de la basura en la ciudad en la FM 101.5. Manifest\u00f3 que se van a adquirir m\u00e1s contenedores ya que el <a class=\"mh-excerpt-more\" href=\"https:\/\/larevistadigital.com.ar\/blog\/chascomus-ricardo-michino-hablo-la-compra-200-nuevos-contenedores\/\" title=\"CHASCOM\u00daS: RICARDO MICHINO HABL\u00d3 DE LA COMPRA DE 200 NUEVOS CONTENEDORES\">[Leer M\u00e1s]<\/a><\/p>\n<\/div>","protected":false},"author":3,"featured_media":5003,"comment_status":"open","ping_status":"open","sticky":false,"template":"","format":"standard","meta":{"_jetpack_memberships_contains_paid_content":false,"footnotes":"","jetpack_publicize_message":"","jetpack_publicize_feature_enabled":true,"jetpack_social_post_already_shared":true,"jetpack_social_options":{"image_generator_settings":{"template":"highway","default_image_id":0,"font":"","enabled":false},"version":2}},"categories":[12],"tags":[],"class_list":{"0":"post-5002","1":"post","2":"type-post","3":"status-publish","4":"format-standard","5":"has-post-thumbnail","7":"category-politica"},"jetpack_publicize_connections":[],"jetpack_featured_media_url":"https:\/\/i0.wp.com\/larevistadigital.com.ar\/blog\/wp-content\/uploads\/2018\/02\/20785758_1599814140039465_5954032198227884272_o.jpg?fit=2048%2C1366&ssl=1","jetpack_sharing_enabled":true,"jetpack_shortlink":"https:\/\/wp.me\/p8qtrQ-1iG","jetpack-related-posts":[{"id":22766,"url":"https:\/\/larevistadigital.com.ar\/blog\/chascomus-malestar-de-vecinos-por-los-contenedores-atestados-de-basura-en-distintos-puntos-de-la-ciudad\/","url_meta":{"origin":5002,"position":0},"title":"CHASCOM\u00daS: MALESTAR DE VECINOS POR LOS CONTENEDORES ATESTADOS DE BASURA EN DISTINTOS PUNTOS DE LA CIUDAD","author":"Alejandro Sosa Ruda","date":"23 noviembre, 2021","format":false,"excerpt":"CHASCOM\u00daS - Luego del fin de semana largo, y la gran afluencia de p\u00fablico que recibi\u00f3 la ciudad de Chascom\u00fas, como era previsible, los contenedores de basura colocados en distintos lugares, colapsaron, sobre todo porque el d\u00eda domingo no hubo servicio de recolecci\u00f3n. Es l\u00f3gico que cada uno tenga derecho\u2026","rel":"","context":"En \u00abCHASCOM\u00daS\u00bb","block_context":{"text":"CHASCOM\u00daS","link":"https:\/\/larevistadigital.com.ar\/blog\/category\/chascomus\/"},"img":{"alt_text":"","src":"https:\/\/i0.wp.com\/larevistadigital.com.ar\/blog\/wp-content\/uploads\/dos.jpg?fit=1000%2C1143&ssl=1&resize=350%2C200","width":350,"height":200,"srcset":"https:\/\/i0.wp.com\/larevistadigital.com.ar\/blog\/wp-content\/uploads\/dos.jpg?fit=1000%2C1143&ssl=1&resize=350%2C200 1x, https:\/\/i0.wp.com\/larevistadigital.com.ar\/blog\/wp-content\/uploads\/dos.jpg?fit=1000%2C1143&ssl=1&resize=525%2C300 1.5x, https:\/\/i0.wp.com\/larevistadigital.com.ar\/blog\/wp-content\/uploads\/dos.jpg?fit=1000%2C1143&ssl=1&resize=700%2C400 2x"},"classes":[]},{"id":3350,"url":"https:\/\/larevistadigital.com.ar\/blog\/chascomus-una-buena-para-el-municipio-incorporan-mas-contenedores-para-la-recoleccion-de-residuos\/","url_meta":{"origin":5002,"position":1},"title":"CHASCOM\u00daS: UNA BUENA PARA EL MUNICIPIO&#8230; INCORPORAN M\u00c1S CONTENEDORES PARA LA RECOLECCI\u00d3N DE RESIDUOS","author":"Alejandro Sosa Ruda","date":"28 septiembre, 2017","format":false,"excerpt":"Se inici\u00f3 la segunda etapa de incorporaci\u00f3n de contenedores, en la Avenida Costanera y en diversos barrios de la ciudad. En las \u00faltimas horas, ya fueron colocados los equipos en la avenida Costanera, entre el Parque de la Esperanza y el bulevar Escribano, para dar respuesta a la demanda de\u2026","rel":"","context":"En \u00abCHASCOM\u00daS\u00bb","block_context":{"text":"CHASCOM\u00daS","link":"https:\/\/larevistadigital.com.ar\/blog\/category\/chascomus\/"},"img":{"alt_text":"","src":"https:\/\/i0.wp.com\/larevistadigital.com.ar\/blog\/wp-content\/uploads\/2017\/09\/residuos_27deseptiembrede2017_elfuerte.jpg?fit=737%2C415&ssl=1&resize=350%2C200","width":350,"height":200,"srcset":"https:\/\/i0.wp.com\/larevistadigital.com.ar\/blog\/wp-content\/uploads\/2017\/09\/residuos_27deseptiembrede2017_elfuerte.jpg?fit=737%2C415&ssl=1&resize=350%2C200 1x, https:\/\/i0.wp.com\/larevistadigital.com.ar\/blog\/wp-content\/uploads\/2017\/09\/residuos_27deseptiembrede2017_elfuerte.jpg?fit=737%2C415&ssl=1&resize=525%2C300 1.5x, https:\/\/i0.wp.com\/larevistadigital.com.ar\/blog\/wp-content\/uploads\/2017\/09\/residuos_27deseptiembrede2017_elfuerte.jpg?fit=737%2C415&ssl=1&resize=700%2C400 2x"},"classes":[]},{"id":43498,"url":"https:\/\/larevistadigital.com.ar\/blog\/cuidar-chascomus-es-tarea-de-todos-como-usar-correctamente-los-contenedores\/","url_meta":{"origin":5002,"position":2},"title":"Cuidar Chascom\u00fas es tarea de todos: c\u00f3mo usar correctamente los contenedores","author":"Alejandro Sosa Ruda","date":"20 enero, 2026","format":false,"excerpt":"Mantener limpia nuestra ciudad es una responsabilidad que debemos asumir entre todos. 20 De enero de 2026 CHASCOM\u00daS -\u00a0 \u00a0En Chascom\u00fas contamos con un sistema de recolecci\u00f3n organizado, con contenedores diferenciados que facilitan el cuidado del ambiente y la convivencia en los barrios. Para que funcione correctamente, es fundamental el\u2026","rel":"","context":"En \u00abCHASCOM\u00daS\u00bb","block_context":{"text":"CHASCOM\u00daS","link":"https:\/\/larevistadigital.com.ar\/blog\/category\/chascomus\/"},"img":{"alt_text":"","src":"https:\/\/i0.wp.com\/larevistadigital.com.ar\/blog\/wp-content\/uploads\/696fc6a2d23e1.png?fit=668%2C445&ssl=1&resize=350%2C200","width":350,"height":200,"srcset":"https:\/\/i0.wp.com\/larevistadigital.com.ar\/blog\/wp-content\/uploads\/696fc6a2d23e1.png?fit=668%2C445&ssl=1&resize=350%2C200 1x, https:\/\/i0.wp.com\/larevistadigital.com.ar\/blog\/wp-content\/uploads\/696fc6a2d23e1.png?fit=668%2C445&ssl=1&resize=525%2C300 1.5x"},"classes":[]},{"id":39510,"url":"https:\/\/larevistadigital.com.ar\/blog\/chascomus-mas-limpia\/","url_meta":{"origin":5002,"position":3},"title":"Chascom\u00fas m\u00e1s limpia","author":"Alejandro Sosa Ruda","date":"23 abril, 2025","format":false,"excerpt":"El sistema de contenedores permite ordenar la ciudad, suma a la econom\u00eda circular e invita a construir comunidad con responsabilidad social 23 De Abril de 2025 CHASCOM\u00daS -\u00a0 El sistema de separaci\u00f3n de residuos con el que cuenta la ciudad, es simple y f\u00e1cil de sostener en el tiempo. Entender\u2026","rel":"","context":"En \u00abCHASCOM\u00daS\u00bb","block_context":{"text":"CHASCOM\u00daS","link":"https:\/\/larevistadigital.com.ar\/blog\/category\/chascomus\/"},"img":{"alt_text":"","src":"https:\/\/i0.wp.com\/larevistadigital.com.ar\/blog\/wp-content\/uploads\/68091cc0f2369.png?fit=668%2C445&ssl=1&resize=350%2C200","width":350,"height":200,"srcset":"https:\/\/i0.wp.com\/larevistadigital.com.ar\/blog\/wp-content\/uploads\/68091cc0f2369.png?fit=668%2C445&ssl=1&resize=350%2C200 1x, https:\/\/i0.wp.com\/larevistadigital.com.ar\/blog\/wp-content\/uploads\/68091cc0f2369.png?fit=668%2C445&ssl=1&resize=525%2C300 1.5x"},"classes":[]},{"id":36365,"url":"https:\/\/larevistadigital.com.ar\/blog\/sin-cambios-en-el-cronograma-de-recoleccion-de-residuos\/","url_meta":{"origin":5002,"position":4},"title":"SIN CAMBIOS EN EL CRONOGRAMA DE RECOLECCI\u00d3N DE RESIDUOS","author":"Alejandro Sosa Ruda","date":"19 junio, 2024","format":false,"excerpt":"As\u00ed lo inform\u00f3 la Secretar\u00eda de Obras, Servicios P\u00fablicos y Ambiente para el fin de semana largo. 19 de Junio de 2024 CHASCOM\u00daS\u00a0 -\u00a0 \u00a0Durante el fin de semana extra largo la recolecci\u00f3n de residuos domiciliarios ser\u00e1 de acuerdo al cronograma habitual. Los residuos deben ser depositados en los contenedores\u2026","rel":"","context":"En \u00abCHASCOM\u00daS\u00bb","block_context":{"text":"CHASCOM\u00daS","link":"https:\/\/larevistadigital.com.ar\/blog\/category\/chascomus\/"},"img":{"alt_text":"","src":"https:\/\/i0.wp.com\/larevistadigital.com.ar\/blog\/wp-content\/uploads\/2024_06_20_01_50_34_5347697.jpg?fit=600%2C401&ssl=1&resize=350%2C200","width":350,"height":200,"srcset":"https:\/\/i0.wp.com\/larevistadigital.com.ar\/blog\/wp-content\/uploads\/2024_06_20_01_50_34_5347697.jpg?fit=600%2C401&ssl=1&resize=350%2C200 1x, https:\/\/i0.wp.com\/larevistadigital.com.ar\/blog\/wp-content\/uploads\/2024_06_20_01_50_34_5347697.jpg?fit=600%2C401&ssl=1&resize=525%2C300 1.5x"},"classes":[]},{"id":44878,"url":"https:\/\/larevistadigital.com.ar\/blog\/chascomus-como-sera-la-recoleccion-de-residuos-durante-el-fin-de-semana-largo\/","url_meta":{"origin":5002,"position":5},"title":"Chascom\u00fas: C\u00f3mo ser\u00e1 la recolecci\u00f3n de residuos durante el fin de semana largo","author":"Alejandro Sosa Ruda","date":"1 abril, 2026","format":false,"excerpt":"Para garantizar la limpieza de la ciudad, el personal municipal trabajar\u00e1 durante los feriados. 01 de abril de 2026 CHASCOM\u00daS -\u00a0 La Municipalidad de Chascom\u00fas da a conocer los horarios del servicio de recolecci\u00f3n de residuos durante los pr\u00f3ximos d\u00edas. El jueves y el viernes, s\u00e1bado, se realizar\u00e1 de manera\u2026","rel":"","context":"En \u00abINTERES GENERAL\u00bb","block_context":{"text":"INTERES GENERAL","link":"https:\/\/larevistadigital.com.ar\/blog\/category\/interes-general\/"},"img":{"alt_text":"","src":"https:\/\/i0.wp.com\/larevistadigital.com.ar\/blog\/wp-content\/uploads\/69cd4c5500238.png?fit=668%2C445&ssl=1&resize=350%2C200","width":350,"height":200,"srcset":"https:\/\/i0.wp.com\/larevistadigital.com.ar\/blog\/wp-content\/uploads\/69cd4c5500238.png?fit=668%2C445&ssl=1&resize=350%2C200 1x, https:\/\/i0.wp.com\/larevistadigital.com.ar\/blog\/wp-content\/uploads\/69cd4c5500238.png?fit=668%2C445&ssl=1&resize=525%2C300 1.5x"},"classes":[]}],"_links":{"self":[{"href":"https:\/\/larevistadigital.com.ar\/blog\/wp-json\/wp\/v2\/posts\/5002","targetHints":{"allow":["GET"]}}],"collection":[{"href":"https:\/\/larevistadigital.com.ar\/blog\/wp-json\/wp\/v2\/posts"}],"about":[{"href":"https:\/\/larevistadigital.com.ar\/blog\/wp-json\/wp\/v2\/types\/post"}],"author":[{"embeddable":true,"href":"https:\/\/larevistadigital.com.ar\/blog\/wp-json\/wp\/v2\/users\/3"}],"replies":[{"embeddable":true,"href":"https:\/\/larevistadigital.com.ar\/blog\/wp-json\/wp\/v2\/comments?post=5002"}],"version-history":[{"count":1,"href":"https:\/\/larevistadigital.com.ar\/blog\/wp-json\/wp\/v2\/posts\/5002\/revisions"}],"predecessor-version":[{"id":5004,"href":"https:\/\/larevistadigital.com.ar\/blog\/wp-json\/wp\/v2\/posts\/5002\/revisions\/5004"}],"wp:featuredmedia":[{"embeddable":true,"href":"https:\/\/larevistadigital.com.ar\/blog\/wp-json\/wp\/v2\/media\/5003"}],"wp:attachment":[{"href":"https:\/\/larevistadigital.com.ar\/blog\/wp-json\/wp\/v2\/media?parent=5002"}],"wp:term":[{"taxonomy":"category","embeddable":true,"href":"https:\/\/larevistadigital.com.ar\/blog\/wp-json\/wp\/v2\/categories?post=5002"},{"taxonomy":"post_tag","embeddable":true,"href":"https:\/\/larevistadigital.com.ar\/blog\/wp-json\/wp\/v2\/tags?post=5002"}],"curies":[{"name":"wp","href":"https:\/\/api.w.org\/{rel}","templated":true}]}}