{"id":5005,"date":"2018-02-23T13:39:16","date_gmt":"2018-02-23T13:39:16","guid":{"rendered":"https:\/\/larevistadigital.com.ar\/blog\/?p=5005"},"modified":"2018-02-23T13:39:16","modified_gmt":"2018-02-23T13:39:16","slug":"ricardo-alfonsin-dijo-comprende-reclamo-los-trabajadores-critico-al-gobierno-correligionarios","status":"publish","type":"post","link":"https:\/\/larevistadigital.com.ar\/blog\/ricardo-alfonsin-dijo-comprende-reclamo-los-trabajadores-critico-al-gobierno-correligionarios\/","title":{"rendered":"RICARDO ALFONS\u00cdN DIJO QUE COMPRENDE EL RECLAMO DE LOS TRABAJADORES Y CRITIC\u00d3 AL GOBIERNO Y A ALGUNOS CORRELIGIONARIOS"},"content":{"rendered":"<p>El ex Diputado Nacional y dirigente radical <strong>Ricardo Alfons\u00edn<\/strong> asegur\u00f3 que las declaraciones que levantaron los portales de internet acerca de su presencia en la marcha del 21 de febrero, \u00e9l hab\u00eda respondido que no iba a ir. Pero, de todas maneras, se manifest\u00f3 en desacuerdo con algunas decisiones del gobierno.<\/p>\n<p>El marco de las declaraciones de <strong>Alfons\u00edn<\/strong>, fue una entrevista radial en la FM 101.5 de Chascom\u00fas, su ciudad natal.<\/p>\n<p><strong><em>\u201cCreo que un pol\u00edtico debe trabajar para el consenso y que no me parece congruente que quien concibe la pol\u00edtica como b\u00fasqueda de dialogo est\u00e9 acompa\u00f1ando marchas o promoviendo huelgas, y las defensas las hago desde el Congreso\u201d<\/em><\/strong>, proclam\u00f3.<\/p>\n<blockquote>\n<h3>De todas formas, <strong>Alfons\u00edn<\/strong> dijo entender el reclamo de los trabajadores, ya que <strong><em>\u201cen el pa\u00eds hay un 30% de pobres, un 10% de desempleados, un elevado \u00edndice de indigencia, los salarios m\u00ednimos apenas alcanzan para la canasta familiar, las jubilaciones ni siquiera alcanzan a la canasta b\u00e1sica, los niveles de inflaci\u00f3n van deteriorando la situaci\u00f3n del asalariado, y por eso lo entiendo, agregando que probablemente como trabajador y si no fuera pol\u00edtico, estar\u00eda en la marcha\u201d<\/em><\/strong> sentenci\u00f3.<\/h3>\n<\/blockquote>\n<p>Respecto al \u201ccomo y quien\u201d convoca a la marcha, respondi\u00f3 que no le consta que la movilizaci\u00f3n sea a favor de <strong>Moyano<\/strong>, pero que no cree que as\u00ed sea, destacando tambi\u00e9n que son varios los gremios que convocan como por ejemplo los bancarios.<\/p>\n<blockquote>\n<h3><strong>Alfons\u00edn<\/strong> mencion\u00f3 que esta situaci\u00f3n (por la de los bancarios) parece generada a prop\u00f3sito por el gobierno para generar problemas, ya que <strong><em>\u201cel porcentaje ofrecido es irrisorio\u201d <\/em><\/strong>agregando que<strong><em> \u201ces un exabrupto tan grande\u2026 le proponen una reducci\u00f3n del salario y eso no lo he visto en ning\u00fan lugar del mundo\u201d.<\/em><\/strong><\/h3>\n<\/blockquote>\n<p>Fue m\u00e1s all\u00e1 y ante algunas cr\u00edticas que recibi\u00f3 como \u00e9l mismo dijo <strong><em>\u201cde mi propio partido\u201d<\/em><\/strong> pidi\u00f3 que recuerden <strong><em>\u201ccuando \u00edbamos a visitar a Moyano\u2026\u00e9l no ven\u00eda. \u00cdbamos nosotros. Y fuimos a la CTA, y fuimos a actos y a cenas. Que expliquen porque hicimos eso en el pasado, y si consideran que fue un error, que pidan disculpas\u201d<\/em><\/strong>.<\/p>\n<blockquote>\n<h3>Opin\u00f3 que el gobierno se ha enfrentado mucho con diferentes sindicatos y que aparentemente con el que no ha podido mejorar la situaci\u00f3n es con <strong>Moyano<\/strong> y con <strong>Palazzo<\/strong>, <strong><em>\u201cque adem\u00e1s es radical, aunque a algunos no les guste. Y es honesto, intachable y defiende como se debe a los trabajadores\u201d<\/em><\/strong>, dispar\u00f3.<\/h3>\n<\/blockquote>\n<p>Tambi\u00e9n dijo que algunos que se indignan con los sindicatos, lloran l\u00e1grimas de cocodrilo, ya que los sindicalistas se enriquecen a cambio de claudicar en la defensa de los intereses de los trabajadores, pedir menos salarios y menos beneficios, pregunt\u00e1ndose si <strong><em>\u201c\u00bftodos los empresarios quieren sindicatos as\u00ed?\u201d<\/em><\/strong><\/p>\n<p><strong><em>\u201cAc\u00e1 en Argentina algunos no quieren sindicatos as\u00ed\u201d<\/em><\/strong>, asegur\u00f3. Y continu\u00f3 diciendo que <strong><em>\u201cesto se consigue tratando de alejar a los sindicatos de la clase media, de la clase trabajadora e instalando que los sindicatos son espurios\u201d<\/em><\/strong>.<\/p>\n<p>IMAGEN DIARIO26<\/p>\n<p>&nbsp;<\/p>\n","protected":false},"excerpt":{"rendered":"<div class=\"mh-excerpt\"><p>El ex Diputado Nacional y dirigente radical Ricardo Alfons\u00edn asegur\u00f3 que las declaraciones que levantaron los portales de internet acerca de su presencia en la marcha del 21 de febrero, \u00e9l hab\u00eda respondido que no <a class=\"mh-excerpt-more\" href=\"https:\/\/larevistadigital.com.ar\/blog\/ricardo-alfonsin-dijo-comprende-reclamo-los-trabajadores-critico-al-gobierno-correligionarios\/\" title=\"RICARDO ALFONS\u00cdN DIJO QUE COMPRENDE EL RECLAMO DE LOS TRABAJADORES Y CRITIC\u00d3 AL GOBIERNO Y A ALGUNOS CORRELIGIONARIOS\">[Leer M\u00e1s]<\/a><\/p>\n<\/div>","protected":false},"author":3,"featured_media":5006,"comment_status":"open","ping_status":"open","sticky":false,"template":"","format":"standard","meta":{"_jetpack_memberships_contains_paid_content":false,"footnotes":"","jetpack_publicize_message":"","jetpack_publicize_feature_enabled":true,"jetpack_social_post_already_shared":true,"jetpack_social_options":{"image_generator_settings":{"template":"highway","default_image_id":0,"font":"","enabled":false},"version":2}},"categories":[41],"tags":[],"class_list":{"0":"post-5005","1":"post","2":"type-post","3":"status-publish","4":"format-standard","5":"has-post-thumbnail","7":"category-destacadas"},"jetpack_publicize_connections":[],"jetpack_featured_media_url":"https:\/\/i0.wp.com\/larevistadigital.com.ar\/blog\/wp-content\/uploads\/2018\/02\/361331.jpg?fit=865%2C546&ssl=1","jetpack_sharing_enabled":true,"jetpack_shortlink":"https:\/\/wp.me\/p8qtrQ-1iJ","jetpack-related-posts":[{"id":6624,"url":"https:\/\/larevistadigital.com.ar\/blog\/ricardo-alfonsin-responsabilizo-a-la-ucr-de-ser-demasiado-tolerante-con-el-pro\/","url_meta":{"origin":5005,"position":0},"title":"RICARDO ALFONS\u00cdN RESPONSABILIZ\u00d3 A LA UCR DE \u00abSER DEMASIADO TOLERANTE CON EL PRO\u00bb","author":"Alejandro Sosa Ruda","date":"24 septiembre, 2018","format":false,"excerpt":"El ex diputado nacional de Cambiemos y dirigente de la UCR, Ricardo Alfons\u00edn realiz\u00f3 declaraciones en el canal Am\u00e9rica 24 durante el programa que conduce Mauro Viale, donde se mostr\u00f3 preocupado y molesto por algunas situaciones que se est\u00e1n viviendo en el pa\u00eds, y algunas medidas del gobierno nacional con\u2026","rel":"","context":"En \u00abPOLITICA\u00bb","block_context":{"text":"POLITICA","link":"https:\/\/larevistadigital.com.ar\/blog\/category\/politica\/"},"img":{"alt_text":"","src":"https:\/\/i0.wp.com\/larevistadigital.com.ar\/blog\/wp-content\/uploads\/2018\/09\/458047.jpg?fit=1200%2C672&ssl=1&resize=350%2C200","width":350,"height":200,"srcset":"https:\/\/i0.wp.com\/larevistadigital.com.ar\/blog\/wp-content\/uploads\/2018\/09\/458047.jpg?fit=1200%2C672&ssl=1&resize=350%2C200 1x, https:\/\/i0.wp.com\/larevistadigital.com.ar\/blog\/wp-content\/uploads\/2018\/09\/458047.jpg?fit=1200%2C672&ssl=1&resize=525%2C300 1.5x, https:\/\/i0.wp.com\/larevistadigital.com.ar\/blog\/wp-content\/uploads\/2018\/09\/458047.jpg?fit=1200%2C672&ssl=1&resize=700%2C400 2x, https:\/\/i0.wp.com\/larevistadigital.com.ar\/blog\/wp-content\/uploads\/2018\/09\/458047.jpg?fit=1200%2C672&ssl=1&resize=1050%2C600 3x"},"classes":[]},{"id":382,"url":"https:\/\/larevistadigital.com.ar\/blog\/ricardo-alfonsin-celebro-la-visita-macri-brasil\/","url_meta":{"origin":5005,"position":1},"title":"Ricardo Alfons\u00edn: \u201cCelebro la visita de Macri a Brasil\u201d","author":"editor","date":"20 febrero, 2017","format":false,"excerpt":"El diputado de la UCR Ricardo Alfons\u00edn, que suele ser muy cr\u00edtico de algunas acciones del Gobierno, expres\u00f3 su satisfacci\u00f3n por la visita del presidente Mauricio Macri a Brasil as\u00ed como los encuentros con el mandatario boliviano Evo Morales. A trav\u00e9s de su cuenta de Facebook, Alfons\u00edn se\u00f1al\u00f3: \u201cM\u00e1s all\u00e1\u2026","rel":"","context":"En \u00abPOLITICA\u00bb","block_context":{"text":"POLITICA","link":"https:\/\/larevistadigital.com.ar\/blog\/category\/politica\/"},"img":{"alt_text":"Ricardo Alfonsin","src":"https:\/\/i0.wp.com\/larevistadigital.com.ar\/blog\/wp-content\/uploads\/2017\/02\/ricardo200217.jpg?fit=620%2C350&ssl=1&resize=350%2C200","width":350,"height":200,"srcset":"https:\/\/i0.wp.com\/larevistadigital.com.ar\/blog\/wp-content\/uploads\/2017\/02\/ricardo200217.jpg?fit=620%2C350&ssl=1&resize=350%2C200 1x, https:\/\/i0.wp.com\/larevistadigital.com.ar\/blog\/wp-content\/uploads\/2017\/02\/ricardo200217.jpg?fit=620%2C350&ssl=1&resize=525%2C300 1.5x"},"classes":[]},{"id":14634,"url":"https:\/\/larevistadigital.com.ar\/blog\/un-sector-de-la-ucr-quiere-expulsar-a-ricardo-alfonsin\/","url_meta":{"origin":5005,"position":2},"title":"UN SECTOR DE LA UCR QUIERE EXPULSAR A RICARDO ALFONS\u00cdN","author":"Alejandro Sosa Ruda","date":"5 febrero, 2020","format":false,"excerpt":"La designaci\u00f3n de Ricardo Alfons\u00edn como embajador en Espa\u00f1a gener\u00f3 repercusiones encontradas. El presidente de la UCR, Alfredo Cornejo, despeg\u00f3 al partido de la \"decisi\u00f3n personal\" de Alfons\u00edn, mientras que Luis Naidenoff se expres\u00f3 de manera similar. En tanto, el titular de la juventud radical bonaerense, Mart\u00edn Borrazas, dijo que\u2026","rel":"","context":"En \u00abINTERES GENERAL\u00bb","block_context":{"text":"INTERES GENERAL","link":"https:\/\/larevistadigital.com.ar\/blog\/category\/interes-general\/"},"img":{"alt_text":"","src":"https:\/\/i0.wp.com\/larevistadigital.com.ar\/blog\/wp-content\/uploads\/2018\/01\/Ricardo-alfonsin.jpg?fit=624%2C468&ssl=1&resize=350%2C200","width":350,"height":200,"srcset":"https:\/\/i0.wp.com\/larevistadigital.com.ar\/blog\/wp-content\/uploads\/2018\/01\/Ricardo-alfonsin.jpg?fit=624%2C468&ssl=1&resize=350%2C200 1x, https:\/\/i0.wp.com\/larevistadigital.com.ar\/blog\/wp-content\/uploads\/2018\/01\/Ricardo-alfonsin.jpg?fit=624%2C468&ssl=1&resize=525%2C300 1.5x"},"classes":[]},{"id":4523,"url":"https:\/\/larevistadigital.com.ar\/blog\/chascomus-segun-flavio-ponce-ricardo-alfonsin-se-enoja-la-ve-desde-afuera\/","url_meta":{"origin":5005,"position":3},"title":"CHASCOM\u00daS: SEG\u00daN FLAVIO PONCE, RICARDO ALFONS\u00cdN SE ENOJA PORQUE \u201cLA VE DESDE AFUERA\u201d","author":"Alejandro Sosa Ruda","date":"15 enero, 2018","format":false,"excerpt":"Luego de las fuertes declaraciones del ex Diputado Nacional Ricardo Alfons\u00edn, en donde critic\u00f3 con dureza a algunos integrantes de su partido, por la forma de manejarse en la convivencia con el PRO, principalmente a \u201calgunos de Chascom\u00fas\u201d seg\u00fan las propias palabras del Jefe del Morena, quien sali\u00f3 al cruce\u2026","rel":"","context":"En \u00abCHASCOM\u00daS\u00bb","block_context":{"text":"CHASCOM\u00daS","link":"https:\/\/larevistadigital.com.ar\/blog\/category\/chascomus\/"},"img":{"alt_text":"","src":"https:\/\/i0.wp.com\/larevistadigital.com.ar\/blog\/wp-content\/uploads\/2018\/01\/259911_2169007827644_6409037_n.jpg?fit=650%2C867&ssl=1&resize=350%2C200","width":350,"height":200,"srcset":"https:\/\/i0.wp.com\/larevistadigital.com.ar\/blog\/wp-content\/uploads\/2018\/01\/259911_2169007827644_6409037_n.jpg?fit=650%2C867&ssl=1&resize=350%2C200 1x, https:\/\/i0.wp.com\/larevistadigital.com.ar\/blog\/wp-content\/uploads\/2018\/01\/259911_2169007827644_6409037_n.jpg?fit=650%2C867&ssl=1&resize=525%2C300 1.5x"},"classes":[]},{"id":9793,"url":"https:\/\/larevistadigital.com.ar\/blog\/ricardo-alfonsin-considero-que-mestre-esta-en-condiciones-de-ganar-la-eleccion-en-cordoba\/","url_meta":{"origin":5005,"position":4},"title":"RICARDO ALFONS\u00cdN CONSIDER\u00d3 QUE MESTRE EST\u00c1 EN CONDICIONES DE GANAR LA ELECCI\u00d3N EN C\u00d3RDOBA","author":"Alejandro Sosa Ruda","date":"23 abril, 2019","format":false,"excerpt":"El dirigente nacional de la UCR, Ricardo Alfons\u00edn asegur\u00f3 hoy que el candidato radical para gobernar la provincia, Ram\u00f3n Mestre \"Est\u00e1 en condiciones de ganar las elecciones\" del 12 de mayo. ya que \"Ha logrado una administraci\u00f3n muy positiva en una ciudad muy grande y muy dif\u00edcil\". En declaraciones a\u2026","rel":"","context":"En \u00abPOLITICA\u00bb","block_context":{"text":"POLITICA","link":"https:\/\/larevistadigital.com.ar\/blog\/category\/politica\/"},"img":{"alt_text":"","src":"https:\/\/i0.wp.com\/larevistadigital.com.ar\/blog\/wp-content\/uploads\/2019\/04\/20190127135934_alfonsin-6-0.jpg?fit=887%2C554&ssl=1&resize=350%2C200","width":350,"height":200,"srcset":"https:\/\/i0.wp.com\/larevistadigital.com.ar\/blog\/wp-content\/uploads\/2019\/04\/20190127135934_alfonsin-6-0.jpg?fit=887%2C554&ssl=1&resize=350%2C200 1x, https:\/\/i0.wp.com\/larevistadigital.com.ar\/blog\/wp-content\/uploads\/2019\/04\/20190127135934_alfonsin-6-0.jpg?fit=887%2C554&ssl=1&resize=525%2C300 1.5x, https:\/\/i0.wp.com\/larevistadigital.com.ar\/blog\/wp-content\/uploads\/2019\/04\/20190127135934_alfonsin-6-0.jpg?fit=887%2C554&ssl=1&resize=700%2C400 2x"},"classes":[]},{"id":13484,"url":"https:\/\/larevistadigital.com.ar\/blog\/ricardo-alfonsin-recordo-a-los-radicales-que-no-somos-el-pro\/","url_meta":{"origin":5005,"position":5},"title":"RICARDO ALFONS\u00cdN RECORD\u00d3 A LOS RADICALES QUE \u00abNO SOMOS EL PRO\u00bb","author":"Alejandro Sosa Ruda","date":"5 diciembre, 2019","format":false,"excerpt":"El dirigente radical chascomunense Ricardo Alfons\u00edn consider\u00f3 como \u00abun gran error\u00bb de su partido haber acompa\u00f1ado las pol\u00edticas implementadas por el Gobierno y llam\u00f3 a \u00abdefender las ideas de la UCR y no las del PRO\u00bb. \u00abLas elecciones se perdieron porque los resultados en materia econ\u00f3mica y social fueron muy\u2026","rel":"","context":"En \u00abDESTACADAS\u00bb","block_context":{"text":"DESTACADAS","link":"https:\/\/larevistadigital.com.ar\/blog\/category\/destacadas\/"},"img":{"alt_text":"","src":"https:\/\/i0.wp.com\/larevistadigital.com.ar\/blog\/wp-content\/uploads\/0005467800.jpg?fit=1140%2C796&ssl=1&resize=350%2C200","width":350,"height":200,"srcset":"https:\/\/i0.wp.com\/larevistadigital.com.ar\/blog\/wp-content\/uploads\/0005467800.jpg?fit=1140%2C796&ssl=1&resize=350%2C200 1x, https:\/\/i0.wp.com\/larevistadigital.com.ar\/blog\/wp-content\/uploads\/0005467800.jpg?fit=1140%2C796&ssl=1&resize=525%2C300 1.5x, https:\/\/i0.wp.com\/larevistadigital.com.ar\/blog\/wp-content\/uploads\/0005467800.jpg?fit=1140%2C796&ssl=1&resize=700%2C400 2x, https:\/\/i0.wp.com\/larevistadigital.com.ar\/blog\/wp-content\/uploads\/0005467800.jpg?fit=1140%2C796&ssl=1&resize=1050%2C600 3x"},"classes":[]}],"_links":{"self":[{"href":"https:\/\/larevistadigital.com.ar\/blog\/wp-json\/wp\/v2\/posts\/5005","targetHints":{"allow":["GET"]}}],"collection":[{"href":"https:\/\/larevistadigital.com.ar\/blog\/wp-json\/wp\/v2\/posts"}],"about":[{"href":"https:\/\/larevistadigital.com.ar\/blog\/wp-json\/wp\/v2\/types\/post"}],"author":[{"embeddable":true,"href":"https:\/\/larevistadigital.com.ar\/blog\/wp-json\/wp\/v2\/users\/3"}],"replies":[{"embeddable":true,"href":"https:\/\/larevistadigital.com.ar\/blog\/wp-json\/wp\/v2\/comments?post=5005"}],"version-history":[{"count":2,"href":"https:\/\/larevistadigital.com.ar\/blog\/wp-json\/wp\/v2\/posts\/5005\/revisions"}],"predecessor-version":[{"id":5016,"href":"https:\/\/larevistadigital.com.ar\/blog\/wp-json\/wp\/v2\/posts\/5005\/revisions\/5016"}],"wp:featuredmedia":[{"embeddable":true,"href":"https:\/\/larevistadigital.com.ar\/blog\/wp-json\/wp\/v2\/media\/5006"}],"wp:attachment":[{"href":"https:\/\/larevistadigital.com.ar\/blog\/wp-json\/wp\/v2\/media?parent=5005"}],"wp:term":[{"taxonomy":"category","embeddable":true,"href":"https:\/\/larevistadigital.com.ar\/blog\/wp-json\/wp\/v2\/categories?post=5005"},{"taxonomy":"post_tag","embeddable":true,"href":"https:\/\/larevistadigital.com.ar\/blog\/wp-json\/wp\/v2\/tags?post=5005"}],"curies":[{"name":"wp","href":"https:\/\/api.w.org\/{rel}","templated":true}]}}