{"id":5008,"date":"2018-02-23T13:30:01","date_gmt":"2018-02-23T13:30:01","guid":{"rendered":"https:\/\/larevistadigital.com.ar\/blog\/?p=5008"},"modified":"2018-03-01T09:34:48","modified_gmt":"2018-03-01T09:34:48","slug":"mesa-agroquimicos-desde-la-asamblea-paren-fumigarnos-sostienen-los-herbicidas-producen-cancer-otras-enfermedades","status":"publish","type":"post","link":"https:\/\/larevistadigital.com.ar\/blog\/mesa-agroquimicos-desde-la-asamblea-paren-fumigarnos-sostienen-los-herbicidas-producen-cancer-otras-enfermedades\/","title":{"rendered":"MESA DE AGROQU\u00cdMICOS: DESDE LA ASAMBLEA \u00abPAREN DE FUMIGARNOS\u00bb SOSTIENEN QUE LOS HERBICIDAS PRODUCEN C\u00c1NCER Y OTRAS ENFERMEDADES"},"content":{"rendered":"<p><strong>Daniel Conte<\/strong>, integrante de la asamblea \u201cParen de fumigarnos\u201d fue entrevistado por la FM 101,5 de Chascom\u00fas, para dar su visi\u00f3n del trabajo realizado en conjunto con distintos concejales y sectores de la sociedad para elaborar una ordenanza que regule la utilizaci\u00f3n de los agroqu\u00edmicos.<\/p>\n<p><strong>Conte<\/strong> cont\u00f3 que comenz\u00f3 a participar a ra\u00edz de haberse informado del da\u00f1o que ocasionan estos \u201cvenenos\u201d a quienes viven cerca de los lugares fumigados.<\/p>\n<p>La mesa de estudio conformada al efecto de colaborar en la creaci\u00f3n de una ordenanza que est\u00e9 a la altura de la importancia de esta situaci\u00f3n.<\/p>\n<p>Dijo que ellos, como asamblea presentaron un proyecto de ordenanza y que tambi\u00e9n present\u00f3 otro el concejal <strong>Astesuain<\/strong>, del frente para la victoria.<\/p>\n<blockquote>\n<h3>Destac\u00f3 adem\u00e1s que el aporte de la mesa consisti\u00f3 en una <strong>\u201cmirada muy clara\u201d<\/strong> acerca del tema de personas calificadas, poniendo como ejemplo la participaci\u00f3n del Doctor en qu\u00edmica <strong>Dami\u00e1n Marino<\/strong>, que es investigador del Conicet, quien est\u00e1 llevando adelante una tarea de \u201ccampamentos sanitarios\u201d en distintos pueblos del interior, y en partidos de la provincia en donde seg\u00fan dijo <strong>Conte<\/strong>, <strong><em>\u201ccada vez m\u00e1s hay enfermedades en aumento, como c\u00e1nceres, abortos espont\u00e1neos en mujeres, llegando a triplicar los \u00edndices en las ciudades\u201d<\/em><\/strong>.<\/h3>\n<\/blockquote>\n<p>Continu\u00f3 diciendo que <strong>\u201cLa participaci\u00f3n del INTECH fue algo revelador, porque da cuenta del problema con el que estamos\u201d<\/strong>.<\/p>\n<p><strong><em>\u201cEn Chascom\u00fas no es solo ganader\u00eda. Se siembran 155.000 hect\u00e1reas y en muchos casos, en barrios como Los Sauces, Lomas Altas o Parque Girado y las m\u00e1s de diez escuelas rurales del distrito est\u00e1n muy cerca de estos productos t\u00f3xicos\u201d<\/em><\/strong>, expres\u00f3.<\/p>\n<blockquote>\n<h3>Luego agrego que <strong><em>\u201cel Intech establece que hay da\u00f1os gen\u00e9ticos en chicos que est\u00e1n a 1.500 metros de las zonas fumigadas, y al preguntar \u00bfqu\u00e9 es el da\u00f1o gen\u00e9tico?, la doctora Tania Rodriguez nos cuenta que es la ruptura de la cadena de ADN, por lo que, si uno continua bajo la exposici\u00f3n de estos productos se puede generar Leucemia, C\u00e1ncer, Lupus y otro tipo de enfermedades de gravedad\u201d<\/em><\/strong>.<\/h3>\n<\/blockquote>\n<p>Hizo menci\u00f3n de dos art\u00edculos que ser\u00e1n de suma importancia en la ordenanza a aprobarse y mencion\u00f3 en primer lugar la prohibici\u00f3n de fumigado con herbicidas en la zona urbana de Chascom\u00fas.\u00a0 Y el otro es que las escuelas rurales deber\u00e1n contar con la misma protecci\u00f3n que las zonas urbanas, alejando las fumigaciones de los chicos.<\/p>\n<p>Tambi\u00e9n se propone que no se pueda fumigar a 1.500 metros de los lugares habitados, adem\u00e1s de dotar al municipio de \u201cpoder de polic\u00eda\u201d con quienes infrinjan esta normativa.<\/p>\n<p>Culmin\u00f3 con el deseo que antes del comienzo de las clases se pueda contar con esta ordenanza.<\/p>\n","protected":false},"excerpt":{"rendered":"<div class=\"mh-excerpt\"><p>Daniel Conte, integrante de la asamblea \u201cParen de fumigarnos\u201d fue entrevistado por la FM 101,5 de Chascom\u00fas, para dar su visi\u00f3n del trabajo realizado en conjunto con distintos concejales y sectores de la sociedad para <a class=\"mh-excerpt-more\" href=\"https:\/\/larevistadigital.com.ar\/blog\/mesa-agroquimicos-desde-la-asamblea-paren-fumigarnos-sostienen-los-herbicidas-producen-cancer-otras-enfermedades\/\" title=\"MESA DE AGROQU\u00cdMICOS: DESDE LA ASAMBLEA \u00abPAREN DE FUMIGARNOS\u00bb SOSTIENEN QUE LOS HERBICIDAS PRODUCEN C\u00c1NCER Y OTRAS ENFERMEDADES\">[Leer M\u00e1s]<\/a><\/p>\n<\/div>","protected":false},"author":3,"featured_media":5009,"comment_status":"open","ping_status":"open","sticky":false,"template":"","format":"standard","meta":{"_jetpack_memberships_contains_paid_content":false,"footnotes":"","jetpack_publicize_message":"","jetpack_publicize_feature_enabled":true,"jetpack_social_post_already_shared":true,"jetpack_social_options":{"image_generator_settings":{"template":"highway","default_image_id":0,"font":"","enabled":false},"version":2}},"categories":[6],"tags":[],"class_list":{"0":"post-5008","1":"post","2":"type-post","3":"status-publish","4":"format-standard","5":"has-post-thumbnail","7":"category-chascomus"},"jetpack_publicize_connections":[],"jetpack_featured_media_url":"https:\/\/i0.wp.com\/larevistadigital.com.ar\/blog\/wp-content\/uploads\/2018\/02\/agrotoxicos.jpg?fit=960%2C400&ssl=1","jetpack_sharing_enabled":true,"jetpack_shortlink":"https:\/\/wp.me\/p8qtrQ-1iM","jetpack-related-posts":[{"id":3788,"url":"https:\/\/larevistadigital.com.ar\/blog\/chascomus-se-creara-la-mesa-estudio-la-regulacion-del-uso-agroquimicos\/","url_meta":{"origin":5008,"position":0},"title":"CHASCOM\u00daS: SE CREAR\u00c1 LA MESA DE ESTUDIO PARA LA REGULACI\u00d3N DEL USO DE AGROQU\u00cdMICOS","author":"Alejandro Sosa Ruda","date":"12 noviembre, 2017","format":false,"excerpt":"En la \u00faltima sesi\u00f3n del Concejo Deliberante de Chascom\u00fas, fue aprobada la creaci\u00f3n de la Mesa de Estudio para la Regulaci\u00f3n de Agroqu\u00edmicos. La misma, ser\u00e1 un \u00f3rgano interdisciplinario que permitir\u00eda la elaboraci\u00f3n de un diagn\u00f3stico sobre dicha problem\u00e1tica, ampliando el conocimiento y que dictamine sobre las dos propuestas presentadas\u2026","rel":"","context":"En \u00abCHASCOM\u00daS\u00bb","block_context":{"text":"CHASCOM\u00daS","link":"https:\/\/larevistadigital.com.ar\/blog\/category\/chascomus\/"},"img":{"alt_text":"","src":"https:\/\/i0.wp.com\/larevistadigital.com.ar\/blog\/wp-content\/uploads\/2017\/11\/concejo-chascomus.jpg?fit=1024%2C768&ssl=1&resize=350%2C200","width":350,"height":200,"srcset":"https:\/\/i0.wp.com\/larevistadigital.com.ar\/blog\/wp-content\/uploads\/2017\/11\/concejo-chascomus.jpg?fit=1024%2C768&ssl=1&resize=350%2C200 1x, https:\/\/i0.wp.com\/larevistadigital.com.ar\/blog\/wp-content\/uploads\/2017\/11\/concejo-chascomus.jpg?fit=1024%2C768&ssl=1&resize=525%2C300 1.5x, https:\/\/i0.wp.com\/larevistadigital.com.ar\/blog\/wp-content\/uploads\/2017\/11\/concejo-chascomus.jpg?fit=1024%2C768&ssl=1&resize=700%2C400 2x"},"classes":[]},{"id":3819,"url":"https:\/\/larevistadigital.com.ar\/blog\/chascomus-se-integrara-plazos-la-mesa-estudio-del-impacto-agroquimicos\/","url_meta":{"origin":5008,"position":1},"title":"CHASCOM\u00daS: COMO SE INTEGRAR\u00c1 Y QUE PLAZOS TIENE LA MESA PARA EL ESTUDIO DEL IMPACTO DE AGROQU\u00cdMICOS","author":"Alejandro Sosa Ruda","date":"14 noviembre, 2017","format":false,"excerpt":"El integrante de la asamblea \u201cParen de fumigarnos Chascom\u00fas\u201d Pablo Kulbaba, mantuvo un di\u00e1logo con el periodista Alfredo Perona, durante su programa \u201cTardes EL Tr\u00e9bol\u201d que se emite por la FM 101.5 acerca de la invitaci\u00f3n del Concejo Deliberante a la creaci\u00f3n de una Mesa para el estudio del impacto\u2026","rel":"","context":"En \u00abPOLITICA\u00bb","block_context":{"text":"POLITICA","link":"https:\/\/larevistadigital.com.ar\/blog\/category\/politica\/"},"img":{"alt_text":"","src":"https:\/\/i0.wp.com\/larevistadigital.com.ar\/blog\/wp-content\/uploads\/2017\/11\/descarga.jpg?fit=650%2C364&ssl=1&resize=350%2C200","width":350,"height":200,"srcset":"https:\/\/i0.wp.com\/larevistadigital.com.ar\/blog\/wp-content\/uploads\/2017\/11\/descarga.jpg?fit=650%2C364&ssl=1&resize=350%2C200 1x, https:\/\/i0.wp.com\/larevistadigital.com.ar\/blog\/wp-content\/uploads\/2017\/11\/descarga.jpg?fit=650%2C364&ssl=1&resize=525%2C300 1.5x"},"classes":[]},{"id":7399,"url":"https:\/\/larevistadigital.com.ar\/blog\/chascomus-se-tratara-en-el-concejo-el-presupuesto-y-probablemente-la-regulacion-de-agroquimicos\/","url_meta":{"origin":5008,"position":2},"title":"CHASCOM\u00daS: SE TRATAR\u00c1 EN EL CONCEJO EL PRESUPUESTO Y PROBABLEMENTE LA REGULACI\u00d3N DE AGROQU\u00cdMICOS","author":"Alejandro Sosa Ruda","date":"27 diciembre, 2018","format":false,"excerpt":"En el d\u00eda de hoy se estar\u00e1 llevando adelanta la segunda sesi\u00f3n de pr\u00f3rroga del Concejo Deliberante, donde se estar\u00e1n tratando el Presupuesto de Gastos y C\u00e1lculo de Recursos de la Administraci\u00f3n Municipal para el a\u00f1o 2019 y la Ordenanza Fiscal e Impositiva. Ambas iniciativas se aprobar\u00edan en el d\u00eda\u2026","rel":"","context":"En \u00abDESTACADAS\u00bb","block_context":{"text":"DESTACADAS","link":"https:\/\/larevistadigital.com.ar\/blog\/category\/destacadas\/"},"img":{"alt_text":"","src":"https:\/\/i0.wp.com\/larevistadigital.com.ar\/blog\/wp-content\/uploads\/2018\/06\/consjeo_21demarzode2108_elfuerte.jpg?fit=737%2C415&ssl=1&resize=350%2C200","width":350,"height":200,"srcset":"https:\/\/i0.wp.com\/larevistadigital.com.ar\/blog\/wp-content\/uploads\/2018\/06\/consjeo_21demarzode2108_elfuerte.jpg?fit=737%2C415&ssl=1&resize=350%2C200 1x, https:\/\/i0.wp.com\/larevistadigital.com.ar\/blog\/wp-content\/uploads\/2018\/06\/consjeo_21demarzode2108_elfuerte.jpg?fit=737%2C415&ssl=1&resize=525%2C300 1.5x, https:\/\/i0.wp.com\/larevistadigital.com.ar\/blog\/wp-content\/uploads\/2018\/06\/consjeo_21demarzode2108_elfuerte.jpg?fit=737%2C415&ssl=1&resize=700%2C400 2x"},"classes":[]},{"id":5118,"url":"https:\/\/larevistadigital.com.ar\/blog\/mesa-agroquimicos-intech-recomendo-las-areas-urbanas-zonas-exclusion-las-fumigaciones\/","url_meta":{"origin":5008,"position":3},"title":"Mesa de Agroqu\u00edmicos: El INTECH recomend\u00f3 que en las \u00e1reas urbanas zonas de exclusi\u00f3n para las fumigaciones","author":"admin","date":"1 marzo, 2018","format":false,"excerpt":"Se presentaron trabajos cient\u00edficos del orden nacional e internacional en los que se eval\u00faa evalu\u00f3 la asociaci\u00f3n entre diferentes tipos del c\u00e1ncer, determinando uno de ellos que cualquier casa con una proximidad menor a 780 m de un campo cultivado estaba expuesta, otro ubic\u00e1ndola entre 500 y 1500 m y\u2026","rel":"","context":"En \u00abCHASCOM\u00daS\u00bb","block_context":{"text":"CHASCOM\u00daS","link":"https:\/\/larevistadigital.com.ar\/blog\/category\/chascomus\/"},"img":{"alt_text":"","src":"https:\/\/i0.wp.com\/larevistadigital.com.ar\/blog\/wp-content\/uploads\/2018\/03\/l5-elfuertediario-010318.jpg?fit=737%2C415&ssl=1&resize=350%2C200","width":350,"height":200,"srcset":"https:\/\/i0.wp.com\/larevistadigital.com.ar\/blog\/wp-content\/uploads\/2018\/03\/l5-elfuertediario-010318.jpg?fit=737%2C415&ssl=1&resize=350%2C200 1x, https:\/\/i0.wp.com\/larevistadigital.com.ar\/blog\/wp-content\/uploads\/2018\/03\/l5-elfuertediario-010318.jpg?fit=737%2C415&ssl=1&resize=525%2C300 1.5x, https:\/\/i0.wp.com\/larevistadigital.com.ar\/blog\/wp-content\/uploads\/2018\/03\/l5-elfuertediario-010318.jpg?fit=737%2C415&ssl=1&resize=700%2C400 2x"},"classes":[]},{"id":4640,"url":"https:\/\/larevistadigital.com.ar\/blog\/chascomus-presidente-del-concejo-osvaldo-casalins-hablo-del-impacto-impositivo-los-vecinos\/","url_meta":{"origin":5008,"position":4},"title":"CHASCOM\u00daS: EL PRESIDENTE DEL CONCEJO, OSVALDO CASALINS HABL\u00d3 DEL IMPACTO IMPOSITIVO PARA LOS VECINOS","author":"Alejandro Sosa Ruda","date":"27 enero, 2018","format":false,"excerpt":"\u00a0 Respecto de la reuni\u00f3n mantenida el mi\u00e9rcoles de la \u201cMesa de Agroqu\u00edmicos\u201d, en la que participan los distintos bloques, el departamento ejecutivo, la asamblea \u201cParen de fumigarnos\u201d adem\u00e1s de las instituciones que han deseado sumarse, que son alrededor de doce. En esa reuni\u00f3n se estuvo analizando el proyecto que\u2026","rel":"","context":"En \u00abCHASCOM\u00daS\u00bb","block_context":{"text":"CHASCOM\u00daS","link":"https:\/\/larevistadigital.com.ar\/blog\/category\/chascomus\/"},"img":{"alt_text":"","src":"https:\/\/i0.wp.com\/larevistadigital.com.ar\/blog\/wp-content\/uploads\/2018\/01\/osvaldo_20dediciembrede2016_elfuerte.jpg?fit=751%2C649&ssl=1&resize=350%2C200","width":350,"height":200,"srcset":"https:\/\/i0.wp.com\/larevistadigital.com.ar\/blog\/wp-content\/uploads\/2018\/01\/osvaldo_20dediciembrede2016_elfuerte.jpg?fit=751%2C649&ssl=1&resize=350%2C200 1x, https:\/\/i0.wp.com\/larevistadigital.com.ar\/blog\/wp-content\/uploads\/2018\/01\/osvaldo_20dediciembrede2016_elfuerte.jpg?fit=751%2C649&ssl=1&resize=525%2C300 1.5x, https:\/\/i0.wp.com\/larevistadigital.com.ar\/blog\/wp-content\/uploads\/2018\/01\/osvaldo_20dediciembrede2016_elfuerte.jpg?fit=751%2C649&ssl=1&resize=700%2C400 2x"},"classes":[]},{"id":10316,"url":"https:\/\/larevistadigital.com.ar\/blog\/denuncian-fumigacion-con-agrotoxicos-cerca-de-la-escuela-primaria-n31-del-barrio-parque-girado\/","url_meta":{"origin":5008,"position":5},"title":"DENUNCIAN FUMIGACI\u00d3N CON AGROT\u00d3XICOS CERCA DE LA ESCUELA PRIMARIA N\u00b031 DEL BARRIO PARQUE GIRADO","author":"Alejandro Sosa Ruda","date":"24 mayo, 2019","format":false,"excerpt":"ALARMA Y PREOCUPACI\u00d3N DE LOS VECINOS Alrededor de las 10 de la ma\u00f1ana del pasado mi\u00e9rcoles, vecinos del Barrio Parque Girado alertados por la presencia de un olor met\u00e1lico en el ambiente, comprobaron que el mismo se originaba en la fumigaci\u00f3n con agrot\u00f3xicos de un campo lindante a la calle\u2026","rel":"","context":"En \u00abCHASCOM\u00daS\u00bb","block_context":{"text":"CHASCOM\u00daS","link":"https:\/\/larevistadigital.com.ar\/blog\/category\/chascomus\/"},"img":{"alt_text":"","src":"https:\/\/i0.wp.com\/larevistadigital.com.ar\/blog\/wp-content\/uploads\/2019\/05\/Screenshot_2-8.jpg?fit=738%2C447&ssl=1&resize=350%2C200","width":350,"height":200,"srcset":"https:\/\/i0.wp.com\/larevistadigital.com.ar\/blog\/wp-content\/uploads\/2019\/05\/Screenshot_2-8.jpg?fit=738%2C447&ssl=1&resize=350%2C200 1x, https:\/\/i0.wp.com\/larevistadigital.com.ar\/blog\/wp-content\/uploads\/2019\/05\/Screenshot_2-8.jpg?fit=738%2C447&ssl=1&resize=525%2C300 1.5x, https:\/\/i0.wp.com\/larevistadigital.com.ar\/blog\/wp-content\/uploads\/2019\/05\/Screenshot_2-8.jpg?fit=738%2C447&ssl=1&resize=700%2C400 2x"},"classes":[]}],"_links":{"self":[{"href":"https:\/\/larevistadigital.com.ar\/blog\/wp-json\/wp\/v2\/posts\/5008","targetHints":{"allow":["GET"]}}],"collection":[{"href":"https:\/\/larevistadigital.com.ar\/blog\/wp-json\/wp\/v2\/posts"}],"about":[{"href":"https:\/\/larevistadigital.com.ar\/blog\/wp-json\/wp\/v2\/types\/post"}],"author":[{"embeddable":true,"href":"https:\/\/larevistadigital.com.ar\/blog\/wp-json\/wp\/v2\/users\/3"}],"replies":[{"embeddable":true,"href":"https:\/\/larevistadigital.com.ar\/blog\/wp-json\/wp\/v2\/comments?post=5008"}],"version-history":[{"count":1,"href":"https:\/\/larevistadigital.com.ar\/blog\/wp-json\/wp\/v2\/posts\/5008\/revisions"}],"predecessor-version":[{"id":5010,"href":"https:\/\/larevistadigital.com.ar\/blog\/wp-json\/wp\/v2\/posts\/5008\/revisions\/5010"}],"wp:featuredmedia":[{"embeddable":true,"href":"https:\/\/larevistadigital.com.ar\/blog\/wp-json\/wp\/v2\/media\/5009"}],"wp:attachment":[{"href":"https:\/\/larevistadigital.com.ar\/blog\/wp-json\/wp\/v2\/media?parent=5008"}],"wp:term":[{"taxonomy":"category","embeddable":true,"href":"https:\/\/larevistadigital.com.ar\/blog\/wp-json\/wp\/v2\/categories?post=5008"},{"taxonomy":"post_tag","embeddable":true,"href":"https:\/\/larevistadigital.com.ar\/blog\/wp-json\/wp\/v2\/tags?post=5008"}],"curies":[{"name":"wp","href":"https:\/\/api.w.org\/{rel}","templated":true}]}}