{"id":5011,"date":"2018-02-23T13:33:15","date_gmt":"2018-02-23T13:33:15","guid":{"rendered":"https:\/\/larevistadigital.com.ar\/blog\/?p=5011"},"modified":"2018-02-23T13:36:41","modified_gmt":"2018-02-23T13:36:41","slug":"presidente-del-consejo-escolar-brindo-detalles-del-estado-las-escuelas","status":"publish","type":"post","link":"https:\/\/larevistadigital.com.ar\/blog\/presidente-del-consejo-escolar-brindo-detalles-del-estado-las-escuelas\/","title":{"rendered":"EL PRESIDENTE DEL CONSEJO ESCOLAR BRIND\u00d3 DETALLES DEL ESTADO DE LAS ESCUELAS"},"content":{"rendered":"<p>El presidente del Consejo Escolar de Chascom\u00fas, Lucio Alfons\u00edn dialog\u00f3 con la FM 101.5 acerca de los problemas edilicios de cara al pr\u00f3ximo inicio del ciclo lectivo 2018<\/p>\n<p>En principio se lo consult\u00f3 acerca del caso de la detenci\u00f3n de las obras en la escuela industrial, a lo que respondi\u00f3 que la semana pasada se hab\u00eda anoticiado que la empresa responsable de esas obras, hab\u00eda tomado la decisi\u00f3n de detener las obras, ya que seg\u00fan dijeron no reciben desde el mes de octubre del a\u00f1o pasado ning\u00fan pago por los certificados de obra, lo que motiv\u00f3 que no pueden afrontar la continuidad de las mismas.<\/p>\n<p>Alfons\u00edn coment\u00f3 que la obra est\u00e1 avanzada, pero que faltan culminar partes muy importantes de la misma, sobre todo para una escuela que crece constantemente en matr\u00edcula.<\/p>\n<p>Por este motivo, dijo que solicitaron una audiencia con el Director de la Direcci\u00f3n Provincial de la Infraestructura Escolar, que es de quien depende la obra.<\/p>\n<p>Hizo la salvedad que el Jard\u00edn 908 es de un plan nacional de financiaci\u00f3n de jardines llamado \u201ctres mil jardines\u201d que sigue financiando las obras, a diferencia de la obra de la escuela industrial.<\/p>\n<p><strong>ESTADO DE LOS DISTINTOS COLEGIOS:<\/strong><\/p>\n<p>Escuela 5: habl\u00f3 del deterioro de ese colegio, en donde a\u00fan no se sabe si las obras se van a poder concretar, ya que vienen del mismo lugar que las de la industrial, por lo que est\u00e1n tratando de solucionar los inconvenientes desde el \u00e1mbito local.<\/p>\n<p>Escuela Media: Se instalaron todos los equipos de aire, pero la empresa hab\u00eda omitido la nueva instalaci\u00f3n el\u00e9ctrica, pero en estos d\u00edas ya se termina la obra con los cambios necesarios<\/p>\n<p>Transporte Escolar: dijo que estar\u00eda garantizado el comienzo. La provincia debe solamente diciembre, que es un mes \u201ccorto\u201d, ya que son pocos d\u00edas de ciclo lectivo por lo que los prestadores comenzar\u00edan sin inconvenientes a brindar el servicio.<\/p>\n<p>Dijo que los transportes seguir\u00e1n trabajando como una \u201cpr\u00f3rroga\u201d hasta mayo, en donde habr\u00eda una nueva licitaci\u00f3n para elegir quienes prestar\u00e1n el nuevo servicio hasta diciembre, en donde variar\u00e1n los precios, y se podr\u00e1n incorporar modificaciones.<\/p>\n<p>Servicio alimentario: Alfons\u00edn record\u00f3 que Vidal hab\u00eda aumentado el valor de la c\u00e1pita, duplicando los valores anteriores, y seg\u00fan e les ha informado en mayo volver\u00eda a aumentar el valor de desayuno, almuerzo y merienda. Tambi\u00e9n destac\u00f3 que, a diferencia del transporte, el servicio alimentario se ha pagado en tiempo y forma, lo que les ha permitido mejorar considerablemente el men\u00fa de los chicos.<\/p>\n<p>&nbsp;<\/p>\n","protected":false},"excerpt":{"rendered":"<div class=\"mh-excerpt\"><p>El presidente del Consejo Escolar de Chascom\u00fas, Lucio Alfons\u00edn dialog\u00f3 con la FM 101.5 acerca de los problemas edilicios de cara al pr\u00f3ximo inicio del ciclo lectivo 2018 En principio se lo consult\u00f3 acerca del <a class=\"mh-excerpt-more\" href=\"https:\/\/larevistadigital.com.ar\/blog\/presidente-del-consejo-escolar-brindo-detalles-del-estado-las-escuelas\/\" title=\"EL PRESIDENTE DEL CONSEJO ESCOLAR BRIND\u00d3 DETALLES DEL ESTADO DE LAS ESCUELAS\">[Leer M\u00e1s]<\/a><\/p>\n<\/div>","protected":false},"author":3,"featured_media":5014,"comment_status":"open","ping_status":"open","sticky":false,"template":"","format":"standard","meta":{"_jetpack_memberships_contains_paid_content":false,"footnotes":"","jetpack_publicize_message":"","jetpack_publicize_feature_enabled":true,"jetpack_social_post_already_shared":true,"jetpack_social_options":{"image_generator_settings":{"template":"highway","default_image_id":0,"font":"","enabled":false},"version":2}},"categories":[6],"tags":[],"class_list":{"0":"post-5011","1":"post","2":"type-post","3":"status-publish","4":"format-standard","5":"has-post-thumbnail","7":"category-chascomus"},"jetpack_publicize_connections":[],"jetpack_featured_media_url":"https:\/\/i0.wp.com\/larevistadigital.com.ar\/blog\/wp-content\/uploads\/2018\/02\/26678422_142885509745953_7999852210241178965_o.jpg?fit=2048%2C1152&ssl=1","jetpack_sharing_enabled":true,"jetpack_shortlink":"https:\/\/wp.me\/p8qtrQ-1iP","jetpack-related-posts":[{"id":4483,"url":"https:\/\/larevistadigital.com.ar\/blog\/4483-2\/","url_meta":{"origin":5011,"position":0},"title":"CHASCOM\u00daS: LUCIO ALFONS\u00cdN HABL\u00d3 DE LAS ESCUELAS ABIERTAS DE VERANO","author":"Alejandro Sosa Ruda","date":"11 enero, 2018","format":false,"excerpt":"El Presidente del Concejo Escolar Lucio Alfons\u00edn, dialog\u00f3 con la FM \u201cLa Radio\u201d 101.5 durante el programa AM Show acerca del comienzo de las \u201cescuelas abiertas de verano\u201d y los alcances de las mismas. Coment\u00f3 que est\u00e1n funcionando desde el d\u00eda 2 de enero, mientras que se inauguraron el 9\u2026","rel":"","context":"En \u00abCHASCOM\u00daS\u00bb","block_context":{"text":"CHASCOM\u00daS","link":"https:\/\/larevistadigital.com.ar\/blog\/category\/chascomus\/"},"img":{"alt_text":"","src":"https:\/\/i0.wp.com\/larevistadigital.com.ar\/blog\/wp-content\/uploads\/2018\/01\/DTGnIp9XcAEofAc.jpg?fit=1200%2C900&ssl=1&resize=350%2C200","width":350,"height":200,"srcset":"https:\/\/i0.wp.com\/larevistadigital.com.ar\/blog\/wp-content\/uploads\/2018\/01\/DTGnIp9XcAEofAc.jpg?fit=1200%2C900&ssl=1&resize=350%2C200 1x, https:\/\/i0.wp.com\/larevistadigital.com.ar\/blog\/wp-content\/uploads\/2018\/01\/DTGnIp9XcAEofAc.jpg?fit=1200%2C900&ssl=1&resize=525%2C300 1.5x, https:\/\/i0.wp.com\/larevistadigital.com.ar\/blog\/wp-content\/uploads\/2018\/01\/DTGnIp9XcAEofAc.jpg?fit=1200%2C900&ssl=1&resize=700%2C400 2x, https:\/\/i0.wp.com\/larevistadigital.com.ar\/blog\/wp-content\/uploads\/2018\/01\/DTGnIp9XcAEofAc.jpg?fit=1200%2C900&ssl=1&resize=1050%2C600 3x"},"classes":[]},{"id":4629,"url":"https:\/\/larevistadigital.com.ar\/blog\/chascomus-presidente-del-concejo-escolar-hablo-del-transporte-los-trabajos-cara-al-proximo-ciclo-lectivo\/","url_meta":{"origin":5011,"position":1},"title":"CHASCOM\u00daS: EL PRESIDENTE DEL CONSEJO ESCOLAR HABL\u00d3 DEL TRANSPORTE Y LOS TRABAJOS DE CARA AL PR\u00d3XIMO CICLO LECTIVO","author":"Alejandro Sosa Ruda","date":"23 enero, 2018","format":false,"excerpt":"El presidente del Consejo Escolar, Lucio Alfons\u00edn habl\u00f3 en la Fm 101.5 de c\u00f3mo est\u00e1n las cosas en relaci\u00f3n al comienzo del ciclo lectivo 2018. Hizo menci\u00f3n a que se est\u00e1n realizando diversas tareas de mantenimiento para que el ciclo lectivo comience de la mejor manera posible. Hay trabajos que\u2026","rel":"","context":"En \u00abCHASCOM\u00daS\u00bb","block_context":{"text":"CHASCOM\u00daS","link":"https:\/\/larevistadigital.com.ar\/blog\/category\/chascomus\/"},"img":{"alt_text":"","src":"https:\/\/i0.wp.com\/larevistadigital.com.ar\/blog\/wp-content\/uploads\/2018\/01\/transporte-escolar-600x329.jpg?fit=600%2C329&ssl=1&resize=350%2C200","width":350,"height":200,"srcset":"https:\/\/i0.wp.com\/larevistadigital.com.ar\/blog\/wp-content\/uploads\/2018\/01\/transporte-escolar-600x329.jpg?fit=600%2C329&ssl=1&resize=350%2C200 1x, https:\/\/i0.wp.com\/larevistadigital.com.ar\/blog\/wp-content\/uploads\/2018\/01\/transporte-escolar-600x329.jpg?fit=600%2C329&ssl=1&resize=525%2C300 1.5x"},"classes":[]},{"id":6313,"url":"https:\/\/larevistadigital.com.ar\/blog\/chascomus-alerta-y-preocupacion-por-el-abandono-de-las-obras-del-jardin-908\/","url_meta":{"origin":5011,"position":2},"title":"CHASCOM\u00daS: ALERTA Y PREOCUPACI\u00d3N POR EL ABANDONO DE LAS OBRAS DEL JARD\u00cdN 908","author":"Alejandro Sosa Ruda","date":"21 agosto, 2018","format":false,"excerpt":"Lamentablemente, otra mala noticia que involucra a los ni\u00f1os y la educaci\u00f3n. Los vecinos y padres del barrio San Cayetano, y la sociedad chascomunense en general, se encuentran muy preocupados por la situaci\u00f3n de abandono que se encuentra el jard\u00edn 908, ya que la empresa que se ocupaba del tema,\u2026","rel":"","context":"En \u00abDESTACADAS\u00bb","block_context":{"text":"DESTACADAS","link":"https:\/\/larevistadigital.com.ar\/blog\/category\/destacadas\/"},"img":{"alt_text":"","src":"https:\/\/i0.wp.com\/larevistadigital.com.ar\/blog\/wp-content\/uploads\/2018\/08\/WhatsApp-Image-2018-08-17-at-17.44.06.jpeg?fit=1200%2C675&ssl=1&resize=350%2C200","width":350,"height":200,"srcset":"https:\/\/i0.wp.com\/larevistadigital.com.ar\/blog\/wp-content\/uploads\/2018\/08\/WhatsApp-Image-2018-08-17-at-17.44.06.jpeg?fit=1200%2C675&ssl=1&resize=350%2C200 1x, https:\/\/i0.wp.com\/larevistadigital.com.ar\/blog\/wp-content\/uploads\/2018\/08\/WhatsApp-Image-2018-08-17-at-17.44.06.jpeg?fit=1200%2C675&ssl=1&resize=525%2C300 1.5x, https:\/\/i0.wp.com\/larevistadigital.com.ar\/blog\/wp-content\/uploads\/2018\/08\/WhatsApp-Image-2018-08-17-at-17.44.06.jpeg?fit=1200%2C675&ssl=1&resize=700%2C400 2x, https:\/\/i0.wp.com\/larevistadigital.com.ar\/blog\/wp-content\/uploads\/2018\/08\/WhatsApp-Image-2018-08-17-at-17.44.06.jpeg?fit=1200%2C675&ssl=1&resize=1050%2C600 3x"},"classes":[]},{"id":5105,"url":"https:\/\/larevistadigital.com.ar\/blog\/reunion-autoridades-educacion-concejo-preocupado-la-situacion-las-escuelas-rurales-otros-servicios\/","url_meta":{"origin":5011,"position":3},"title":"Reuni\u00f3n con autoridades de Educaci\u00f3n El Concejo, preocupado por la situaci\u00f3n de las escuelas rurales y otros servicios","author":"admin","date":"1 marzo, 2018","format":false,"excerpt":"Con la presencia de todos los bloques pol\u00edticos que integran el Cuerpo Deliberativo, el HCD encabezado por su Presidente, Osvaldo Casalins, se reuni\u00f3 en la ma\u00f1ana de este martes con el Presidente del Consejo Escolar, Prof. Lucio Alfons\u00edn y con la Jefa Distrital de Educaci\u00f3n, Prof. Silvina Abelenda. Los tremas\u2026","rel":"","context":"En \u00abCHASCOM\u00daS\u00bb","block_context":{"text":"CHASCOM\u00daS","link":"https:\/\/larevistadigital.com.ar\/blog\/category\/chascomus\/"},"img":{"alt_text":"","src":"https:\/\/i0.wp.com\/larevistadigital.com.ar\/blog\/wp-content\/uploads\/2018\/03\/2018_02_27_15_52_14_2509766.jpg?fit=600%2C415&ssl=1&resize=350%2C200","width":350,"height":200,"srcset":"https:\/\/i0.wp.com\/larevistadigital.com.ar\/blog\/wp-content\/uploads\/2018\/03\/2018_02_27_15_52_14_2509766.jpg?fit=600%2C415&ssl=1&resize=350%2C200 1x, https:\/\/i0.wp.com\/larevistadigital.com.ar\/blog\/wp-content\/uploads\/2018\/03\/2018_02_27_15_52_14_2509766.jpg?fit=600%2C415&ssl=1&resize=525%2C300 1.5x"},"classes":[]},{"id":8037,"url":"https:\/\/larevistadigital.com.ar\/blog\/chascomus-la-provincia-envio-fondos-que-fueron-entregados-al-concejo-escolar-y-se-utilizaran-para-acondicionar-los-sanitarios-de-la-escuela-normal\/","url_meta":{"origin":5011,"position":4},"title":"CHASCOM\u00daS: LA PROVINCIA ENVI\u00d3 FONDOS QUE FUERON ENTREGADOS AL CONCEJO ESCOLAR Y SE UTILIZAR\u00c1N PARA ACONDICIONAR LOS SANITARIOS DE LA ESCUELA NORMAL","author":"Alejandro Sosa Ruda","date":"29 enero, 2019","format":false,"excerpt":"As\u00ed lo anunci\u00f3 d\u00edas pasados el Intendente Municipal al entregar un subsidio de Provincia por un monto de $400.000 al Consejo Escolar de Chascom\u00fas para afrontar los gastos de la refacci\u00f3n de los sanitarios en las instalaciones de la Escuela Normal Superior \u201cManuel J. Almada\u201d. \u201cEs la cuarta intervenci\u00f3n que\u2026","rel":"","context":"En \u00abCHASCOM\u00daS\u00bb","block_context":{"text":"CHASCOM\u00daS","link":"https:\/\/larevistadigital.com.ar\/blog\/category\/chascomus\/"},"img":{"alt_text":"","src":"https:\/\/i0.wp.com\/larevistadigital.com.ar\/blog\/wp-content\/uploads\/2019\/01\/Screenshot_2-4.jpg?fit=792%2C486&ssl=1&resize=350%2C200","width":350,"height":200,"srcset":"https:\/\/i0.wp.com\/larevistadigital.com.ar\/blog\/wp-content\/uploads\/2019\/01\/Screenshot_2-4.jpg?fit=792%2C486&ssl=1&resize=350%2C200 1x, https:\/\/i0.wp.com\/larevistadigital.com.ar\/blog\/wp-content\/uploads\/2019\/01\/Screenshot_2-4.jpg?fit=792%2C486&ssl=1&resize=525%2C300 1.5x, https:\/\/i0.wp.com\/larevistadigital.com.ar\/blog\/wp-content\/uploads\/2019\/01\/Screenshot_2-4.jpg?fit=792%2C486&ssl=1&resize=700%2C400 2x"},"classes":[]},{"id":6647,"url":"https:\/\/larevistadigital.com.ar\/blog\/lucio-alfonsin-condeno-en-radio-uno-los-ultimos-hechos-vandalicos-en-los-establecimientos-educativos\/","url_meta":{"origin":5011,"position":5},"title":"LUCIO ALFONS\u00cdN CONDEN\u00d3 EN RADIO UNO LOS \u00daLTIMOS HECHOS VAND\u00c1LICOS EN LOS ESTABLECIMIENTOS EDUCATIVOS","author":"Alejandro Sosa Ruda","date":"27 septiembre, 2018","format":false,"excerpt":"El presidente del Consejo Escolar, Lucio Alfons\u00edn dialog\u00f3 con el periodista Alfredo Perona durante su programa en la fm \u201cRadio UNO\u201d (102.1) en relaci\u00f3n a los recientes hechos delictivos y de vandalismo en el \u00e1mbito escolar. Al respecto, Alfons\u00edn dijo que se sent\u00eda muy preocupado y consternado por la secuencia\u2026","rel":"","context":"En \u00abPOLICIALES\u00bb","block_context":{"text":"POLICIALES","link":"https:\/\/larevistadigital.com.ar\/blog\/category\/policiales\/"},"img":{"alt_text":"","src":"https:\/\/i0.wp.com\/larevistadigital.com.ar\/blog\/wp-content\/uploads\/2018\/09\/28379135_1709729875713782_7648289265480466143_n.jpg?fit=720%2C960&ssl=1&resize=350%2C200","width":350,"height":200,"srcset":"https:\/\/i0.wp.com\/larevistadigital.com.ar\/blog\/wp-content\/uploads\/2018\/09\/28379135_1709729875713782_7648289265480466143_n.jpg?fit=720%2C960&ssl=1&resize=350%2C200 1x, https:\/\/i0.wp.com\/larevistadigital.com.ar\/blog\/wp-content\/uploads\/2018\/09\/28379135_1709729875713782_7648289265480466143_n.jpg?fit=720%2C960&ssl=1&resize=525%2C300 1.5x, https:\/\/i0.wp.com\/larevistadigital.com.ar\/blog\/wp-content\/uploads\/2018\/09\/28379135_1709729875713782_7648289265480466143_n.jpg?fit=720%2C960&ssl=1&resize=700%2C400 2x"},"classes":[]}],"_links":{"self":[{"href":"https:\/\/larevistadigital.com.ar\/blog\/wp-json\/wp\/v2\/posts\/5011","targetHints":{"allow":["GET"]}}],"collection":[{"href":"https:\/\/larevistadigital.com.ar\/blog\/wp-json\/wp\/v2\/posts"}],"about":[{"href":"https:\/\/larevistadigital.com.ar\/blog\/wp-json\/wp\/v2\/types\/post"}],"author":[{"embeddable":true,"href":"https:\/\/larevistadigital.com.ar\/blog\/wp-json\/wp\/v2\/users\/3"}],"replies":[{"embeddable":true,"href":"https:\/\/larevistadigital.com.ar\/blog\/wp-json\/wp\/v2\/comments?post=5011"}],"version-history":[{"count":2,"href":"https:\/\/larevistadigital.com.ar\/blog\/wp-json\/wp\/v2\/posts\/5011\/revisions"}],"predecessor-version":[{"id":5013,"href":"https:\/\/larevistadigital.com.ar\/blog\/wp-json\/wp\/v2\/posts\/5011\/revisions\/5013"}],"wp:featuredmedia":[{"embeddable":true,"href":"https:\/\/larevistadigital.com.ar\/blog\/wp-json\/wp\/v2\/media\/5014"}],"wp:attachment":[{"href":"https:\/\/larevistadigital.com.ar\/blog\/wp-json\/wp\/v2\/media?parent=5011"}],"wp:term":[{"taxonomy":"category","embeddable":true,"href":"https:\/\/larevistadigital.com.ar\/blog\/wp-json\/wp\/v2\/categories?post=5011"},{"taxonomy":"post_tag","embeddable":true,"href":"https:\/\/larevistadigital.com.ar\/blog\/wp-json\/wp\/v2\/tags?post=5011"}],"curies":[{"name":"wp","href":"https:\/\/api.w.org\/{rel}","templated":true}]}}