{"id":5024,"date":"2018-03-01T07:58:08","date_gmt":"2018-03-01T07:58:08","guid":{"rendered":"https:\/\/larevistadigital.com.ar\/blog\/?p=5024"},"modified":"2018-03-01T07:58:08","modified_gmt":"2018-03-01T07:58:08","slug":"se-recupero-una-tolva-sustraida-paraje-zorro","status":"publish","type":"post","link":"https:\/\/larevistadigital.com.ar\/blog\/se-recupero-una-tolva-sustraida-paraje-zorro\/","title":{"rendered":"Se recuper\u00f3 una tolva sustra\u00edda en paraje \u201cEl Zorro\u201d"},"content":{"rendered":"<p>Luego de una intensa b\u00fasqueda se hizo presente en la localidad de Maipu el Oficial subinspector Alemis de la estaci\u00f3n de la polic\u00eda comunal de Pila, por la desaparici\u00f3n de una tolva en el establecimiento rural \u00absanta catalina\u00bbdel paraje el zorro del partido de Pila. en forma conjunta con el gabinete de investigaci\u00f3n de Maipu a cargo del oficial inspector Diaz, Se procedi\u00f3 a la investigaci\u00f3n que dio como resultado que se podr\u00eda encontrar por las inmediaciones, determinando que se podr\u00eda encontrar en Labarden (Gral. Guido), Se pudo establecer que la tolva en cuesti\u00f3n se encontraba oculta en un domicilio particular de la zona urbana de dicha ciudad.\u00a0En consecuencia y junto con el Jefe del Destacamento de Vigilancia de Labard\u00e9n Oficial Principal Paulo Idelmar Molina se logr\u00f3 establecer el lugar donde se hallaba la tolva de forma oculta en un domicilio ubicado en la planta urbana de dicha ciudad.<\/p>\n<p>Luego de un amplio operativo se pudo secuestrar la tolva que fue reconocida por el propietario como la sustra\u00edda el d\u00eda s\u00e1bado 24 de febrero, dando origen a las actuaciones caratulada \u201cHurto\u201d en la cual resulta denunciante Andr\u00e9s CASAMAYOU de tr\u00e1mite ante la Fiscal\u00eda Descentralizada N\u00b0 10 de Chascom\u00fas del Departamento Judicial Dolores.<\/p>\n<p>&nbsp;<\/p>\n","protected":false},"excerpt":{"rendered":"<div class=\"mh-excerpt\"><p>Luego de una intensa b\u00fasqueda se hizo presente en la localidad de Maipu el Oficial subinspector Alemis de la estaci\u00f3n de la polic\u00eda comunal de Pila, por la desaparici\u00f3n de una tolva en el establecimiento <a class=\"mh-excerpt-more\" href=\"https:\/\/larevistadigital.com.ar\/blog\/se-recupero-una-tolva-sustraida-paraje-zorro\/\" title=\"Se recuper\u00f3 una tolva sustra\u00edda en paraje \u201cEl Zorro\u201d\">[Leer M\u00e1s]<\/a><\/p>\n<\/div>","protected":false},"author":1,"featured_media":5025,"comment_status":"open","ping_status":"open","sticky":false,"template":"","format":"standard","meta":{"_jetpack_memberships_contains_paid_content":false,"footnotes":"","jetpack_publicize_message":"","jetpack_publicize_feature_enabled":true,"jetpack_social_post_already_shared":true,"jetpack_social_options":{"image_generator_settings":{"template":"highway","default_image_id":0,"font":"","enabled":false},"version":2}},"categories":[42],"tags":[],"class_list":{"0":"post-5024","1":"post","2":"type-post","3":"status-publish","4":"format-standard","5":"has-post-thumbnail","7":"category-pila"},"jetpack_publicize_connections":[],"jetpack_featured_media_url":"https:\/\/i0.wp.com\/larevistadigital.com.ar\/blog\/wp-content\/uploads\/2018\/03\/TOLVA.jpg?fit=960%2C540&ssl=1","jetpack_sharing_enabled":true,"jetpack_shortlink":"https:\/\/wp.me\/p8qtrQ-1j2","jetpack-related-posts":[{"id":5961,"url":"https:\/\/larevistadigital.com.ar\/blog\/allanan-dos-viviendas-en-pila-por-robo-en-el-destino\/","url_meta":{"origin":5024,"position":0},"title":"Allanan dos viviendas en Pila por robo en El Destino","author":"admin","date":"5 julio, 2018","format":false,"excerpt":"El\u00a0 viernes 29 de Junio se llevaron a cabo dos ALLANAMIENTOS en la localidad vecina de Pila, las ordenes fueron dispuestas por el Juzgado de Garant\u00edas N\u00b005 del Depto. Judicial de Dolores, a solicitud del Fiscal a cargo de la UFI N\u00b010 de Chascomus mismo Depto. Judicial, en el marco\u2026","rel":"","context":"En \u00abLEZAMA\u00bb","block_context":{"text":"LEZAMA","link":"https:\/\/larevistadigital.com.ar\/blog\/category\/lezama\/"},"img":{"alt_text":"","src":"","width":0,"height":0},"classes":[]},{"id":1367,"url":"https:\/\/larevistadigital.com.ar\/blog\/se-entregaron-cerficados-de-asistencia-a-los-cursos-de-conduccion-segura\/","url_meta":{"origin":5024,"position":1},"title":"Se entregaron cerficados de asistencia a los cursos de Conducci\u00f3n Segura","author":"editor","date":"16 marzo, 2017","format":false,"excerpt":"En horas de esta ma\u00f1ana, el Intendente Municipal de Pila, Gustavo\u00a0Alfredo Walker, junto a la Juez de Faltas Municipal Dra. Marina Viscomi y la Directora de Tr\u00e1nsito de la Municipalidad de Pila Vanesa Tebes, hicieron entrega de Certificados de asistencia a los Cursos de Conducci\u00f3n Segura y de Agentes de\u2026","rel":"","context":"En \u00abPILA\u00bb","block_context":{"text":"PILA","link":"https:\/\/larevistadigital.com.ar\/blog\/category\/pila\/"},"img":{"alt_text":"","src":"https:\/\/i0.wp.com\/larevistadigital.com.ar\/blog\/wp-content\/uploads\/2017\/03\/WALKER-3.jpg?fit=818%2C459&ssl=1&resize=350%2C200","width":350,"height":200,"srcset":"https:\/\/i0.wp.com\/larevistadigital.com.ar\/blog\/wp-content\/uploads\/2017\/03\/WALKER-3.jpg?fit=818%2C459&ssl=1&resize=350%2C200 1x, https:\/\/i0.wp.com\/larevistadigital.com.ar\/blog\/wp-content\/uploads\/2017\/03\/WALKER-3.jpg?fit=818%2C459&ssl=1&resize=525%2C300 1.5x, https:\/\/i0.wp.com\/larevistadigital.com.ar\/blog\/wp-content\/uploads\/2017\/03\/WALKER-3.jpg?fit=818%2C459&ssl=1&resize=700%2C400 2x"},"classes":[]},{"id":31263,"url":"https:\/\/larevistadigital.com.ar\/blog\/pila-se-viene-una-bicicleteada-solidaria-en-beneficio-de-colegios\/","url_meta":{"origin":5024,"position":2},"title":"PILA: SE VIENE UNA BICICLETEADA SOLIDARIA EN BENEFICIO DE COLEGIOS","author":"Alejandro Sosa Ruda","date":"27 abril, 2023","format":false,"excerpt":"Se trata de una bicicleteada que adem\u00e1s de ser una excelente forma de pasar la jornada, se juntaran alimentos para un colegio y un jardin. 27 de abril de 2023 PILA -\u00a0 \u00a0La ciudad de Pila ser\u00e1 el escenario de un evento que adem\u00e1s de ser sano, divertido y para\u2026","rel":"","context":"En \u00abDEPORTES\u00bb","block_context":{"text":"DEPORTES","link":"https:\/\/larevistadigital.com.ar\/blog\/category\/deportes\/"},"img":{"alt_text":"","src":"https:\/\/i0.wp.com\/larevistadigital.com.ar\/blog\/wp-content\/uploads\/pila-1.jpg?fit=800%2C1000&ssl=1&resize=350%2C200","width":350,"height":200,"srcset":"https:\/\/i0.wp.com\/larevistadigital.com.ar\/blog\/wp-content\/uploads\/pila-1.jpg?fit=800%2C1000&ssl=1&resize=350%2C200 1x, https:\/\/i0.wp.com\/larevistadigital.com.ar\/blog\/wp-content\/uploads\/pila-1.jpg?fit=800%2C1000&ssl=1&resize=525%2C300 1.5x, https:\/\/i0.wp.com\/larevistadigital.com.ar\/blog\/wp-content\/uploads\/pila-1.jpg?fit=800%2C1000&ssl=1&resize=700%2C400 2x"},"classes":[]},{"id":43126,"url":"https:\/\/larevistadigital.com.ar\/blog\/pila-detienen-a-joven-revoltoso-por-alterar-el-orden\/","url_meta":{"origin":5024,"position":3},"title":"Pila: Detienen a joven revoltoso por alterar el orden","author":"Alejandro Sosa Ruda","date":"2 enero, 2026","format":false,"excerpt":"Durante la ma\u00f1ana de este jueves 1\u00b0 de enero, la Polic\u00eda Comunal de Pila aprehendi\u00f3 a un joven de 23 a\u00f1os que protagonizaba disturbios en la v\u00eda p\u00fablica. 02 de enero de 2026 PILA -\u00a0 \u00a0El hecho ocurri\u00f3 alrededor de las 08:00 horas en la calle 12, entre 27 y\u2026","rel":"","context":"En \u00abINTERES GENERAL\u00bb","block_context":{"text":"INTERES GENERAL","link":"https:\/\/larevistadigital.com.ar\/blog\/category\/interes-general\/"},"img":{"alt_text":"","src":"https:\/\/i0.wp.com\/larevistadigital.com.ar\/blog\/wp-content\/uploads\/607385607_1481471887316401_6427681447502686544_n.jpg?fit=750%2C912&ssl=1&resize=350%2C200","width":350,"height":200,"srcset":"https:\/\/i0.wp.com\/larevistadigital.com.ar\/blog\/wp-content\/uploads\/607385607_1481471887316401_6427681447502686544_n.jpg?fit=750%2C912&ssl=1&resize=350%2C200 1x, https:\/\/i0.wp.com\/larevistadigital.com.ar\/blog\/wp-content\/uploads\/607385607_1481471887316401_6427681447502686544_n.jpg?fit=750%2C912&ssl=1&resize=525%2C300 1.5x, https:\/\/i0.wp.com\/larevistadigital.com.ar\/blog\/wp-content\/uploads\/607385607_1481471887316401_6427681447502686544_n.jpg?fit=750%2C912&ssl=1&resize=700%2C400 2x"},"classes":[]},{"id":26681,"url":"https:\/\/larevistadigital.com.ar\/blog\/pila-por-primera-vez-un-presidente-encabeza-una-visita-oficial\/","url_meta":{"origin":5024,"position":4},"title":"PILA: POR PRIMERA VEZ UN PRESIDENTE ENCABEZA UNA VISITA OFICIAL","author":"Alejandro Sosa Ruda","date":"17 julio, 2022","format":false,"excerpt":"Lo inform\u00f3\u00a0el intendente interino Sebasti\u00e1n Walker.\u00a0\"Este martes y por primera vez en m\u00e1s de 180 a\u00f1os nos visitar\u00e1 un presidente\", destac\u00f3 El presidente Alberto Fern\u00e1ndez encabezar\u00e1 este martes 19 la inauguraci\u00f3n de un centro de salud y la pavimentaci\u00f3n de la Circunvalaci\u00f3n en el partido de Pila. \"Este martes y\u2026","rel":"","context":"En \u00abPILA\u00bb","block_context":{"text":"PILA","link":"https:\/\/larevistadigital.com.ar\/blog\/category\/pila\/"},"img":{"alt_text":"","src":"https:\/\/i0.wp.com\/larevistadigital.com.ar\/blog\/wp-content\/uploads\/pila_1.jpg?fit=800%2C500&ssl=1&resize=350%2C200","width":350,"height":200,"srcset":"https:\/\/i0.wp.com\/larevistadigital.com.ar\/blog\/wp-content\/uploads\/pila_1.jpg?fit=800%2C500&ssl=1&resize=350%2C200 1x, https:\/\/i0.wp.com\/larevistadigital.com.ar\/blog\/wp-content\/uploads\/pila_1.jpg?fit=800%2C500&ssl=1&resize=525%2C300 1.5x, https:\/\/i0.wp.com\/larevistadigital.com.ar\/blog\/wp-content\/uploads\/pila_1.jpg?fit=800%2C500&ssl=1&resize=700%2C400 2x"},"classes":[]},{"id":5283,"url":"https:\/\/larevistadigital.com.ar\/blog\/el-rally-mar-y-sierra-se-da-cita-en-pila-por-primera-vez\/","url_meta":{"origin":5024,"position":5},"title":"El Rally Mar y Sierra se da cita en Pila por primera vez","author":"admin","date":"29 marzo, 2018","format":false,"excerpt":"Ya qued\u00f3 confirmado que la segunda fecha del actual campeonato del Rally Mar y Sierra se correr\u00e1 en caminos de nuestro distrito y del vecino de Castelli, los d\u00edas 13, 14 y 15 de abril pr\u00f3ximo La confirmaci\u00f3n del evento la hicieron el Intendente Gustavo Walker y el Presidente de\u2026","rel":"","context":"En \u00abPILA\u00bb","block_context":{"text":"PILA","link":"https:\/\/larevistadigital.com.ar\/blog\/category\/pila\/"},"img":{"alt_text":"","src":"https:\/\/i0.wp.com\/larevistadigital.com.ar\/blog\/wp-content\/uploads\/2018\/03\/pila3_26demarzode2108_elfuerte.jpg?fit=737%2C415&ssl=1&resize=350%2C200","width":350,"height":200,"srcset":"https:\/\/i0.wp.com\/larevistadigital.com.ar\/blog\/wp-content\/uploads\/2018\/03\/pila3_26demarzode2108_elfuerte.jpg?fit=737%2C415&ssl=1&resize=350%2C200 1x, https:\/\/i0.wp.com\/larevistadigital.com.ar\/blog\/wp-content\/uploads\/2018\/03\/pila3_26demarzode2108_elfuerte.jpg?fit=737%2C415&ssl=1&resize=525%2C300 1.5x, https:\/\/i0.wp.com\/larevistadigital.com.ar\/blog\/wp-content\/uploads\/2018\/03\/pila3_26demarzode2108_elfuerte.jpg?fit=737%2C415&ssl=1&resize=700%2C400 2x"},"classes":[]}],"_links":{"self":[{"href":"https:\/\/larevistadigital.com.ar\/blog\/wp-json\/wp\/v2\/posts\/5024","targetHints":{"allow":["GET"]}}],"collection":[{"href":"https:\/\/larevistadigital.com.ar\/blog\/wp-json\/wp\/v2\/posts"}],"about":[{"href":"https:\/\/larevistadigital.com.ar\/blog\/wp-json\/wp\/v2\/types\/post"}],"author":[{"embeddable":true,"href":"https:\/\/larevistadigital.com.ar\/blog\/wp-json\/wp\/v2\/users\/1"}],"replies":[{"embeddable":true,"href":"https:\/\/larevistadigital.com.ar\/blog\/wp-json\/wp\/v2\/comments?post=5024"}],"version-history":[{"count":1,"href":"https:\/\/larevistadigital.com.ar\/blog\/wp-json\/wp\/v2\/posts\/5024\/revisions"}],"predecessor-version":[{"id":5026,"href":"https:\/\/larevistadigital.com.ar\/blog\/wp-json\/wp\/v2\/posts\/5024\/revisions\/5026"}],"wp:featuredmedia":[{"embeddable":true,"href":"https:\/\/larevistadigital.com.ar\/blog\/wp-json\/wp\/v2\/media\/5025"}],"wp:attachment":[{"href":"https:\/\/larevistadigital.com.ar\/blog\/wp-json\/wp\/v2\/media?parent=5024"}],"wp:term":[{"taxonomy":"category","embeddable":true,"href":"https:\/\/larevistadigital.com.ar\/blog\/wp-json\/wp\/v2\/categories?post=5024"},{"taxonomy":"post_tag","embeddable":true,"href":"https:\/\/larevistadigital.com.ar\/blog\/wp-json\/wp\/v2\/tags?post=5024"}],"curies":[{"name":"wp","href":"https:\/\/api.w.org\/{rel}","templated":true}]}}