{"id":5027,"date":"2018-03-01T07:59:45","date_gmt":"2018-03-01T07:59:45","guid":{"rendered":"https:\/\/larevistadigital.com.ar\/blog\/?p=5027"},"modified":"2018-03-01T07:59:45","modified_gmt":"2018-03-01T07:59:45","slug":"operario-lesionado-al-caer-camion-la-ruta-41","status":"publish","type":"post","link":"https:\/\/larevistadigital.com.ar\/blog\/operario-lesionado-al-caer-camion-la-ruta-41\/","title":{"rendered":"Operario lesionado al caer de un cami\u00f3n en la ruta 41"},"content":{"rendered":"<p>En la ma\u00f1ana de este mi\u00e9rcoles 28, fueron alertados los Bomberos Voluntarios de Pila de un accidente ocurrido en la ruta provincial 41 con uno de los operarios que se desempe\u00f1an en la obra de remodelaci\u00f3n de la calzada de la misma.<\/p>\n<p>Bajo alarma p\u00fablica concurrieron dos unidades al lugar del hecho, constatando que por causas que se ignoran, un trabajador hab\u00eda ca\u00eddo de uno de los camiones afectados a las tareas que se realizan en la citada ruta.<\/p>\n<p>El accidente ocurri\u00f3 a la altura del establecimiento \u201cSan Mariano\u201d, jurisdicci\u00f3n del partido de Pila.<\/p>\n<p>En una unidad de traslado de los servidores p\u00fablicos se traslad\u00f3 hacia el Hospital Municipal de Pila al operario accidentado con lesiones de diversa consideraci\u00f3n, siendo derivado posteriormente a un centro de mayor complejidad de la ciudad de Dolores.-<\/p>\n<p>Foto: Pablo Alberto Aguiar<\/p>\n","protected":false},"excerpt":{"rendered":"<div class=\"mh-excerpt\"><p>En la ma\u00f1ana de este mi\u00e9rcoles 28, fueron alertados los Bomberos Voluntarios de Pila de un accidente ocurrido en la ruta provincial 41 con uno de los operarios que se desempe\u00f1an en la obra de <a class=\"mh-excerpt-more\" href=\"https:\/\/larevistadigital.com.ar\/blog\/operario-lesionado-al-caer-camion-la-ruta-41\/\" title=\"Operario lesionado al caer de un cami\u00f3n en la ruta 41\">[Leer M\u00e1s]<\/a><\/p>\n<\/div>","protected":false},"author":1,"featured_media":5028,"comment_status":"open","ping_status":"open","sticky":false,"template":"","format":"standard","meta":{"_jetpack_memberships_contains_paid_content":false,"footnotes":"","jetpack_publicize_message":"","jetpack_publicize_feature_enabled":true,"jetpack_social_post_already_shared":true,"jetpack_social_options":{"image_generator_settings":{"template":"highway","default_image_id":0,"font":"","enabled":false},"version":2}},"categories":[42],"tags":[],"class_list":{"0":"post-5027","1":"post","2":"type-post","3":"status-publish","4":"format-standard","5":"has-post-thumbnail","7":"category-pila"},"jetpack_publicize_connections":[],"jetpack_featured_media_url":"https:\/\/i0.wp.com\/larevistadigital.com.ar\/blog\/wp-content\/uploads\/2018\/03\/accidente-ruta-41-pila.jpg?fit=960%2C638&ssl=1","jetpack_sharing_enabled":true,"jetpack_shortlink":"https:\/\/wp.me\/p8qtrQ-1j5","jetpack-related-posts":[{"id":3965,"url":"https:\/\/larevistadigital.com.ar\/blog\/accidente-la-ruta-n-41-la-altura-del-establecimiento-rural-san-mariano\/","url_meta":{"origin":5027,"position":0},"title":"Accidente en la ruta N\u00b0 41 a la altura del establecimiento rural \u201cSan Mariano\u201d.","author":"admin","date":"23 noviembre, 2017","format":false,"excerpt":"Siendo 12:10 horas de este mediod\u00eda, personal policial del Comando de Prevenci\u00f3n Rural de Pila dio aviso a la guardia del Cuartel de Bomberos de un accidente en la ruta N\u00b0 41 a la altura del establecimiento rural \u201cSan Mariano\u201d a unos 15 kil\u00f3metros de la Ciudad, bajo alarma p\u00fablica\u2026","rel":"","context":"En \u00abPILA\u00bb","block_context":{"text":"PILA","link":"https:\/\/larevistadigital.com.ar\/blog\/category\/pila\/"},"img":{"alt_text":"","src":"https:\/\/i0.wp.com\/larevistadigital.com.ar\/blog\/wp-content\/uploads\/2017\/11\/WhatsApp-Image-2017-11-23-at-15.00.23-1.jpeg?fit=500%2C281&ssl=1&resize=350%2C200","width":350,"height":200},"classes":[]},{"id":7860,"url":"https:\/\/larevistadigital.com.ar\/blog\/tres-personas-hospitalizadas-al-chocar-un-auto-con-el-guardarrail-de-la-ruta-41\/","url_meta":{"origin":5027,"position":1},"title":"Tres personas hospitalizadas al chocar un auto con el guardarrail de la ruta 41","author":"admin","date":"21 enero, 2019","format":false,"excerpt":"El siniestro ocurri\u00f3 en la ma\u00f1ana de este lunes 21, por tal motivo siendo las 06:47 hs. fueron alertados los Bomberos Voluntarios de Pila de un accidente en la Ruta Provincial N\u00b0 41 jurisdicci\u00f3n del partido de Pila en direcci\u00f3n hacia General Belgrano, bajo alarma p\u00fablica arribaron al lugar las\u2026","rel":"","context":"En \u00abPILA\u00bb","block_context":{"text":"PILA","link":"https:\/\/larevistadigital.com.ar\/blog\/category\/pila\/"},"img":{"alt_text":"","src":"https:\/\/i0.wp.com\/larevistadigital.com.ar\/blog\/wp-content\/uploads\/2019\/01\/50428392_2180878065508069_4369387280964517888_n.jpg?fit=960%2C720&ssl=1&resize=350%2C200","width":350,"height":200,"srcset":"https:\/\/i0.wp.com\/larevistadigital.com.ar\/blog\/wp-content\/uploads\/2019\/01\/50428392_2180878065508069_4369387280964517888_n.jpg?fit=960%2C720&ssl=1&resize=350%2C200 1x, https:\/\/i0.wp.com\/larevistadigital.com.ar\/blog\/wp-content\/uploads\/2019\/01\/50428392_2180878065508069_4369387280964517888_n.jpg?fit=960%2C720&ssl=1&resize=525%2C300 1.5x, https:\/\/i0.wp.com\/larevistadigital.com.ar\/blog\/wp-content\/uploads\/2019\/01\/50428392_2180878065508069_4369387280964517888_n.jpg?fit=960%2C720&ssl=1&resize=700%2C400 2x"},"classes":[]},{"id":5283,"url":"https:\/\/larevistadigital.com.ar\/blog\/el-rally-mar-y-sierra-se-da-cita-en-pila-por-primera-vez\/","url_meta":{"origin":5027,"position":2},"title":"El Rally Mar y Sierra se da cita en Pila por primera vez","author":"admin","date":"29 marzo, 2018","format":false,"excerpt":"Ya qued\u00f3 confirmado que la segunda fecha del actual campeonato del Rally Mar y Sierra se correr\u00e1 en caminos de nuestro distrito y del vecino de Castelli, los d\u00edas 13, 14 y 15 de abril pr\u00f3ximo La confirmaci\u00f3n del evento la hicieron el Intendente Gustavo Walker y el Presidente de\u2026","rel":"","context":"En \u00abPILA\u00bb","block_context":{"text":"PILA","link":"https:\/\/larevistadigital.com.ar\/blog\/category\/pila\/"},"img":{"alt_text":"","src":"https:\/\/i0.wp.com\/larevistadigital.com.ar\/blog\/wp-content\/uploads\/2018\/03\/pila3_26demarzode2108_elfuerte.jpg?fit=737%2C415&ssl=1&resize=350%2C200","width":350,"height":200,"srcset":"https:\/\/i0.wp.com\/larevistadigital.com.ar\/blog\/wp-content\/uploads\/2018\/03\/pila3_26demarzode2108_elfuerte.jpg?fit=737%2C415&ssl=1&resize=350%2C200 1x, https:\/\/i0.wp.com\/larevistadigital.com.ar\/blog\/wp-content\/uploads\/2018\/03\/pila3_26demarzode2108_elfuerte.jpg?fit=737%2C415&ssl=1&resize=525%2C300 1.5x, https:\/\/i0.wp.com\/larevistadigital.com.ar\/blog\/wp-content\/uploads\/2018\/03\/pila3_26demarzode2108_elfuerte.jpg?fit=737%2C415&ssl=1&resize=700%2C400 2x"},"classes":[]},{"id":17379,"url":"https:\/\/larevistadigital.com.ar\/blog\/pila-un-muerto-tras-un-tragico-accidente\/","url_meta":{"origin":5027,"position":3},"title":"PILA: UN MUERTO TRAS UN TR\u00c1GICO ACCIDENTE","author":"Alejandro Sosa Ruda","date":"2 noviembre, 2020","format":false,"excerpt":"El siniestro ocurri\u00f3 en un camino rural y hay otra persona que se encuentra grave. Un autom\u00f3vil Citro\u00ebn C3, con dos ocupantes protagoniz\u00f3 un vuelco fatal en el camino rural del Partido de Pila. Las dos personas sufrieron heridas de gravedad, lo que provoc\u00f3 que uno de los ocupantes muera\u2026","rel":"","context":"En \u00abPILA\u00bb","block_context":{"text":"PILA","link":"https:\/\/larevistadigital.com.ar\/blog\/category\/pila\/"},"img":{"alt_text":"","src":"https:\/\/i0.wp.com\/larevistadigital.com.ar\/blog\/wp-content\/uploads\/a45d96ff7955a88d744ab29408c55a18edacb43d.jpg?fit=1140%2C610&ssl=1&resize=350%2C200","width":350,"height":200,"srcset":"https:\/\/i0.wp.com\/larevistadigital.com.ar\/blog\/wp-content\/uploads\/a45d96ff7955a88d744ab29408c55a18edacb43d.jpg?fit=1140%2C610&ssl=1&resize=350%2C200 1x, https:\/\/i0.wp.com\/larevistadigital.com.ar\/blog\/wp-content\/uploads\/a45d96ff7955a88d744ab29408c55a18edacb43d.jpg?fit=1140%2C610&ssl=1&resize=525%2C300 1.5x, https:\/\/i0.wp.com\/larevistadigital.com.ar\/blog\/wp-content\/uploads\/a45d96ff7955a88d744ab29408c55a18edacb43d.jpg?fit=1140%2C610&ssl=1&resize=700%2C400 2x, https:\/\/i0.wp.com\/larevistadigital.com.ar\/blog\/wp-content\/uploads\/a45d96ff7955a88d744ab29408c55a18edacb43d.jpg?fit=1140%2C610&ssl=1&resize=1050%2C600 3x"},"classes":[]},{"id":597,"url":"https:\/\/larevistadigital.com.ar\/blog\/se-pondra-logotipo-nuestra-ciudad-la-ruta-57\/","url_meta":{"origin":5027,"position":4},"title":"Se pondr\u00e1 el logotipo de nuestra ciudad en la ruta 57.","author":"editor","date":"6 marzo, 2017","format":false,"excerpt":"La Municipalidad de Pila sigue trabajando en el embellecimiento de nuestra ciudad. En este caso, ya finalizaron con el rellenado de lo que ser\u00e1 el logo de \"Pila Naturalmente - BIENVENIDOS\" que estar\u00e1 ubicado en la uni\u00f3n de la Ruta 57 y acceso M\u00e9ndez Paz. Este monumento, adem\u00e1s de ser\u2026","rel":"","context":"En \u00abPILA\u00bb","block_context":{"text":"PILA","link":"https:\/\/larevistadigital.com.ar\/blog\/category\/pila\/"},"img":{"alt_text":"","src":"https:\/\/i0.wp.com\/larevistadigital.com.ar\/blog\/wp-content\/uploads\/2017\/03\/CARTEL-BIENVENIDOS.jpg?fit=823%2C516&ssl=1&resize=350%2C200","width":350,"height":200,"srcset":"https:\/\/i0.wp.com\/larevistadigital.com.ar\/blog\/wp-content\/uploads\/2017\/03\/CARTEL-BIENVENIDOS.jpg?fit=823%2C516&ssl=1&resize=350%2C200 1x, https:\/\/i0.wp.com\/larevistadigital.com.ar\/blog\/wp-content\/uploads\/2017\/03\/CARTEL-BIENVENIDOS.jpg?fit=823%2C516&ssl=1&resize=525%2C300 1.5x, https:\/\/i0.wp.com\/larevistadigital.com.ar\/blog\/wp-content\/uploads\/2017\/03\/CARTEL-BIENVENIDOS.jpg?fit=823%2C516&ssl=1&resize=700%2C400 2x"},"classes":[]},{"id":5332,"url":"https:\/\/larevistadigital.com.ar\/blog\/policia-comunal-aprehendio-a-2-vecinos-de-pila-con-pedido-de-captura\/","url_meta":{"origin":5027,"position":5},"title":"Polic\u00eda Comunal aprehendi\u00f3 a 2 vecinos de Pila con Pedido de Captura","author":"admin","date":"28 marzo, 2018","format":false,"excerpt":"nform\u00f3 la Subsecretar\u00eda de Seguridad de Lezama que el s\u00e1bado pr\u00f3ximo pasado, siendo alrededor de las 6,05 horas, se procedi\u00f3 a identificar a dos personas masculinas mayores de edad desconocidos, oriundas de la ciudad de Pila. Cursados sus datos personales al Centro de Despachos Chascom\u00fas, se constat\u00f3 que uno de\u2026","rel":"","context":"En \u00abLEZAMA\u00bb","block_context":{"text":"LEZAMA","link":"https:\/\/larevistadigital.com.ar\/blog\/category\/lezama\/"},"img":{"alt_text":"","src":"https:\/\/i0.wp.com\/larevistadigital.com.ar\/blog\/wp-content\/uploads\/2018\/03\/movil-policia-comunal-lezama-1024x768.jpg?fit=1024%2C768&ssl=1&resize=350%2C200","width":350,"height":200,"srcset":"https:\/\/i0.wp.com\/larevistadigital.com.ar\/blog\/wp-content\/uploads\/2018\/03\/movil-policia-comunal-lezama-1024x768.jpg?fit=1024%2C768&ssl=1&resize=350%2C200 1x, https:\/\/i0.wp.com\/larevistadigital.com.ar\/blog\/wp-content\/uploads\/2018\/03\/movil-policia-comunal-lezama-1024x768.jpg?fit=1024%2C768&ssl=1&resize=525%2C300 1.5x, https:\/\/i0.wp.com\/larevistadigital.com.ar\/blog\/wp-content\/uploads\/2018\/03\/movil-policia-comunal-lezama-1024x768.jpg?fit=1024%2C768&ssl=1&resize=700%2C400 2x"},"classes":[]}],"_links":{"self":[{"href":"https:\/\/larevistadigital.com.ar\/blog\/wp-json\/wp\/v2\/posts\/5027","targetHints":{"allow":["GET"]}}],"collection":[{"href":"https:\/\/larevistadigital.com.ar\/blog\/wp-json\/wp\/v2\/posts"}],"about":[{"href":"https:\/\/larevistadigital.com.ar\/blog\/wp-json\/wp\/v2\/types\/post"}],"author":[{"embeddable":true,"href":"https:\/\/larevistadigital.com.ar\/blog\/wp-json\/wp\/v2\/users\/1"}],"replies":[{"embeddable":true,"href":"https:\/\/larevistadigital.com.ar\/blog\/wp-json\/wp\/v2\/comments?post=5027"}],"version-history":[{"count":1,"href":"https:\/\/larevistadigital.com.ar\/blog\/wp-json\/wp\/v2\/posts\/5027\/revisions"}],"predecessor-version":[{"id":5029,"href":"https:\/\/larevistadigital.com.ar\/blog\/wp-json\/wp\/v2\/posts\/5027\/revisions\/5029"}],"wp:featuredmedia":[{"embeddable":true,"href":"https:\/\/larevistadigital.com.ar\/blog\/wp-json\/wp\/v2\/media\/5028"}],"wp:attachment":[{"href":"https:\/\/larevistadigital.com.ar\/blog\/wp-json\/wp\/v2\/media?parent=5027"}],"wp:term":[{"taxonomy":"category","embeddable":true,"href":"https:\/\/larevistadigital.com.ar\/blog\/wp-json\/wp\/v2\/categories?post=5027"},{"taxonomy":"post_tag","embeddable":true,"href":"https:\/\/larevistadigital.com.ar\/blog\/wp-json\/wp\/v2\/tags?post=5027"}],"curies":[{"name":"wp","href":"https:\/\/api.w.org\/{rel}","templated":true}]}}