{"id":5072,"date":"2018-03-01T08:31:49","date_gmt":"2018-03-01T08:31:49","guid":{"rendered":"https:\/\/larevistadigital.com.ar\/blog\/?p=5072"},"modified":"2018-03-01T08:31:49","modified_gmt":"2018-03-01T08:31:49","slug":"continua-la-fumigacion-mosquitos-jejenes","status":"publish","type":"post","link":"https:\/\/larevistadigital.com.ar\/blog\/continua-la-fumigacion-mosquitos-jejenes\/","title":{"rendered":"Contin\u00faa la fumigaci\u00f3n contra mosquitos y jejenes"},"content":{"rendered":"<p>En el mes de noviembre del a\u00f1o pr\u00f3ximo pasado fue noticia en los medios nacionales, la invasi\u00f3n de jejenes y mosquitos en distintos lugares de la Provincia, y la ciudad de General Belgrano no estuvo ajena a ellos.<\/p>\n<p>Desde ese momento, en conjunto con la Provincia y distintas ciudades vecinas, se llevaron adelante trabajos de fumigaci\u00f3n, y colocaci\u00f3n de larvicidas en anillo y liquido, logrando tener una temporada de verano donde despu\u00e9s de mucho tiempo, los jejenes y los mosquitos no fueron protagonistas, y pudiendo disfrutar vecinos y turistas, del Rio y los lugares p\u00fablicos que ofrece la ciudad.<\/p>\n","protected":false},"excerpt":{"rendered":"<div class=\"mh-excerpt\"><p>En el mes de noviembre del a\u00f1o pr\u00f3ximo pasado fue noticia en los medios nacionales, la invasi\u00f3n de jejenes y mosquitos en distintos lugares de la Provincia, y la ciudad de General Belgrano no estuvo <a class=\"mh-excerpt-more\" href=\"https:\/\/larevistadigital.com.ar\/blog\/continua-la-fumigacion-mosquitos-jejenes\/\" title=\"Contin\u00faa la fumigaci\u00f3n contra mosquitos y jejenes\">[Leer M\u00e1s]<\/a><\/p>\n<\/div>","protected":false},"author":1,"featured_media":5073,"comment_status":"open","ping_status":"open","sticky":false,"template":"","format":"standard","meta":{"_jetpack_memberships_contains_paid_content":false,"footnotes":"","jetpack_publicize_message":"","jetpack_publicize_feature_enabled":true,"jetpack_social_post_already_shared":true,"jetpack_social_options":{"image_generator_settings":{"template":"highway","default_image_id":0,"font":"","enabled":false},"version":2}},"categories":[3],"tags":[],"class_list":{"0":"post-5072","1":"post","2":"type-post","3":"status-publish","4":"format-standard","5":"has-post-thumbnail","7":"category-general-belgrano"},"jetpack_publicize_connections":[],"jetpack_featured_media_url":"https:\/\/i0.wp.com\/larevistadigital.com.ar\/blog\/wp-content\/uploads\/2018\/03\/FUMIGACION.jpg?fit=900%2C429&ssl=1","jetpack_sharing_enabled":true,"jetpack_shortlink":"https:\/\/wp.me\/p8qtrQ-1jO","jetpack-related-posts":[{"id":3986,"url":"https:\/\/larevistadigital.com.ar\/blog\/municipio-continua-combatiendo-los-jejenes\/","url_meta":{"origin":5072,"position":0},"title":"El Municipio contin\u00faa combatiendo los jejenes","author":"admin","date":"23 noviembre, 2017","format":false,"excerpt":"Esta ma\u00f1ana se coloc\u00f3 nuevamente larvicida en el Rio Salado en jurisdicci\u00f3n del partido de General Belgrano, esta vez en el Puente Manantiales. El lunes ya se hab\u00eda colocado en cercan\u00edas a Villanueva, y la pasada semana en el Puente de la Ruta 29. La mejor opci\u00f3n para evitar la\u2026","rel":"","context":"En \u00abGENERAL BELGRANO\u00bb","block_context":{"text":"GENERAL BELGRANO","link":"https:\/\/larevistadigital.com.ar\/blog\/category\/general-belgrano\/"},"img":{"alt_text":"","src":"https:\/\/i0.wp.com\/larevistadigital.com.ar\/blog\/wp-content\/uploads\/2017\/11\/FUMIGACION-BELGRANO1-1.jpg?fit=1200%2C800&ssl=1&resize=350%2C200","width":350,"height":200,"srcset":"https:\/\/i0.wp.com\/larevistadigital.com.ar\/blog\/wp-content\/uploads\/2017\/11\/FUMIGACION-BELGRANO1-1.jpg?fit=1200%2C800&ssl=1&resize=350%2C200 1x, https:\/\/i0.wp.com\/larevistadigital.com.ar\/blog\/wp-content\/uploads\/2017\/11\/FUMIGACION-BELGRANO1-1.jpg?fit=1200%2C800&ssl=1&resize=525%2C300 1.5x, https:\/\/i0.wp.com\/larevistadigital.com.ar\/blog\/wp-content\/uploads\/2017\/11\/FUMIGACION-BELGRANO1-1.jpg?fit=1200%2C800&ssl=1&resize=700%2C400 2x, https:\/\/i0.wp.com\/larevistadigital.com.ar\/blog\/wp-content\/uploads\/2017\/11\/FUMIGACION-BELGRANO1-1.jpg?fit=1200%2C800&ssl=1&resize=1050%2C600 3x"},"classes":[]},{"id":19052,"url":"https:\/\/larevistadigital.com.ar\/blog\/lezama-se-realiza-fumigacion-contra-los-mosquitos-en-distintos-lugares-de-la-ciudad\/","url_meta":{"origin":5072,"position":1},"title":"LEZAMA: SE REALIZA FUMIGACI\u00d3N CONTRA LOS MOSQUITOS EN DISTINTOS LUGARES DE LA CIUDAD","author":"Alejandro Sosa Ruda","date":"26 febrero, 2021","format":false,"excerpt":"El \u00e1rea de Zoonosis y Bromatolog\u00eda del municipio, en conjunto con la Secretar\u00eda de Seguridad, realiz\u00f3 fumigaciones para reducir la poblaci\u00f3n de mosquitos en un amplio sector del sector urbano: bulevares, Plaza de la Autonom\u00eda, barrio El Tero, Plaza Marinacci, sector industrial y UPA Trauma. Dadas las condiciones clim\u00e1ticas de\u2026","rel":"","context":"En \u00abLEZAMA\u00bb","block_context":{"text":"LEZAMA","link":"https:\/\/larevistadigital.com.ar\/blog\/category\/lezama\/"},"img":{"alt_text":"","src":"https:\/\/i0.wp.com\/larevistadigital.com.ar\/blog\/wp-content\/uploads\/153419200_2001022056757152_619161520338180697_o.jpg?fit=1040%2C644&ssl=1&resize=350%2C200","width":350,"height":200,"srcset":"https:\/\/i0.wp.com\/larevistadigital.com.ar\/blog\/wp-content\/uploads\/153419200_2001022056757152_619161520338180697_o.jpg?fit=1040%2C644&ssl=1&resize=350%2C200 1x, https:\/\/i0.wp.com\/larevistadigital.com.ar\/blog\/wp-content\/uploads\/153419200_2001022056757152_619161520338180697_o.jpg?fit=1040%2C644&ssl=1&resize=525%2C300 1.5x, https:\/\/i0.wp.com\/larevistadigital.com.ar\/blog\/wp-content\/uploads\/153419200_2001022056757152_619161520338180697_o.jpg?fit=1040%2C644&ssl=1&resize=700%2C400 2x"},"classes":[]},{"id":3990,"url":"https:\/\/larevistadigital.com.ar\/blog\/se-coloco-larvicida-rio-salado-cerca-villanueva\/","url_meta":{"origin":5072,"position":2},"title":"Se coloc\u00f3 larvicida en el r\u00edo Salado, cerca de Villanueva","author":"admin","date":"23 noviembre, 2017","format":false,"excerpt":"A los efectos de combatir los jejenes y\/o la mosquita negra llamada \u201cbarigu\u00ed\u201d, la Municipalidad de General Belgrano contin\u00faa desarrollando acciones tendientes a lograrlo. Por tal motivo se coloc\u00f3 nuevamente larvicida en el rio Salado, esta vez en cercanias de la localidad de Villanueva, en el distrito de General Paz.\u2026","rel":"","context":"En \u00abGENERAL BELGRANO\u00bb","block_context":{"text":"GENERAL BELGRANO","link":"https:\/\/larevistadigital.com.ar\/blog\/category\/general-belgrano\/"},"img":{"alt_text":"","src":"https:\/\/i0.wp.com\/larevistadigital.com.ar\/blog\/wp-content\/uploads\/2017\/11\/portada-barigui-belgrano.jpg?fit=902%2C402&ssl=1&resize=350%2C200","width":350,"height":200,"srcset":"https:\/\/i0.wp.com\/larevistadigital.com.ar\/blog\/wp-content\/uploads\/2017\/11\/portada-barigui-belgrano.jpg?fit=902%2C402&ssl=1&resize=350%2C200 1x, https:\/\/i0.wp.com\/larevistadigital.com.ar\/blog\/wp-content\/uploads\/2017\/11\/portada-barigui-belgrano.jpg?fit=902%2C402&ssl=1&resize=525%2C300 1.5x, https:\/\/i0.wp.com\/larevistadigital.com.ar\/blog\/wp-content\/uploads\/2017\/11\/portada-barigui-belgrano.jpg?fit=902%2C402&ssl=1&resize=700%2C400 2x"},"classes":[]},{"id":35284,"url":"https:\/\/larevistadigital.com.ar\/blog\/la-plata-fumigacion-corte-de-pasto-y-repelente-propio-son-las-armas-del-municipio-contra-la-invasion-de-mosquitos\/","url_meta":{"origin":5072,"position":3},"title":"LA PLATA: FUMIGACI\u00d3N, CORTE DE PASTO Y REPELENTE PROPIO SON LAS ARMAS DEL MUNICIPIO CONTRA LA INVASI\u00d3N DE MOSQUITOS","author":"Alejandro Sosa Ruda","date":"20 febrero, 2024","format":false,"excerpt":"La Municipalidad de La Plata realiza un trabajo integral en medio de la invasi\u00f3n de mosquitos. Corte de pasto, repelente, fumigaci\u00f3n y m\u00e1s. 20 de febrero de 2024 LA PLATA -\u00a0 La\u00a0Municipalidad de La Plata realiza distintas tareas por la invasion de mosquitos que atormenta a los vecinos de todas\u2026","rel":"","context":"En \u00abREGIONALES\u00bb","block_context":{"text":"REGIONALES","link":"https:\/\/larevistadigital.com.ar\/blog\/category\/regionales\/"},"img":{"alt_text":"","src":"https:\/\/i0.wp.com\/larevistadigital.com.ar\/blog\/wp-content\/uploads\/Captura-de-pantalla-2024-02-20-105504.png?fit=893%2C429&ssl=1&resize=350%2C200","width":350,"height":200,"srcset":"https:\/\/i0.wp.com\/larevistadigital.com.ar\/blog\/wp-content\/uploads\/Captura-de-pantalla-2024-02-20-105504.png?fit=893%2C429&ssl=1&resize=350%2C200 1x, https:\/\/i0.wp.com\/larevistadigital.com.ar\/blog\/wp-content\/uploads\/Captura-de-pantalla-2024-02-20-105504.png?fit=893%2C429&ssl=1&resize=525%2C300 1.5x, https:\/\/i0.wp.com\/larevistadigital.com.ar\/blog\/wp-content\/uploads\/Captura-de-pantalla-2024-02-20-105504.png?fit=893%2C429&ssl=1&resize=700%2C400 2x"},"classes":[]},{"id":43246,"url":"https:\/\/larevistadigital.com.ar\/blog\/chascomus-fumigacion-y-tareas-de-saneamiento-en-espacios-publicos-de-la-ciudad\/","url_meta":{"origin":5072,"position":4},"title":"Chascom\u00fas: Fumigaci\u00f3n y tareas de saneamiento en espacios p\u00fablicos de la ciudad","author":"Alejandro Sosa Ruda","date":"10 enero, 2026","format":false,"excerpt":"Un equipo del Ministerio de Salud provincial recorri\u00f3 barrios y parques y llev\u00f3 a cabo trabajos de saneamiento para evitar la proliferaci\u00f3n de distintas plagas. 10 de enero de 2026 CHASCOM\u00daS -\u00a0 \u00a0En estos d\u00edas, personal de la Direcci\u00f3n de Bromatolog\u00eda junto a miembros del \u00e1rea de Control y Vectores\u2026","rel":"","context":"En \u00abCHASCOM\u00daS\u00bb","block_context":{"text":"CHASCOM\u00daS","link":"https:\/\/larevistadigital.com.ar\/blog\/category\/chascomus\/"},"img":{"alt_text":"","src":"https:\/\/i0.wp.com\/larevistadigital.com.ar\/blog\/wp-content\/uploads\/696148d329ad1.png?fit=668%2C445&ssl=1&resize=350%2C200","width":350,"height":200,"srcset":"https:\/\/i0.wp.com\/larevistadigital.com.ar\/blog\/wp-content\/uploads\/696148d329ad1.png?fit=668%2C445&ssl=1&resize=350%2C200 1x, https:\/\/i0.wp.com\/larevistadigital.com.ar\/blog\/wp-content\/uploads\/696148d329ad1.png?fit=668%2C445&ssl=1&resize=525%2C300 1.5x"},"classes":[]},{"id":4021,"url":"https:\/\/larevistadigital.com.ar\/blog\/se-trabaja-intensamente-la-la-fumigacion-combatir-barigui\/","url_meta":{"origin":5072,"position":5},"title":"Se trabaja intensamente en la en la fumigaci\u00f3n para combatir El Barig\u00fc\u00ed","author":"admin","date":"22 noviembre, 2017","format":false,"excerpt":"La Municipalidad de General Paz, pone en conocimiento de la poblaci\u00f3n que durante estas jornadas, se trabaja intensamente en la zona del R\u00edo Salado con la intensi\u00f3n de combatir el Barig\u00fc\u00ed (tambi\u00e9n conocido como mosquita negra), este molesto insecto que ha invadido las zonas aleda\u00f1as a toda la cuenca del\u2026","rel":"","context":"En \u00abRANCHOS\u00bb","block_context":{"text":"RANCHOS","link":"https:\/\/larevistadigital.com.ar\/blog\/category\/ranchos\/"},"img":{"alt_text":"","src":"https:\/\/i0.wp.com\/larevistadigital.com.ar\/blog\/wp-content\/uploads\/2017\/11\/IMG-20171122-WA0003-1.jpg?fit=1200%2C722&ssl=1&resize=350%2C200","width":350,"height":200,"srcset":"https:\/\/i0.wp.com\/larevistadigital.com.ar\/blog\/wp-content\/uploads\/2017\/11\/IMG-20171122-WA0003-1.jpg?fit=1200%2C722&ssl=1&resize=350%2C200 1x, https:\/\/i0.wp.com\/larevistadigital.com.ar\/blog\/wp-content\/uploads\/2017\/11\/IMG-20171122-WA0003-1.jpg?fit=1200%2C722&ssl=1&resize=525%2C300 1.5x, https:\/\/i0.wp.com\/larevistadigital.com.ar\/blog\/wp-content\/uploads\/2017\/11\/IMG-20171122-WA0003-1.jpg?fit=1200%2C722&ssl=1&resize=700%2C400 2x, https:\/\/i0.wp.com\/larevistadigital.com.ar\/blog\/wp-content\/uploads\/2017\/11\/IMG-20171122-WA0003-1.jpg?fit=1200%2C722&ssl=1&resize=1050%2C600 3x"},"classes":[]}],"_links":{"self":[{"href":"https:\/\/larevistadigital.com.ar\/blog\/wp-json\/wp\/v2\/posts\/5072","targetHints":{"allow":["GET"]}}],"collection":[{"href":"https:\/\/larevistadigital.com.ar\/blog\/wp-json\/wp\/v2\/posts"}],"about":[{"href":"https:\/\/larevistadigital.com.ar\/blog\/wp-json\/wp\/v2\/types\/post"}],"author":[{"embeddable":true,"href":"https:\/\/larevistadigital.com.ar\/blog\/wp-json\/wp\/v2\/users\/1"}],"replies":[{"embeddable":true,"href":"https:\/\/larevistadigital.com.ar\/blog\/wp-json\/wp\/v2\/comments?post=5072"}],"version-history":[{"count":1,"href":"https:\/\/larevistadigital.com.ar\/blog\/wp-json\/wp\/v2\/posts\/5072\/revisions"}],"predecessor-version":[{"id":5074,"href":"https:\/\/larevistadigital.com.ar\/blog\/wp-json\/wp\/v2\/posts\/5072\/revisions\/5074"}],"wp:featuredmedia":[{"embeddable":true,"href":"https:\/\/larevistadigital.com.ar\/blog\/wp-json\/wp\/v2\/media\/5073"}],"wp:attachment":[{"href":"https:\/\/larevistadigital.com.ar\/blog\/wp-json\/wp\/v2\/media?parent=5072"}],"wp:term":[{"taxonomy":"category","embeddable":true,"href":"https:\/\/larevistadigital.com.ar\/blog\/wp-json\/wp\/v2\/categories?post=5072"},{"taxonomy":"post_tag","embeddable":true,"href":"https:\/\/larevistadigital.com.ar\/blog\/wp-json\/wp\/v2\/tags?post=5072"}],"curies":[{"name":"wp","href":"https:\/\/api.w.org\/{rel}","templated":true}]}}