{"id":5075,"date":"2018-02-14T08:46:04","date_gmt":"2018-02-14T08:46:04","guid":{"rendered":"https:\/\/larevistadigital.com.ar\/blog\/?p=5075"},"modified":"2018-03-01T08:52:19","modified_gmt":"2018-03-01T08:52:19","slug":"belen-otegui-la-reina-los-carnavales-2018","status":"publish","type":"post","link":"https:\/\/larevistadigital.com.ar\/blog\/belen-otegui-la-reina-los-carnavales-2018\/","title":{"rendered":"Belen Otegui es la Reina de los Carnavales 2018"},"content":{"rendered":"<p>La representante del Campo de Deportes del Club Cobo es la nueva Soberana, Primera Princesa fue elegida Martina Amadeo (Club Cobo) y Segunda Princesa Milagros Garc\u00eda (Pe\u00f1a Lezama es Boca).<\/p>\n<p>Durante cuatro noches los Lezamaneses y vecinos de la zona, disfrutaron de los distintos espect\u00e1culos que ofrecieron los corsos 2018 en nuestra ciudad.<br \/>\nEl s\u00e1bado 3, se dio apertura con el paso de 25 ex reinas de nuestra ciudad electas a lo largo de los a\u00f1os durante el festejo popular. Se cont\u00f3 adem\u00e1s con Sambados Percusi\u00f3n de la ciudad de Dolores y para la primer noche el cierre estuvo a cargo de la banda local Mr Pat\u00e1n.<br \/>\nLa segunda noche no se qued\u00f3 atr\u00e1s, hubo disfraces, comparsas como la de los adultos mayores, quienes durante las cuatro noches dieron color y contagiaron alegr\u00eda a todos los presentes mostrando el trabajo realizado en su carroza y en cada traje dise\u00f1ado. En esta misma noche se pudo conocer a las aspirantes al reinado 2018 y se finaliz\u00f3 a puro ritmo de la mano de Los Etchemendy.<br \/>\nLas noches restantes contaron con m\u00e1s espect\u00e1culos que las anteriores, la apuesta de la instituci\u00f3n organizadora se increment\u00f3, teniendo en cuenta que era mucho lo que hab\u00eda en juego a la hora de organizar los festejos. Pero como el que no arriesga no gana, seg\u00fan el dicho popular, el club decidi\u00f3 que en los \u00faltimos dos d\u00edas de festejo no hubiera una, sino dos bandas, para cerrar cada una de las noches. La primera de ellas, como en el fin de semana de inicio cont\u00f3 con comparsas, nuestras y tambi\u00e9n de otras ciudades y para dar cierre a la noche, y al final un DJ para bailar hasta el amanecer.<br \/>\nEn la \u00faltima noche, la expectativa era mucha, dado que se conocer\u00eda la nueva soberana, encargada de representarnos durante todo un a\u00f1o en los distintos eventos. Este acontecimiento se hizo esperar ya que primeramente se disfrut\u00f3 del paseo de carrozas y comparsas que dieron calor a una noche fr\u00eda, donde la gente disfrut\u00f3 la noche al ritmo de quienes tuvieron la responsabilidad de ser partes de el cierre de este gran festejo.<br \/>\nPasada la una de la ma\u00f1ana, las aspirantes al reinado subieron al escenario y cada una de ellas se present\u00f3 y cont\u00f3 la experiencia de los d\u00edas previos hasta llegar al d\u00eda que estaban viviendo. El jurado, que tuvo la dif\u00edcil tarea de elegir a la Reina estuvo integrado por ex Reinas, fot\u00f3grafos y vecinos de Lezama. Las tres ex reinas parte del jurado fueron las encargadas de abrir los sobres, y fue la presidenta de la instituci\u00f3n organizadora, Maria Elda Laborde, la encargada de dar a conocer la decisi\u00f3n, reusltando electa Segunda Princesa Milagros Garc\u00eda, representante de la Pe\u00f1a Lezama es Boca, Martina Amadeo Primera Princesa representando al Club Cobo y el mayor galard\u00f3n qued\u00f3 en manos de Bel\u00e9n Otegui representante del Campo de Deportes del Club Cobo.<br \/>\nLa flamante Reina y sus princesas, como lo indica la tradici\u00f3n, fue llevada hacia el Rey Momo y procedi\u00f3 a su quema mientras se daba lectura a la carta de despedida. El final de los carnavales de Lezama fue a puro ritmo, con bandas en vivo y tambi\u00e9n un Dj que tuvo la responsabilidad de hacer bailar a todos los presentes en el lugar hasta altas horas de la noche.<\/p>\n","protected":false},"excerpt":{"rendered":"<div class=\"mh-excerpt\"><p>La representante del Campo de Deportes del Club Cobo es la nueva Soberana, Primera Princesa fue elegida Martina Amadeo (Club Cobo) y Segunda Princesa Milagros Garc\u00eda (Pe\u00f1a Lezama es Boca). Durante cuatro noches los Lezamaneses <a class=\"mh-excerpt-more\" href=\"https:\/\/larevistadigital.com.ar\/blog\/belen-otegui-la-reina-los-carnavales-2018\/\" title=\"Belen Otegui es la Reina de los Carnavales 2018\">[Leer M\u00e1s]<\/a><\/p>\n<\/div>","protected":false},"author":1,"featured_media":5076,"comment_status":"open","ping_status":"open","sticky":false,"template":"","format":"standard","meta":{"_jetpack_memberships_contains_paid_content":false,"footnotes":"","jetpack_publicize_message":"Belen Otegui es la Reina de los Carnavales 2018","jetpack_publicize_feature_enabled":true,"jetpack_social_post_already_shared":true,"jetpack_social_options":{"image_generator_settings":{"template":"highway","default_image_id":0,"font":"","enabled":false},"version":2}},"categories":[7],"tags":[],"class_list":{"0":"post-5075","1":"post","2":"type-post","3":"status-publish","4":"format-standard","5":"has-post-thumbnail","7":"category-lezama"},"jetpack_publicize_connections":[],"jetpack_featured_media_url":"https:\/\/i0.wp.com\/larevistadigital.com.ar\/blog\/wp-content\/uploads\/2018\/03\/resize_1518630455.jpg?fit=960%2C638&ssl=1","jetpack_sharing_enabled":true,"jetpack_shortlink":"https:\/\/wp.me\/p8qtrQ-1jR","jetpack-related-posts":[{"id":2733,"url":"https:\/\/larevistadigital.com.ar\/blog\/lezama-arranco-la-cuarta-fecha-del-rally-mar-y-sierras\/","url_meta":{"origin":5075,"position":0},"title":"LEZAMA: ARRANC\u00d3 LA CUARTA FECHA DEL RALLY \u00abMAR Y SIERRAS\u00bb","author":"Alejandro Sosa Ruda","date":"23 julio, 2017","format":false,"excerpt":"Anoche se larg\u00f3 la cuarta fecha del Rally \u201cMar y Sierras\u201d que se corre en Lezama este fin de semana. Antes se hab\u00eda realizado una reuni\u00f3n en el club Cobo, en donde adem\u00e1s de los pilotos, participaron entre otros el intendente de la ciudad, Arnaldo Harispe, el Secretario de Gobierno\u2026","rel":"","context":"En \u00abDEPORTES\u00bb","block_context":{"text":"DEPORTES","link":"https:\/\/larevistadigital.com.ar\/blog\/category\/deportes\/"},"img":{"alt_text":"","src":"https:\/\/i0.wp.com\/larevistadigital.com.ar\/blog\/wp-content\/uploads\/2017\/07\/16265190_644209929123372_7505035226210743719_n.jpg?fit=720%2C480&ssl=1&resize=350%2C200","width":350,"height":200,"srcset":"https:\/\/i0.wp.com\/larevistadigital.com.ar\/blog\/wp-content\/uploads\/2017\/07\/16265190_644209929123372_7505035226210743719_n.jpg?fit=720%2C480&ssl=1&resize=350%2C200 1x, https:\/\/i0.wp.com\/larevistadigital.com.ar\/blog\/wp-content\/uploads\/2017\/07\/16265190_644209929123372_7505035226210743719_n.jpg?fit=720%2C480&ssl=1&resize=525%2C300 1.5x, https:\/\/i0.wp.com\/larevistadigital.com.ar\/blog\/wp-content\/uploads\/2017\/07\/16265190_644209929123372_7505035226210743719_n.jpg?fit=720%2C480&ssl=1&resize=700%2C400 2x"},"classes":[]},{"id":4905,"url":"https:\/\/larevistadigital.com.ar\/blog\/castelli-zoe-vizcay-la-nueva-reina-e-independiente-gano-carroza\/","url_meta":{"origin":5075,"position":1},"title":"CASTELLI: ZOE VIZCAY ES LA NUEVA REINA E INDEPENDIENTE GAN\u00d3 CON SU CARROZA","author":"Alejandro Sosa Ruda","date":"14 febrero, 2018","format":false,"excerpt":"Luego de tres noches de carnaval, el lunes culmin\u00f3 la fiesta popular en nuestra ciudad que tuvo como corolario la elecci\u00f3n de la nueva soberana y la mejor carroza. Adem\u00e1s sobre el escenario se present\u00f3 Brian Lanzelotta. Durante este fin de semana se llevaron a cabo los carnavales y en\u2026","rel":"","context":"En \u00abCASTELLI\u00bb","block_context":{"text":"CASTELLI","link":"https:\/\/larevistadigital.com.ar\/blog\/category\/castelli\/"},"img":{"alt_text":"","src":"https:\/\/i0.wp.com\/larevistadigital.com.ar\/blog\/wp-content\/uploads\/2018\/02\/reina.jpg?fit=800%2C532&ssl=1&resize=350%2C200","width":350,"height":200,"srcset":"https:\/\/i0.wp.com\/larevistadigital.com.ar\/blog\/wp-content\/uploads\/2018\/02\/reina.jpg?fit=800%2C532&ssl=1&resize=350%2C200 1x, https:\/\/i0.wp.com\/larevistadigital.com.ar\/blog\/wp-content\/uploads\/2018\/02\/reina.jpg?fit=800%2C532&ssl=1&resize=525%2C300 1.5x, https:\/\/i0.wp.com\/larevistadigital.com.ar\/blog\/wp-content\/uploads\/2018\/02\/reina.jpg?fit=800%2C532&ssl=1&resize=700%2C400 2x"},"classes":[]},{"id":12549,"url":"https:\/\/larevistadigital.com.ar\/blog\/cacho-garay-se-presentara-en-lezama-el-20-de-noviembre\/","url_meta":{"origin":5075,"position":2},"title":"CACHO GARAY SE PRESENTAR\u00c1 EN LEZAMA EL 20 DE NOVIEMBRE","author":"Alejandro Sosa Ruda","date":"9 octubre, 2019","format":false,"excerpt":"\u2022 Ya est\u00e1n a la venta las entradas en el Complejo Cultural. No te quedes sin la tuya!\u00a0\ud83c\udfad\ud83e\udd29 La Direcci\u00f3n de Cultura y Relaciones Institucionales informa que ya est\u00e1n a la venta las entradas para el espect\u00e1culo del humorista Cacho Garay. Los interesados podr\u00e1n adquirirlas en la boleter\u00eda del Complejo\u2026","rel":"","context":"En \u00abCULTURA\u00bb","block_context":{"text":"CULTURA","link":"https:\/\/larevistadigital.com.ar\/blog\/category\/cultura\/"},"img":{"alt_text":"","src":"https:\/\/i0.wp.com\/larevistadigital.com.ar\/blog\/wp-content\/uploads\/72704390_1563715007154528_8800850720690536448_o.jpg?fit=1200%2C768&ssl=1&resize=350%2C200","width":350,"height":200,"srcset":"https:\/\/i0.wp.com\/larevistadigital.com.ar\/blog\/wp-content\/uploads\/72704390_1563715007154528_8800850720690536448_o.jpg?fit=1200%2C768&ssl=1&resize=350%2C200 1x, https:\/\/i0.wp.com\/larevistadigital.com.ar\/blog\/wp-content\/uploads\/72704390_1563715007154528_8800850720690536448_o.jpg?fit=1200%2C768&ssl=1&resize=525%2C300 1.5x, https:\/\/i0.wp.com\/larevistadigital.com.ar\/blog\/wp-content\/uploads\/72704390_1563715007154528_8800850720690536448_o.jpg?fit=1200%2C768&ssl=1&resize=700%2C400 2x, https:\/\/i0.wp.com\/larevistadigital.com.ar\/blog\/wp-content\/uploads\/72704390_1563715007154528_8800850720690536448_o.jpg?fit=1200%2C768&ssl=1&resize=1050%2C600 3x"},"classes":[]},{"id":8263,"url":"https:\/\/larevistadigital.com.ar\/blog\/lezama-ya-estan-en-la-ciudad-los-dni-tramitados-mediante-el-programa-tu-provincia-cerca\/","url_meta":{"origin":5075,"position":3},"title":"LEZAMA: YA EST\u00c1N EN LA CIUDAD LOS DNI TRAMITADOS MEDIANTE EL PROGRAMA \u201cTU PROVINCIA CERCA\u201d","author":"Alejandro Sosa Ruda","date":"10 febrero, 2019","format":false,"excerpt":"La Municipalidad de Lezama, a trav\u00e9s del \u00e1rea de Producci\u00f3n y Empleo, informan a las personas que hayan tramitado su DNI mediante el programa \u201cTu Provincia Cerca\u201d -que se hizo presente en nuestra localidad a fines del mes de Noviembre del a\u00f1o anterior- que pueden pasar a retirar su Documento\u2026","rel":"","context":"En \u00abLEZAMA\u00bb","block_context":{"text":"LEZAMA","link":"https:\/\/larevistadigital.com.ar\/blog\/category\/lezama\/"},"img":{"alt_text":"","src":"https:\/\/i0.wp.com\/larevistadigital.com.ar\/blog\/wp-content\/uploads\/2019\/02\/52126809_1400077110184986_3643633851999191040_o.jpg?fit=1004%2C565&ssl=1&resize=350%2C200","width":350,"height":200,"srcset":"https:\/\/i0.wp.com\/larevistadigital.com.ar\/blog\/wp-content\/uploads\/2019\/02\/52126809_1400077110184986_3643633851999191040_o.jpg?fit=1004%2C565&ssl=1&resize=350%2C200 1x, https:\/\/i0.wp.com\/larevistadigital.com.ar\/blog\/wp-content\/uploads\/2019\/02\/52126809_1400077110184986_3643633851999191040_o.jpg?fit=1004%2C565&ssl=1&resize=525%2C300 1.5x, https:\/\/i0.wp.com\/larevistadigital.com.ar\/blog\/wp-content\/uploads\/2019\/02\/52126809_1400077110184986_3643633851999191040_o.jpg?fit=1004%2C565&ssl=1&resize=700%2C400 2x"},"classes":[]},{"id":8082,"url":"https:\/\/larevistadigital.com.ar\/blog\/lezama-4-cabalgata-por-los-caminos-de-cobo-edicion-felicitas-guerrero\/","url_meta":{"origin":5075,"position":4},"title":"LEZAMA: 4\u00b0 CABALGATA POR LOS CAMINOS DE COBO: EDICI\u00d3N FELICITAS GUERRERO","author":"Alejandro Sosa Ruda","date":"31 enero, 2019","format":false,"excerpt":"El 2 y 3 de febrero tendr\u00e1 lugar la Cabalgata hacia la Estancia La Postrera, hist\u00f3rico casco de la zona, que fuera propiedad de la mujer m\u00e1s bella de la Rep\u00fablica. Con m\u00e1s de 30 jinetes inscriptos la Direcci\u00f3n de Cultura y Relaciones Institucionales de Lezama afina los \u00faltimos detalles\u2026","rel":"","context":"En \u00abLEZAMA\u00bb","block_context":{"text":"LEZAMA","link":"https:\/\/larevistadigital.com.ar\/blog\/category\/lezama\/"},"img":{"alt_text":"","src":"https:\/\/i0.wp.com\/larevistadigital.com.ar\/blog\/wp-content\/uploads\/2019\/01\/50938195_1393594440833253_5022390161573412864_n.jpg?fit=882%2C654&ssl=1&resize=350%2C200","width":350,"height":200,"srcset":"https:\/\/i0.wp.com\/larevistadigital.com.ar\/blog\/wp-content\/uploads\/2019\/01\/50938195_1393594440833253_5022390161573412864_n.jpg?fit=882%2C654&ssl=1&resize=350%2C200 1x, https:\/\/i0.wp.com\/larevistadigital.com.ar\/blog\/wp-content\/uploads\/2019\/01\/50938195_1393594440833253_5022390161573412864_n.jpg?fit=882%2C654&ssl=1&resize=525%2C300 1.5x, https:\/\/i0.wp.com\/larevistadigital.com.ar\/blog\/wp-content\/uploads\/2019\/01\/50938195_1393594440833253_5022390161573412864_n.jpg?fit=882%2C654&ssl=1&resize=700%2C400 2x"},"classes":[]},{"id":29909,"url":"https:\/\/larevistadigital.com.ar\/blog\/actuaciones-policiales-de-otras-localidades-que-terminan-o-incluyen-a-lezama-que-pasa-con-la-seguridad\/","url_meta":{"origin":5075,"position":5},"title":"ACTUACIONES POLICIALES DE OTRAS LOCALIDADES QUE TERMINAN O INCLUYEN A LEZAMA&#8230; \u00bfQU\u00c9 PASA CON LA SEGURIDAD?","author":"Alejandro Sosa Ruda","date":"1 febrero, 2023","format":false,"excerpt":"La polic\u00eda de Castelli allan\u00f3 tres lugares en su ciudad, y cinco en Lezama. La Comunal de Chascom\u00fas poco antes de fin de a\u00f1o, recuper\u00f3 una moto en Lezama... \u00bfQu\u00e9 pasa en Lezama con\u00a0 los controles y el manejo de la seguridad? 1 de febrero de 2023 Durante la jornada\u2026","rel":"","context":"En \u00abINTERES GENERAL\u00bb","block_context":{"text":"INTERES GENERAL","link":"https:\/\/larevistadigital.com.ar\/blog\/category\/interes-general\/"},"img":{"alt_text":"","src":"https:\/\/i0.wp.com\/larevistadigital.com.ar\/blog\/wp-content\/uploads\/1620734310362-1.jpg?fit=1200%2C594&ssl=1&resize=350%2C200","width":350,"height":200,"srcset":"https:\/\/i0.wp.com\/larevistadigital.com.ar\/blog\/wp-content\/uploads\/1620734310362-1.jpg?fit=1200%2C594&ssl=1&resize=350%2C200 1x, https:\/\/i0.wp.com\/larevistadigital.com.ar\/blog\/wp-content\/uploads\/1620734310362-1.jpg?fit=1200%2C594&ssl=1&resize=525%2C300 1.5x, https:\/\/i0.wp.com\/larevistadigital.com.ar\/blog\/wp-content\/uploads\/1620734310362-1.jpg?fit=1200%2C594&ssl=1&resize=700%2C400 2x, https:\/\/i0.wp.com\/larevistadigital.com.ar\/blog\/wp-content\/uploads\/1620734310362-1.jpg?fit=1200%2C594&ssl=1&resize=1050%2C600 3x"},"classes":[]}],"_links":{"self":[{"href":"https:\/\/larevistadigital.com.ar\/blog\/wp-json\/wp\/v2\/posts\/5075","targetHints":{"allow":["GET"]}}],"collection":[{"href":"https:\/\/larevistadigital.com.ar\/blog\/wp-json\/wp\/v2\/posts"}],"about":[{"href":"https:\/\/larevistadigital.com.ar\/blog\/wp-json\/wp\/v2\/types\/post"}],"author":[{"embeddable":true,"href":"https:\/\/larevistadigital.com.ar\/blog\/wp-json\/wp\/v2\/users\/1"}],"replies":[{"embeddable":true,"href":"https:\/\/larevistadigital.com.ar\/blog\/wp-json\/wp\/v2\/comments?post=5075"}],"version-history":[{"count":1,"href":"https:\/\/larevistadigital.com.ar\/blog\/wp-json\/wp\/v2\/posts\/5075\/revisions"}],"predecessor-version":[{"id":5077,"href":"https:\/\/larevistadigital.com.ar\/blog\/wp-json\/wp\/v2\/posts\/5075\/revisions\/5077"}],"wp:featuredmedia":[{"embeddable":true,"href":"https:\/\/larevistadigital.com.ar\/blog\/wp-json\/wp\/v2\/media\/5076"}],"wp:attachment":[{"href":"https:\/\/larevistadigital.com.ar\/blog\/wp-json\/wp\/v2\/media?parent=5075"}],"wp:term":[{"taxonomy":"category","embeddable":true,"href":"https:\/\/larevistadigital.com.ar\/blog\/wp-json\/wp\/v2\/categories?post=5075"},{"taxonomy":"post_tag","embeddable":true,"href":"https:\/\/larevistadigital.com.ar\/blog\/wp-json\/wp\/v2\/tags?post=5075"}],"curies":[{"name":"wp","href":"https:\/\/api.w.org\/{rel}","templated":true}]}}