{"id":5078,"date":"2018-02-28T08:49:06","date_gmt":"2018-02-28T08:49:06","guid":{"rendered":"https:\/\/larevistadigital.com.ar\/blog\/?p=5078"},"modified":"2018-03-01T08:53:30","modified_gmt":"2018-03-01T08:53:30","slug":"lezama-se-vistio-blues","status":"publish","type":"post","link":"https:\/\/larevistadigital.com.ar\/blog\/lezama-se-vistio-blues\/","title":{"rendered":"Lezama se visti\u00f3 de blues"},"content":{"rendered":"<p>La tradicional banda toc\u00f3 en nuestra ciudad, ante un importante n\u00famero de p\u00fablico de todas las edades, con sus m\u00fasicos originales y Mart\u00edn Luka en la voz.<\/p>\n<p>La legendaria banda Memphis la Blusera se present\u00f3 el domingo a la noche en nuestra ciudad, ante una plaza de la Autonom\u00eda colmada de gente, y como cierre del evento Multimarcas organizado en conjunto por Cultura y Deportes del municipio.<br \/>\nAll\u00ed, a partir de las 17 horas, actuaron las bandas locales Reptiloides y Topo Blanco, los chascomunenses Socios de Saturno y Loco Garc\u00eda de Dolores. Todo en el marco de la expo de veh\u00edculos especiales y modelos preparados entre los que no faltaron los Ford T, distintos modelos de Falcon, Dodge Polara y camionetas de los a\u00f1os \u00b450. La plaza reuni\u00f3 adem\u00e1s a artesanos y miroemprendedores locales y de la regi\u00f3n, que llegaron a Lezama con productos y servicios variados, invitados por el \u00c1rea de Producci\u00f3n y Empleo del municipio.<br \/>\nMinutos despu\u00e9s de las 21 horas Memphis cop\u00f3 el escenario y fue recibido con calidez por el p\u00fablico. En primer lugar compartieron canciones que son parte de su \u00faltimo disco, y luego fueron mechando algunos de sus t\u00edpicos blues: La bifurcada, Sopa de Letras, Un mont\u00f3n de nada y la Flor m\u00e1s bella, todos coreados por el p\u00fablico.<br \/>\nHacia el cierre, fueron ovacionados en la presentaci\u00f3n de cada uno de los impecables m\u00fasicos que componen la banda y la gente cant\u00f3 con ellos el Blues de las 6 y 30, un cl\u00e1sico que representa la vigencia de este grupo a casi 40 a\u00f1os de su creaci\u00f3n.<br \/>\nEn im\u00e1genes se record\u00f3 a Adri\u00e1n Otero, su l\u00edder fallecido, que a los a\u00f1os reemplaz\u00f3 Mart\u00edn Luka, un fan que sorprendi\u00f3 a todos con una voz impresionante y una calidez sobre el escenario que los hace brillar a todos en cada interpretaci\u00f3n.<\/p>\n","protected":false},"excerpt":{"rendered":"<div class=\"mh-excerpt\"><p>La tradicional banda toc\u00f3 en nuestra ciudad, ante un importante n\u00famero de p\u00fablico de todas las edades, con sus m\u00fasicos originales y Mart\u00edn Luka en la voz. La legendaria banda Memphis la Blusera se present\u00f3 <a class=\"mh-excerpt-more\" href=\"https:\/\/larevistadigital.com.ar\/blog\/lezama-se-vistio-blues\/\" title=\"Lezama se visti\u00f3 de blues\">[Leer M\u00e1s]<\/a><\/p>\n<\/div>","protected":false},"author":1,"featured_media":5079,"comment_status":"open","ping_status":"open","sticky":false,"template":"","format":"standard","meta":{"_jetpack_memberships_contains_paid_content":false,"footnotes":"","jetpack_publicize_message":"","jetpack_publicize_feature_enabled":true,"jetpack_social_post_already_shared":true,"jetpack_social_options":{"image_generator_settings":{"template":"highway","default_image_id":0,"font":"","enabled":false},"version":2}},"categories":[7],"tags":[],"class_list":{"0":"post-5078","1":"post","2":"type-post","3":"status-publish","4":"format-standard","5":"has-post-thumbnail","7":"category-lezama"},"jetpack_publicize_connections":[],"jetpack_featured_media_url":"https:\/\/i0.wp.com\/larevistadigital.com.ar\/blog\/wp-content\/uploads\/2018\/03\/resize_1519749827.jpg?fit=960%2C540&ssl=1","jetpack_sharing_enabled":true,"jetpack_shortlink":"https:\/\/wp.me\/p8qtrQ-1jU","jetpack-related-posts":[{"id":9979,"url":"https:\/\/larevistadigital.com.ar\/blog\/lezama-harispe-solicito-al-banco-provincia-que-implemente-los-descuentos-del-50-en-compras-realizadas-los-miercoles-en-comercios-locales\/","url_meta":{"origin":5078,"position":0},"title":"LEZAMA: HARISPE SOLICIT\u00d3 AL BANCO PROVINCIA QUE IMPLEMENTE LOS DESCUENTOS DEL 50% EN COMPRAS REALIZADAS LOS MI\u00c9RCOLES EN COMERCIOS LOCALES","author":"Alejandro Sosa Ruda","date":"4 mayo, 2019","format":false,"excerpt":"\u2022 Es para hacer efectivo en nuestra ciudad el acceso de los vecinos a las medidas que la Provincia implement\u00f3 para proteger a los consumidores. El Intendente Municipal de Lezama Arnaldo Harispe solicit\u00f3 a la sucursal local del Banco Provincia que viabilice la aplicaci\u00f3n de las medidas econ\u00f3micas anunciadas recientemente\u2026","rel":"","context":"En \u00abLEZAMA\u00bb","block_context":{"text":"LEZAMA","link":"https:\/\/larevistadigital.com.ar\/blog\/category\/lezama\/"},"img":{"alt_text":"","src":"https:\/\/i0.wp.com\/larevistadigital.com.ar\/blog\/wp-content\/uploads\/2019\/05\/58906007_1451227898403240_2551935216411213824_n.jpg?fit=960%2C609&ssl=1&resize=350%2C200","width":350,"height":200,"srcset":"https:\/\/i0.wp.com\/larevistadigital.com.ar\/blog\/wp-content\/uploads\/2019\/05\/58906007_1451227898403240_2551935216411213824_n.jpg?fit=960%2C609&ssl=1&resize=350%2C200 1x, https:\/\/i0.wp.com\/larevistadigital.com.ar\/blog\/wp-content\/uploads\/2019\/05\/58906007_1451227898403240_2551935216411213824_n.jpg?fit=960%2C609&ssl=1&resize=525%2C300 1.5x, https:\/\/i0.wp.com\/larevistadigital.com.ar\/blog\/wp-content\/uploads\/2019\/05\/58906007_1451227898403240_2551935216411213824_n.jpg?fit=960%2C609&ssl=1&resize=700%2C400 2x"},"classes":[]},{"id":4045,"url":"https:\/\/larevistadigital.com.ar\/blog\/solicitaran-mantener-servicio-ferroviario-lezama-plaza-constitucion\/","url_meta":{"origin":5078,"position":1},"title":"Solicitar\u00e1n mantener el servicio ferroviario entre Lezama y Plaza Constituci\u00f3n","author":"admin","date":"27 noviembre, 2017","format":false,"excerpt":"Tambi\u00e9n beneficia a Chascom\u00fas El reclamo de los usuarios ya tendr\u00eda que haber acompa\u00f1ado por Cuerpos Deliberativos y Departamentos Ejecutivos de ambos distritos, posici\u00f3n a la que seguramente se sumar\u00edan vecinos y autoridades de Brandsen Usuarios del servicio ferroviario que une diariamente Plaza Constituci\u00f3n con la ciudad de Lezama y\u2026","rel":"","context":"En \u00abCHASCOM\u00daS\u00bb","block_context":{"text":"CHASCOM\u00daS","link":"https:\/\/larevistadigital.com.ar\/blog\/category\/chascomus\/"},"img":{"alt_text":"","src":"https:\/\/i0.wp.com\/larevistadigital.com.ar\/blog\/wp-content\/uploads\/2017\/11\/tren_27denoviembrede2017_elfuerte.jpg?fit=737%2C415&ssl=1&resize=350%2C200","width":350,"height":200,"srcset":"https:\/\/i0.wp.com\/larevistadigital.com.ar\/blog\/wp-content\/uploads\/2017\/11\/tren_27denoviembrede2017_elfuerte.jpg?fit=737%2C415&ssl=1&resize=350%2C200 1x, https:\/\/i0.wp.com\/larevistadigital.com.ar\/blog\/wp-content\/uploads\/2017\/11\/tren_27denoviembrede2017_elfuerte.jpg?fit=737%2C415&ssl=1&resize=525%2C300 1.5x, https:\/\/i0.wp.com\/larevistadigital.com.ar\/blog\/wp-content\/uploads\/2017\/11\/tren_27denoviembrede2017_elfuerte.jpg?fit=737%2C415&ssl=1&resize=700%2C400 2x"},"classes":[]},{"id":8263,"url":"https:\/\/larevistadigital.com.ar\/blog\/lezama-ya-estan-en-la-ciudad-los-dni-tramitados-mediante-el-programa-tu-provincia-cerca\/","url_meta":{"origin":5078,"position":2},"title":"LEZAMA: YA EST\u00c1N EN LA CIUDAD LOS DNI TRAMITADOS MEDIANTE EL PROGRAMA \u201cTU PROVINCIA CERCA\u201d","author":"Alejandro Sosa Ruda","date":"10 febrero, 2019","format":false,"excerpt":"La Municipalidad de Lezama, a trav\u00e9s del \u00e1rea de Producci\u00f3n y Empleo, informan a las personas que hayan tramitado su DNI mediante el programa \u201cTu Provincia Cerca\u201d -que se hizo presente en nuestra localidad a fines del mes de Noviembre del a\u00f1o anterior- que pueden pasar a retirar su Documento\u2026","rel":"","context":"En \u00abLEZAMA\u00bb","block_context":{"text":"LEZAMA","link":"https:\/\/larevistadigital.com.ar\/blog\/category\/lezama\/"},"img":{"alt_text":"","src":"https:\/\/i0.wp.com\/larevistadigital.com.ar\/blog\/wp-content\/uploads\/2019\/02\/52126809_1400077110184986_3643633851999191040_o.jpg?fit=1004%2C565&ssl=1&resize=350%2C200","width":350,"height":200,"srcset":"https:\/\/i0.wp.com\/larevistadigital.com.ar\/blog\/wp-content\/uploads\/2019\/02\/52126809_1400077110184986_3643633851999191040_o.jpg?fit=1004%2C565&ssl=1&resize=350%2C200 1x, https:\/\/i0.wp.com\/larevistadigital.com.ar\/blog\/wp-content\/uploads\/2019\/02\/52126809_1400077110184986_3643633851999191040_o.jpg?fit=1004%2C565&ssl=1&resize=525%2C300 1.5x, https:\/\/i0.wp.com\/larevistadigital.com.ar\/blog\/wp-content\/uploads\/2019\/02\/52126809_1400077110184986_3643633851999191040_o.jpg?fit=1004%2C565&ssl=1&resize=700%2C400 2x"},"classes":[]},{"id":9446,"url":"https:\/\/larevistadigital.com.ar\/blog\/lezama-educacion-con-presencia-de-autoridades-provinciales-se-reunio-la-mesa-distrital\/","url_meta":{"origin":5078,"position":3},"title":"LEZAMA EDUCACI\u00d3N: CON PRESENCIA DE AUTORIDADES PROVINCIALES SE REUNI\u00d3 LA MESA DISTRITAL","author":"Alejandro Sosa Ruda","date":"29 marzo, 2019","format":false,"excerpt":"La Directora Provincial de Educaci\u00f3n F\u00edsica Valeria Perezz\u00f3n visit\u00f3 ayer nuestra ciudad, recorri\u00f3 la obra del Polideportivo local y coordin\u00f3 un encuentro de la Mesa Distrital de Educaci\u00f3n del que particip\u00f3 el Intendente Arnaldo Harispe y referentes locales del \u00e1rea. La titular del organismo, dependiente de la Direcci\u00f3n General de\u2026","rel":"","context":"En \u00abLEZAMA\u00bb","block_context":{"text":"LEZAMA","link":"https:\/\/larevistadigital.com.ar\/blog\/category\/lezama\/"},"img":{"alt_text":"","src":"https:\/\/i0.wp.com\/larevistadigital.com.ar\/blog\/wp-content\/uploads\/2019\/03\/55618327_1429306063928757_2077063106516746240_o.jpg?fit=1200%2C802&ssl=1&resize=350%2C200","width":350,"height":200,"srcset":"https:\/\/i0.wp.com\/larevistadigital.com.ar\/blog\/wp-content\/uploads\/2019\/03\/55618327_1429306063928757_2077063106516746240_o.jpg?fit=1200%2C802&ssl=1&resize=350%2C200 1x, https:\/\/i0.wp.com\/larevistadigital.com.ar\/blog\/wp-content\/uploads\/2019\/03\/55618327_1429306063928757_2077063106516746240_o.jpg?fit=1200%2C802&ssl=1&resize=525%2C300 1.5x, https:\/\/i0.wp.com\/larevistadigital.com.ar\/blog\/wp-content\/uploads\/2019\/03\/55618327_1429306063928757_2077063106516746240_o.jpg?fit=1200%2C802&ssl=1&resize=700%2C400 2x, https:\/\/i0.wp.com\/larevistadigital.com.ar\/blog\/wp-content\/uploads\/2019\/03\/55618327_1429306063928757_2077063106516746240_o.jpg?fit=1200%2C802&ssl=1&resize=1050%2C600 3x"},"classes":[]},{"id":19052,"url":"https:\/\/larevistadigital.com.ar\/blog\/lezama-se-realiza-fumigacion-contra-los-mosquitos-en-distintos-lugares-de-la-ciudad\/","url_meta":{"origin":5078,"position":4},"title":"LEZAMA: SE REALIZA FUMIGACI\u00d3N CONTRA LOS MOSQUITOS EN DISTINTOS LUGARES DE LA CIUDAD","author":"Alejandro Sosa Ruda","date":"26 febrero, 2021","format":false,"excerpt":"El \u00e1rea de Zoonosis y Bromatolog\u00eda del municipio, en conjunto con la Secretar\u00eda de Seguridad, realiz\u00f3 fumigaciones para reducir la poblaci\u00f3n de mosquitos en un amplio sector del sector urbano: bulevares, Plaza de la Autonom\u00eda, barrio El Tero, Plaza Marinacci, sector industrial y UPA Trauma. Dadas las condiciones clim\u00e1ticas de\u2026","rel":"","context":"En \u00abLEZAMA\u00bb","block_context":{"text":"LEZAMA","link":"https:\/\/larevistadigital.com.ar\/blog\/category\/lezama\/"},"img":{"alt_text":"","src":"https:\/\/i0.wp.com\/larevistadigital.com.ar\/blog\/wp-content\/uploads\/153419200_2001022056757152_619161520338180697_o.jpg?fit=1040%2C644&ssl=1&resize=350%2C200","width":350,"height":200,"srcset":"https:\/\/i0.wp.com\/larevistadigital.com.ar\/blog\/wp-content\/uploads\/153419200_2001022056757152_619161520338180697_o.jpg?fit=1040%2C644&ssl=1&resize=350%2C200 1x, https:\/\/i0.wp.com\/larevistadigital.com.ar\/blog\/wp-content\/uploads\/153419200_2001022056757152_619161520338180697_o.jpg?fit=1040%2C644&ssl=1&resize=525%2C300 1.5x, https:\/\/i0.wp.com\/larevistadigital.com.ar\/blog\/wp-content\/uploads\/153419200_2001022056757152_619161520338180697_o.jpg?fit=1040%2C644&ssl=1&resize=700%2C400 2x"},"classes":[]},{"id":8541,"url":"https:\/\/larevistadigital.com.ar\/blog\/lezama-el-consejo-escolar-recibio-nuevo-equipamiento-tecnologico\/","url_meta":{"origin":5078,"position":5},"title":"LEZAMA: EL CONSEJO ESCOLAR RECIBI\u00d3 NUEVO EQUIPAMIENTO TECNOL\u00d3GICO","author":"Alejandro Sosa Ruda","date":"19 febrero, 2019","format":false,"excerpt":"Zirza H\u00e9rroz, presidenta del Consejo Escolar de Lezama, inform\u00f3 que se recibieron d\u00edas atr\u00e1s computadoras que ser\u00e1n destinadas al mejoramiento del trabajo administrativo que desarrolla ese organismo.Las unidades fueron entregadas a las autoridades de Lezama por la Direcci\u00f3n Provincial de Consejos Escolares de la Direcci\u00f3n General de Cultura y Educaci\u00f3n,\u2026","rel":"","context":"En \u00abLEZAMA\u00bb","block_context":{"text":"LEZAMA","link":"https:\/\/larevistadigital.com.ar\/blog\/category\/lezama\/"},"img":{"alt_text":"","src":"https:\/\/i0.wp.com\/larevistadigital.com.ar\/blog\/wp-content\/uploads\/2019\/02\/52394549_1407041799488517_5510714229298036736_n.jpg?fit=872%2C654&ssl=1&resize=350%2C200","width":350,"height":200,"srcset":"https:\/\/i0.wp.com\/larevistadigital.com.ar\/blog\/wp-content\/uploads\/2019\/02\/52394549_1407041799488517_5510714229298036736_n.jpg?fit=872%2C654&ssl=1&resize=350%2C200 1x, https:\/\/i0.wp.com\/larevistadigital.com.ar\/blog\/wp-content\/uploads\/2019\/02\/52394549_1407041799488517_5510714229298036736_n.jpg?fit=872%2C654&ssl=1&resize=525%2C300 1.5x, https:\/\/i0.wp.com\/larevistadigital.com.ar\/blog\/wp-content\/uploads\/2019\/02\/52394549_1407041799488517_5510714229298036736_n.jpg?fit=872%2C654&ssl=1&resize=700%2C400 2x"},"classes":[]}],"_links":{"self":[{"href":"https:\/\/larevistadigital.com.ar\/blog\/wp-json\/wp\/v2\/posts\/5078","targetHints":{"allow":["GET"]}}],"collection":[{"href":"https:\/\/larevistadigital.com.ar\/blog\/wp-json\/wp\/v2\/posts"}],"about":[{"href":"https:\/\/larevistadigital.com.ar\/blog\/wp-json\/wp\/v2\/types\/post"}],"author":[{"embeddable":true,"href":"https:\/\/larevistadigital.com.ar\/blog\/wp-json\/wp\/v2\/users\/1"}],"replies":[{"embeddable":true,"href":"https:\/\/larevistadigital.com.ar\/blog\/wp-json\/wp\/v2\/comments?post=5078"}],"version-history":[{"count":1,"href":"https:\/\/larevistadigital.com.ar\/blog\/wp-json\/wp\/v2\/posts\/5078\/revisions"}],"predecessor-version":[{"id":5080,"href":"https:\/\/larevistadigital.com.ar\/blog\/wp-json\/wp\/v2\/posts\/5078\/revisions\/5080"}],"wp:featuredmedia":[{"embeddable":true,"href":"https:\/\/larevistadigital.com.ar\/blog\/wp-json\/wp\/v2\/media\/5079"}],"wp:attachment":[{"href":"https:\/\/larevistadigital.com.ar\/blog\/wp-json\/wp\/v2\/media?parent=5078"}],"wp:term":[{"taxonomy":"category","embeddable":true,"href":"https:\/\/larevistadigital.com.ar\/blog\/wp-json\/wp\/v2\/categories?post=5078"},{"taxonomy":"post_tag","embeddable":true,"href":"https:\/\/larevistadigital.com.ar\/blog\/wp-json\/wp\/v2\/tags?post=5078"}],"curies":[{"name":"wp","href":"https:\/\/api.w.org\/{rel}","templated":true}]}}