{"id":5081,"date":"2018-02-27T08:53:40","date_gmt":"2018-02-27T08:53:40","guid":{"rendered":"https:\/\/larevistadigital.com.ar\/blog\/?p=5081"},"modified":"2018-03-01T08:54:34","modified_gmt":"2018-03-01T08:54:34","slug":"interpretes-locales-la-fiesta-federal-las-orquesta-escuela","status":"publish","type":"post","link":"https:\/\/larevistadigital.com.ar\/blog\/interpretes-locales-la-fiesta-federal-las-orquesta-escuela\/","title":{"rendered":"Int\u00e9rpretes locales en la Fiesta Federal de las Orquesta Escuela"},"content":{"rendered":"<p>Integrantes de la Orquesta Escuela de Lezama participaron de la VI Edici\u00f3n de \u201cEl Festival\u201d, que form\u00f3 parte de los festejos del 20\u00ba Aniversario de la Orquesta-Escuela de Chascom\u00fas.<\/p>\n<p>J\u00f3venes integrantes de la Orquesta Escuela de Lezama participaron de la VI Edici\u00f3n de \u201cEl Festival\u201d, la Fiesta Federal de las Orquestas-Escuela, que se llev\u00f3 a cabo desde el domingo 18 de febrero, y form\u00f3 parte de los festejos en el marco del 20\u00ba Aniversario de la Orquesta-Escuela de Chascom\u00fas, primera en su especificidad en el pa\u00eds.<br \/>\nEl festival se desarroll\u00f3 en la ciudad de Chascom\u00fas, Capital Nacional de las Orquestas Infantiles y Juveniles.<br \/>\nLa programaci\u00f3n abarc\u00f3 actividades de capacitaci\u00f3n t\u00e9cnico-instrumental para ni\u00f1os y j\u00f3venes de todo el pa\u00eds y tambi\u00e9n docentes. Setecientos cincuenta ni\u00f1os y j\u00f3venes participaron de seminarios orquestales con importantes maestros invitados, y se realizaron adem\u00e1s seminarios de direcci\u00f3n orquestal y secuenciaci\u00f3n de repertorio a cargo de Hadrian \u00c1vila Arzuza y una conferencia a cargo de Luis Gorelik.<br \/>\nA diario se realizaron talleres, ensayos y conciertos dirigidos a la comunidad. El cierre en Chascom\u00fas fue el s\u00e1bado 24 con un concierto en el Gimnasio del ICM. En tanto que, el domingo 25 a las 20 horas se brindo un concierto en el Centro Cultural Kirchner de la Ciudad Aut\u00f3noma de Buenos Aires.<br \/>\nEl evento, propuesto por la Fundaci\u00f3n SOIJAR, reuni\u00f3 a 24 jurisdicciones orquestales con el mismo objetivo: promover la educaci\u00f3n ciudadana y los valores humanos a trav\u00e9s de la m\u00fasica.<br \/>\nLas integrantes seleccionadas de la OEL que participaron son:<br \/>\nViol\u00edn<br \/>\nTiziana Wagner<br \/>\nJuana Bergese<br \/>\nLuc\u00eda Pereyra<br \/>\nViola<br \/>\nPilar L\u00f3pez<br \/>\nJulieta Teller\u00eda<br \/>\nVioloncello<br \/>\nAyl\u00e9n San Mart\u00edn<br \/>\nLuisiana Firmapaz<br \/>\nLola Lazarte<br \/>\nCamila Gonz\u00e1lez<br \/>\nContrabajo<br \/>\nCatarina Andrade<br \/>\nZoe Melgar<br \/>\nLuc\u00eda Kolkowski<\/p>\n<p>El grupo viaj\u00f3 todos los d\u00edas a la ciudad de la laguna en el transporte municipal, con la coordinaci\u00f3n de la Direcci\u00f3n de Cultura del municipio, el acompa\u00f1amiento de su preceptora Dolores Campod\u00f3nico y el grupo de padres que siempre apoya cada actividad de la orquesta. Ellas participaron del concierto de apertura, realizado frente a la laguna, y tambi\u00e9n lo hicieron en el Concierto Provincial representando a la provincia de Buenos Aires en la sede de la Orquesta Escuela de Chascom\u00fas. Un orgullo local, que debe ser destacado y reconocido por toda la comunidad.<\/p>\n","protected":false},"excerpt":{"rendered":"<div class=\"mh-excerpt\"><p>Integrantes de la Orquesta Escuela de Lezama participaron de la VI Edici\u00f3n de \u201cEl Festival\u201d, que form\u00f3 parte de los festejos del 20\u00ba Aniversario de la Orquesta-Escuela de Chascom\u00fas. J\u00f3venes integrantes de la Orquesta Escuela <a class=\"mh-excerpt-more\" href=\"https:\/\/larevistadigital.com.ar\/blog\/interpretes-locales-la-fiesta-federal-las-orquesta-escuela\/\" title=\"Int\u00e9rpretes locales en la Fiesta Federal de las Orquesta Escuela\">[Leer M\u00e1s]<\/a><\/p>\n<\/div>","protected":false},"author":1,"featured_media":5082,"comment_status":"open","ping_status":"open","sticky":false,"template":"","format":"standard","meta":{"_jetpack_memberships_contains_paid_content":false,"footnotes":"","jetpack_publicize_message":"","jetpack_publicize_feature_enabled":true,"jetpack_social_post_already_shared":true,"jetpack_social_options":{"image_generator_settings":{"template":"highway","default_image_id":0,"font":"","enabled":false},"version":2}},"categories":[7],"tags":[],"class_list":{"0":"post-5081","1":"post","2":"type-post","3":"status-publish","4":"format-standard","5":"has-post-thumbnail","7":"category-lezama"},"jetpack_publicize_connections":[],"jetpack_featured_media_url":"https:\/\/i0.wp.com\/larevistadigital.com.ar\/blog\/wp-content\/uploads\/2018\/03\/resize_1519750235.jpg?fit=720%2C480&ssl=1","jetpack_sharing_enabled":true,"jetpack_shortlink":"https:\/\/wp.me\/p8qtrQ-1jX","jetpack-related-posts":[{"id":43252,"url":"https:\/\/larevistadigital.com.ar\/blog\/nahuel-pennisi-patricia-sosa-sandra-mihanovich-marcela-morelo-popi-spatocco-y-florencia-otero-en-chascomus\/","url_meta":{"origin":5081,"position":0},"title":"Nahuel Pennisi, Patricia Sosa, Sandra Mihanovich, Marcela Morelo, Popi Spatocco y Florencia Otero en Chascom\u00fas","author":"Alejandro Sosa Ruda","date":"10 enero, 2026","format":false,"excerpt":"En el marco del Festival Soijar que re\u00fane a 450 j\u00f3venes m\u00fasicos de todo el pa\u00eds y grandes artistas invitados, del 29 al 31 de enero, en el Parque Libres del Sur, con acceso libre y gratuito. 10 de enero de 2026 CHASCOM\u00daS -\u00a0 \u00a0La Municipalidad de Chascom\u00fas informa que\u2026","rel":"","context":"En \u00abCHASCOM\u00daS\u00bb","block_context":{"text":"CHASCOM\u00daS","link":"https:\/\/larevistadigital.com.ar\/blog\/category\/chascomus\/"},"img":{"alt_text":"","src":"https:\/\/i0.wp.com\/larevistadigital.com.ar\/blog\/wp-content\/uploads\/69615b9e29a9d.png?fit=668%2C445&ssl=1&resize=350%2C200","width":350,"height":200,"srcset":"https:\/\/i0.wp.com\/larevistadigital.com.ar\/blog\/wp-content\/uploads\/69615b9e29a9d.png?fit=668%2C445&ssl=1&resize=350%2C200 1x, https:\/\/i0.wp.com\/larevistadigital.com.ar\/blog\/wp-content\/uploads\/69615b9e29a9d.png?fit=668%2C445&ssl=1&resize=525%2C300 1.5x"},"classes":[]},{"id":37485,"url":"https:\/\/larevistadigital.com.ar\/blog\/aniversario-y-conciertazo\/","url_meta":{"origin":5081,"position":1},"title":"Aniversario y conciertazo","author":"Alejandro Sosa Ruda","date":"9 octubre, 2024","format":false,"excerpt":"Se cumplen 26 a\u00f1os del primer concierto de la Orquesta Escuela y lo celebra en Chascom\u00fas, capital Nacional de las Orquestas Escuelas Infantiles 09 de Octubre de 2024 CHASCOM\u00daS -\u00a0 El jueves 10 a las 20 horas en el Gimnasio ICM se presentar\u00e1n las distintas agrupaciones que conforman la Orquesta-Escuela\u2026","rel":"","context":"En \u00abINTERES GENERAL\u00bb","block_context":{"text":"INTERES GENERAL","link":"https:\/\/larevistadigital.com.ar\/blog\/category\/interes-general\/"},"img":{"alt_text":"","src":"https:\/\/i0.wp.com\/larevistadigital.com.ar\/blog\/wp-content\/uploads\/6706be329e061.png?fit=668%2C445&ssl=1&resize=350%2C200","width":350,"height":200,"srcset":"https:\/\/i0.wp.com\/larevistadigital.com.ar\/blog\/wp-content\/uploads\/6706be329e061.png?fit=668%2C445&ssl=1&resize=350%2C200 1x, https:\/\/i0.wp.com\/larevistadigital.com.ar\/blog\/wp-content\/uploads\/6706be329e061.png?fit=668%2C445&ssl=1&resize=525%2C300 1.5x"},"classes":[]},{"id":37768,"url":"https:\/\/larevistadigital.com.ar\/blog\/la-filarmonica-de-chascomus-se-presenta-en-el-salon-de-la-rural-local\/","url_meta":{"origin":5081,"position":2},"title":"La Filarm\u00f3nica de Chascom\u00fas se presenta en el sal\u00f3n de la Rural local","author":"Alejandro Sosa Ruda","date":"7 noviembre, 2024","format":false,"excerpt":"La agrupaci\u00f3n de excelencia de la Orquesta-Escuela de Chascom\u00fas anuncia \"J\u00f3venes Solistas\" para este s\u00e1bado 9 de noviembre, con entrada libre y gratuita. 7 de Noviembre de 2024 CHASCOM\u00daS -\u00a0 Este s\u00e1bado 9 de noviembre, la Orquesta Filarm\u00f3nica de Chascom\u00fas, agrupaci\u00f3n de excelencia de la Orquesta-Escuela de Chascom\u00fas, presentar\u00e1 \"J\u00f3venes\u2026","rel":"","context":"En \u00abINTERES GENERAL\u00bb","block_context":{"text":"INTERES GENERAL","link":"https:\/\/larevistadigital.com.ar\/blog\/category\/interes-general\/"},"img":{"alt_text":"","src":"https:\/\/i0.wp.com\/larevistadigital.com.ar\/blog\/wp-content\/uploads\/672ba3d2bf299.png?fit=668%2C445&ssl=1&resize=350%2C200","width":350,"height":200,"srcset":"https:\/\/i0.wp.com\/larevistadigital.com.ar\/blog\/wp-content\/uploads\/672ba3d2bf299.png?fit=668%2C445&ssl=1&resize=350%2C200 1x, https:\/\/i0.wp.com\/larevistadigital.com.ar\/blog\/wp-content\/uploads\/672ba3d2bf299.png?fit=668%2C445&ssl=1&resize=525%2C300 1.5x"},"classes":[]},{"id":33218,"url":"https:\/\/larevistadigital.com.ar\/blog\/nuevo-concierto-de-la-orquesta-escuela-de-chascomus\/","url_meta":{"origin":5081,"position":3},"title":"NUEVO CONCIERTO DE LA ORQUESTA-ESCUELA DE CHASCOM\u00daS","author":"Alejandro Sosa Ruda","date":"2 septiembre, 2023","format":false,"excerpt":"Por Sergio \"Tony\" Peralta \"Coros y Guitarras en Concierto\" se podr\u00e1 presenciar con entrada libre y gratuita este domingo 3 a las 18 con entrada libre y gratuita en Regatas. 2 de Septiembre Luego del Concierto de la Orquesta Filarm\u00f3nica en el Teatro Brazzola el pasado jueves y la actuaci\u00f3n\u2026","rel":"","context":"En \u00abCHASCOM\u00daS\u00bb","block_context":{"text":"CHASCOM\u00daS","link":"https:\/\/larevistadigital.com.ar\/blog\/category\/chascomus\/"},"img":{"alt_text":"","src":"https:\/\/i0.wp.com\/larevistadigital.com.ar\/blog\/wp-content\/uploads\/WhatsApp-Image-2023-09-02-at-09.51.19.jpeg?fit=1080%2C1080&ssl=1&resize=350%2C200","width":350,"height":200,"srcset":"https:\/\/i0.wp.com\/larevistadigital.com.ar\/blog\/wp-content\/uploads\/WhatsApp-Image-2023-09-02-at-09.51.19.jpeg?fit=1080%2C1080&ssl=1&resize=350%2C200 1x, https:\/\/i0.wp.com\/larevistadigital.com.ar\/blog\/wp-content\/uploads\/WhatsApp-Image-2023-09-02-at-09.51.19.jpeg?fit=1080%2C1080&ssl=1&resize=525%2C300 1.5x, https:\/\/i0.wp.com\/larevistadigital.com.ar\/blog\/wp-content\/uploads\/WhatsApp-Image-2023-09-02-at-09.51.19.jpeg?fit=1080%2C1080&ssl=1&resize=700%2C400 2x, https:\/\/i0.wp.com\/larevistadigital.com.ar\/blog\/wp-content\/uploads\/WhatsApp-Image-2023-09-02-at-09.51.19.jpeg?fit=1080%2C1080&ssl=1&resize=1050%2C600 3x"},"classes":[]},{"id":33727,"url":"https:\/\/larevistadigital.com.ar\/blog\/se-estrena-un-documental-sobre-el-festival-de-orquestas-que-se-realizo-en-chascomus\/","url_meta":{"origin":5081,"position":4},"title":"SE ESTRENA UN DOCUMENTAL SOBRE EL FESTIVAL DE ORQUESTAS QUE SE REALIZ\u00d3 EN CHASCOM\u00daS","author":"Alejandro Sosa Ruda","date":"3 octubre, 2023","format":false,"excerpt":"Por Sergio \"Tony\" Peralta Este jueves 5 en la Casa de la Provincia en CABA se podr\u00e1 ver \"La m\u00fasica es un tesoro\" con registros de \"El Festival\" SOIJAr 2023, Fiesta Federal de las Orquestas Infantiles y Juveniles, que tuviera como Sede a nuestra ciudad. 3 de Octubre de 2023\u2026","rel":"","context":"En \u00abCULTURA\u00bb","block_context":{"text":"CULTURA","link":"https:\/\/larevistadigital.com.ar\/blog\/category\/cultura\/"},"img":{"alt_text":"","src":"https:\/\/i0.wp.com\/larevistadigital.com.ar\/blog\/wp-content\/uploads\/WhatsApp-Image-2023-10-03-at-16.03.56.jpeg?fit=720%2C691&ssl=1&resize=350%2C200","width":350,"height":200,"srcset":"https:\/\/i0.wp.com\/larevistadigital.com.ar\/blog\/wp-content\/uploads\/WhatsApp-Image-2023-10-03-at-16.03.56.jpeg?fit=720%2C691&ssl=1&resize=350%2C200 1x, https:\/\/i0.wp.com\/larevistadigital.com.ar\/blog\/wp-content\/uploads\/WhatsApp-Image-2023-10-03-at-16.03.56.jpeg?fit=720%2C691&ssl=1&resize=525%2C300 1.5x, https:\/\/i0.wp.com\/larevistadigital.com.ar\/blog\/wp-content\/uploads\/WhatsApp-Image-2023-10-03-at-16.03.56.jpeg?fit=720%2C691&ssl=1&resize=700%2C400 2x"},"classes":[]},{"id":9643,"url":"https:\/\/larevistadigital.com.ar\/blog\/emocionante-concierto-de-la-orquesta-escuela-chascomus-en-la-estacion-de-trenes-plaza-constitucion\/","url_meta":{"origin":5081,"position":5},"title":"EMOCIONANTE CONCIERTO DE LA ORQUESTA ESCUELA CHASCOM\u00daS EN LA ESTACI\u00d3N DE TRENES PLAZA CONSTITUCI\u00d3N","author":"Alejandro Sosa Ruda","date":"9 abril, 2019","format":false,"excerpt":"Esta ma\u00f1ana las chicas y chicos de la Orquesta Escuela fueron los protagonistas de un concierto que atrajo todas las miradas y emocion\u00f3 a cada persona que transit\u00f3 por la estaci\u00f3n de trenes de Constituci\u00f3n en Capital Federal. Cabe destacar que esta acci\u00f3n de promoci\u00f3n y difusi\u00f3n de nuestra ciudad\u2026","rel":"","context":"En \u00abDESTACADAS\u00bb","block_context":{"text":"DESTACADAS","link":"https:\/\/larevistadigital.com.ar\/blog\/category\/destacadas\/"},"img":{"alt_text":"","src":"https:\/\/i0.wp.com\/larevistadigital.com.ar\/blog\/wp-content\/uploads\/2019\/04\/56862343_2374722069215331_1827696897289093120_o.jpg?fit=1200%2C675&ssl=1&resize=350%2C200","width":350,"height":200,"srcset":"https:\/\/i0.wp.com\/larevistadigital.com.ar\/blog\/wp-content\/uploads\/2019\/04\/56862343_2374722069215331_1827696897289093120_o.jpg?fit=1200%2C675&ssl=1&resize=350%2C200 1x, https:\/\/i0.wp.com\/larevistadigital.com.ar\/blog\/wp-content\/uploads\/2019\/04\/56862343_2374722069215331_1827696897289093120_o.jpg?fit=1200%2C675&ssl=1&resize=525%2C300 1.5x, https:\/\/i0.wp.com\/larevistadigital.com.ar\/blog\/wp-content\/uploads\/2019\/04\/56862343_2374722069215331_1827696897289093120_o.jpg?fit=1200%2C675&ssl=1&resize=700%2C400 2x, https:\/\/i0.wp.com\/larevistadigital.com.ar\/blog\/wp-content\/uploads\/2019\/04\/56862343_2374722069215331_1827696897289093120_o.jpg?fit=1200%2C675&ssl=1&resize=1050%2C600 3x"},"classes":[]}],"_links":{"self":[{"href":"https:\/\/larevistadigital.com.ar\/blog\/wp-json\/wp\/v2\/posts\/5081","targetHints":{"allow":["GET"]}}],"collection":[{"href":"https:\/\/larevistadigital.com.ar\/blog\/wp-json\/wp\/v2\/posts"}],"about":[{"href":"https:\/\/larevistadigital.com.ar\/blog\/wp-json\/wp\/v2\/types\/post"}],"author":[{"embeddable":true,"href":"https:\/\/larevistadigital.com.ar\/blog\/wp-json\/wp\/v2\/users\/1"}],"replies":[{"embeddable":true,"href":"https:\/\/larevistadigital.com.ar\/blog\/wp-json\/wp\/v2\/comments?post=5081"}],"version-history":[{"count":1,"href":"https:\/\/larevistadigital.com.ar\/blog\/wp-json\/wp\/v2\/posts\/5081\/revisions"}],"predecessor-version":[{"id":5083,"href":"https:\/\/larevistadigital.com.ar\/blog\/wp-json\/wp\/v2\/posts\/5081\/revisions\/5083"}],"wp:featuredmedia":[{"embeddable":true,"href":"https:\/\/larevistadigital.com.ar\/blog\/wp-json\/wp\/v2\/media\/5082"}],"wp:attachment":[{"href":"https:\/\/larevistadigital.com.ar\/blog\/wp-json\/wp\/v2\/media?parent=5081"}],"wp:term":[{"taxonomy":"category","embeddable":true,"href":"https:\/\/larevistadigital.com.ar\/blog\/wp-json\/wp\/v2\/categories?post=5081"},{"taxonomy":"post_tag","embeddable":true,"href":"https:\/\/larevistadigital.com.ar\/blog\/wp-json\/wp\/v2\/tags?post=5081"}],"curies":[{"name":"wp","href":"https:\/\/api.w.org\/{rel}","templated":true}]}}