{"id":5084,"date":"2018-02-28T08:54:43","date_gmt":"2018-02-28T08:54:43","guid":{"rendered":"https:\/\/larevistadigital.com.ar\/blog\/?p=5084"},"modified":"2018-03-01T08:56:09","modified_gmt":"2018-03-01T08:56:09","slug":"cierre-escuelas-rurales-entrevista-la-inspectora-jefa-distrital-lezama-myriam-mongay","status":"publish","type":"post","link":"https:\/\/larevistadigital.com.ar\/blog\/cierre-escuelas-rurales-entrevista-la-inspectora-jefa-distrital-lezama-myriam-mongay\/","title":{"rendered":"Cierre de Escuelas Rurales &#8211; Entrevista a la Inspectora Jefa Distrital de Lezama Myriam Mongay"},"content":{"rendered":"<p>\u201cNo son situaciones f\u00e1ciles pero hubo un trabajo responsable para llegar a tomar esta decisi\u00f3n&#8230;\u201d<br \/>\nLa funcionaria local confirm\u00f3 el cierre de la Escuela Primaria N\u00b0 8 donde solo hab\u00eda un alumno del Paraje La Josefina, com\u00fanmente llamado Barrancas y tambi\u00e9n la Escuela Primaria N\u00b0 10 que est\u00e1 en el Paraje La Bel\u00e9n, que contaba con dos alumnos.<\/p>\n<p>Durante los \u00faltimos d\u00edas mucho se ha escuchado sobre el posible cierre de distintas instituciones educativas en la Provincia de Buenos Aires. Para conocer m\u00e1s al respecto la Inspectora Jefa Distrital, Myriam Mongay, brind\u00f3 detalles de lo que sucede en Lezama y en la misma entrevista tambi\u00e9n hizo referencia a los docentes, alumnos e incluso al hecho de mantener el edificio que se cerrar\u00e1 con el fin de reabrirlo nuevamente en alg\u00fan momento.<br \/>\n\u201cEs un tema muy sensible, no s\u00f3lo para lo que es el \u00e1mbito educativo sino tambi\u00e9n para la comunidad. En realidad, el modelo de gesti\u00f3n provincial, dentro de las l\u00edneas de acci\u00f3n, uno de los puntos es trabajar la optimizaci\u00f3n de los recursos. Esto significa reordenar y optimizar los recursos de acuerdo a la normativa vigente.\u201d dijo Mongay al comienzo de la nota.<\/p>\n<p>\u00bfQu\u00e9 escuela se cierra en el distrito de Lezama?<br \/>\nEn esto se viene trabajando desde el a\u00f1o 2017, puntualmente en el contexto rural porque esta optimizaci\u00f3n plantea que, de acuerdo a la normativa, tenemos que tener la matr\u00edcula que corresponde. En este marco se hizo un trabajo de manera conjunta con todos los factores institucionales, es decir con todos los docentes que se est\u00e1n desempe\u00f1ando en el contexto rural, el Equipo de Orientaci\u00f3n Escolar, el Consejo Escolar, SAD (Secretar\u00eda de Asuntos Docentes) y con los miembros de la UEGD (Unidad Educativa de Gesti\u00f3n Distrital) que tambi\u00e9n est\u00e1 conformado por las entidades gremiales. Este relevamiento, esta evaluaci\u00f3n 2017, la matr\u00edcula real que tenemos en el corriente a\u00f1o en esta optimizaci\u00f3n, hubo servicios y secciones que no cumplieron con la matr\u00edcula que estipula la normativa.<br \/>\nEn este caso, atento a este relevamiento y a todo este trabajo, se suprime una secci\u00f3n en la Escuela Primaria N\u00b0 1, habr\u00e1 una secci\u00f3n menos en primer a\u00f1o, s\u00f3lo una secci\u00f3n.<\/p>\n<p>\u00bfEn vez de un Primero A y un Primero B, habr\u00e1 s\u00f3lo uno porque no alcanza la cantidad de chicos como para que sean dos?<br \/>\nExactamente, por eso se suprime una secci\u00f3n, porque hubo inscripci\u00f3n reducida este a\u00f1o. Tambi\u00e9n esto est\u00e1 fuertemente ligado a que fue un a\u00f1o en donde en el Jard\u00edn 901 no egresaron tantos ni\u00f1os, esto es algo demogr\u00e1fico.<br \/>\nEntonces, se suprime una secci\u00f3n en la Primaria N\u00b0 1, se fusiona una secci\u00f3n en la Escuela Secundaria N\u00b0 1 en el Bachillerato de adultos, es decir, el bachillerato de adultos en 2017 estaba conformado por Primero, Segundo y Tercer A\u00f1o, en 2018 va a haber una secci\u00f3n para Primer A\u00f1o y Segundo y Tercero estar\u00e1n juntos.<\/p>\n<p>\u00bfD\u00f3nde reubican a los docentes que no est\u00e1n m\u00e1s en esas secciones?<br \/>\nDe acuerdo a la situaci\u00f3n de Revista, Titular, Previsional y Suplente, es lo que nos marca el estatuto, se reasigna, lo que significa que se hace un movimiento al interior del establecimiento o se reubica en otro. En ese procedimiento puede haber docentes que cesen, que tengan una situaci\u00f3n de revista por ejemplo provisional.<br \/>\nLo que tambi\u00e9n es importante es que hay otra figura en este movimiento, que es que los docentes titulares pueden quedar en disponibilidad, como tienen estabilidad no hay un lugar. En este caso, en ninguna de las dos situaciones quedan docentes en disponibilidad. Los titulares quedan todos ubicados.<\/p>\n<p>\u00bfY en la zona rural?<br \/>\nEn la zona rural tenemos un cierre transitorio, lo confirmo porque tuvimos la reuni\u00f3n de UEGD y todos los miembros consideramos eso, en la Escuela Primaria N\u00b0 8 donde solo hab\u00eda un alumno. Esto es en Paraje La Josefina, com\u00fanmente llamado Barrancas y la Primaria N\u00b0 10 que est\u00e1 en el Paraje La Bel\u00e9n con dos alumnos.<br \/>\nLa comunidad en general podr\u00e1 plantear que hab\u00eda alumnos, pero nos est\u00e1n solicitando un m\u00ednimo que tiene que ser mayor a eso y lo que tenemos como desventaja en nuestro distrito, de alguna manera, es que, las distancias son muy pr\u00f3ximas. En este caso nosotros en el Paraje La Bel\u00e9n, tenemos dos servicios educativos que distan seis kil\u00f3metros uno del otro. Entonces est\u00e1n solicit\u00e1ndonos que reorganicemos los distritos y el territorio, obviamente pensando siempre en garantizar la trayectoria de los alumnos. Ac\u00e1 con esta toma de decisi\u00f3n ning\u00fan alumno va a quedar sin ir a la escuela.<\/p>\n<p>\u00bfQu\u00e9 pasas con los tres ni\u00f1os de estas dos escuelas y sus docentes?<br \/>\nEl docente de la E.P. 8 ten\u00eda una situaci\u00f3n provisional y ah\u00ed si se queda sin trabajo, y los de la E.P. 10 tambi\u00e9n porque tienen la misma situaci\u00f3n de revista. Los ni\u00f1os, el de la primer escuela mencionada va a la E.P. 4 que est\u00e1 a 7 kil\u00f3metros y el resto van a ir a la E.P. 9 que est\u00e1 a 6 kil\u00f3metros aproximadamente.<\/p>\n<p>\u00bfAlguien les provee el transporte o depende de ellos la movilidad?<br \/>\nEsto fue algo de muchas reuniones a trav\u00e9s de lo administrativo y con los equipos docentes. La semana que viene (por esta) me reunir\u00eda con los docentes nuevamente y con las familias, para poder reorganizar con el Concejo Escolar y garantizar el recorrido del transporte.<\/p>\n<p>Nota completa en la edici\u00f3n impresa de Semanario El Espejo del martes 27 de febrero de 2018<\/p>\n","protected":false},"excerpt":{"rendered":"<div class=\"mh-excerpt\"><p>\u201cNo son situaciones f\u00e1ciles pero hubo un trabajo responsable para llegar a tomar esta decisi\u00f3n&#8230;\u201d La funcionaria local confirm\u00f3 el cierre de la Escuela Primaria N\u00b0 8 donde solo hab\u00eda un alumno del Paraje La <a class=\"mh-excerpt-more\" href=\"https:\/\/larevistadigital.com.ar\/blog\/cierre-escuelas-rurales-entrevista-la-inspectora-jefa-distrital-lezama-myriam-mongay\/\" title=\"Cierre de Escuelas Rurales &#8211; Entrevista a la Inspectora Jefa Distrital de Lezama Myriam Mongay\">[Leer M\u00e1s]<\/a><\/p>\n<\/div>","protected":false},"author":1,"featured_media":5085,"comment_status":"open","ping_status":"open","sticky":false,"template":"","format":"standard","meta":{"_jetpack_memberships_contains_paid_content":false,"footnotes":"","jetpack_publicize_message":"","jetpack_publicize_feature_enabled":true,"jetpack_social_post_already_shared":true,"jetpack_social_options":{"image_generator_settings":{"template":"highway","default_image_id":0,"font":"","enabled":false},"version":2}},"categories":[7],"tags":[],"class_list":{"0":"post-5084","1":"post","2":"type-post","3":"status-publish","4":"format-standard","5":"has-post-thumbnail","7":"category-lezama"},"jetpack_publicize_connections":[],"jetpack_featured_media_url":"https:\/\/i0.wp.com\/larevistadigital.com.ar\/blog\/wp-content\/uploads\/2018\/03\/resize_1519750530.jpg?fit=640%2C480&ssl=1","jetpack_sharing_enabled":true,"jetpack_shortlink":"https:\/\/wp.me\/p8qtrQ-1k0","jetpack-related-posts":[{"id":9621,"url":"https:\/\/larevistadigital.com.ar\/blog\/lezama-productivo-encuentro-de-abc-padres-en-la-escuela-501\/","url_meta":{"origin":5084,"position":0},"title":"LEZAMA: PRODUCTIVO ENCUENTRO DE ABC PADRES EN LA ESCUELA 501","author":"Alejandro Sosa Ruda","date":"8 abril, 2019","format":false,"excerpt":"Autoridades de Jefatura Distrital y Consejo Escolar compartieron la pasada semana un nuevo encuentro de la propuesta ABC Padres, en esta oportunidad con familias de la Escuela de Educaci\u00f3n Especial N\u00b0 501 \u201cH\u00e9roes de Malvinas\u201d. ABC Padres es una iniciativa de la DGC y E de la provincia, que a\u2026","rel":"","context":"En \u00abLEZAMA\u00bb","block_context":{"text":"LEZAMA","link":"https:\/\/larevistadigital.com.ar\/blog\/category\/lezama\/"},"img":{"alt_text":"","src":"https:\/\/i0.wp.com\/larevistadigital.com.ar\/blog\/wp-content\/uploads\/2019\/04\/56505442_1435768703282493_1881832803981590528_n.jpg?fit=960%2C563&ssl=1&resize=350%2C200","width":350,"height":200,"srcset":"https:\/\/i0.wp.com\/larevistadigital.com.ar\/blog\/wp-content\/uploads\/2019\/04\/56505442_1435768703282493_1881832803981590528_n.jpg?fit=960%2C563&ssl=1&resize=350%2C200 1x, https:\/\/i0.wp.com\/larevistadigital.com.ar\/blog\/wp-content\/uploads\/2019\/04\/56505442_1435768703282493_1881832803981590528_n.jpg?fit=960%2C563&ssl=1&resize=525%2C300 1.5x, https:\/\/i0.wp.com\/larevistadigital.com.ar\/blog\/wp-content\/uploads\/2019\/04\/56505442_1435768703282493_1881832803981590528_n.jpg?fit=960%2C563&ssl=1&resize=700%2C400 2x"},"classes":[]},{"id":8538,"url":"https:\/\/larevistadigital.com.ar\/blog\/lezama-dijo-presente-en-el-encuentro-de-mesas-educativas-distritales\/","url_meta":{"origin":5084,"position":1},"title":"LEZAMA DIJO \u201cPRESENTE\u201d EN EL ENCUENTRO DE MESAS EDUCATIVAS DISTRITALES","author":"Alejandro Sosa Ruda","date":"18 febrero, 2019","format":false,"excerpt":"El Intendente interino Diego Mongay particip\u00f3 el s\u00e1bado del Encuentro Provincial de Mesas Educativas Distritales en Ensenada, donde se dieron cita la Gobernadora Mar\u00eda Eugenia Vidal; el vicegobernador Daniel Salvador y los ministros de Educaci\u00f3n de Naci\u00f3n y Provincia, Alejandro Finocchiaro y Gabriel S\u00e1nchez Zinny. Lo hizo acompa\u00f1ado por la\u2026","rel":"","context":"En \u00abLEZAMA\u00bb","block_context":{"text":"LEZAMA","link":"https:\/\/larevistadigital.com.ar\/blog\/category\/lezama\/"},"img":{"alt_text":"","src":"https:\/\/i0.wp.com\/larevistadigital.com.ar\/blog\/wp-content\/uploads\/2019\/02\/52276829_1407039712822059_260466384700440576_n.jpg?fit=960%2C837&ssl=1&resize=350%2C200","width":350,"height":200,"srcset":"https:\/\/i0.wp.com\/larevistadigital.com.ar\/blog\/wp-content\/uploads\/2019\/02\/52276829_1407039712822059_260466384700440576_n.jpg?fit=960%2C837&ssl=1&resize=350%2C200 1x, https:\/\/i0.wp.com\/larevistadigital.com.ar\/blog\/wp-content\/uploads\/2019\/02\/52276829_1407039712822059_260466384700440576_n.jpg?fit=960%2C837&ssl=1&resize=525%2C300 1.5x, https:\/\/i0.wp.com\/larevistadigital.com.ar\/blog\/wp-content\/uploads\/2019\/02\/52276829_1407039712822059_260466384700440576_n.jpg?fit=960%2C837&ssl=1&resize=700%2C400 2x"},"classes":[]},{"id":5430,"url":"https:\/\/larevistadigital.com.ar\/blog\/lezama-se-creo-el-cens-451-que-reemplazara-al-bachillerato-de-adultos\/","url_meta":{"origin":5084,"position":2},"title":"LEZAMA: Se cre\u00f3 el CENS 451 que reemplazar\u00e1 al Bachillerato de Adultos","author":"admin","date":"11 abril, 2018","format":false,"excerpt":"La medida fue confirmada por la Jefa Distrital Miryam Mongay en F.M La Nube, La Radio de Lezama \u00bfNo se cerrar\u00eda el bachillerato de adultos? En otra oportunidad y en respuesta a esta misma pregunta, \u00a0yo manifest\u00e9 que no era un cierre \u00a0sino que era una reorganizaci\u00f3n es decir, el\u2026","rel":"","context":"En \u00abLEZAMA\u00bb","block_context":{"text":"LEZAMA","link":"https:\/\/larevistadigital.com.ar\/blog\/category\/lezama\/"},"img":{"alt_text":"","src":"https:\/\/i0.wp.com\/larevistadigital.com.ar\/blog\/wp-content\/uploads\/2018\/04\/educacion-para-adultos.jpg?fit=1200%2C702&ssl=1&resize=350%2C200","width":350,"height":200,"srcset":"https:\/\/i0.wp.com\/larevistadigital.com.ar\/blog\/wp-content\/uploads\/2018\/04\/educacion-para-adultos.jpg?fit=1200%2C702&ssl=1&resize=350%2C200 1x, https:\/\/i0.wp.com\/larevistadigital.com.ar\/blog\/wp-content\/uploads\/2018\/04\/educacion-para-adultos.jpg?fit=1200%2C702&ssl=1&resize=525%2C300 1.5x, https:\/\/i0.wp.com\/larevistadigital.com.ar\/blog\/wp-content\/uploads\/2018\/04\/educacion-para-adultos.jpg?fit=1200%2C702&ssl=1&resize=700%2C400 2x, https:\/\/i0.wp.com\/larevistadigital.com.ar\/blog\/wp-content\/uploads\/2018\/04\/educacion-para-adultos.jpg?fit=1200%2C702&ssl=1&resize=1050%2C600 3x"},"classes":[]},{"id":5105,"url":"https:\/\/larevistadigital.com.ar\/blog\/reunion-autoridades-educacion-concejo-preocupado-la-situacion-las-escuelas-rurales-otros-servicios\/","url_meta":{"origin":5084,"position":3},"title":"Reuni\u00f3n con autoridades de Educaci\u00f3n El Concejo, preocupado por la situaci\u00f3n de las escuelas rurales y otros servicios","author":"admin","date":"1 marzo, 2018","format":false,"excerpt":"Con la presencia de todos los bloques pol\u00edticos que integran el Cuerpo Deliberativo, el HCD encabezado por su Presidente, Osvaldo Casalins, se reuni\u00f3 en la ma\u00f1ana de este martes con el Presidente del Consejo Escolar, Prof. Lucio Alfons\u00edn y con la Jefa Distrital de Educaci\u00f3n, Prof. Silvina Abelenda. Los tremas\u2026","rel":"","context":"En \u00abCHASCOM\u00daS\u00bb","block_context":{"text":"CHASCOM\u00daS","link":"https:\/\/larevistadigital.com.ar\/blog\/category\/chascomus\/"},"img":{"alt_text":"","src":"https:\/\/i0.wp.com\/larevistadigital.com.ar\/blog\/wp-content\/uploads\/2018\/03\/2018_02_27_15_52_14_2509766.jpg?fit=600%2C415&ssl=1&resize=350%2C200","width":350,"height":200,"srcset":"https:\/\/i0.wp.com\/larevistadigital.com.ar\/blog\/wp-content\/uploads\/2018\/03\/2018_02_27_15_52_14_2509766.jpg?fit=600%2C415&ssl=1&resize=350%2C200 1x, https:\/\/i0.wp.com\/larevistadigital.com.ar\/blog\/wp-content\/uploads\/2018\/03\/2018_02_27_15_52_14_2509766.jpg?fit=600%2C415&ssl=1&resize=525%2C300 1.5x"},"classes":[]},{"id":42620,"url":"https:\/\/larevistadigital.com.ar\/blog\/chascomus-la-municipalidad-entrego-los-planos-de-la-escuela-no-41\/","url_meta":{"origin":5084,"position":4},"title":"Chascom\u00fas: La Municipalidad entreg\u00f3 los planos de la Escuela N\u00ba 41","author":"Alejandro Sosa Ruda","date":"25 noviembre, 2025","format":false,"excerpt":"El intendente Javier Gast\u00f3n visit\u00f3 la instituci\u00f3n ubicada en el paraje San Ceferino y entreg\u00f3 la documentaci\u00f3n del edificio escolar y del sal\u00f3n de usos m\u00faltiples. 25 de Noviembre de 2025 CHASCOM\u00daS -\u00a0 \u00a0La Escuela Primaria N\u00ba 41 \u201cCeferino Namuncur\u00e1\u201d recibi\u00f3 los planos oficiales del Sal\u00f3n de Usos M\u00faltiples, construido\u2026","rel":"","context":"En \u00abCHASCOM\u00daS\u00bb","block_context":{"text":"CHASCOM\u00daS","link":"https:\/\/larevistadigital.com.ar\/blog\/category\/chascomus\/"},"img":{"alt_text":"","src":"https:\/\/i0.wp.com\/larevistadigital.com.ar\/blog\/wp-content\/uploads\/6925e63e6fb09.png?fit=668%2C445&ssl=1&resize=350%2C200","width":350,"height":200,"srcset":"https:\/\/i0.wp.com\/larevistadigital.com.ar\/blog\/wp-content\/uploads\/6925e63e6fb09.png?fit=668%2C445&ssl=1&resize=350%2C200 1x, https:\/\/i0.wp.com\/larevistadigital.com.ar\/blog\/wp-content\/uploads\/6925e63e6fb09.png?fit=668%2C445&ssl=1&resize=525%2C300 1.5x"},"classes":[]},{"id":7969,"url":"https:\/\/larevistadigital.com.ar\/blog\/lezama-culminaron-la-obra-de-los-banos-del-ep-11\/","url_meta":{"origin":5084,"position":5},"title":"LEZAMA: CULMINARON LA OBRA DE LOS BA\u00d1OS DEL EP 11","author":"Alejandro Sosa Ruda","date":"26 enero, 2019","format":false,"excerpt":"Confirm\u00f3 el Consejo Escolar que a mediados de esta semana se terminaron los nuevos revestimientos de los sanitarios en la Escuela Primaria N\u00b0 11, una obra que se realiz\u00f3 a buen ritmo y renov\u00f3 los ba\u00f1os de la instituci\u00f3n para que alumnos y docentes reciban el nuevo ciclo lectivo con\u2026","rel":"","context":"En \u00abLEZAMA\u00bb","block_context":{"text":"LEZAMA","link":"https:\/\/larevistadigital.com.ar\/blog\/category\/lezama\/"},"img":{"alt_text":"","src":"https:\/\/i0.wp.com\/larevistadigital.com.ar\/blog\/wp-content\/uploads\/2019\/01\/50561728_1390223814503649_1809849495698014208_n.jpg?fit=720%2C960&ssl=1&resize=350%2C200","width":350,"height":200,"srcset":"https:\/\/i0.wp.com\/larevistadigital.com.ar\/blog\/wp-content\/uploads\/2019\/01\/50561728_1390223814503649_1809849495698014208_n.jpg?fit=720%2C960&ssl=1&resize=350%2C200 1x, https:\/\/i0.wp.com\/larevistadigital.com.ar\/blog\/wp-content\/uploads\/2019\/01\/50561728_1390223814503649_1809849495698014208_n.jpg?fit=720%2C960&ssl=1&resize=525%2C300 1.5x, https:\/\/i0.wp.com\/larevistadigital.com.ar\/blog\/wp-content\/uploads\/2019\/01\/50561728_1390223814503649_1809849495698014208_n.jpg?fit=720%2C960&ssl=1&resize=700%2C400 2x"},"classes":[]}],"_links":{"self":[{"href":"https:\/\/larevistadigital.com.ar\/blog\/wp-json\/wp\/v2\/posts\/5084","targetHints":{"allow":["GET"]}}],"collection":[{"href":"https:\/\/larevistadigital.com.ar\/blog\/wp-json\/wp\/v2\/posts"}],"about":[{"href":"https:\/\/larevistadigital.com.ar\/blog\/wp-json\/wp\/v2\/types\/post"}],"author":[{"embeddable":true,"href":"https:\/\/larevistadigital.com.ar\/blog\/wp-json\/wp\/v2\/users\/1"}],"replies":[{"embeddable":true,"href":"https:\/\/larevistadigital.com.ar\/blog\/wp-json\/wp\/v2\/comments?post=5084"}],"version-history":[{"count":1,"href":"https:\/\/larevistadigital.com.ar\/blog\/wp-json\/wp\/v2\/posts\/5084\/revisions"}],"predecessor-version":[{"id":5086,"href":"https:\/\/larevistadigital.com.ar\/blog\/wp-json\/wp\/v2\/posts\/5084\/revisions\/5086"}],"wp:featuredmedia":[{"embeddable":true,"href":"https:\/\/larevistadigital.com.ar\/blog\/wp-json\/wp\/v2\/media\/5085"}],"wp:attachment":[{"href":"https:\/\/larevistadigital.com.ar\/blog\/wp-json\/wp\/v2\/media?parent=5084"}],"wp:term":[{"taxonomy":"category","embeddable":true,"href":"https:\/\/larevistadigital.com.ar\/blog\/wp-json\/wp\/v2\/categories?post=5084"},{"taxonomy":"post_tag","embeddable":true,"href":"https:\/\/larevistadigital.com.ar\/blog\/wp-json\/wp\/v2\/tags?post=5084"}],"curies":[{"name":"wp","href":"https:\/\/api.w.org\/{rel}","templated":true}]}}