{"id":5087,"date":"2018-02-28T08:56:26","date_gmt":"2018-02-28T08:56:26","guid":{"rendered":"https:\/\/larevistadigital.com.ar\/blog\/?p=5087"},"modified":"2018-03-01T08:57:42","modified_gmt":"2018-03-01T08:57:42","slug":"presidente-aubasa-estuvo-lezama","status":"publish","type":"post","link":"https:\/\/larevistadigital.com.ar\/blog\/presidente-aubasa-estuvo-lezama\/","title":{"rendered":"El Presidente de AUBASA estuvo en Lezama"},"content":{"rendered":"<p>El presidente AUBASA estuvo en Lezama en respuesta a la visita que hace algunas semanas realiz\u00f3 el intendente Harispe en la sede de la concesionaria de la Autov\u00eda 2. V\u00edctor El Kassir lleg\u00f3 acompa\u00f1ado por los Ingenieros Guillermo Gigena y Sergio Martorello, integrantes del equipo t\u00e9cnico de la empresa, y fue recibido por el Intendente de Lezama, la Secretaria de Obras y Servicios Marita Flores, el Secretario de Gobierno Carlos Firmapaz y el Presidente del Concejo Deliberante Diego Mongay.<br \/>\nDurante el encuentro se recorri\u00f3 exhaustivamente el trazado de la ruta a su paso por nuestra ciudad y se fij\u00f3 la atenci\u00f3n en el cruce de la autov\u00eda y la ruta 57, las colectoras \u2013Av. San Mart\u00edn, Hip\u00f3lito Yrigoyen y Roca-, el canal sur y el sector industrial. Los t\u00e9cnicos observaron en detalle todos los espacios y escucharon las sugerencias de las autoridades locales.<br \/>\nComo corolario de la visita, El Kassir consensu\u00f3 con Harispe el tratamiento de los pedidos en relaci\u00f3n a la factibilidad que establece la concesionaria y los plazos de ejecuci\u00f3n que podr\u00edan insumir.<br \/>\n\u201cEn primer lugar fijamos como objetivo mejorar la iluminaci\u00f3n y \u00a0ampliar con tecnolog\u00eda LED el tramo de la autov\u00eda a lo largo de la zona urbana\u201d, explic\u00f3 Harispe. \u201cEso implica la renovaci\u00f3n de columnas en algunos sectores ya que se necesita mayor altura que las actuales. Adem\u00e1s se acord\u00f3 la reposici\u00f3n de delineadores y pianitos que separan la colectora San Mart\u00edn de la autov\u00eda\u201d.<br \/>\nCon mayor complejidad y a un mediano plazo se comenzar\u00e1 a diagramar un proyecto para la Colectora Sur, que comprender\u00e1 la pavimentaci\u00f3n de la calle Roca hasta la UPA, con alcantarilla y puente sobre el canal (pasando Esuco); entubamiento del canal sur en paralelo a la ruta y acceso al sector industrial. Es un proyecto que viene con mucha probabilidad de ejecuci\u00f3n de acuerdo al presupuesto.<\/p>\n<p>Cruce seguro<br \/>\nPor \u00faltimo se determin\u00f3 seguir estudiando las posibilidades de una obra para garantizar un cruce seguro de la autov\u00eda y la ruta 57, que no ser\u00eda el proyecto original que el Intendente local present\u00f3 en los ministerios \u00a0de Provincia, sino una alternativa a bajo nivel para el tr\u00e1nsito local, donde los ingenieros de la concesionaria har\u00e1n foco. En declaraciones a la prensa, Harispe concluy\u00f3 \u201cA nosotros no nos tiene que importar si es en alto o bajo nivel, tenemos que aspirar a lo que sea viable desde el punto de vista vial y financiero para dar una soluci\u00f3n al tema del cruce de la ruta\u201d<br \/>\nSeg\u00fan estim\u00f3 el propio intendente, esta primera bajada de Aubasa a nuestra ciudad fue muy fruct\u00edfera ya que permiti\u00f3 marcar las necesidades locales y establecer acuerdos de trabajo con la empresa. El Kassir se puso a disposici\u00f3n de las peticiones de nuestra comuna. \u201cNosotros estamos para ayudar a los intendentes a mejorar no s\u00f3lo lo referido a la ruta en s\u00ed, sino los accesos y la circulaci\u00f3n\u201d, mencion\u00f3 el presidente de la sociedad concesionaria que tiene a su cargo rutas a lo largo de 36 municipios hasta el corredor del Atl\u00e1ntico.<\/p>\n","protected":false},"excerpt":{"rendered":"<div class=\"mh-excerpt\"><p>El presidente AUBASA estuvo en Lezama en respuesta a la visita que hace algunas semanas realiz\u00f3 el intendente Harispe en la sede de la concesionaria de la Autov\u00eda 2. V\u00edctor El Kassir lleg\u00f3 acompa\u00f1ado por <a class=\"mh-excerpt-more\" href=\"https:\/\/larevistadigital.com.ar\/blog\/presidente-aubasa-estuvo-lezama\/\" title=\"El Presidente de AUBASA estuvo en Lezama\">[Leer M\u00e1s]<\/a><\/p>\n<\/div>","protected":false},"author":1,"featured_media":5088,"comment_status":"open","ping_status":"open","sticky":false,"template":"","format":"standard","meta":{"_jetpack_memberships_contains_paid_content":false,"footnotes":"","jetpack_publicize_message":"","jetpack_publicize_feature_enabled":true,"jetpack_social_post_already_shared":true,"jetpack_social_options":{"image_generator_settings":{"template":"highway","default_image_id":0,"font":"","enabled":false},"version":2}},"categories":[7],"tags":[],"class_list":{"0":"post-5087","1":"post","2":"type-post","3":"status-publish","4":"format-standard","5":"has-post-thumbnail","7":"category-lezama"},"jetpack_publicize_connections":[],"jetpack_featured_media_url":"https:\/\/i0.wp.com\/larevistadigital.com.ar\/blog\/wp-content\/uploads\/2018\/03\/resize_1519750663.jpg?fit=960%2C603&ssl=1","jetpack_sharing_enabled":true,"jetpack_shortlink":"https:\/\/wp.me\/p8qtrQ-1k3","jetpack-related-posts":[{"id":5880,"url":"https:\/\/larevistadigital.com.ar\/blog\/una-persona-hospitalizada-tras-despistar-en-la-ruta-2\/","url_meta":{"origin":5087,"position":0},"title":"Una persona hospitalizada tras despistar en la ruta 2","author":"admin","date":"25 junio, 2018","format":false,"excerpt":"En la ma\u00f1ana de este domingo 24, fueron requeridos los Servicios de Emergencias M\u00e9dicas y Bomberos Voluntarios de Lezama por la producci\u00f3n de un accidente automovil\u00edstico a la altura del kil\u00f3metro 142 de la autov\u00eda 2 en en el carril con sentido de direcci\u00f3n hacia la Capital Federal. Bajo alarma\u2026","rel":"","context":"En \u00abLEZAMA\u00bb","block_context":{"text":"LEZAMA","link":"https:\/\/larevistadigital.com.ar\/blog\/category\/lezama\/"},"img":{"alt_text":"","src":"https:\/\/i0.wp.com\/larevistadigital.com.ar\/blog\/wp-content\/uploads\/2018\/06\/VUELCO-LEZAMA-Copiar.jpg?fit=1024%2C598&ssl=1&resize=350%2C200","width":350,"height":200,"srcset":"https:\/\/i0.wp.com\/larevistadigital.com.ar\/blog\/wp-content\/uploads\/2018\/06\/VUELCO-LEZAMA-Copiar.jpg?fit=1024%2C598&ssl=1&resize=350%2C200 1x, https:\/\/i0.wp.com\/larevistadigital.com.ar\/blog\/wp-content\/uploads\/2018\/06\/VUELCO-LEZAMA-Copiar.jpg?fit=1024%2C598&ssl=1&resize=525%2C300 1.5x, https:\/\/i0.wp.com\/larevistadigital.com.ar\/blog\/wp-content\/uploads\/2018\/06\/VUELCO-LEZAMA-Copiar.jpg?fit=1024%2C598&ssl=1&resize=700%2C400 2x"},"classes":[]},{"id":4039,"url":"https:\/\/larevistadigital.com.ar\/blog\/impresionante-choque-2-vehiculos-la-autovia-2\/","url_meta":{"origin":5087,"position":1},"title":"Impresionante choque entre 2 veh\u00edculos en la Autov\u00eda 2","author":"admin","date":"26 noviembre, 2017","format":false,"excerpt":"Por causas que se ignoran, se produjo un accidente automovil\u00edstico pasado el mediod\u00eda de este domingo 26 a la altura del kil\u00f3metro 147 de la autov\u00eda 2, en jurisdicci\u00f3n del partido de Lezama, en el carril con sentido hacia la Capital Federal. Seg\u00fan ocasionales testigos, un veh\u00edculo utilitario colision\u00f3 con\u2026","rel":"","context":"En \u00abLEZAMA\u00bb","block_context":{"text":"LEZAMA","link":"https:\/\/larevistadigital.com.ar\/blog\/category\/lezama\/"},"img":{"alt_text":"","src":"https:\/\/i0.wp.com\/larevistadigital.com.ar\/blog\/wp-content\/uploads\/2017\/11\/CHOQUE-LEZAMA1-Copiar-e1511766843243.jpg?fit=602%2C352&ssl=1&resize=350%2C200","width":350,"height":200,"srcset":"https:\/\/i0.wp.com\/larevistadigital.com.ar\/blog\/wp-content\/uploads\/2017\/11\/CHOQUE-LEZAMA1-Copiar-e1511766843243.jpg?fit=602%2C352&ssl=1&resize=350%2C200 1x, https:\/\/i0.wp.com\/larevistadigital.com.ar\/blog\/wp-content\/uploads\/2017\/11\/CHOQUE-LEZAMA1-Copiar-e1511766843243.jpg?fit=602%2C352&ssl=1&resize=525%2C300 1.5x"},"classes":[]},{"id":31141,"url":"https:\/\/larevistadigital.com.ar\/blog\/ruta-2-despiste-vuelco-y-milagro-un-hombre-en-grave-estado-quedo-internado\/","url_meta":{"origin":5087,"position":2},"title":"RUTA 2: DESPISTE, VUELCO Y MILAGRO. UN HOMBRE EN GRAVE ESTADO QUED\u00d3 INTERNADO","author":"Alejandro Sosa Ruda","date":"20 abril, 2023","format":false,"excerpt":"El conductor de una camioneta perdi\u00f3 el control y sufri\u00f3 un grav\u00edsimo vuelco en la banquina de la autov\u00eda. Fue internado y se encuentra en estado cr\u00edtico. 20 de abril de 2023 LEZAMA -\u00a0 Un brutal accidente de tr\u00e1nsito estuvo a punto de terminar en tragedia en las primeras horas\u2026","rel":"","context":"En \u00abINTERES GENERAL\u00bb","block_context":{"text":"INTERES GENERAL","link":"https:\/\/larevistadigital.com.ar\/blog\/category\/interes-general\/"},"img":{"alt_text":"","src":"https:\/\/i0.wp.com\/larevistadigital.com.ar\/blog\/wp-content\/uploads\/1681997589303.jpeg?fit=1200%2C594&ssl=1&resize=350%2C200","width":350,"height":200,"srcset":"https:\/\/i0.wp.com\/larevistadigital.com.ar\/blog\/wp-content\/uploads\/1681997589303.jpeg?fit=1200%2C594&ssl=1&resize=350%2C200 1x, https:\/\/i0.wp.com\/larevistadigital.com.ar\/blog\/wp-content\/uploads\/1681997589303.jpeg?fit=1200%2C594&ssl=1&resize=525%2C300 1.5x, https:\/\/i0.wp.com\/larevistadigital.com.ar\/blog\/wp-content\/uploads\/1681997589303.jpeg?fit=1200%2C594&ssl=1&resize=700%2C400 2x, https:\/\/i0.wp.com\/larevistadigital.com.ar\/blog\/wp-content\/uploads\/1681997589303.jpeg?fit=1200%2C594&ssl=1&resize=1050%2C600 3x"},"classes":[]},{"id":2787,"url":"https:\/\/larevistadigital.com.ar\/blog\/lezama-el-intendente-harispe-inaugurara-en-nuevo-concejo-delibertante\/","url_meta":{"origin":5087,"position":3},"title":"LEZAMA: EL INTENDENTE HARISPE INAUGURAR\u00c1 EN NUEVO CONCEJO DELIBERTANTE","author":"Alejandro Sosa Ruda","date":"27 julio, 2017","format":false,"excerpt":"Ma\u00f1ana a las 11 horas el intendente de Lezama, \u00a0Arnaldo Harispe, \u00a0pondr\u00e1 en funcionamiento el Geri\u00e1trico Do\u00f1a Celina de Girard, acompa\u00f1ado de funcionarios del PAMI. Se supo que dar\u00e1 a conocer los motivos por los cuales se retras\u00f3 su puesta en funcionamiento, adem\u00e1s de los tr\u00e1mites para hacer efectiva la\u2026","rel":"","context":"En \u00abLEZAMA\u00bb","block_context":{"text":"LEZAMA","link":"https:\/\/larevistadigital.com.ar\/blog\/category\/lezama\/"},"img":{"alt_text":"","src":"https:\/\/i0.wp.com\/larevistadigital.com.ar\/blog\/wp-content\/uploads\/2017\/07\/lezama.jpg?fit=960%2C720&ssl=1&resize=350%2C200","width":350,"height":200,"srcset":"https:\/\/i0.wp.com\/larevistadigital.com.ar\/blog\/wp-content\/uploads\/2017\/07\/lezama.jpg?fit=960%2C720&ssl=1&resize=350%2C200 1x, https:\/\/i0.wp.com\/larevistadigital.com.ar\/blog\/wp-content\/uploads\/2017\/07\/lezama.jpg?fit=960%2C720&ssl=1&resize=525%2C300 1.5x, https:\/\/i0.wp.com\/larevistadigital.com.ar\/blog\/wp-content\/uploads\/2017\/07\/lezama.jpg?fit=960%2C720&ssl=1&resize=700%2C400 2x"},"classes":[]},{"id":195,"url":"https:\/\/larevistadigital.com.ar\/blog\/vecino-lezama-fue-hospitalizado-tras-despiste-la-autovia-2\/","url_meta":{"origin":5087,"position":4},"title":"Vecino de Lezama fue hospitalizado tras despiste en la Autov\u00eda 2","author":"editor","date":"10 febrero, 2017","format":false,"excerpt":"Ayer cerca de las 9 de la ma\u00f1ana, se produjo el despiste de una camioneta en la Autov\u00eda, a la altura del cruce con Avenida Presidente Alfons\u00edn. Por causa que se tratan de establecer, el veh\u00edculo marca Chevrolet S10 que era conducido por un vecino de Lezama, pero que pertenec\u00eda\u2026","rel":"","context":"En \u00abLEZAMA\u00bb","block_context":{"text":"LEZAMA","link":"https:\/\/larevistadigital.com.ar\/blog\/category\/lezama\/"},"img":{"alt_text":"","src":"https:\/\/i0.wp.com\/larevistadigital.com.ar\/blog\/wp-content\/uploads\/2017\/02\/vuelco_10defebrerode2017_elfuerte.jpg?fit=703%2C572&ssl=1&resize=350%2C200","width":350,"height":200,"srcset":"https:\/\/i0.wp.com\/larevistadigital.com.ar\/blog\/wp-content\/uploads\/2017\/02\/vuelco_10defebrerode2017_elfuerte.jpg?fit=703%2C572&ssl=1&resize=350%2C200 1x, https:\/\/i0.wp.com\/larevistadigital.com.ar\/blog\/wp-content\/uploads\/2017\/02\/vuelco_10defebrerode2017_elfuerte.jpg?fit=703%2C572&ssl=1&resize=525%2C300 1.5x, https:\/\/i0.wp.com\/larevistadigital.com.ar\/blog\/wp-content\/uploads\/2017\/02\/vuelco_10defebrerode2017_elfuerte.jpg?fit=703%2C572&ssl=1&resize=700%2C400 2x"},"classes":[]},{"id":8170,"url":"https:\/\/larevistadigital.com.ar\/blog\/lezama-se-comenzara-a-pavimentar-la-calle-roca\/","url_meta":{"origin":5087,"position":5},"title":"LEZAMA: SE COMENZAR\u00c1 A PAVIMENTAR LA CALLE ROCA","author":"Alejandro Sosa Ruda","date":"5 febrero, 2019","format":false,"excerpt":"El intendente Interino, Prof. Diego Mongay, recorri\u00f3 la arteria a pavimentar y dio aviso a los vecinos frentistas. Se espera que en el d\u00eda de ma\u00f1ana se d\u00e9 comienzo a los trabajos de movimiento de suelo para que luego se proceda a colocar el pavimento de hormig\u00f3n. De acuerdo al\u2026","rel":"","context":"En \u00abLEZAMA\u00bb","block_context":{"text":"LEZAMA","link":"https:\/\/larevistadigital.com.ar\/blog\/category\/lezama\/"},"img":{"alt_text":"","src":"https:\/\/i0.wp.com\/larevistadigital.com.ar\/blog\/wp-content\/uploads\/2019\/02\/51762297_1397889913737039_7130464611299491840_n.jpg?fit=709%2C470&ssl=1&resize=350%2C200","width":350,"height":200,"srcset":"https:\/\/i0.wp.com\/larevistadigital.com.ar\/blog\/wp-content\/uploads\/2019\/02\/51762297_1397889913737039_7130464611299491840_n.jpg?fit=709%2C470&ssl=1&resize=350%2C200 1x, https:\/\/i0.wp.com\/larevistadigital.com.ar\/blog\/wp-content\/uploads\/2019\/02\/51762297_1397889913737039_7130464611299491840_n.jpg?fit=709%2C470&ssl=1&resize=525%2C300 1.5x, https:\/\/i0.wp.com\/larevistadigital.com.ar\/blog\/wp-content\/uploads\/2019\/02\/51762297_1397889913737039_7130464611299491840_n.jpg?fit=709%2C470&ssl=1&resize=700%2C400 2x"},"classes":[]}],"_links":{"self":[{"href":"https:\/\/larevistadigital.com.ar\/blog\/wp-json\/wp\/v2\/posts\/5087","targetHints":{"allow":["GET"]}}],"collection":[{"href":"https:\/\/larevistadigital.com.ar\/blog\/wp-json\/wp\/v2\/posts"}],"about":[{"href":"https:\/\/larevistadigital.com.ar\/blog\/wp-json\/wp\/v2\/types\/post"}],"author":[{"embeddable":true,"href":"https:\/\/larevistadigital.com.ar\/blog\/wp-json\/wp\/v2\/users\/1"}],"replies":[{"embeddable":true,"href":"https:\/\/larevistadigital.com.ar\/blog\/wp-json\/wp\/v2\/comments?post=5087"}],"version-history":[{"count":1,"href":"https:\/\/larevistadigital.com.ar\/blog\/wp-json\/wp\/v2\/posts\/5087\/revisions"}],"predecessor-version":[{"id":5089,"href":"https:\/\/larevistadigital.com.ar\/blog\/wp-json\/wp\/v2\/posts\/5087\/revisions\/5089"}],"wp:featuredmedia":[{"embeddable":true,"href":"https:\/\/larevistadigital.com.ar\/blog\/wp-json\/wp\/v2\/media\/5088"}],"wp:attachment":[{"href":"https:\/\/larevistadigital.com.ar\/blog\/wp-json\/wp\/v2\/media?parent=5087"}],"wp:term":[{"taxonomy":"category","embeddable":true,"href":"https:\/\/larevistadigital.com.ar\/blog\/wp-json\/wp\/v2\/categories?post=5087"},{"taxonomy":"post_tag","embeddable":true,"href":"https:\/\/larevistadigital.com.ar\/blog\/wp-json\/wp\/v2\/tags?post=5087"}],"curies":[{"name":"wp","href":"https:\/\/api.w.org\/{rel}","templated":true}]}}