{"id":5090,"date":"2018-02-26T09:03:01","date_gmt":"2018-02-26T09:03:01","guid":{"rendered":"https:\/\/larevistadigital.com.ar\/blog\/?p=5090"},"modified":"2018-03-01T09:04:41","modified_gmt":"2018-03-01T09:04:41","slug":"inscripcion-los-listados-108-b-infine","status":"publish","type":"post","link":"https:\/\/larevistadigital.com.ar\/blog\/inscripcion-los-listados-108-b-infine\/","title":{"rendered":"Inscripci\u00f3n los Listados 108 A y B INFINE"},"content":{"rendered":"<p>Secretar\u00eda de Asuntos Docentes comunica que desde el<strong>\u00a0d\u00eda martes 27 de febrero<\/strong>\u00a0y hasta la finalizaci\u00f3n del ciclo lectivo 2018 estar\u00e1 abierta la inscripci\u00f3n a los<strong>Listados 108 A y B INFINE<\/strong>\u00a0para todos los Niveles y Modalidades.<\/p>\n<p>Documentaci\u00f3n a presentar:<\/p>\n<p><strong><u>LISTADO 108 A INFINE<\/u><\/strong><\/p>\n<p>Planilla de Inscripci\u00f3n: original y una copia.<\/p>\n<p>Fotocopia de D.N.I. (anverso y reverso)<\/p>\n<p>Fotocopia de T\u00edtulos habilitantes registrados por la D.G.C. y E. o constancia de t\u00edtulo para la inscripci\u00f3n de ingreso a la docencia certificada por autoridad competente.<\/p>\n<p>Antig\u00fcedad docente.<\/p>\n<p>Fotocopias de T\u00edtulos y cursos bonificantes.<\/p>\n<p>Calificaci\u00f3n<\/p>\n<p><strong><u>LISTADO 108 B INFINE<\/u><\/strong><\/p>\n<p>Planilla de Inscripci\u00f3n: original y una copia.<\/p>\n<p>Fotocopia de D.N.I. (anverso y reverso)<\/p>\n<p>Fotocopia del T\u00edtulo Secundario, Terciario o Universitario registrado por la D.G.C. y E.<\/p>\n<p>Constancia de T\u00edtulo en tr\u00e1mite.<\/p>\n<p>Certificado de alumno regular al momento de la inscripci\u00f3n donde se especifique el porcentaje de materias aprobadas. Se aclara que la condici\u00f3n de alumno regular es determinante para ser habilitado en el listado 108 B.<\/p>\n<p>Antig\u00fcedad docente.<\/p>\n<p>Fotocopias de T\u00edtulos y cursos bonificantes.<\/p>\n<p>Calificaci\u00f3n<\/p>\n<p>Toda copia de la documentaci\u00f3n debe ser presentada con originales a la vista para ser autenticada.<\/p>\n<p>La\u00a0<a href=\"https:\/\/drive.google.com\/file\/d\/1QTfozd7sRQcd8OxoArwQNo7cb9Q4eY4o\/view?usp=sharing\">Planilla de Inscripci\u00f3n se encuentra disponible para descargar<\/a>\u00a0o en las fotocopiadoras del distrito.<\/p>\n<p>Los interesados podr\u00e1n inscribirse en esta Secretar\u00eda, ubicada en Saavedra N\u00ba160, de lunes a viernes de 7 a 13 hs.<\/p>\n","protected":false},"excerpt":{"rendered":"<div class=\"mh-excerpt\"><p>Secretar\u00eda de Asuntos Docentes comunica que desde el\u00a0d\u00eda martes 27 de febrero\u00a0y hasta la finalizaci\u00f3n del ciclo lectivo 2018 estar\u00e1 abierta la inscripci\u00f3n a losListados 108 A y B INFINE\u00a0para todos los Niveles y Modalidades. <a class=\"mh-excerpt-more\" href=\"https:\/\/larevistadigital.com.ar\/blog\/inscripcion-los-listados-108-b-infine\/\" title=\"Inscripci\u00f3n los Listados 108 A y B INFINE\">[Leer M\u00e1s]<\/a><\/p>\n<\/div>","protected":false},"author":1,"featured_media":5091,"comment_status":"open","ping_status":"open","sticky":false,"template":"","format":"standard","meta":{"_jetpack_memberships_contains_paid_content":false,"footnotes":"","jetpack_publicize_message":"","jetpack_publicize_feature_enabled":true,"jetpack_social_post_already_shared":true,"jetpack_social_options":{"image_generator_settings":{"template":"highway","default_image_id":0,"font":"","enabled":false},"version":2}},"categories":[4],"tags":[],"class_list":{"0":"post-5090","1":"post","2":"type-post","3":"status-publish","4":"format-standard","5":"has-post-thumbnail","7":"category-castelli"},"jetpack_publicize_connections":[],"jetpack_featured_media_url":"https:\/\/i0.wp.com\/larevistadigital.com.ar\/blog\/wp-content\/uploads\/2018\/03\/secretaria-asuntos-docentes1_02-24-2015.jpg?fit=800%2C335&ssl=1","jetpack_sharing_enabled":true,"jetpack_shortlink":"https:\/\/wp.me\/p8qtrQ-1k6","jetpack-related-posts":[{"id":12777,"url":"https:\/\/larevistadigital.com.ar\/blog\/inscripcion-abierta-en-el-instituto-divino-corazon-idc\/","url_meta":{"origin":5090,"position":0},"title":"INSCRIPCI\u00d3N ABIERTA EN EL INSTITUTO DIVINO CORAZ\u00d3N (IDC)","author":"Alejandro Sosa Ruda","date":"22 octubre, 2019","format":false,"excerpt":"El Instituto Divino Coraz\u00f3n inform\u00f3 para la comunidad, que hasta el viernes 25 de octubre, en el horario de 8,30 a 10 horas, se encontrar\u00e1 abierta la inscripci\u00f3n para el Nivel Secundario de cara al Ciclo Lectivo 2020. A la misma deber\u00e1n concurrir los adultos responsables del alumno\/a interesado en\u2026","rel":"","context":"En \u00abCHASCOM\u00daS\u00bb","block_context":{"text":"CHASCOM\u00daS","link":"https:\/\/larevistadigital.com.ar\/blog\/category\/chascomus\/"},"img":{"alt_text":"","src":"https:\/\/i0.wp.com\/larevistadigital.com.ar\/blog\/wp-content\/uploads\/corazondemaria_22deoctubrede2019_elfuerte.jpg?fit=737%2C415&ssl=1&resize=350%2C200","width":350,"height":200,"srcset":"https:\/\/i0.wp.com\/larevistadigital.com.ar\/blog\/wp-content\/uploads\/corazondemaria_22deoctubrede2019_elfuerte.jpg?fit=737%2C415&ssl=1&resize=350%2C200 1x, https:\/\/i0.wp.com\/larevistadigital.com.ar\/blog\/wp-content\/uploads\/corazondemaria_22deoctubrede2019_elfuerte.jpg?fit=737%2C415&ssl=1&resize=525%2C300 1.5x, https:\/\/i0.wp.com\/larevistadigital.com.ar\/blog\/wp-content\/uploads\/corazondemaria_22deoctubrede2019_elfuerte.jpg?fit=737%2C415&ssl=1&resize=700%2C400 2x"},"classes":[]},{"id":12049,"url":"https:\/\/larevistadigital.com.ar\/blog\/lezama-esta-abierta-la-inscripcion-para-el-curso-de-manipulacion-de-alimentos\/","url_meta":{"origin":5090,"position":1},"title":"LEZAMA: EST\u00c1 ABIERTA LA INSCRIPCI\u00d3N PARA EL CURSO DE MANIPULACI\u00d3N DE ALIMENTOS","author":"Alejandro Sosa Ruda","date":"13 septiembre, 2019","format":false,"excerpt":"El \u00e1rea de Producci\u00f3n y Empleo del municipio informa que durante el mes de septiembre se podr\u00e1n inscribir interesados en realizar el Curso de Manipulaci\u00f3n de Alimentos. Se trata de una capacitaci\u00f3n obligatoria para todas las personas que realizan tareas donde se manipulan alimentos y que permite la obtenci\u00f3n de\u2026","rel":"","context":"En \u00abLEZAMA\u00bb","block_context":{"text":"LEZAMA","link":"https:\/\/larevistadigital.com.ar\/blog\/category\/lezama\/"},"img":{"alt_text":"","src":"https:\/\/i0.wp.com\/larevistadigital.com.ar\/blog\/wp-content\/uploads\/2019\/05\/59931493_1454351558090874_3533011660711133184_o.jpg?fit=1200%2C708&ssl=1&resize=350%2C200","width":350,"height":200,"srcset":"https:\/\/i0.wp.com\/larevistadigital.com.ar\/blog\/wp-content\/uploads\/2019\/05\/59931493_1454351558090874_3533011660711133184_o.jpg?fit=1200%2C708&ssl=1&resize=350%2C200 1x, https:\/\/i0.wp.com\/larevistadigital.com.ar\/blog\/wp-content\/uploads\/2019\/05\/59931493_1454351558090874_3533011660711133184_o.jpg?fit=1200%2C708&ssl=1&resize=525%2C300 1.5x, https:\/\/i0.wp.com\/larevistadigital.com.ar\/blog\/wp-content\/uploads\/2019\/05\/59931493_1454351558090874_3533011660711133184_o.jpg?fit=1200%2C708&ssl=1&resize=700%2C400 2x, https:\/\/i0.wp.com\/larevistadigital.com.ar\/blog\/wp-content\/uploads\/2019\/05\/59931493_1454351558090874_3533011660711133184_o.jpg?fit=1200%2C708&ssl=1&resize=1050%2C600 3x"},"classes":[]},{"id":42265,"url":"https:\/\/larevistadigital.com.ar\/blog\/chascomus-inscripciones-2026-al-epi-30-de-mayo\/","url_meta":{"origin":5090,"position":2},"title":"Chascom\u00fas: Inscripciones 2026 al EPI 30 de Mayo","author":"Alejandro Sosa Ruda","date":"29 octubre, 2025","format":false,"excerpt":"Ser\u00e1 a partir del 10 hasta el 28 de noviembre. 29 de Octubre de 2025 CHASCOM\u00daS -\u00a0 \u00a0El Espacio de Primera Infancia (EPI) ubicado en calle Francisco Serantes 1367 del barrio 30 de Mayo, abre la inscripci\u00f3n para el ciclo 2026. Los interesados deben presentarse en el horario de 9\u2026","rel":"","context":"En \u00abCHASCOM\u00daS\u00bb","block_context":{"text":"CHASCOM\u00daS","link":"https:\/\/larevistadigital.com.ar\/blog\/category\/chascomus\/"},"img":{"alt_text":"","src":"https:\/\/i0.wp.com\/larevistadigital.com.ar\/blog\/wp-content\/uploads\/69023f5b1a759.png?fit=668%2C445&ssl=1&resize=350%2C200","width":350,"height":200,"srcset":"https:\/\/i0.wp.com\/larevistadigital.com.ar\/blog\/wp-content\/uploads\/69023f5b1a759.png?fit=668%2C445&ssl=1&resize=350%2C200 1x, https:\/\/i0.wp.com\/larevistadigital.com.ar\/blog\/wp-content\/uploads\/69023f5b1a759.png?fit=668%2C445&ssl=1&resize=525%2C300 1.5x"},"classes":[]},{"id":13680,"url":"https:\/\/larevistadigital.com.ar\/blog\/a-no-quedarse-afuera-hoy-es-el-ultimo-dia-para-inscribirse-en-la-unlp\/","url_meta":{"origin":5090,"position":3},"title":"\u00a1A NO QUEDARSE AFUERA! HOY ES EL \u00daLTIMO D\u00cdA PARA INSCRIBIRSE EN LA UNLP","author":"Alejandro Sosa Ruda","date":"13 diciembre, 2019","format":false,"excerpt":"El plazo para anotarse est\u00e1 habilitado hasta el 13 de diciembre. El tr\u00e1mite incluye una preinscripci\u00f3n por internet. Entr\u00e1 y mir\u00e1 toda la informaci\u00f3n sobre fechas y requisitos. Con una oferta acad\u00e9mica que incluye m\u00e1s de\u00a0115 carreras de grado, la Universidad Nacional de La Plata fij\u00f3 entre los d\u00edas 11\u2026","rel":"","context":"En \u00abREGIONALES\u00bb","block_context":{"text":"REGIONALES","link":"https:\/\/larevistadigital.com.ar\/blog\/category\/regionales\/"},"img":{"alt_text":"","src":"https:\/\/i0.wp.com\/larevistadigital.com.ar\/blog\/wp-content\/uploads\/20191212172628_medium-89e2c8334f5a8f30254ca7efb6faf60b.jpg?fit=887%2C554&ssl=1&resize=350%2C200","width":350,"height":200,"srcset":"https:\/\/i0.wp.com\/larevistadigital.com.ar\/blog\/wp-content\/uploads\/20191212172628_medium-89e2c8334f5a8f30254ca7efb6faf60b.jpg?fit=887%2C554&ssl=1&resize=350%2C200 1x, https:\/\/i0.wp.com\/larevistadigital.com.ar\/blog\/wp-content\/uploads\/20191212172628_medium-89e2c8334f5a8f30254ca7efb6faf60b.jpg?fit=887%2C554&ssl=1&resize=525%2C300 1.5x, https:\/\/i0.wp.com\/larevistadigital.com.ar\/blog\/wp-content\/uploads\/20191212172628_medium-89e2c8334f5a8f30254ca7efb6faf60b.jpg?fit=887%2C554&ssl=1&resize=700%2C400 2x"},"classes":[]},{"id":575,"url":"https:\/\/larevistadigital.com.ar\/blog\/becas-para-nuestros-estudiantes\/","url_meta":{"origin":5090,"position":4},"title":"Becas para nuestros estudiantes.","author":"editor","date":"6 marzo, 2017","format":false,"excerpt":"La Direcci\u00f3n de Acci\u00f3n Social de la Municipalidad de Pila informa que se encuentra abierta la Inscripci\u00f3n y renovaci\u00f3n de las Becas Municipales de nivel universitario y terciario. Debiendo presentar certificado de alumno regular y fotocopia de DNI en esta Direcci\u00f3n, con fecha l\u00edmite hasta el jueves 23 de marzo\u2026","rel":"","context":"En \u00abPILA\u00bb","block_context":{"text":"PILA","link":"https:\/\/larevistadigital.com.ar\/blog\/category\/pila\/"},"img":{"alt_text":"","src":"https:\/\/i0.wp.com\/larevistadigital.com.ar\/blog\/wp-content\/uploads\/2017\/03\/Gustavo-Walker-1.jpg?fit=630%2C612&ssl=1&resize=350%2C200","width":350,"height":200,"srcset":"https:\/\/i0.wp.com\/larevistadigital.com.ar\/blog\/wp-content\/uploads\/2017\/03\/Gustavo-Walker-1.jpg?fit=630%2C612&ssl=1&resize=350%2C200 1x, https:\/\/i0.wp.com\/larevistadigital.com.ar\/blog\/wp-content\/uploads\/2017\/03\/Gustavo-Walker-1.jpg?fit=630%2C612&ssl=1&resize=525%2C300 1.5x"},"classes":[]},{"id":40749,"url":"https:\/\/larevistadigital.com.ar\/blog\/fines-abierta-la-inscripcion\/","url_meta":{"origin":5090,"position":5},"title":"FinEs: abierta la inscripci\u00f3n","author":"Alejandro Sosa Ruda","date":"4 agosto, 2025","format":false,"excerpt":"Nuevo ciclo del programa que permite comenzar o finalizar los estudios secundarios obligatorios a las personas mayores de 18 a\u00f1os. 04 de Agosto de 2025 CHASCOM\u00daS\u00a0 -\u00a0 Se encuentran abiertas las inscripciones al Plan FinEs, el programa que permite comenzar o finalizar los estudios secundarios obligatorios a personas mayores de\u2026","rel":"","context":"En \u00abCHASCOM\u00daS\u00bb","block_context":{"text":"CHASCOM\u00daS","link":"https:\/\/larevistadigital.com.ar\/blog\/category\/chascomus\/"},"img":{"alt_text":"","src":"https:\/\/i0.wp.com\/larevistadigital.com.ar\/blog\/wp-content\/uploads\/6890f3a6a8213.png?fit=668%2C445&ssl=1&resize=350%2C200","width":350,"height":200,"srcset":"https:\/\/i0.wp.com\/larevistadigital.com.ar\/blog\/wp-content\/uploads\/6890f3a6a8213.png?fit=668%2C445&ssl=1&resize=350%2C200 1x, https:\/\/i0.wp.com\/larevistadigital.com.ar\/blog\/wp-content\/uploads\/6890f3a6a8213.png?fit=668%2C445&ssl=1&resize=525%2C300 1.5x"},"classes":[]}],"_links":{"self":[{"href":"https:\/\/larevistadigital.com.ar\/blog\/wp-json\/wp\/v2\/posts\/5090","targetHints":{"allow":["GET"]}}],"collection":[{"href":"https:\/\/larevistadigital.com.ar\/blog\/wp-json\/wp\/v2\/posts"}],"about":[{"href":"https:\/\/larevistadigital.com.ar\/blog\/wp-json\/wp\/v2\/types\/post"}],"author":[{"embeddable":true,"href":"https:\/\/larevistadigital.com.ar\/blog\/wp-json\/wp\/v2\/users\/1"}],"replies":[{"embeddable":true,"href":"https:\/\/larevistadigital.com.ar\/blog\/wp-json\/wp\/v2\/comments?post=5090"}],"version-history":[{"count":1,"href":"https:\/\/larevistadigital.com.ar\/blog\/wp-json\/wp\/v2\/posts\/5090\/revisions"}],"predecessor-version":[{"id":5092,"href":"https:\/\/larevistadigital.com.ar\/blog\/wp-json\/wp\/v2\/posts\/5090\/revisions\/5092"}],"wp:featuredmedia":[{"embeddable":true,"href":"https:\/\/larevistadigital.com.ar\/blog\/wp-json\/wp\/v2\/media\/5091"}],"wp:attachment":[{"href":"https:\/\/larevistadigital.com.ar\/blog\/wp-json\/wp\/v2\/media?parent=5090"}],"wp:term":[{"taxonomy":"category","embeddable":true,"href":"https:\/\/larevistadigital.com.ar\/blog\/wp-json\/wp\/v2\/categories?post=5090"},{"taxonomy":"post_tag","embeddable":true,"href":"https:\/\/larevistadigital.com.ar\/blog\/wp-json\/wp\/v2\/tags?post=5090"}],"curies":[{"name":"wp","href":"https:\/\/api.w.org\/{rel}","templated":true}]}}