{"id":5093,"date":"2018-02-28T09:06:17","date_gmt":"2018-02-28T09:06:17","guid":{"rendered":"https:\/\/larevistadigital.com.ar\/blog\/?p=5093"},"modified":"2018-03-01T09:07:21","modified_gmt":"2018-03-01T09:07:21","slug":"concurso-pesca-la-laguna-la-rosita","status":"publish","type":"post","link":"https:\/\/larevistadigital.com.ar\/blog\/concurso-pesca-la-laguna-la-rosita\/","title":{"rendered":"CONCURSO DE PESCA EN LA LAGUNA \u201cLA ROSITA\u201d"},"content":{"rendered":"<p>Con el acompa\u00f1amiento de la Direcci\u00f3n de Deportes\u00a0y la Municipalidad de Castelli, el domingo se realiz\u00f3 un concurso de pesca destinado a ni\u00f1os, ni\u00f1as y adolescentes de 10 a 18 a\u00f1os. El evento fue organizado por el\u00a0Club De Pesca Y N\u00e1utica Castelli\u00a0y se desarroll\u00f3 con la modalidad de pesca con devoluci\u00f3n para preservar y cuidar la fauna. El podio de ganadores fue en 1er lugar para Conrado Venturo, en 2do para Benjamin Venturo y en 3er para Juan Manuel Degue. Luego de la premiaci\u00f3n, de la que particip\u00f3 el Intendente Francisco Echarren, hubo sorteos entre los participantes y una merienda a orillas de la laguna.<\/p>\n<p>&nbsp;<\/p>\n","protected":false},"excerpt":{"rendered":"<div class=\"mh-excerpt\"><p>Con el acompa\u00f1amiento de la Direcci\u00f3n de Deportes\u00a0y la Municipalidad de Castelli, el domingo se realiz\u00f3 un concurso de pesca destinado a ni\u00f1os, ni\u00f1as y adolescentes de 10 a 18 a\u00f1os. El evento fue organizado <a class=\"mh-excerpt-more\" href=\"https:\/\/larevistadigital.com.ar\/blog\/concurso-pesca-la-laguna-la-rosita\/\" title=\"CONCURSO DE PESCA EN LA LAGUNA \u201cLA ROSITA\u201d\">[Leer M\u00e1s]<\/a><\/p>\n<\/div>","protected":false},"author":1,"featured_media":5094,"comment_status":"open","ping_status":"open","sticky":false,"template":"","format":"standard","meta":{"_jetpack_memberships_contains_paid_content":false,"footnotes":"","jetpack_publicize_message":"CONCURSO DE PESCA EN LA LAGUNA \u201cLA ROSITA\u201d","jetpack_publicize_feature_enabled":true,"jetpack_social_post_already_shared":true,"jetpack_social_options":{"image_generator_settings":{"template":"highway","default_image_id":0,"font":"","enabled":false},"version":2}},"categories":[4],"tags":[],"class_list":{"0":"post-5093","1":"post","2":"type-post","3":"status-publish","4":"format-standard","5":"has-post-thumbnail","7":"category-castelli"},"jetpack_publicize_connections":[],"jetpack_featured_media_url":"https:\/\/i0.wp.com\/larevistadigital.com.ar\/blog\/wp-content\/uploads\/2018\/03\/28377735_891600384342998_194392735578204127_n-662x335.jpg?fit=662%2C335&ssl=1","jetpack_sharing_enabled":true,"jetpack_shortlink":"https:\/\/wp.me\/p8qtrQ-1k9","jetpack-related-posts":[{"id":36819,"url":"https:\/\/larevistadigital.com.ar\/blog\/castelli-logran-rescatar-con-vida-a-un-menor-que-cayo-a-un-canal\/","url_meta":{"origin":5093,"position":0},"title":"CASTELLI: LOGRAN RESCATAR CON VIDA A UN MENOR QUE CAY\u00d3 A UN CANAL","author":"Alejandro Sosa Ruda","date":"28 julio, 2024","format":false,"excerpt":"Igualmente, el menor sufri\u00f3 un cuadro de hipotermia. Sucedi\u00f3 en el canal 15. 28 de Julio de 2024 CASTELLI\u00a0 -\u00a0 Un menor cay\u00f3 a una zona del Canal 15 y milagrosamente fue rescatado con vida, ya que el lugar, conocido como \"La Cascada\" es considerado peligroso. Posteriormente al rescate, los\u2026","rel":"","context":"En \u00abPOLICIALES\u00bb","block_context":{"text":"POLICIALES","link":"https:\/\/larevistadigital.com.ar\/blog\/category\/policiales\/"},"img":{"alt_text":"","src":"https:\/\/i0.wp.com\/larevistadigital.com.ar\/blog\/wp-content\/uploads\/e78a062b2c162988176c8d083bfd432597f9ac06.jpg?fit=900%2C900&ssl=1&resize=350%2C200","width":350,"height":200,"srcset":"https:\/\/i0.wp.com\/larevistadigital.com.ar\/blog\/wp-content\/uploads\/e78a062b2c162988176c8d083bfd432597f9ac06.jpg?fit=900%2C900&ssl=1&resize=350%2C200 1x, https:\/\/i0.wp.com\/larevistadigital.com.ar\/blog\/wp-content\/uploads\/e78a062b2c162988176c8d083bfd432597f9ac06.jpg?fit=900%2C900&ssl=1&resize=525%2C300 1.5x, https:\/\/i0.wp.com\/larevistadigital.com.ar\/blog\/wp-content\/uploads\/e78a062b2c162988176c8d083bfd432597f9ac06.jpg?fit=900%2C900&ssl=1&resize=700%2C400 2x"},"classes":[]},{"id":2356,"url":"https:\/\/larevistadigital.com.ar\/blog\/joven-hallado-sin-vida-en-un-taller\/","url_meta":{"origin":5093,"position":1},"title":"JOVEN HALLADO SIN VIDA EN UN TALLER","author":"Alejandro Sosa Ruda","date":"9 junio, 2017","format":false,"excerpt":"Un joven de 22 a\u00f1os fue encontrado sin vida, en un taller de chapa y pintura del automotor, ubicado en calle Buenos Aires al 500 de nuestra ciudad. Se trata de Nahuel Venturo, de profesi\u00f3n chapista, quien habr\u00eda sido encontrado por un familiar, cerca del mediod\u00eda de este viernes, confirm\u00f3\u2026","rel":"","context":"En \u00abCASTELLI\u00bb","block_context":{"text":"CASTELLI","link":"https:\/\/larevistadigital.com.ar\/blog\/category\/castelli\/"},"img":{"alt_text":"","src":"https:\/\/i0.wp.com\/larevistadigital.com.ar\/blog\/wp-content\/uploads\/2017\/06\/am6cntzxqqqpl_gpd5dxehpzyslaurwofwco3rhmeri4.jpg?fit=710%2C350&ssl=1&resize=350%2C200","width":350,"height":200,"srcset":"https:\/\/i0.wp.com\/larevistadigital.com.ar\/blog\/wp-content\/uploads\/2017\/06\/am6cntzxqqqpl_gpd5dxehpzyslaurwofwco3rhmeri4.jpg?fit=710%2C350&ssl=1&resize=350%2C200 1x, https:\/\/i0.wp.com\/larevistadigital.com.ar\/blog\/wp-content\/uploads\/2017\/06\/am6cntzxqqqpl_gpd5dxehpzyslaurwofwco3rhmeri4.jpg?fit=710%2C350&ssl=1&resize=525%2C300 1.5x, https:\/\/i0.wp.com\/larevistadigital.com.ar\/blog\/wp-content\/uploads\/2017\/06\/am6cntzxqqqpl_gpd5dxehpzyslaurwofwco3rhmeri4.jpg?fit=710%2C350&ssl=1&resize=700%2C400 2x"},"classes":[]},{"id":44316,"url":"https:\/\/larevistadigital.com.ar\/blog\/chascomus-controles-de-pesca-para-preservar-el-pejerrey-en-la-laguna\/","url_meta":{"origin":5093,"position":2},"title":"Chascom\u00fas: Controles de pesca para preservar el pejerrey en la laguna","author":"Alejandro Sosa Ruda","date":"5 marzo, 2026","format":false,"excerpt":"La Municipalidad realiz\u00f3 operativos para verificar el cumplimiento de las medidas reglamentarias y prevenir la pesca furtiva. 05 de Marzo de 2026 CHASCOM\u00daS -\u00a0 \u00a0La Secretar\u00eda de Seguridad Ciudadana municipal lleva adelante controles de pesca con el objetivo de preservar la especie y la poblaci\u00f3n de pejerrey en la laguna.\u2026","rel":"","context":"En \u00abCHASCOM\u00daS\u00bb","block_context":{"text":"CHASCOM\u00daS","link":"https:\/\/larevistadigital.com.ar\/blog\/category\/chascomus\/"},"img":{"alt_text":"","src":"https:\/\/i0.wp.com\/larevistadigital.com.ar\/blog\/wp-content\/uploads\/69a86a064d510.png?fit=668%2C445&ssl=1&resize=350%2C200","width":350,"height":200,"srcset":"https:\/\/i0.wp.com\/larevistadigital.com.ar\/blog\/wp-content\/uploads\/69a86a064d510.png?fit=668%2C445&ssl=1&resize=350%2C200 1x, https:\/\/i0.wp.com\/larevistadigital.com.ar\/blog\/wp-content\/uploads\/69a86a064d510.png?fit=668%2C445&ssl=1&resize=525%2C300 1.5x"},"classes":[]},{"id":3409,"url":"https:\/\/larevistadigital.com.ar\/blog\/castelli-hallan-a-joven-que-se-habia-extraviado-en-la-laguna\/","url_meta":{"origin":5093,"position":3},"title":"CASTELLI: HALLAN A JOVEN QUE SE HAB\u00cdA EXTRAVIADO EN LA LAGUNA","author":"Alejandro Sosa Ruda","date":"7 octubre, 2017","format":false,"excerpt":"Un joven que estaba en el predio de la Laguna hab\u00eda desaparecido entrada la noche de este viernes. Seg\u00fan relat\u00f3 Carlos Aranciaga, titular de defensa civil Castelli al programa en En El Barro que se emite por 87.9 que el joven fue hallado en el predio del ferrocarril y trasladado\u2026","rel":"","context":"En \u00abCASTELLI\u00bb","block_context":{"text":"CASTELLI","link":"https:\/\/larevistadigital.com.ar\/blog\/category\/castelli\/"},"img":{"alt_text":"","src":"https:\/\/i0.wp.com\/larevistadigital.com.ar\/blog\/wp-content\/uploads\/2017\/10\/altos-verdes-800x563.jpg?fit=800%2C563&ssl=1&resize=350%2C200","width":350,"height":200,"srcset":"https:\/\/i0.wp.com\/larevistadigital.com.ar\/blog\/wp-content\/uploads\/2017\/10\/altos-verdes-800x563.jpg?fit=800%2C563&ssl=1&resize=350%2C200 1x, https:\/\/i0.wp.com\/larevistadigital.com.ar\/blog\/wp-content\/uploads\/2017\/10\/altos-verdes-800x563.jpg?fit=800%2C563&ssl=1&resize=525%2C300 1.5x, https:\/\/i0.wp.com\/larevistadigital.com.ar\/blog\/wp-content\/uploads\/2017\/10\/altos-verdes-800x563.jpg?fit=800%2C563&ssl=1&resize=700%2C400 2x"},"classes":[]},{"id":41169,"url":"https:\/\/larevistadigital.com.ar\/blog\/comienza-la-veda-de-pesca-del-pejerrey\/","url_meta":{"origin":5093,"position":4},"title":"Comienza la veda de pesca del pejerrey","author":"Alejandro Sosa Ruda","date":"30 agosto, 2025","format":false,"excerpt":"La medida busca proteger el desarrollo reproductivo de la especie y se aplica en todos los espejos de agua interiores bonaerenses, incluida la laguna de Chascom\u00fas. 30 de agosto de 2025 CHASCOM\u00daS -\u00a0 El Ministerio de Agroindustria de la provincia inform\u00f3 que desde el 1\u00b0 de septiembre estar\u00e1 vigente la\u2026","rel":"","context":"En \u00abCHASCOM\u00daS\u00bb","block_context":{"text":"CHASCOM\u00daS","link":"https:\/\/larevistadigital.com.ar\/blog\/category\/chascomus\/"},"img":{"alt_text":"","src":"https:\/\/i0.wp.com\/larevistadigital.com.ar\/blog\/wp-content\/uploads\/68b1db773a390.png?fit=668%2C445&ssl=1&resize=350%2C200","width":350,"height":200,"srcset":"https:\/\/i0.wp.com\/larevistadigital.com.ar\/blog\/wp-content\/uploads\/68b1db773a390.png?fit=668%2C445&ssl=1&resize=350%2C200 1x, https:\/\/i0.wp.com\/larevistadigital.com.ar\/blog\/wp-content\/uploads\/68b1db773a390.png?fit=668%2C445&ssl=1&resize=525%2C300 1.5x"},"classes":[]},{"id":34393,"url":"https:\/\/larevistadigital.com.ar\/blog\/gral-lavalle-se-viene-la-fiesta-de-apertura-de-temporada-de-pesca-de-la-corvina-negra\/","url_meta":{"origin":5093,"position":5},"title":"GRAL. LAVALLE: SE VIENE LA FIESTA DE APERTURA DE TEMPORADA DE PESCA DE LA CORVINA NEGRA","author":"Alejandro Sosa Ruda","date":"6 noviembre, 2023","format":false,"excerpt":"Entre otras cosas, contar\u00e1 con un concurso de pesca, shows en vivo y actividades para toda la familia. 6 de Noviembre de 2023 GENERAL LAVALLE -\u00a0 General Lavalle\u00a0se prepara la apertura de la temporada de pesca de la\u00a0corvina negra\u00a0con una gran fiesta y actividades para toda la familia en el\u00a0Puerto\u2026","rel":"","context":"En \u00abREGIONALES\u00bb","block_context":{"text":"REGIONALES","link":"https:\/\/larevistadigital.com.ar\/blog\/category\/regionales\/"},"img":{"alt_text":"","src":"https:\/\/i0.wp.com\/larevistadigital.com.ar\/blog\/wp-content\/uploads\/27cad881282d024432a95a538978480b1540b727.jpg?fit=1140%2C751&ssl=1&resize=350%2C200","width":350,"height":200,"srcset":"https:\/\/i0.wp.com\/larevistadigital.com.ar\/blog\/wp-content\/uploads\/27cad881282d024432a95a538978480b1540b727.jpg?fit=1140%2C751&ssl=1&resize=350%2C200 1x, https:\/\/i0.wp.com\/larevistadigital.com.ar\/blog\/wp-content\/uploads\/27cad881282d024432a95a538978480b1540b727.jpg?fit=1140%2C751&ssl=1&resize=525%2C300 1.5x, https:\/\/i0.wp.com\/larevistadigital.com.ar\/blog\/wp-content\/uploads\/27cad881282d024432a95a538978480b1540b727.jpg?fit=1140%2C751&ssl=1&resize=700%2C400 2x, https:\/\/i0.wp.com\/larevistadigital.com.ar\/blog\/wp-content\/uploads\/27cad881282d024432a95a538978480b1540b727.jpg?fit=1140%2C751&ssl=1&resize=1050%2C600 3x"},"classes":[]}],"_links":{"self":[{"href":"https:\/\/larevistadigital.com.ar\/blog\/wp-json\/wp\/v2\/posts\/5093","targetHints":{"allow":["GET"]}}],"collection":[{"href":"https:\/\/larevistadigital.com.ar\/blog\/wp-json\/wp\/v2\/posts"}],"about":[{"href":"https:\/\/larevistadigital.com.ar\/blog\/wp-json\/wp\/v2\/types\/post"}],"author":[{"embeddable":true,"href":"https:\/\/larevistadigital.com.ar\/blog\/wp-json\/wp\/v2\/users\/1"}],"replies":[{"embeddable":true,"href":"https:\/\/larevistadigital.com.ar\/blog\/wp-json\/wp\/v2\/comments?post=5093"}],"version-history":[{"count":1,"href":"https:\/\/larevistadigital.com.ar\/blog\/wp-json\/wp\/v2\/posts\/5093\/revisions"}],"predecessor-version":[{"id":5095,"href":"https:\/\/larevistadigital.com.ar\/blog\/wp-json\/wp\/v2\/posts\/5093\/revisions\/5095"}],"wp:featuredmedia":[{"embeddable":true,"href":"https:\/\/larevistadigital.com.ar\/blog\/wp-json\/wp\/v2\/media\/5094"}],"wp:attachment":[{"href":"https:\/\/larevistadigital.com.ar\/blog\/wp-json\/wp\/v2\/media?parent=5093"}],"wp:term":[{"taxonomy":"category","embeddable":true,"href":"https:\/\/larevistadigital.com.ar\/blog\/wp-json\/wp\/v2\/categories?post=5093"},{"taxonomy":"post_tag","embeddable":true,"href":"https:\/\/larevistadigital.com.ar\/blog\/wp-json\/wp\/v2\/tags?post=5093"}],"curies":[{"name":"wp","href":"https:\/\/api.w.org\/{rel}","templated":true}]}}