{"id":5096,"date":"2018-02-22T09:07:36","date_gmt":"2018-02-22T09:07:36","guid":{"rendered":"https:\/\/larevistadigital.com.ar\/blog\/?p=5096"},"modified":"2018-03-01T09:08:22","modified_gmt":"2018-03-01T09:08:22","slug":"recorrida-proyecto-mejoras-circuito-motor-castelli","status":"publish","type":"post","link":"https:\/\/larevistadigital.com.ar\/blog\/recorrida-proyecto-mejoras-circuito-motor-castelli\/","title":{"rendered":"RECORRIDA Y PROYECTO DE MEJORAS PARA EL CIRCUITO MOTOR DE CASTELLI"},"content":{"rendered":"<p>Ayer mi\u00e9rcoles, el Intendente\u00a0Francisco Echarren\u00a0junto con el Secretario de Gobierno, Sebasti\u00e1n Echarren y funcionarios del gabinete municipal, recorrieron el aut\u00f3dromo y kart\u00f3dromo \u201cJos\u00e9 Luis Laguzzi\u201d de nuestra ciudad. All\u00ed evaluaron las condiciones del predio en la Laguna de Almir\u00f3n y dialogaron con los referentes del automovilismo local sobre las mejoras y tareas necesarias para el desarrollo de las pr\u00f3ximas competencias. Fueron parte de este encuentro el presidente del Autoclub Agustin Colombo y del Safari 4\u00d72 Julio Coronel. Ambas comisiones directivas se encuentran trabajando en conjunto para mejorar las condiciones de los pilotos en las competencias y brindar un mejor espect\u00e1culo para los amantes de los motores.<\/p>\n","protected":false},"excerpt":{"rendered":"<div class=\"mh-excerpt\"><p>Ayer mi\u00e9rcoles, el Intendente\u00a0Francisco Echarren\u00a0junto con el Secretario de Gobierno, Sebasti\u00e1n Echarren y funcionarios del gabinete municipal, recorrieron el aut\u00f3dromo y kart\u00f3dromo \u201cJos\u00e9 Luis Laguzzi\u201d de nuestra ciudad. All\u00ed evaluaron las condiciones del predio en <a class=\"mh-excerpt-more\" href=\"https:\/\/larevistadigital.com.ar\/blog\/recorrida-proyecto-mejoras-circuito-motor-castelli\/\" title=\"RECORRIDA Y PROYECTO DE MEJORAS PARA EL CIRCUITO MOTOR DE CASTELLI\">[Leer M\u00e1s]<\/a><\/p>\n<\/div>","protected":false},"author":1,"featured_media":5097,"comment_status":"open","ping_status":"open","sticky":false,"template":"","format":"standard","meta":{"_jetpack_memberships_contains_paid_content":false,"footnotes":"","jetpack_publicize_message":"","jetpack_publicize_feature_enabled":true,"jetpack_social_post_already_shared":true,"jetpack_social_options":{"image_generator_settings":{"template":"highway","default_image_id":0,"font":"","enabled":false},"version":2}},"categories":[4],"tags":[],"class_list":{"0":"post-5096","1":"post","2":"type-post","3":"status-publish","4":"format-standard","5":"has-post-thumbnail","7":"category-castelli"},"jetpack_publicize_connections":[],"jetpack_featured_media_url":"https:\/\/i0.wp.com\/larevistadigital.com.ar\/blog\/wp-content\/uploads\/2018\/03\/28058737_888407407995629_5964054165892070186_n-664x335.jpg?fit=664%2C335&ssl=1","jetpack_sharing_enabled":true,"jetpack_shortlink":"https:\/\/wp.me\/p8qtrQ-1kc","jetpack-related-posts":[{"id":19621,"url":"https:\/\/larevistadigital.com.ar\/blog\/castelli-echarren-pidio-suspender-las-clases-presenciales\/","url_meta":{"origin":5096,"position":0},"title":"CASTELLI: ECHARREN PIDI\u00d3 SUSPENDER LAS CLASES PRESENCIALES","author":"Alejandro Sosa Ruda","date":"12 abril, 2021","format":false,"excerpt":"CASTELLI - El Intendente Municipal de Castelli, Francisco Echarren, afirm\u00f3 que si contin\u00faan abiertos los colegios \u201cva a volar todo por el aire\u201d. Echarren, a trav\u00e9s de un Hilo de Twitter, pidi\u00f3 por la suspensi\u00f3n de las clases en las escuelas y cuestion\u00f3 \u201csi alg\u00fan ministro\u201d decide continuar con la\u2026","rel":"","context":"En \u00abCASTELLI\u00bb","block_context":{"text":"CASTELLI","link":"https:\/\/larevistadigital.com.ar\/blog\/category\/castelli\/"},"img":{"alt_text":"","src":"https:\/\/i0.wp.com\/larevistadigital.com.ar\/blog\/wp-content\/uploads\/FireShot-Capture-3258-%E1%90%88-Castelli_-El-Intendente-Echarren-pidio-suspender-las-clases-presen_-www.infozona.com_.ar_.png?fit=886%2C529&ssl=1&resize=350%2C200","width":350,"height":200,"srcset":"https:\/\/i0.wp.com\/larevistadigital.com.ar\/blog\/wp-content\/uploads\/FireShot-Capture-3258-%E1%90%88-Castelli_-El-Intendente-Echarren-pidio-suspender-las-clases-presen_-www.infozona.com_.ar_.png?fit=886%2C529&ssl=1&resize=350%2C200 1x, https:\/\/i0.wp.com\/larevistadigital.com.ar\/blog\/wp-content\/uploads\/FireShot-Capture-3258-%E1%90%88-Castelli_-El-Intendente-Echarren-pidio-suspender-las-clases-presen_-www.infozona.com_.ar_.png?fit=886%2C529&ssl=1&resize=525%2C300 1.5x, https:\/\/i0.wp.com\/larevistadigital.com.ar\/blog\/wp-content\/uploads\/FireShot-Capture-3258-%E1%90%88-Castelli_-El-Intendente-Echarren-pidio-suspender-las-clases-presen_-www.infozona.com_.ar_.png?fit=886%2C529&ssl=1&resize=700%2C400 2x"},"classes":[]},{"id":17018,"url":"https:\/\/larevistadigital.com.ar\/blog\/castelli-echarren-se-reunio-con-el-presidente-de-la-camara-de-comercio\/","url_meta":{"origin":5096,"position":1},"title":"CASTELLI: ECHARREN SE REUNI\u00d3 CON EL PRESIDENTE DE LA C\u00c1MARA DE COMERCIO","author":"Alejandro Sosa Ruda","date":"16 octubre, 2020","format":false,"excerpt":"Ayer jueves por la noche, el Intendente Francisco Echarren recibi\u00f3 en su despacho al Presidente de la C\u00e1mara de Comercio de Castelli Marcelo Eserequis para dialogar sobre la situaci\u00f3n epidemiol\u00f3gica y establecer di\u00e1logos sobre los pasos futuros. Al t\u00e9rmino de la reuni\u00f3n, el Jefe Comunal asegur\u00f3 \"le transmit\u00ed que no\u2026","rel":"","context":"En \u00abCASTELLI\u00bb","block_context":{"text":"CASTELLI","link":"https:\/\/larevistadigital.com.ar\/blog\/category\/castelli\/"},"img":{"alt_text":"","src":"https:\/\/i0.wp.com\/larevistadigital.com.ar\/blog\/wp-content\/uploads\/121603488_1603440626492300_8271951230423429048_n.jpg?fit=960%2C720&ssl=1&resize=350%2C200","width":350,"height":200,"srcset":"https:\/\/i0.wp.com\/larevistadigital.com.ar\/blog\/wp-content\/uploads\/121603488_1603440626492300_8271951230423429048_n.jpg?fit=960%2C720&ssl=1&resize=350%2C200 1x, https:\/\/i0.wp.com\/larevistadigital.com.ar\/blog\/wp-content\/uploads\/121603488_1603440626492300_8271951230423429048_n.jpg?fit=960%2C720&ssl=1&resize=525%2C300 1.5x, https:\/\/i0.wp.com\/larevistadigital.com.ar\/blog\/wp-content\/uploads\/121603488_1603440626492300_8271951230423429048_n.jpg?fit=960%2C720&ssl=1&resize=700%2C400 2x"},"classes":[]},{"id":10715,"url":"https:\/\/larevistadigital.com.ar\/blog\/castelli-confirmada-la-lista-de-echarren-por-la-reeleccion\/","url_meta":{"origin":5096,"position":2},"title":"CASTELLI: CONFIRMADA LA LISTA DE ECHARREN POR LA REELECCI\u00d3N","author":"Alejandro Sosa Ruda","date":"23 junio, 2019","format":false,"excerpt":"El intendente de Castelli, Francisco Echarren present\u00f3 su lista que lo lleva como candidato para ser reelecto en las elecciones de octubre pr\u00f3ximo, y a continuaci\u00f3n la detallamos: INTENDENTE: Franc\u00edsco Echarren CONCEJALES TITULARES: 1- Julio Sebasti\u00e1n Echarren 2- Azecena Lujan Traverso 3- Juan Mart\u00edn Bourras 4- Anal\u00eda Beit\u00eda 5- Esteban\u2026","rel":"","context":"En \u00abCASTELLI\u00bb","block_context":{"text":"CASTELLI","link":"https:\/\/larevistadigital.com.ar\/blog\/category\/castelli\/"},"img":{"alt_text":"","src":"https:\/\/i0.wp.com\/larevistadigital.com.ar\/blog\/wp-content\/uploads\/64678055_10217024295913722_2327855369440722944_n.jpg?fit=720%2C960&ssl=1&resize=350%2C200","width":350,"height":200,"srcset":"https:\/\/i0.wp.com\/larevistadigital.com.ar\/blog\/wp-content\/uploads\/64678055_10217024295913722_2327855369440722944_n.jpg?fit=720%2C960&ssl=1&resize=350%2C200 1x, https:\/\/i0.wp.com\/larevistadigital.com.ar\/blog\/wp-content\/uploads\/64678055_10217024295913722_2327855369440722944_n.jpg?fit=720%2C960&ssl=1&resize=525%2C300 1.5x, https:\/\/i0.wp.com\/larevistadigital.com.ar\/blog\/wp-content\/uploads\/64678055_10217024295913722_2327855369440722944_n.jpg?fit=720%2C960&ssl=1&resize=700%2C400 2x"},"classes":[]},{"id":41371,"url":"https:\/\/larevistadigital.com.ar\/blog\/castelli-echarren-aseguro-que-hay-que-defender-la-salud-la-educacion-y-a-nuestro-pueblo\/","url_meta":{"origin":5096,"position":3},"title":"Castelli: Echarren asegur\u00f3 que hay que defender la salud, la educaci\u00f3n y a nuestro pueblo","author":"Alejandro Sosa Ruda","date":"10 septiembre, 2025","format":false,"excerpt":"El intendente de Castelli, Francisco Echarren, calific\u00f3 como \u201chist\u00f3rica\u201d la jornada electoral tras los comicios legislativos, en los que su espacio obtuvo un fuerte acompa\u00f1amiento de la comunidad. 10 de SSeptiembre de 2025 CASTELLI -\u00a0 \u201c\u00a1Elecci\u00f3n hist\u00f3rica, Castelli! N\u00fameros que nos llenan de orgullo, de esperanzas y que nos obligan\u2026","rel":"","context":"En \u00abCASTELLI\u00bb","block_context":{"text":"CASTELLI","link":"https:\/\/larevistadigital.com.ar\/blog\/category\/castelli\/"},"img":{"alt_text":"","src":"https:\/\/i0.wp.com\/larevistadigital.com.ar\/blog\/wp-content\/uploads\/multimedia.normal.93fcbc5bec195f5e.bm9ybWFsLkdJRg.gif?fit=795%2C524&ssl=1&resize=350%2C200","width":350,"height":200,"srcset":"https:\/\/i0.wp.com\/larevistadigital.com.ar\/blog\/wp-content\/uploads\/multimedia.normal.93fcbc5bec195f5e.bm9ybWFsLkdJRg.gif?fit=795%2C524&ssl=1&resize=350%2C200 1x, https:\/\/i0.wp.com\/larevistadigital.com.ar\/blog\/wp-content\/uploads\/multimedia.normal.93fcbc5bec195f5e.bm9ybWFsLkdJRg.gif?fit=795%2C524&ssl=1&resize=525%2C300 1.5x, https:\/\/i0.wp.com\/larevistadigital.com.ar\/blog\/wp-content\/uploads\/multimedia.normal.93fcbc5bec195f5e.bm9ybWFsLkdJRg.gif?fit=795%2C524&ssl=1&resize=700%2C400 2x"},"classes":[]},{"id":7454,"url":"https:\/\/larevistadigital.com.ar\/blog\/castelli-el-intendente-echarren-otorgo-un-bono-de-6-000-a-los-empleados-municipales\/","url_meta":{"origin":5096,"position":4},"title":"CASTELLI: EL INTENDENTE ECHARREN OTORG\u00d3 UN BONO DE $ 6.000.- A LOS EMPLEADOS MUNICIPALES","author":"Alejandro Sosa Ruda","date":"28 diciembre, 2018","format":false,"excerpt":"Seg\u00fan inform\u00f3 el portal INFOZONA, el intendente de Castelli, Francisco Echarren\u00a0cumpliment\u00f3 durante el d\u00eda de ayer, el pago del bono de fin de a\u00f1o que\u00a0 a los trabajadores municipales. Se trata de la nada despreciable suma de $6.000.- de manera extraordinaria, y que seguramente ser\u00e1n de gran ayuda para los\u2026","rel":"","context":"En \u00abCASTELLI\u00bb","block_context":{"text":"CASTELLI","link":"https:\/\/larevistadigital.com.ar\/blog\/category\/castelli\/"},"img":{"alt_text":"","src":"https:\/\/i0.wp.com\/larevistadigital.com.ar\/blog\/wp-content\/uploads\/2018\/12\/ECHARREN.jpg?fit=900%2C598&ssl=1&resize=350%2C200","width":350,"height":200,"srcset":"https:\/\/i0.wp.com\/larevistadigital.com.ar\/blog\/wp-content\/uploads\/2018\/12\/ECHARREN.jpg?fit=900%2C598&ssl=1&resize=350%2C200 1x, https:\/\/i0.wp.com\/larevistadigital.com.ar\/blog\/wp-content\/uploads\/2018\/12\/ECHARREN.jpg?fit=900%2C598&ssl=1&resize=525%2C300 1.5x, https:\/\/i0.wp.com\/larevistadigital.com.ar\/blog\/wp-content\/uploads\/2018\/12\/ECHARREN.jpg?fit=900%2C598&ssl=1&resize=700%2C400 2x"},"classes":[]},{"id":11523,"url":"https:\/\/larevistadigital.com.ar\/blog\/castelli-el-municipio-entrego-bono-de-7-000-a-sus-trabajadores\/","url_meta":{"origin":5096,"position":5},"title":"CASTELLI: EL MUNICIPIO ENTREG\u00d3 BONO DE $7.000.- A SUS TRABAJADORES","author":"Alejandro Sosa Ruda","date":"26 julio, 2019","format":false,"excerpt":"El intendente de Castelli, Franc\u00edsco Echarren comunic\u00f3 a trav\u00e9s de las redes sociales que en el d\u00eda de hoy entreg\u00f3 un bono a los empleados municipales de $7.000.- Es la tercera entrega que se brinda en lo que va del a\u00f1o, y Echarren lo expres\u00f3 de esta manera: \"Reci\u00e9n pagamos\u2026","rel":"","context":"En \u00abCASTELLI\u00bb","block_context":{"text":"CASTELLI","link":"https:\/\/larevistadigital.com.ar\/blog\/category\/castelli\/"},"img":{"alt_text":"","src":"https:\/\/i0.wp.com\/larevistadigital.com.ar\/blog\/wp-content\/uploads\/dinero-peso-argentinos-103252250.jpg?fit=1200%2C883&ssl=1&resize=350%2C200","width":350,"height":200,"srcset":"https:\/\/i0.wp.com\/larevistadigital.com.ar\/blog\/wp-content\/uploads\/dinero-peso-argentinos-103252250.jpg?fit=1200%2C883&ssl=1&resize=350%2C200 1x, https:\/\/i0.wp.com\/larevistadigital.com.ar\/blog\/wp-content\/uploads\/dinero-peso-argentinos-103252250.jpg?fit=1200%2C883&ssl=1&resize=525%2C300 1.5x, https:\/\/i0.wp.com\/larevistadigital.com.ar\/blog\/wp-content\/uploads\/dinero-peso-argentinos-103252250.jpg?fit=1200%2C883&ssl=1&resize=700%2C400 2x, https:\/\/i0.wp.com\/larevistadigital.com.ar\/blog\/wp-content\/uploads\/dinero-peso-argentinos-103252250.jpg?fit=1200%2C883&ssl=1&resize=1050%2C600 3x"},"classes":[]}],"_links":{"self":[{"href":"https:\/\/larevistadigital.com.ar\/blog\/wp-json\/wp\/v2\/posts\/5096","targetHints":{"allow":["GET"]}}],"collection":[{"href":"https:\/\/larevistadigital.com.ar\/blog\/wp-json\/wp\/v2\/posts"}],"about":[{"href":"https:\/\/larevistadigital.com.ar\/blog\/wp-json\/wp\/v2\/types\/post"}],"author":[{"embeddable":true,"href":"https:\/\/larevistadigital.com.ar\/blog\/wp-json\/wp\/v2\/users\/1"}],"replies":[{"embeddable":true,"href":"https:\/\/larevistadigital.com.ar\/blog\/wp-json\/wp\/v2\/comments?post=5096"}],"version-history":[{"count":1,"href":"https:\/\/larevistadigital.com.ar\/blog\/wp-json\/wp\/v2\/posts\/5096\/revisions"}],"predecessor-version":[{"id":5098,"href":"https:\/\/larevistadigital.com.ar\/blog\/wp-json\/wp\/v2\/posts\/5096\/revisions\/5098"}],"wp:featuredmedia":[{"embeddable":true,"href":"https:\/\/larevistadigital.com.ar\/blog\/wp-json\/wp\/v2\/media\/5097"}],"wp:attachment":[{"href":"https:\/\/larevistadigital.com.ar\/blog\/wp-json\/wp\/v2\/media?parent=5096"}],"wp:term":[{"taxonomy":"category","embeddable":true,"href":"https:\/\/larevistadigital.com.ar\/blog\/wp-json\/wp\/v2\/categories?post=5096"},{"taxonomy":"post_tag","embeddable":true,"href":"https:\/\/larevistadigital.com.ar\/blog\/wp-json\/wp\/v2\/tags?post=5096"}],"curies":[{"name":"wp","href":"https:\/\/api.w.org\/{rel}","templated":true}]}}