{"id":5099,"date":"2018-02-15T09:08:44","date_gmt":"2018-02-15T09:08:44","guid":{"rendered":"https:\/\/larevistadigital.com.ar\/blog\/?p=5099"},"modified":"2018-03-01T09:10:02","modified_gmt":"2018-03-01T09:10:02","slug":"inversion-salud-castelli-se-sumara-al-same-la-provincia","status":"publish","type":"post","link":"https:\/\/larevistadigital.com.ar\/blog\/inversion-salud-castelli-se-sumara-al-same-la-provincia\/","title":{"rendered":"INVERSI\u00d3N EN SALUD: CASTELLI SE SUMAR\u00c1 AL SAME DE LA PROVINCIA"},"content":{"rendered":"<p>Esta semana, luego de la aprobaci\u00f3n del convenio por parte del Concejo Deliberante, nuestra ciudad quedar\u00e1 adherida al Sistema de Atenci\u00f3n M\u00e9dica en Emergencias (SAME) a trav\u00e9s del Ministerio de Salud de la Provincia de Buenos Aires. Esto requerir\u00e1 una inversi\u00f3n en salud que redundar\u00e1 en m\u00e1s y mejor atenci\u00f3n m\u00e9dica, tanto para la asistencia en emergentolog\u00eda como en el tratamiento cotidiano para los castellenses.<\/p>\n<p><span class=\"text_exposed_show\">Concretamente, Castelli se sumar\u00e1 a los apenas 20 municipios bonaerenses que adhieren al sistema. A trav\u00e9s de esto, el municipio contar\u00e1 con una nueva ambulancia de \u00faltima generaci\u00f3n, equipamiento e insumos para su funcionamiento. Por su parte, la comuna tomar\u00e1 bajo su cargo el mantenimiento del veh\u00edculo junto con el pago del personal m\u00e9dico, enfermeros y chofer.<\/span><\/p>\n<div class=\"text_exposed_show\">\n<p>\u201cEs un convenio en el que cada parte pone algo de s\u00ed para que se pueda realizar, a medida que avancen los a\u00f1os despu\u00e9s de este acuerdo, cambian proporcionalmente los porcentajes que aportan Provincia y Municipio\u201d, cont\u00f3 la Secretaria General del Municipio, Laura Olgu\u00edn. La funcionaria destac\u00f3 adem\u00e1s que se trata de una decisi\u00f3n pol\u00edtica \u201cmuy fuerte, porque se trata de una importante inversi\u00f3n en salud pero que mejorar\u00e1 la calidad de vida de los vecinos\u201d y resumi\u00f3 \u201cse trata de una prioridad, es una pol\u00edtica p\u00fablica de Francisco invertir en Salud\u201d.<\/p>\n<p>Olgu\u00edn enfatiz\u00f3: \u201ces importante estar adheridos al sistema de salud de la provincia y eso nos va a significar mayor agilidad a la hora de brindar asistencia en emergencias\u201d<\/p>\n<p>El Intendente Francisco Echarren, junto con la Directora de\u00a0<a class=\"_58cn\" href=\"https:\/\/www.facebook.com\/hashtag\/salud?source=feed_text&amp;story_id=884766511693052\" data-ft=\"{&quot;tn&quot;:&quot;*N&quot;,&quot;type&quot;:104}\"><span class=\"_5afx\"><span class=\"_58cm\">S<\/span><\/span><\/a><span class=\"_5afx\"><span class=\"_58cm\">a<\/span><\/span><span class=\"_5afx\"><span class=\"_58cm\">lud<\/span><\/span>\u00a0de Castelli, Evangelina Dad\u00edn, realiz\u00f3 las gestiones ante la m\u00e1xima autoridad en salud de la provincia y luego de tener el visto bueno del Concejo Deliberante, realizar\u00e1 la firma del convenio con la posterior puesta en marcha del\u00a0<span class=\"_5afx\"><span class=\"_58cm\">SAME<\/span><\/span>\u00a0<span class=\"_5afx\"><span class=\"_58cm\">Castelli<\/span><\/span>.<\/p>\n<p><a class=\"td-popup-image\" href=\"https:\/\/i0.wp.com\/castelli.gob.ar\/wp-content\/uploads\/2018\/02\/foto.jpg\"><img data-recalc-dims=\"1\" loading=\"lazy\" decoding=\"async\" class=\"size-full wp-image-7336 aligncenter\" src=\"https:\/\/i0.wp.com\/castelli.gob.ar\/wp-content\/uploads\/2018\/02\/foto.jpg?resize=668%2C485\" sizes=\"auto, (max-width: 668px) 100vw, 668px\" srcset=\"http:\/\/castelli.gob.ar\/wp-content\/uploads\/2018\/02\/foto.jpg 668w, http:\/\/castelli.gob.ar\/wp-content\/uploads\/2018\/02\/foto-300x218.jpg 300w\" alt=\"\" width=\"668\" height=\"485\" \/><\/a><a class=\"td-popup-image\" href=\"https:\/\/i0.wp.com\/castelli.gob.ar\/wp-content\/uploads\/2018\/02\/same1.jpg\"><img data-recalc-dims=\"1\" loading=\"lazy\" decoding=\"async\" class=\" wp-image-7337 aligncenter\" src=\"https:\/\/i0.wp.com\/castelli.gob.ar\/wp-content\/uploads\/2018\/02\/same1.jpg?resize=668%2C503\" alt=\"\" width=\"668\" height=\"503\" \/><\/a><\/p>\n<\/div>\n","protected":false},"excerpt":{"rendered":"<div class=\"mh-excerpt\"><p>Esta semana, luego de la aprobaci\u00f3n del convenio por parte del Concejo Deliberante, nuestra ciudad quedar\u00e1 adherida al Sistema de Atenci\u00f3n M\u00e9dica en Emergencias (SAME) a trav\u00e9s del Ministerio de Salud de la Provincia de <a class=\"mh-excerpt-more\" href=\"https:\/\/larevistadigital.com.ar\/blog\/inversion-salud-castelli-se-sumara-al-same-la-provincia\/\" title=\"INVERSI\u00d3N EN SALUD: CASTELLI SE SUMAR\u00c1 AL SAME DE LA PROVINCIA\">[Leer M\u00e1s]<\/a><\/p>\n<\/div>","protected":false},"author":1,"featured_media":5100,"comment_status":"open","ping_status":"open","sticky":false,"template":"","format":"standard","meta":{"_jetpack_memberships_contains_paid_content":false,"footnotes":"","jetpack_publicize_message":"","jetpack_publicize_feature_enabled":true,"jetpack_social_post_already_shared":true,"jetpack_social_options":{"image_generator_settings":{"template":"highway","default_image_id":0,"font":"","enabled":false},"version":2}},"categories":[4],"tags":[],"class_list":{"0":"post-5099","1":"post","2":"type-post","3":"status-publish","4":"format-standard","5":"has-post-thumbnail","7":"category-castelli"},"jetpack_publicize_connections":[],"jetpack_featured_media_url":"https:\/\/i0.wp.com\/larevistadigital.com.ar\/blog\/wp-content\/uploads\/2018\/03\/same-664x335.jpg?fit=664%2C335&ssl=1","jetpack_sharing_enabled":true,"jetpack_shortlink":"https:\/\/wp.me\/p8qtrQ-1kf","jetpack-related-posts":[{"id":16501,"url":"https:\/\/larevistadigital.com.ar\/blog\/castelli-avanzan-las-obras-en-el-quirofano-y-la-sala-de-tomografia-del-hospital-dr-ramon-carrillo\/","url_meta":{"origin":5099,"position":0},"title":"CASTELLI: AVANZAN LAS OBRAS EN EL QUIR\u00d3FANO Y LA SALA DE TOMOGRAF\u00cdA DEL HOSPITAL DR. RAM\u00d3N CARRILLO","author":"Alejandro Sosa Ruda","date":"25 septiembre, 2020","format":false,"excerpt":"Dentro del Hospital Municipal de Castelli se vienen desarrollando en simult\u00e1neo distintas obras y refacciones para adaptar el edificio a los nuevos equipamientos incorporados y mejorar los espacios existentes. Esto apunta a ampliar los servicios de diagn\u00f3stico y salud, brindando una atenci\u00f3n regional y de mayor complejidad. En el quir\u00f3fano\u2026","rel":"","context":"En \u00abCASTELLI\u00bb","block_context":{"text":"CASTELLI","link":"https:\/\/larevistadigital.com.ar\/blog\/category\/castelli\/"},"img":{"alt_text":"","src":"https:\/\/i0.wp.com\/larevistadigital.com.ar\/blog\/wp-content\/uploads\/119990267_1584521661717530_3308828341668314563_n.jpg?fit=960%2C624&ssl=1&resize=350%2C200","width":350,"height":200,"srcset":"https:\/\/i0.wp.com\/larevistadigital.com.ar\/blog\/wp-content\/uploads\/119990267_1584521661717530_3308828341668314563_n.jpg?fit=960%2C624&ssl=1&resize=350%2C200 1x, https:\/\/i0.wp.com\/larevistadigital.com.ar\/blog\/wp-content\/uploads\/119990267_1584521661717530_3308828341668314563_n.jpg?fit=960%2C624&ssl=1&resize=525%2C300 1.5x, https:\/\/i0.wp.com\/larevistadigital.com.ar\/blog\/wp-content\/uploads\/119990267_1584521661717530_3308828341668314563_n.jpg?fit=960%2C624&ssl=1&resize=700%2C400 2x"},"classes":[]},{"id":16392,"url":"https:\/\/larevistadigital.com.ar\/blog\/el-hospital-de-castelli-subira-de-categoria-y-apunta-a-la-atencion-regional-en-salud\/","url_meta":{"origin":5099,"position":1},"title":"EL HOSPITAL DE CASTELLI SUBIR\u00c1 DE CATEGOR\u00cdA Y APUNTA A LA ATENCI\u00d3N REGIONAL EN SALUD","author":"Alejandro Sosa Ruda","date":"18 septiembre, 2020","format":false,"excerpt":"Esta semana, el Jefe Comunal Francisco Echarren junto al Jefe de Gabinete de Castelli, Sebasti\u00e1n Echarren mantuvieron una reuni\u00f3n con el Ministro de Salud Daniel Goll\u00e1n donde analizaron la actualidad de la salud local, coincidiendo en que establecer la cuarentena signific\u00f3 un \u201c\u00e9xito en t\u00e9rminos sanitarios\u201d. Tambi\u00e9n participaron del encuentro\u2026","rel":"","context":"En \u00abCASTELLI\u00bb","block_context":{"text":"CASTELLI","link":"https:\/\/larevistadigital.com.ar\/blog\/category\/castelli\/"},"img":{"alt_text":"","src":"https:\/\/i0.wp.com\/larevistadigital.com.ar\/blog\/wp-content\/uploads\/119574085_1578303259006037_7365230350435266520_n.jpg?fit=960%2C640&ssl=1&resize=350%2C200","width":350,"height":200,"srcset":"https:\/\/i0.wp.com\/larevistadigital.com.ar\/blog\/wp-content\/uploads\/119574085_1578303259006037_7365230350435266520_n.jpg?fit=960%2C640&ssl=1&resize=350%2C200 1x, https:\/\/i0.wp.com\/larevistadigital.com.ar\/blog\/wp-content\/uploads\/119574085_1578303259006037_7365230350435266520_n.jpg?fit=960%2C640&ssl=1&resize=525%2C300 1.5x, https:\/\/i0.wp.com\/larevistadigital.com.ar\/blog\/wp-content\/uploads\/119574085_1578303259006037_7365230350435266520_n.jpg?fit=960%2C640&ssl=1&resize=700%2C400 2x"},"classes":[]},{"id":24798,"url":"https:\/\/larevistadigital.com.ar\/blog\/ruta-2-choque-de-camiones-en-castelli\/","url_meta":{"origin":5099,"position":2},"title":"RUTA 2: CHOQUE DE CAMIONES EN CASTELLI","author":"Alejandro Sosa Ruda","date":"25 marzo, 2022","format":false,"excerpt":"CASTELLI -\u00a0 Un camionero result\u00f3 herido tras colisionar con el cami\u00f3n que manejaba marca Iveco, en la parte trasera de otro Mercedes Benz. El accidente fue a la altura del kil\u00f3metro 181 de la Ruta, en jurisdicci\u00f3n del partido de Castelli, en sentido hacia la Capital Federal. Debido al impacto,\u2026","rel":"","context":"En \u00abCASTELLI\u00bb","block_context":{"text":"CASTELLI","link":"https:\/\/larevistadigital.com.ar\/blog\/category\/castelli\/"},"img":{"alt_text":"","src":"https:\/\/i0.wp.com\/larevistadigital.com.ar\/blog\/wp-content\/uploads\/df98fe399fc709c80bb4f1d3a67d7a99d228ce86.jpg?fit=1140%2C642&ssl=1&resize=350%2C200","width":350,"height":200,"srcset":"https:\/\/i0.wp.com\/larevistadigital.com.ar\/blog\/wp-content\/uploads\/df98fe399fc709c80bb4f1d3a67d7a99d228ce86.jpg?fit=1140%2C642&ssl=1&resize=350%2C200 1x, https:\/\/i0.wp.com\/larevistadigital.com.ar\/blog\/wp-content\/uploads\/df98fe399fc709c80bb4f1d3a67d7a99d228ce86.jpg?fit=1140%2C642&ssl=1&resize=525%2C300 1.5x, https:\/\/i0.wp.com\/larevistadigital.com.ar\/blog\/wp-content\/uploads\/df98fe399fc709c80bb4f1d3a67d7a99d228ce86.jpg?fit=1140%2C642&ssl=1&resize=700%2C400 2x, https:\/\/i0.wp.com\/larevistadigital.com.ar\/blog\/wp-content\/uploads\/df98fe399fc709c80bb4f1d3a67d7a99d228ce86.jpg?fit=1140%2C642&ssl=1&resize=1050%2C600 3x"},"classes":[]},{"id":14743,"url":"https:\/\/larevistadigital.com.ar\/blog\/castelli-sebastian-echarren-fue-recibido-por-el-ministro-de-salud-de-la-provincia\/","url_meta":{"origin":5099,"position":3},"title":"CASTELLI: SEBASTI\u00c1N ECHARREN FUE RECIBIDO POR EL MINISTRO DE SALUD DE LA PROVINCIA","author":"Alejandro Sosa Ruda","date":"12 febrero, 2020","format":false,"excerpt":"En la jornada de este martes, el titular de la cartera sanitaria, Daniel Gollan, recibi\u00f3 en su despacho al jefe de gabinete de Castelli, Sebasti\u00e1n Echarren. El encuentro se da en el marco de reuniones que el ministerio de salud bonaerense contin\u00faa realizando con los municipios de la Provincia para\u2026","rel":"","context":"En \u00abCASTELLI\u00bb","block_context":{"text":"CASTELLI","link":"https:\/\/larevistadigital.com.ar\/blog\/category\/castelli\/"},"img":{"alt_text":"","src":"https:\/\/i0.wp.com\/larevistadigital.com.ar\/blog\/wp-content\/uploads\/85060803_1393085587527806_8737639526626754560_n.jpg?fit=960%2C634&ssl=1&resize=350%2C200","width":350,"height":200,"srcset":"https:\/\/i0.wp.com\/larevistadigital.com.ar\/blog\/wp-content\/uploads\/85060803_1393085587527806_8737639526626754560_n.jpg?fit=960%2C634&ssl=1&resize=350%2C200 1x, https:\/\/i0.wp.com\/larevistadigital.com.ar\/blog\/wp-content\/uploads\/85060803_1393085587527806_8737639526626754560_n.jpg?fit=960%2C634&ssl=1&resize=525%2C300 1.5x, https:\/\/i0.wp.com\/larevistadigital.com.ar\/blog\/wp-content\/uploads\/85060803_1393085587527806_8737639526626754560_n.jpg?fit=960%2C634&ssl=1&resize=700%2C400 2x"},"classes":[]},{"id":5423,"url":"https:\/\/larevistadigital.com.ar\/blog\/comenzara-a-funcionar-el-centro-de-atencion-al-vecino-en-castelli\/","url_meta":{"origin":5099,"position":4},"title":"COMENZAR\u00c1 A FUNCIONAR EL CENTRO DE ATENCI\u00d3N AL VECINO EN CASTELLI","author":"admin","date":"11 abril, 2018","format":false,"excerpt":"El CAV, es el nuevo sistema de reclamos, consultas e informaci\u00f3n de l\u00ednea directa entre los vecinos y la Municipalidad de\u00a0Castelli. De este modo, los castellenses podr\u00e1n realizar sus reclamos y consultas a trav\u00e9s de una l\u00ednea telef\u00f3nica v\u00eda whatsapp al 2245 479819 y tambi\u00e9n de manera presencial en la\u2026","rel":"","context":"En \u00abCASTELLI\u00bb","block_context":{"text":"CASTELLI","link":"https:\/\/larevistadigital.com.ar\/blog\/category\/castelli\/"},"img":{"alt_text":"","src":"https:\/\/i0.wp.com\/larevistadigital.com.ar\/blog\/wp-content\/uploads\/2018\/04\/29790602_909893375847032_1765178850817343488_n-664x335.jpg?fit=664%2C335&ssl=1&resize=350%2C200","width":350,"height":200,"srcset":"https:\/\/i0.wp.com\/larevistadigital.com.ar\/blog\/wp-content\/uploads\/2018\/04\/29790602_909893375847032_1765178850817343488_n-664x335.jpg?fit=664%2C335&ssl=1&resize=350%2C200 1x, https:\/\/i0.wp.com\/larevistadigital.com.ar\/blog\/wp-content\/uploads\/2018\/04\/29790602_909893375847032_1765178850817343488_n-664x335.jpg?fit=664%2C335&ssl=1&resize=525%2C300 1.5x"},"classes":[]},{"id":39044,"url":"https:\/\/larevistadigital.com.ar\/blog\/conmocion-un-joven-de-castelli-lucha-por-su-vida-tras-un-grave-accidente\/","url_meta":{"origin":5099,"position":5},"title":"Conmoci\u00f3n: Un joven de Castelli lucha por su vida tras un grave accidente","author":"Alejandro Sosa Ruda","date":"16 marzo, 2025","format":false,"excerpt":"Su familia pide una cadena de oraci\u00f3n por su recuperaci\u00f3n. 16 de Marzo de 2025 CASTELLI -\u00a0 \u00a0Un joven de 16 a\u00f1os, identificado como Tom\u00e1s Iriarte, sufri\u00f3 un grave accidente mientras realizaba tareas rurales con su caballo en un establecimiento de la zona de Cerro de La Gloria, en Castelli.\u2026","rel":"","context":"En \u00abCASTELLI\u00bb","block_context":{"text":"CASTELLI","link":"https:\/\/larevistadigital.com.ar\/blog\/category\/castelli\/"},"img":{"alt_text":"","src":"https:\/\/i0.wp.com\/larevistadigital.com.ar\/blog\/wp-content\/uploads\/4901719641db92185723b4e528ab23c5a3486d02-e1742139651132.jpg?fit=720%2C516&ssl=1&resize=350%2C200","width":350,"height":200,"srcset":"https:\/\/i0.wp.com\/larevistadigital.com.ar\/blog\/wp-content\/uploads\/4901719641db92185723b4e528ab23c5a3486d02-e1742139651132.jpg?fit=720%2C516&ssl=1&resize=350%2C200 1x, https:\/\/i0.wp.com\/larevistadigital.com.ar\/blog\/wp-content\/uploads\/4901719641db92185723b4e528ab23c5a3486d02-e1742139651132.jpg?fit=720%2C516&ssl=1&resize=525%2C300 1.5x, https:\/\/i0.wp.com\/larevistadigital.com.ar\/blog\/wp-content\/uploads\/4901719641db92185723b4e528ab23c5a3486d02-e1742139651132.jpg?fit=720%2C516&ssl=1&resize=700%2C400 2x"},"classes":[]}],"_links":{"self":[{"href":"https:\/\/larevistadigital.com.ar\/blog\/wp-json\/wp\/v2\/posts\/5099","targetHints":{"allow":["GET"]}}],"collection":[{"href":"https:\/\/larevistadigital.com.ar\/blog\/wp-json\/wp\/v2\/posts"}],"about":[{"href":"https:\/\/larevistadigital.com.ar\/blog\/wp-json\/wp\/v2\/types\/post"}],"author":[{"embeddable":true,"href":"https:\/\/larevistadigital.com.ar\/blog\/wp-json\/wp\/v2\/users\/1"}],"replies":[{"embeddable":true,"href":"https:\/\/larevistadigital.com.ar\/blog\/wp-json\/wp\/v2\/comments?post=5099"}],"version-history":[{"count":1,"href":"https:\/\/larevistadigital.com.ar\/blog\/wp-json\/wp\/v2\/posts\/5099\/revisions"}],"predecessor-version":[{"id":5101,"href":"https:\/\/larevistadigital.com.ar\/blog\/wp-json\/wp\/v2\/posts\/5099\/revisions\/5101"}],"wp:featuredmedia":[{"embeddable":true,"href":"https:\/\/larevistadigital.com.ar\/blog\/wp-json\/wp\/v2\/media\/5100"}],"wp:attachment":[{"href":"https:\/\/larevistadigital.com.ar\/blog\/wp-json\/wp\/v2\/media?parent=5099"}],"wp:term":[{"taxonomy":"category","embeddable":true,"href":"https:\/\/larevistadigital.com.ar\/blog\/wp-json\/wp\/v2\/categories?post=5099"},{"taxonomy":"post_tag","embeddable":true,"href":"https:\/\/larevistadigital.com.ar\/blog\/wp-json\/wp\/v2\/tags?post=5099"}],"curies":[{"name":"wp","href":"https:\/\/api.w.org\/{rel}","templated":true}]}}