{"id":51,"date":"2017-01-30T14:29:37","date_gmt":"2017-01-30T14:29:37","guid":{"rendered":"https:\/\/larevistadigital.com.ar\/blog\/?p=51"},"modified":"2017-01-30T14:29:37","modified_gmt":"2017-01-30T14:29:37","slug":"david-beckham-rompio-el-silencio-y-confeso-la-verdad-detras-de-su-salida-del-manchester-united","status":"publish","type":"post","link":"https:\/\/larevistadigital.com.ar\/blog\/david-beckham-rompio-el-silencio-y-confeso-la-verdad-detras-de-su-salida-del-manchester-united\/","title":{"rendered":"David Beckham rompi\u00f3 el silencio, y confes\u00f3 la verdad detr\u00e1s de su salida del Manchester United"},"content":{"rendered":"<p><strong><em>El ex futbolista ingl\u00e9s sorprendi\u00f3 al contar un secreto sobre aquella transferencia que cost\u00f3 cerca de 40 millones de d\u00f3lares<\/em><\/strong><\/p>\n<p>A poco m\u00e1s de 13 a\u00f1os despu\u00e9s de haberse convertido en un \u00abgal\u00e1ctico\u00bb,\u00a0<strong>David Beckham habl\u00f3 sobre aquella transferencia al Real Madrid<\/strong>\u00a0que hizo estallar el mercado de pases en julio de 2003.<\/p>\n<p>Ya con 41 a\u00f1os, instalado en Estados Unidos y mientras trabaja en la fundaci\u00f3n de\u00a0su propio club de f\u00fatbol, el ex jugador ingl\u00e9s dialog\u00f3 con\u00a0<em>Radio BBC<\/em>\u00a0y sorprendi\u00f3 al contar<strong>\u00a0<\/strong><strong>c\u00f3mo fueron los d\u00edas posteriores abandonar el Manchester United.<\/strong><\/p>\n<p><strong>\u00abQued\u00e9 devastado cuando Ferguson, el Manchester, me vendi\u00f3 al Real Madrid\u00bb,\u00a0<\/strong>revel\u00f3\u00a0<strong>Beckham<\/strong> quien afirm\u00f3 que su objetivo no era pasar a la instituci\u00f3n blanca:\u00a0<strong>\u00abMis planes eran retirarme en el Manchester United, pero no me dejaron. El club me vendi\u00f3 a Espa\u00f1a, al Real Madrid. Para m\u00ed fue una conmoci\u00f3n\u00bb.<\/strong><\/p>\n<p>Su llegada a un club como el Real Madrid, a cambio de 40 millones de d\u00f3lares, no fue suficiente para tapar la tristeza que sent\u00eda por abandonar <strong>Old Trafford<\/strong> y su depresi\u00f3n aument\u00f3 con los d\u00edas:\u00a0<strong>\u00abDel disgusto estuve tres a\u00f1os sin ver un partido del United\u00bb.<\/strong><\/p>\n<p>Estas revelaciones fueron una sorpresa, ya que\u00a0<strong>el brit\u00e1nico jam\u00e1s hab\u00eda hablado sobre esta situaci\u00f3n<\/strong>\u00a0que ocult\u00f3 ante la prensa durante tantos a\u00f1os. Sin embargo, aclar\u00f3 que\u00a0<strong>su etapa en el equipo espa\u00f1ol fue \u00abmuy bonita\u00bb<\/strong>\u00a0y que el problema no era llegar al vestuario del <strong>Santiago Bernab\u00e9u<\/strong>, sino que era dejar el <strong>United<\/strong>.<\/p>\n<p><strong>FUENTE: INFOBAE<\/strong><\/p>\n<figure id=\"attachment_52\" aria-describedby=\"caption-attachment-52\" style=\"width: 300px\" class=\"wp-caption alignnone\"><a href=\"https:\/\/i0.wp.com\/larevistadigital.com.ar\/blog\/wp-content\/uploads\/2017\/01\/David_Beckham_3481418k-1.jpg?ssl=1\"><img data-recalc-dims=\"1\" loading=\"lazy\" decoding=\"async\" class=\"size-medium wp-image-52\" src=\"https:\/\/i0.wp.com\/larevistadigital.com.ar\/blog\/wp-content\/uploads\/2017\/01\/David_Beckham_3481418k-1.jpg?resize=300%2C187&#038;ssl=1\" alt=\"\" width=\"300\" height=\"187\" srcset=\"https:\/\/i0.wp.com\/larevistadigital.com.ar\/blog\/wp-content\/uploads\/2017\/01\/David_Beckham_3481418k-1.jpg?resize=300%2C187&amp;ssl=1 300w, https:\/\/i0.wp.com\/larevistadigital.com.ar\/blog\/wp-content\/uploads\/2017\/01\/David_Beckham_3481418k-1.jpg?resize=768%2C480&amp;ssl=1 768w, https:\/\/i0.wp.com\/larevistadigital.com.ar\/blog\/wp-content\/uploads\/2017\/01\/David_Beckham_3481418k-1.jpg?w=858&amp;ssl=1 858w\" sizes=\"auto, (max-width: 300px) 100vw, 300px\" \/><\/a><figcaption id=\"caption-attachment-52\" class=\"wp-caption-text\">MUST CREDIT SPECIAL PRICE APPLIES. RESTRICTIONS APPLY. British footballing star turned fashion icon David Beckham.<\/figcaption><\/figure>\n","protected":false},"excerpt":{"rendered":"<div class=\"mh-excerpt\"><p>El ex futbolista ingl\u00e9s sorprendi\u00f3 al contar un secreto sobre aquella transferencia que cost\u00f3 cerca de 40 millones de d\u00f3lares A poco m\u00e1s de 13 a\u00f1os despu\u00e9s de haberse convertido en un \u00abgal\u00e1ctico\u00bb,\u00a0David Beckham habl\u00f3 <a class=\"mh-excerpt-more\" href=\"https:\/\/larevistadigital.com.ar\/blog\/david-beckham-rompio-el-silencio-y-confeso-la-verdad-detras-de-su-salida-del-manchester-united\/\" title=\"David Beckham rompi\u00f3 el silencio, y confes\u00f3 la verdad detr\u00e1s de su salida del Manchester United\">[Leer M\u00e1s]<\/a><\/p>\n<\/div>","protected":false},"author":2,"featured_media":52,"comment_status":"open","ping_status":"open","sticky":false,"template":"","format":"standard","meta":{"_jetpack_memberships_contains_paid_content":false,"footnotes":"","jetpack_publicize_message":"","jetpack_publicize_feature_enabled":true,"jetpack_social_post_already_shared":false,"jetpack_social_options":{"image_generator_settings":{"template":"highway","default_image_id":0,"font":"","enabled":false},"version":2}},"categories":[8],"tags":[],"class_list":{"0":"post-51","1":"post","2":"type-post","3":"status-publish","4":"format-standard","5":"has-post-thumbnail","7":"category-deportes"},"jetpack_publicize_connections":[],"jetpack_featured_media_url":"https:\/\/i0.wp.com\/larevistadigital.com.ar\/blog\/wp-content\/uploads\/2017\/01\/David_Beckham_3481418k-1.jpg?fit=858%2C536&ssl=1","jetpack_sharing_enabled":true,"jetpack_shortlink":"https:\/\/wp.me\/p8qtrQ-P","jetpack-related-posts":[{"id":706,"url":"https:\/\/larevistadigital.com.ar\/blog\/se-canso-bauza-una-declaracion-explosiva-la-convocatoria-mauro-icardi\/","url_meta":{"origin":51,"position":0},"title":"Se cans\u00f3: Bauza y una declaraci\u00f3n explosiva sobre la convocatoria de Mauro Icardi","author":"editor","date":"8 marzo, 2017","format":false,"excerpt":"A Edgardo Bauza no lo dejan en paz. Es que al entrenador de la Selecci\u00f3n argentina suelen atosigarlo cada vez que habla con la prensa con un apellido: el del delantero Mauro Icardi, el gran ausente en sus listas. En los \u00faltimos d\u00edas, Bauza dispuso una nueva convocatoria sin sorpresas\u2026","rel":"","context":"En \u00abDEPORTES\u00bb","block_context":{"text":"DEPORTES","link":"https:\/\/larevistadigital.com.ar\/blog\/category\/deportes\/"},"img":{"alt_text":"","src":"https:\/\/i0.wp.com\/larevistadigital.com.ar\/blog\/wp-content\/uploads\/2017\/03\/0011020369.jpg?fit=678%2C435&ssl=1&resize=350%2C200","width":350,"height":200,"srcset":"https:\/\/i0.wp.com\/larevistadigital.com.ar\/blog\/wp-content\/uploads\/2017\/03\/0011020369.jpg?fit=678%2C435&ssl=1&resize=350%2C200 1x, https:\/\/i0.wp.com\/larevistadigital.com.ar\/blog\/wp-content\/uploads\/2017\/03\/0011020369.jpg?fit=678%2C435&ssl=1&resize=525%2C300 1.5x"},"classes":[]},{"id":24662,"url":"https:\/\/larevistadigital.com.ar\/blog\/champions-league-todos-los-duelos-de-los-cuartos-de-final\/","url_meta":{"origin":51,"position":1},"title":"CHAMPIONS LEAGUE: TODOS LOS DUELOS DE LOS CUARTOS DE FINAL","author":"Alejandro Sosa Ruda","date":"18 marzo, 2022","format":false,"excerpt":"Esta ma\u00f1ana (18\/3), se sortearon los cuartos de final de la UEFA Champions League y habr\u00e1 partidos incre\u00edbles. Real Madrid, ir\u00e1 por su revancha ante Chelsea. Ya pasados por los octavos de final, la UEFA se reuni\u00f3 en Suiza y defini\u00f3 la suerte de los equipos y el cuadro hacia\u2026","rel":"","context":"En \u00abDEPORTES\u00bb","block_context":{"text":"DEPORTES","link":"https:\/\/larevistadigital.com.ar\/blog\/category\/deportes\/"},"img":{"alt_text":"","src":"https:\/\/i0.wp.com\/larevistadigital.com.ar\/blog\/wp-content\/uploads\/clasificados-cuartos-europa-league.jpeg?fit=1200%2C675&ssl=1&resize=350%2C200","width":350,"height":200,"srcset":"https:\/\/i0.wp.com\/larevistadigital.com.ar\/blog\/wp-content\/uploads\/clasificados-cuartos-europa-league.jpeg?fit=1200%2C675&ssl=1&resize=350%2C200 1x, https:\/\/i0.wp.com\/larevistadigital.com.ar\/blog\/wp-content\/uploads\/clasificados-cuartos-europa-league.jpeg?fit=1200%2C675&ssl=1&resize=525%2C300 1.5x, https:\/\/i0.wp.com\/larevistadigital.com.ar\/blog\/wp-content\/uploads\/clasificados-cuartos-europa-league.jpeg?fit=1200%2C675&ssl=1&resize=700%2C400 2x, https:\/\/i0.wp.com\/larevistadigital.com.ar\/blog\/wp-content\/uploads\/clasificados-cuartos-europa-league.jpeg?fit=1200%2C675&ssl=1&resize=1050%2C600 3x"},"classes":[]},{"id":15899,"url":"https:\/\/larevistadigital.com.ar\/blog\/manchester-city-dejo-afuera-de-la-champions-al-real-madrid-al-ganarle-por-2-a-1\/","url_meta":{"origin":51,"position":2},"title":"MANCHESTER CITY DEJ\u00d3 AFUERA DE LA CHAMPIONS AL REAL MADRID AL GANARLE POR 2 A 1","author":"Alejandro Sosa Ruda","date":"10 agosto, 2020","format":false,"excerpt":"La jornada de hoy de la Champions League tuvo varios duelos atractivos. Entre ellos, el m\u00e1s destacado fue la cita en Manchester entre el City de Guardiola y el Real Madrid de Zidane. Al t\u00e9rmino del entretiempo, el partido esta empatado 1-1 con goles de Sterling para el City, mientras\u2026","rel":"","context":"En \u00abDEPORTES\u00bb","block_context":{"text":"DEPORTES","link":"https:\/\/larevistadigital.com.ar\/blog\/category\/deportes\/"},"img":{"alt_text":"","src":"https:\/\/i0.wp.com\/larevistadigital.com.ar\/blog\/wp-content\/uploads\/ee2hhllxgaaekk3-scaled.jpg?fit=1200%2C800&ssl=1&resize=350%2C200","width":350,"height":200,"srcset":"https:\/\/i0.wp.com\/larevistadigital.com.ar\/blog\/wp-content\/uploads\/ee2hhllxgaaekk3-scaled.jpg?fit=1200%2C800&ssl=1&resize=350%2C200 1x, https:\/\/i0.wp.com\/larevistadigital.com.ar\/blog\/wp-content\/uploads\/ee2hhllxgaaekk3-scaled.jpg?fit=1200%2C800&ssl=1&resize=525%2C300 1.5x, https:\/\/i0.wp.com\/larevistadigital.com.ar\/blog\/wp-content\/uploads\/ee2hhllxgaaekk3-scaled.jpg?fit=1200%2C800&ssl=1&resize=700%2C400 2x, https:\/\/i0.wp.com\/larevistadigital.com.ar\/blog\/wp-content\/uploads\/ee2hhllxgaaekk3-scaled.jpg?fit=1200%2C800&ssl=1&resize=1050%2C600 3x"},"classes":[]},{"id":12338,"url":"https:\/\/larevistadigital.com.ar\/blog\/scaloni-dio-la-lista\/","url_meta":{"origin":51,"position":3},"title":"SCALONI DIO LA LISTA","author":"Alejandro Sosa Ruda","date":"27 septiembre, 2019","format":false,"excerpt":"Lionel Scaloni, entrenador del seleccionado argentino,\u00a0confirm\u00f3 a los 26 convocados\u00a0para la pr\u00f3xima fecha FIFA a disputarse en octubre, que incluir\u00e1 un partido con Alemania en Dortmund, el 9 del pr\u00f3ximo mes, y el otro ante Ecuador,\u00a0en Espa\u00f1a, el domingo 13. Ya se sab\u00eda que el entrenador no iba a contar\u2026","rel":"","context":"En \u00abDEPORTES\u00bb","block_context":{"text":"DEPORTES","link":"https:\/\/larevistadigital.com.ar\/blog\/category\/deportes\/"},"img":{"alt_text":"","src":"https:\/\/i0.wp.com\/larevistadigital.com.ar\/blog\/wp-content\/uploads\/Screenshot_2-44.jpg?fit=877%2C714&ssl=1&resize=350%2C200","width":350,"height":200,"srcset":"https:\/\/i0.wp.com\/larevistadigital.com.ar\/blog\/wp-content\/uploads\/Screenshot_2-44.jpg?fit=877%2C714&ssl=1&resize=350%2C200 1x, https:\/\/i0.wp.com\/larevistadigital.com.ar\/blog\/wp-content\/uploads\/Screenshot_2-44.jpg?fit=877%2C714&ssl=1&resize=525%2C300 1.5x, https:\/\/i0.wp.com\/larevistadigital.com.ar\/blog\/wp-content\/uploads\/Screenshot_2-44.jpg?fit=877%2C714&ssl=1&resize=700%2C400 2x"},"classes":[]},{"id":43518,"url":"https:\/\/larevistadigital.com.ar\/blog\/franco-mastantuono-se-estreno-como-goleador-en-la-champions-league-y-brillo-en-la-goleada-del-real-madrid\/","url_meta":{"origin":51,"position":4},"title":"Franco Mastantuono se estren\u00f3 como goleador en la Champions League y brill\u00f3 en la goleada del Real Madrid","author":"Alejandro Sosa Ruda","date":"20 enero, 2026","format":false,"excerpt":"El ex River fue titular ante el M\u00f3naco, marc\u00f3 un gol y volvi\u00f3 a ganar protagonismo con la llegada de \u00c1lvaro Arbeloa al banco del conjunto espa\u00f1ol. 20 de enero de 2026 El argentino Franco Mastantuono vivi\u00f3 una noche inolvidable en Europa al convertir su primer gol en la Champions\u2026","rel":"","context":"En \u00abDEPORTES\u00bb","block_context":{"text":"DEPORTES","link":"https:\/\/larevistadigital.com.ar\/blog\/category\/deportes\/"},"img":{"alt_text":"","src":"https:\/\/i0.wp.com\/larevistadigital.com.ar\/blog\/wp-content\/uploads\/Captura-de-pantalla-2026-01-20-211242.jpg?fit=808%2C483&ssl=1&resize=350%2C200","width":350,"height":200,"srcset":"https:\/\/i0.wp.com\/larevistadigital.com.ar\/blog\/wp-content\/uploads\/Captura-de-pantalla-2026-01-20-211242.jpg?fit=808%2C483&ssl=1&resize=350%2C200 1x, https:\/\/i0.wp.com\/larevistadigital.com.ar\/blog\/wp-content\/uploads\/Captura-de-pantalla-2026-01-20-211242.jpg?fit=808%2C483&ssl=1&resize=525%2C300 1.5x, https:\/\/i0.wp.com\/larevistadigital.com.ar\/blog\/wp-content\/uploads\/Captura-de-pantalla-2026-01-20-211242.jpg?fit=808%2C483&ssl=1&resize=700%2C400 2x"},"classes":[]},{"id":30159,"url":"https:\/\/larevistadigital.com.ar\/blog\/te-lo-vas-a-perder-hoy-el-arsenal-vs-manchester-city-de-julian-alvarez-y-otros-duelos-imperdibles-por-la-champions-hora-y-tv-para-disfrutarlos\/","url_meta":{"origin":51,"position":5},"title":"TE LO VAS A PERDER: HOY EL ARSENAL VS. MANCHESTER CITY DE JULI\u00c1N \u00c1LVAREZ Y OTROS DUELOS IMPERDIBLES POR LA CHAMPIONS. HORA Y TV PARA DISFRUTARLOS","author":"Alejandro Sosa Ruda","date":"15 febrero, 2023","format":false,"excerpt":"Hoy contin\u00faan los partidos de ida de Octavos de Final del certamen continental, y a su vez, el l\u00edder y el escolta de la liga inglesa jugar\u00e1n el pendiente de la fecha 12. 15 de febrero de 2023 El primero de los partidos ser\u00e1\u00a0Arsenal vs Manchester City, que debi\u00f3 jugarse\u2026","rel":"","context":"En \u00abDEPORTES\u00bb","block_context":{"text":"DEPORTES","link":"https:\/\/larevistadigital.com.ar\/blog\/category\/deportes\/"},"img":{"alt_text":"","src":"https:\/\/i0.wp.com\/larevistadigital.com.ar\/blog\/wp-content\/uploads\/63bb25a6508e6_1200.jpg?fit=1200%2C675&ssl=1&resize=350%2C200","width":350,"height":200,"srcset":"https:\/\/i0.wp.com\/larevistadigital.com.ar\/blog\/wp-content\/uploads\/63bb25a6508e6_1200.jpg?fit=1200%2C675&ssl=1&resize=350%2C200 1x, https:\/\/i0.wp.com\/larevistadigital.com.ar\/blog\/wp-content\/uploads\/63bb25a6508e6_1200.jpg?fit=1200%2C675&ssl=1&resize=525%2C300 1.5x, https:\/\/i0.wp.com\/larevistadigital.com.ar\/blog\/wp-content\/uploads\/63bb25a6508e6_1200.jpg?fit=1200%2C675&ssl=1&resize=700%2C400 2x, https:\/\/i0.wp.com\/larevistadigital.com.ar\/blog\/wp-content\/uploads\/63bb25a6508e6_1200.jpg?fit=1200%2C675&ssl=1&resize=1050%2C600 3x"},"classes":[]}],"_links":{"self":[{"href":"https:\/\/larevistadigital.com.ar\/blog\/wp-json\/wp\/v2\/posts\/51","targetHints":{"allow":["GET"]}}],"collection":[{"href":"https:\/\/larevistadigital.com.ar\/blog\/wp-json\/wp\/v2\/posts"}],"about":[{"href":"https:\/\/larevistadigital.com.ar\/blog\/wp-json\/wp\/v2\/types\/post"}],"author":[{"embeddable":true,"href":"https:\/\/larevistadigital.com.ar\/blog\/wp-json\/wp\/v2\/users\/2"}],"replies":[{"embeddable":true,"href":"https:\/\/larevistadigital.com.ar\/blog\/wp-json\/wp\/v2\/comments?post=51"}],"version-history":[{"count":1,"href":"https:\/\/larevistadigital.com.ar\/blog\/wp-json\/wp\/v2\/posts\/51\/revisions"}],"predecessor-version":[{"id":53,"href":"https:\/\/larevistadigital.com.ar\/blog\/wp-json\/wp\/v2\/posts\/51\/revisions\/53"}],"wp:featuredmedia":[{"embeddable":true,"href":"https:\/\/larevistadigital.com.ar\/blog\/wp-json\/wp\/v2\/media\/52"}],"wp:attachment":[{"href":"https:\/\/larevistadigital.com.ar\/blog\/wp-json\/wp\/v2\/media?parent=51"}],"wp:term":[{"taxonomy":"category","embeddable":true,"href":"https:\/\/larevistadigital.com.ar\/blog\/wp-json\/wp\/v2\/categories?post=51"},{"taxonomy":"post_tag","embeddable":true,"href":"https:\/\/larevistadigital.com.ar\/blog\/wp-json\/wp\/v2\/tags?post=51"}],"curies":[{"name":"wp","href":"https:\/\/api.w.org\/{rel}","templated":true}]}}