{"id":5105,"date":"2018-03-01T09:15:59","date_gmt":"2018-03-01T09:15:59","guid":{"rendered":"https:\/\/larevistadigital.com.ar\/blog\/?p=5105"},"modified":"2018-03-01T09:15:59","modified_gmt":"2018-03-01T09:15:59","slug":"reunion-autoridades-educacion-concejo-preocupado-la-situacion-las-escuelas-rurales-otros-servicios","status":"publish","type":"post","link":"https:\/\/larevistadigital.com.ar\/blog\/reunion-autoridades-educacion-concejo-preocupado-la-situacion-las-escuelas-rurales-otros-servicios\/","title":{"rendered":"Reuni\u00f3n con autoridades de Educaci\u00f3n El Concejo, preocupado por la situaci\u00f3n de las escuelas rurales y otros servicios"},"content":{"rendered":"<p>Con la presencia de todos los bloques pol\u00edticos que integran el Cuerpo Deliberativo, el HCD encabezado por su Presidente, Osvaldo Casalins, se reuni\u00f3 en la ma\u00f1ana de este martes con el Presidente del Consejo Escolar, Prof. Lucio Alfons\u00edn y con la Jefa Distrital de Educaci\u00f3n, Prof. Silvina Abelenda.<br \/>\nLos tremas de inter\u00e9s de los ediles estaba relacionado al inicio del nuevo ciclo lectivo, cierre de escuelas rurales, situaci\u00f3n de la Escuela T\u00e9cnica N\u00b0 1, entre otros.-<br \/>\nLo informado por las autoridades del \u00e1mbito educativo provincial, que no hay riesgo de inicio en ning\u00fan establecimiento. Con respecto a la Escuela Industrial que es de p\u00fablico cono conocimiento, sigue su curso la investigaci\u00f3n, las cuentas se desbloquearan una vez cumplimentado los pasos administrativos de la nueva cooperadora, y en relaci\u00f3n a la obra de ampliaci\u00f3n, hubo una demora en el pago a la empresa, tareas que se retomaran de inmediato. Adem\u00e1s agregaron que ese d\u00eda se estaba recibiendo mobiliario nuevo que se hab\u00eda solicitado y era transportado por un cami\u00f3n municipal.-<br \/>\nCon respecto al cierre de la Escuela Nro. 4 \u201cManuel Belgrano\u201d de Paraje Jag\u00fceles, la Jefa Distrital indico que no hab\u00eda matricula suficiente y que los dos alumnos hab\u00edan sido derivados a escuelas cercanas, uno en Don Cipriano y la docente junto al otro alumno reubica en otra Instituci\u00f3n.<br \/>\nAdem\u00e1s explico con lo que hab\u00eda circulado con supuesto cierre de un JIRIMM, que no era tal, sino que se hab\u00eda planteado un traslado a la Escuela Nro. 53 de Paraje \u201cEl Coat\u00ed\u201d, pero que hubo inscripci\u00f3n y continuar\u00e1 en su sede de la Escuela Nro. 7 de Adela.<br \/>\nSe les solcito informaci\u00f3n con relaci\u00f3n a la Escuela Nro. 21 de G\u00e1ndara, y la posici\u00f3n de no contar con el transporte para los alumnos (16) ingresantes, siendo que todos los a\u00f1os se sostiene por excepci\u00f3n. En tal sentido, el Presidente del Consejo Escolar, Lucio Alfons\u00edn, sostuvo que no hab\u00edan recibido pedido por parte de la escuela de ni\u00f1os nuevos para ser transportados al momento. Sin embargo, transmit\u00edan la resoluci\u00f3n de regirse por las normativas para proveer el transporte a la escuela m\u00e1s cercana.- Ante esta situaci\u00f3n los concejales mostraron su preocupaci\u00f3n de \u00e9sta medida que conllevar\u00eda a que no contara con alumnos del primer grado y en el mediano plazo desembocar\u00eda en su cierre, siendo la \u00fanica escuela en la Provincia de Buenos Aires con orientaci\u00f3n rural.<br \/>\nLos concejales fueron planteando sus posturas, a veces coincidentes y otras no, con las decisiones adoptadas por la Provincia y por las autoridades educativas locales pero destacando su buena predisposici\u00f3n y la informaci\u00f3n brindad.<br \/>\nEn otro sentido, qued\u00f3 la voluntad de retomar una nueva reuni\u00f3n para avanzar en los temas tratados y para diagramar tambi\u00e9n, una pol\u00edtica integral para la dislexia.<\/p>\n","protected":false},"excerpt":{"rendered":"<div class=\"mh-excerpt\"><p>Con la presencia de todos los bloques pol\u00edticos que integran el Cuerpo Deliberativo, el HCD encabezado por su Presidente, Osvaldo Casalins, se reuni\u00f3 en la ma\u00f1ana de este martes con el Presidente del Consejo Escolar, <a class=\"mh-excerpt-more\" href=\"https:\/\/larevistadigital.com.ar\/blog\/reunion-autoridades-educacion-concejo-preocupado-la-situacion-las-escuelas-rurales-otros-servicios\/\" title=\"Reuni\u00f3n con autoridades de Educaci\u00f3n El Concejo, preocupado por la situaci\u00f3n de las escuelas rurales y otros servicios\">[Leer M\u00e1s]<\/a><\/p>\n<\/div>","protected":false},"author":1,"featured_media":5106,"comment_status":"open","ping_status":"open","sticky":false,"template":"","format":"standard","meta":{"_jetpack_memberships_contains_paid_content":false,"footnotes":"","jetpack_publicize_message":"","jetpack_publicize_feature_enabled":true,"jetpack_social_post_already_shared":true,"jetpack_social_options":{"image_generator_settings":{"template":"highway","default_image_id":0,"font":"","enabled":false},"version":2}},"categories":[6],"tags":[],"class_list":{"0":"post-5105","1":"post","2":"type-post","3":"status-publish","4":"format-standard","5":"has-post-thumbnail","7":"category-chascomus"},"jetpack_publicize_connections":[],"jetpack_featured_media_url":"https:\/\/i0.wp.com\/larevistadigital.com.ar\/blog\/wp-content\/uploads\/2018\/03\/2018_02_27_15_52_14_2509766.jpg?fit=600%2C415&ssl=1","jetpack_sharing_enabled":true,"jetpack_shortlink":"https:\/\/wp.me\/p8qtrQ-1kl","jetpack-related-posts":[{"id":18497,"url":"https:\/\/larevistadigital.com.ar\/blog\/conectividad-para-escuelas-rurales-del-distrito\/","url_meta":{"origin":5105,"position":0},"title":"CONECTIVIDAD PARA ESCUELAS RURALES DEL DISTRITO","author":"Alejandro Sosa Ruda","date":"5 enero, 2021","format":false,"excerpt":"En el marco de un programa confeccionado entre la Municipalidad y la Cooperativa de Electricidad de Ranchos Ltda. para mejorar la conectividad de las escuelas rurales del distrito, tres establecimientos educativos ya cuentan con el servicio de Internet Wireless. El proyecto implica la inversi\u00f3n del Gobierno Municipal para la compra\u2026","rel":"","context":"En \u00abRANCHOS\u00bb","block_context":{"text":"RANCHOS","link":"https:\/\/larevistadigital.com.ar\/blog\/category\/ranchos\/"},"img":{"alt_text":"","src":"https:\/\/i0.wp.com\/larevistadigital.com.ar\/blog\/wp-content\/uploads\/136070963_2617260708513535_2455130780097010872_n.jpg?fit=688%2C360&ssl=1&resize=350%2C200","width":350,"height":200,"srcset":"https:\/\/i0.wp.com\/larevistadigital.com.ar\/blog\/wp-content\/uploads\/136070963_2617260708513535_2455130780097010872_n.jpg?fit=688%2C360&ssl=1&resize=350%2C200 1x, https:\/\/i0.wp.com\/larevistadigital.com.ar\/blog\/wp-content\/uploads\/136070963_2617260708513535_2455130780097010872_n.jpg?fit=688%2C360&ssl=1&resize=525%2C300 1.5x"},"classes":[]},{"id":25026,"url":"https:\/\/larevistadigital.com.ar\/blog\/contaminacion-encuentran-altos-niveles-toxicos-de-contaminacion-en-el-agua-de-cuatro-escuelas-en-mar-del-plata\/","url_meta":{"origin":5105,"position":1},"title":"CONTAMINACI\u00d3N: ENCUENTRAN ALTOS NIVELES T\u00d3XICOS DE CONTAMINACI\u00d3N EN EL AGUA DE CUATRO ESCUELAS EN MAR DEL PLATA","author":"Alejandro Sosa Ruda","date":"11 abril, 2022","format":false,"excerpt":"Se trata de la Escuela de Educaci\u00f3n Primaria N\u00ba 8, del barrio El Coyunco, la Escuela de Educaci\u00f3n Primaria N\u00ba 46, el Jard\u00edn de Infantes N\u00ba 918 y la Escuela de Educaci\u00f3n Secundaria N\u00ba 50, de la zona de La Peregrina. MAR DEL PLATA -\u00a0Luego de una denuncia p\u00fablica realizada\u2026","rel":"","context":"En \u00abINTERES GENERAL\u00bb","block_context":{"text":"INTERES GENERAL","link":"https:\/\/larevistadigital.com.ar\/blog\/category\/interes-general\/"},"img":{"alt_text":"","src":"https:\/\/i0.wp.com\/larevistadigital.com.ar\/blog\/wp-content\/uploads\/20220409200952_escue.jpg?fit=880%2C512&ssl=1&resize=350%2C200","width":350,"height":200,"srcset":"https:\/\/i0.wp.com\/larevistadigital.com.ar\/blog\/wp-content\/uploads\/20220409200952_escue.jpg?fit=880%2C512&ssl=1&resize=350%2C200 1x, https:\/\/i0.wp.com\/larevistadigital.com.ar\/blog\/wp-content\/uploads\/20220409200952_escue.jpg?fit=880%2C512&ssl=1&resize=525%2C300 1.5x, https:\/\/i0.wp.com\/larevistadigital.com.ar\/blog\/wp-content\/uploads\/20220409200952_escue.jpg?fit=880%2C512&ssl=1&resize=700%2C400 2x"},"classes":[]},{"id":27338,"url":"https:\/\/larevistadigital.com.ar\/blog\/azul-advierten-en-las-escuelas-urbanas-que-la-quinta-hora-es-de-muy-dificil-implementacion\/","url_meta":{"origin":5105,"position":2},"title":"AZUL: ADVIERTEN EN LAS ESCUELAS URBANAS QUE LA \u00abQUINTA HORA\u00bb ES DE MUY DIF\u00cdCIL IMPLEMENTACI\u00d3N","author":"Alejandro Sosa Ruda","date":"29 agosto, 2022","format":false,"excerpt":"El principal inconveniente est\u00e1 dado por la infraestructura: en algunos establecimientos funcionan los tres niveles -primario, secundario y terciario o, en alg\u00fan caso, adultos-. Adem\u00e1s, genera superposici\u00f3n horaria a los docentes que, por el monto ofrecido desde Naci\u00f3n, prefieren tomar un cargo completo para desempe\u00f1ar tareas. AZUL -\u00a0 Si bien\u2026","rel":"","context":"En \u00abCULTURA\u00bb","block_context":{"text":"CULTURA","link":"https:\/\/larevistadigital.com.ar\/blog\/category\/cultura\/"},"img":{"alt_text":"","src":"https:\/\/i0.wp.com\/larevistadigital.com.ar\/blog\/wp-content\/uploads\/20220828182752_azul-escuelas-quinta-hora.jpg?fit=880%2C512&ssl=1&resize=350%2C200","width":350,"height":200,"srcset":"https:\/\/i0.wp.com\/larevistadigital.com.ar\/blog\/wp-content\/uploads\/20220828182752_azul-escuelas-quinta-hora.jpg?fit=880%2C512&ssl=1&resize=350%2C200 1x, https:\/\/i0.wp.com\/larevistadigital.com.ar\/blog\/wp-content\/uploads\/20220828182752_azul-escuelas-quinta-hora.jpg?fit=880%2C512&ssl=1&resize=525%2C300 1.5x, https:\/\/i0.wp.com\/larevistadigital.com.ar\/blog\/wp-content\/uploads\/20220828182752_azul-escuelas-quinta-hora.jpg?fit=880%2C512&ssl=1&resize=700%2C400 2x"},"classes":[]},{"id":32430,"url":"https:\/\/larevistadigital.com.ar\/blog\/chascomus-la-dgc-y-e-emitio-un-duro-comunicado-por-los-hechos-sucedidos-en-la-escuela-normal\/","url_meta":{"origin":5105,"position":3},"title":"CHASCOM\u00daS: LA DGC y E EMITI\u00d3 UN DURO COMUNICADO POR LOS HECHOS SUCEDIDOS EN LA ESCUELA NORMAL","author":"Alejandro Sosa Ruda","date":"15 julio, 2023","format":false,"excerpt":"El comunicado es muy severo, por los hechos donde los alumnos, auxiliares y docentes debieron ser evacuados por una p\u00e9rdida de gas. 15 de julio de 2023 EL COMUNICADO Desde la Direcci\u00f3n General de Cultura y Educaci\u00f3n manifestamos la profunda preocupaci\u00f3n por lo ocurrido el d\u00eda martes 11 de julio\u2026","rel":"","context":"En \u00abCULTURA\u00bb","block_context":{"text":"CULTURA","link":"https:\/\/larevistadigital.com.ar\/blog\/category\/cultura\/"},"img":{"alt_text":"","src":"https:\/\/i0.wp.com\/larevistadigital.com.ar\/blog\/wp-content\/uploads\/COMUNICADO-1.jpg?fit=720%2C348&ssl=1&resize=350%2C200","width":350,"height":200,"srcset":"https:\/\/i0.wp.com\/larevistadigital.com.ar\/blog\/wp-content\/uploads\/COMUNICADO-1.jpg?fit=720%2C348&ssl=1&resize=350%2C200 1x, https:\/\/i0.wp.com\/larevistadigital.com.ar\/blog\/wp-content\/uploads\/COMUNICADO-1.jpg?fit=720%2C348&ssl=1&resize=525%2C300 1.5x, https:\/\/i0.wp.com\/larevistadigital.com.ar\/blog\/wp-content\/uploads\/COMUNICADO-1.jpg?fit=720%2C348&ssl=1&resize=700%2C400 2x"},"classes":[]},{"id":4972,"url":"https:\/\/larevistadigital.com.ar\/blog\/maipu-cerraron-la-escuela-14\/","url_meta":{"origin":5105,"position":4},"title":"MAIPU: CERRARON LA ESCUELA 14","author":"Alejandro Sosa Ruda","date":"23 febrero, 2018","format":false,"excerpt":"De acuerdo a lo publicado por el portal Infozona, en la tarde de ayer y confirmado por la Inspectora Jefe Distrital de Maip\u00fa, Prof. Mar\u00eda Marta Vargas; se cerr\u00f3 la Escuela N1 14 de dicho Distrito por determinaci\u00f3n tomada por Inspecci\u00f3n General dependiente del Ministerio General de Educaci\u00f3n de la\u2026","rel":"","context":"En \u00abSOCIEDAD\u00bb","block_context":{"text":"SOCIEDAD","link":"https:\/\/larevistadigital.com.ar\/blog\/category\/sociedad\/"},"img":{"alt_text":"","src":"https:\/\/i0.wp.com\/larevistadigital.com.ar\/blog\/wp-content\/uploads\/2018\/02\/escuela-Mataderos-inseguridad-Gustavo-Ortiz_CLAIMA20140919_0265_29.jpg?fit=1200%2C675&ssl=1&resize=350%2C200","width":350,"height":200,"srcset":"https:\/\/i0.wp.com\/larevistadigital.com.ar\/blog\/wp-content\/uploads\/2018\/02\/escuela-Mataderos-inseguridad-Gustavo-Ortiz_CLAIMA20140919_0265_29.jpg?fit=1200%2C675&ssl=1&resize=350%2C200 1x, https:\/\/i0.wp.com\/larevistadigital.com.ar\/blog\/wp-content\/uploads\/2018\/02\/escuela-Mataderos-inseguridad-Gustavo-Ortiz_CLAIMA20140919_0265_29.jpg?fit=1200%2C675&ssl=1&resize=525%2C300 1.5x, https:\/\/i0.wp.com\/larevistadigital.com.ar\/blog\/wp-content\/uploads\/2018\/02\/escuela-Mataderos-inseguridad-Gustavo-Ortiz_CLAIMA20140919_0265_29.jpg?fit=1200%2C675&ssl=1&resize=700%2C400 2x, https:\/\/i0.wp.com\/larevistadigital.com.ar\/blog\/wp-content\/uploads\/2018\/02\/escuela-Mataderos-inseguridad-Gustavo-Ortiz_CLAIMA20140919_0265_29.jpg?fit=1200%2C675&ssl=1&resize=1050%2C600 3x"},"classes":[]},{"id":45155,"url":"https:\/\/larevistadigital.com.ar\/blog\/alerta-en-chascomus-por-amenazas-de-tiroteo-en-escuelas-investigan-si-estan-ligadas-a-un-desafio-viral\/","url_meta":{"origin":5105,"position":5},"title":"Alerta en Chascom\u00fas por amenazas de tiroteo en escuelas: investigan si est\u00e1n ligadas a un desaf\u00edo viral","author":"Alejandro Sosa Ruda","date":"16 abril, 2026","format":false,"excerpt":"Mensajes intimidatorios aparecieron en ba\u00f1os de instituciones educativas y encendieron la preocupaci\u00f3n. Autoridades activaron protocolos y piden evitar la difusi\u00f3n de rumores. 16 de abril de 2026 CHASCOM\u00daS\u00a0 -\u00a0 Momentos de fuerte preocupaci\u00f3n se viven en la comunidad educativa de Chascom\u00fas tras la aparici\u00f3n de amenazas de \u201ctiroteo\u201d escritas en\u2026","rel":"","context":"En \u00abDESTACADAS\u00bb","block_context":{"text":"DESTACADAS","link":"https:\/\/larevistadigital.com.ar\/blog\/category\/destacadas\/"},"img":{"alt_text":"","src":"https:\/\/i0.wp.com\/larevistadigital.com.ar\/blog\/wp-content\/uploads\/1-26.jpg?fit=540%2C670&ssl=1&resize=350%2C200","width":350,"height":200,"srcset":"https:\/\/i0.wp.com\/larevistadigital.com.ar\/blog\/wp-content\/uploads\/1-26.jpg?fit=540%2C670&ssl=1&resize=350%2C200 1x, https:\/\/i0.wp.com\/larevistadigital.com.ar\/blog\/wp-content\/uploads\/1-26.jpg?fit=540%2C670&ssl=1&resize=525%2C300 1.5x"},"classes":[]}],"_links":{"self":[{"href":"https:\/\/larevistadigital.com.ar\/blog\/wp-json\/wp\/v2\/posts\/5105","targetHints":{"allow":["GET"]}}],"collection":[{"href":"https:\/\/larevistadigital.com.ar\/blog\/wp-json\/wp\/v2\/posts"}],"about":[{"href":"https:\/\/larevistadigital.com.ar\/blog\/wp-json\/wp\/v2\/types\/post"}],"author":[{"embeddable":true,"href":"https:\/\/larevistadigital.com.ar\/blog\/wp-json\/wp\/v2\/users\/1"}],"replies":[{"embeddable":true,"href":"https:\/\/larevistadigital.com.ar\/blog\/wp-json\/wp\/v2\/comments?post=5105"}],"version-history":[{"count":1,"href":"https:\/\/larevistadigital.com.ar\/blog\/wp-json\/wp\/v2\/posts\/5105\/revisions"}],"predecessor-version":[{"id":5107,"href":"https:\/\/larevistadigital.com.ar\/blog\/wp-json\/wp\/v2\/posts\/5105\/revisions\/5107"}],"wp:featuredmedia":[{"embeddable":true,"href":"https:\/\/larevistadigital.com.ar\/blog\/wp-json\/wp\/v2\/media\/5106"}],"wp:attachment":[{"href":"https:\/\/larevistadigital.com.ar\/blog\/wp-json\/wp\/v2\/media?parent=5105"}],"wp:term":[{"taxonomy":"category","embeddable":true,"href":"https:\/\/larevistadigital.com.ar\/blog\/wp-json\/wp\/v2\/categories?post=5105"},{"taxonomy":"post_tag","embeddable":true,"href":"https:\/\/larevistadigital.com.ar\/blog\/wp-json\/wp\/v2\/tags?post=5105"}],"curies":[{"name":"wp","href":"https:\/\/api.w.org\/{rel}","templated":true}]}}