{"id":5109,"date":"2018-03-01T09:23:23","date_gmt":"2018-03-01T09:23:23","guid":{"rendered":"https:\/\/larevistadigital.com.ar\/blog\/?p=5109"},"modified":"2018-03-01T09:23:23","modified_gmt":"2018-03-01T09:23:23","slug":"paro-los-medicos-ante-atraso-ioma","status":"publish","type":"post","link":"https:\/\/larevistadigital.com.ar\/blog\/paro-los-medicos-ante-atraso-ioma\/","title":{"rendered":"Paro de los m\u00e9dicos ante el atraso de IOMA"},"content":{"rendered":"<p>Malas noticias<br \/>\nLos m\u00e9dicos nucleados en el CEMIBO confirmaron hoy al mediod\u00eda que, dada la falta de respuesta por parte del IOMA frente a los reiterados reclamos por pagos adeudados, a partir de ma\u00f1ana jueves 1\u00ba de marzo y hasta el s\u00e1bado 3 inclusive, no se atender\u00e1 a los afiliados a trav\u00e9s de esa obra social. Es decir que ser\u00e1n atendidos como pacientes particulares tanto en consultas, pr\u00e1cticas quir\u00fargicas como especializadas.<br \/>\nAs\u00ed lo informaron los m\u00e9dicos de la Concentraci\u00f3n de Entidades M\u00e9dicas Independientes Bonaerense (Cemibo), que re\u00fane a la Agremiaci\u00f3n M\u00e9dica Platense y a los c\u00edrculos m\u00e9dicos de Ensenada, Tandil, Mar del Plata, San Pedro, Balcarce y Trenque Lauquen. De este modo, unos 700 mil afiliados no podr\u00e1n atenderse con la cobertura de su obra social durante los pr\u00f3ximos tres d\u00edas.<br \/>\n\u201cTras permanentes tratativas orientadas a solucionar el problema y priorizando la continuidad en la atenci\u00f3n del paciente por sobre todas las cosas, llegamos al mediod\u00eda del \u00faltimo d\u00eda de febrero sin cobrar lo trabajado en noviembre y diciembre\u201d, explic\u00f3 Guillermo Guanella, presidente del CEMIBO.<br \/>\nExpresaron que \u201cfrente a la cantidad de reclamos recibidos desde Asociaciones de Profesionales, Sociedades Cient\u00edficas y m\u00e9dicos independientes de distintas localidades de la provincia, decidimos llevar adelante este corte temporario de servicios al IOMA, para manifestar la preocupaci\u00f3n de toda la comunidad m\u00e9dica frente a la profunda crisis que atraviesa nuestro sistema de salud\u201d, agreg\u00f3 Mart\u00edn Pedersoli, presidente de la AMP.<br \/>\nDesde el CEMIBO destacaron que no son los \u00fanicos perjudicados por la crisis que atraviesa el instituto y las demoras en los pagos. Y pusieron en relieve que la situaci\u00f3n afecta \u201cno solo a pacientes y m\u00e9dicos, sino tambi\u00e9n a los dem\u00e1s integrantes del equipo sanitario e instituciones del sector salud\u201d.<br \/>\nLa entidad comunic\u00f3 tambi\u00e9n que, \u201cfrente a la delicada situaci\u00f3n econ\u00f3mica y administrativa que viene tolerando el conjunto de los m\u00e9dicos a trav\u00e9s de los a\u00f1os, se torna insostenible el retraso en los pagos, hecho que nos obliga a llevar adelante las medidas de reclamo referidas, a la espera de que el IOMA cumpla con las obligaciones convenidas oportunamente\u201d. Finalmente, explicaron que mantendr\u00e1n informados tanto a la comunidad como a los profesionales sobre los sucesos venideros y los pasos a seguir.<\/p>\n<div class=\"sharedaddy sd-sharing-enabled\">\n<div class=\"robots-nocontent sd-block sd-social sd-social-icon sd-sharing\">\n<h3 class=\"sd-title\"><\/h3>\n<\/div>\n<\/div>\n","protected":false},"excerpt":{"rendered":"<div class=\"mh-excerpt\"><p>Malas noticias Los m\u00e9dicos nucleados en el CEMIBO confirmaron hoy al mediod\u00eda que, dada la falta de respuesta por parte del IOMA frente a los reiterados reclamos por pagos adeudados, a partir de ma\u00f1ana jueves <a class=\"mh-excerpt-more\" href=\"https:\/\/larevistadigital.com.ar\/blog\/paro-los-medicos-ante-atraso-ioma\/\" title=\"Paro de los m\u00e9dicos ante el atraso de IOMA\">[Leer M\u00e1s]<\/a><\/p>\n<\/div>","protected":false},"author":1,"featured_media":5110,"comment_status":"open","ping_status":"open","sticky":false,"template":"","format":"standard","meta":{"_jetpack_memberships_contains_paid_content":false,"footnotes":"","jetpack_publicize_message":"","jetpack_publicize_feature_enabled":true,"jetpack_social_post_already_shared":true,"jetpack_social_options":{"image_generator_settings":{"template":"highway","default_image_id":0,"font":"","enabled":false},"version":2}},"categories":[10,12],"tags":[],"class_list":{"0":"post-5109","1":"post","2":"type-post","3":"status-publish","4":"format-standard","5":"has-post-thumbnail","7":"category-gremiales","8":"category-politica"},"jetpack_publicize_connections":[],"jetpack_featured_media_url":"https:\/\/i0.wp.com\/larevistadigital.com.ar\/blog\/wp-content\/uploads\/2018\/03\/ioma_20deenerode2108_elfuerte.jpg?fit=737%2C415&ssl=1","jetpack_sharing_enabled":true,"jetpack_shortlink":"https:\/\/wp.me\/p8qtrQ-1kp","jetpack-related-posts":[{"id":21921,"url":"https:\/\/larevistadigital.com.ar\/blog\/tandil-mas-de-24-000-afiliados-de-ioma-sin-cobertura-por-un-conflicto-con-los-medicos\/","url_meta":{"origin":5109,"position":0},"title":"TANDIL: MAS DE 24.000 AFILIADOS DE IOMA SIN COBERTURA POR UN CONFLICTO CON LOS M\u00c9DICOS","author":"Alejandro Sosa Ruda","date":"8 septiembre, 2021","format":false,"excerpt":"La Defensor\u00eda del Pueblo bonaerense convoc\u00f3 a una mediaci\u00f3n a las partes este martes, pero no se lleg\u00f3 a un acuerdo. TANDIL - M\u00e1s de 24 mil afiliados de IOMA en Tandil se ven afectados por un conflicto entre el C\u00edrculo M\u00e9dico del distrito y la obra social bonaerense que\u2026","rel":"","context":"En \u00abREGIONALES\u00bb","block_context":{"text":"REGIONALES","link":"https:\/\/larevistadigital.com.ar\/blog\/category\/regionales\/"},"img":{"alt_text":"","src":"https:\/\/i0.wp.com\/larevistadigital.com.ar\/blog\/wp-content\/uploads\/374677bca7339f6b19fe221e600a596da308f652.jpg?fit=1140%2C744&ssl=1&resize=350%2C200","width":350,"height":200,"srcset":"https:\/\/i0.wp.com\/larevistadigital.com.ar\/blog\/wp-content\/uploads\/374677bca7339f6b19fe221e600a596da308f652.jpg?fit=1140%2C744&ssl=1&resize=350%2C200 1x, https:\/\/i0.wp.com\/larevistadigital.com.ar\/blog\/wp-content\/uploads\/374677bca7339f6b19fe221e600a596da308f652.jpg?fit=1140%2C744&ssl=1&resize=525%2C300 1.5x, https:\/\/i0.wp.com\/larevistadigital.com.ar\/blog\/wp-content\/uploads\/374677bca7339f6b19fe221e600a596da308f652.jpg?fit=1140%2C744&ssl=1&resize=700%2C400 2x, https:\/\/i0.wp.com\/larevistadigital.com.ar\/blog\/wp-content\/uploads\/374677bca7339f6b19fe221e600a596da308f652.jpg?fit=1140%2C744&ssl=1&resize=1050%2C600 3x"},"classes":[]},{"id":26357,"url":"https:\/\/larevistadigital.com.ar\/blog\/en-la-provincia-ioma-denunciara-a-medicos-que-cobren-un-plus-por-gastos-de-consultorio\/","url_meta":{"origin":5109,"position":1},"title":"EN LA PROVINCIA: IOMA DENUNCIAR\u00c1 A M\u00c9DICOS QUE COBREN UN PLUS POR \u00abGASTOS DE CONSULTORIO\u00bb","author":"Alejandro Sosa Ruda","date":"5 julio, 2022","format":false,"excerpt":"Ante el anuncio realizado por el Colegio de M\u00e9dicos de la Provincia de Buenos Aires, respecto al cobro de hasta $1000,00 en concepto de \u201cgastos operativos de consultorio\u201d, IOMA informa que esa exigencia de dinero es \u201cirregular e il\u00edcita\u201d por encontrarse fuera del convenio existente entre las personas afiliadas a\u2026","rel":"","context":"En \u00abREGIONALES\u00bb","block_context":{"text":"REGIONALES","link":"https:\/\/larevistadigital.com.ar\/blog\/category\/regionales\/"},"img":{"alt_text":"","src":"https:\/\/i0.wp.com\/larevistadigital.com.ar\/blog\/wp-content\/uploads\/20220704165019_ioma-denunciara-a-medicos-que-cobren-plus-por-gastos-de-consultorio.jpg?fit=880%2C512&ssl=1&resize=350%2C200","width":350,"height":200,"srcset":"https:\/\/i0.wp.com\/larevistadigital.com.ar\/blog\/wp-content\/uploads\/20220704165019_ioma-denunciara-a-medicos-que-cobren-plus-por-gastos-de-consultorio.jpg?fit=880%2C512&ssl=1&resize=350%2C200 1x, https:\/\/i0.wp.com\/larevistadigital.com.ar\/blog\/wp-content\/uploads\/20220704165019_ioma-denunciara-a-medicos-que-cobren-plus-por-gastos-de-consultorio.jpg?fit=880%2C512&ssl=1&resize=525%2C300 1.5x, https:\/\/i0.wp.com\/larevistadigital.com.ar\/blog\/wp-content\/uploads\/20220704165019_ioma-denunciara-a-medicos-que-cobren-plus-por-gastos-de-consultorio.jpg?fit=880%2C512&ssl=1&resize=700%2C400 2x"},"classes":[]},{"id":38353,"url":"https:\/\/larevistadigital.com.ar\/blog\/con-un-nuevo-convenio-ioma-elimina-la-intermediacion-economica-de-femeba\/","url_meta":{"origin":5109,"position":2},"title":"Con un nuevo convenio IOMA elimina la intermediaci\u00f3n econ\u00f3mica de FEMEBA","author":"Alejandro Sosa Ruda","date":"19 diciembre, 2024","format":false,"excerpt":"A partir del 1 de enero de 2025, entrar\u00e1 en vigencia un nuevo acuerdo entre IOMA y la Federaci\u00f3n M\u00e9dica de la Provincia de Buenos Aires (FEMEBA), firmado por el presidente de IOMA, Homero Giles, y el vicepresidente de FEMEBA, Sandro Scafatti. 19 de diciembre de 2024 El nuevo acuerdo\u2026","rel":"","context":"En \u00abINTERES GENERAL\u00bb","block_context":{"text":"INTERES GENERAL","link":"https:\/\/larevistadigital.com.ar\/blog\/category\/interes-general\/"},"img":{"alt_text":"","src":"https:\/\/i0.wp.com\/larevistadigital.com.ar\/blog\/wp-content\/uploads\/20241219161354_ioma-convenio-femeba.jpg?fit=880%2C512&ssl=1&resize=350%2C200","width":350,"height":200,"srcset":"https:\/\/i0.wp.com\/larevistadigital.com.ar\/blog\/wp-content\/uploads\/20241219161354_ioma-convenio-femeba.jpg?fit=880%2C512&ssl=1&resize=350%2C200 1x, https:\/\/i0.wp.com\/larevistadigital.com.ar\/blog\/wp-content\/uploads\/20241219161354_ioma-convenio-femeba.jpg?fit=880%2C512&ssl=1&resize=525%2C300 1.5x, https:\/\/i0.wp.com\/larevistadigital.com.ar\/blog\/wp-content\/uploads\/20241219161354_ioma-convenio-femeba.jpg?fit=880%2C512&ssl=1&resize=700%2C400 2x"},"classes":[]},{"id":32211,"url":"https:\/\/larevistadigital.com.ar\/blog\/advertencia-a-ioma-por-los-honorarios-medicos\/","url_meta":{"origin":5109,"position":3},"title":"ADVERTENCIA A IOMA POR LOS HONORARIOS M\u00c9DICOS","author":"Alejandro Sosa Ruda","date":"2 julio, 2023","format":false,"excerpt":"FEMEBA ha manifestado reiteradamente a las autoridades del Instituto, que, \u201cbajo ning\u00fan punto de vista, aceptar\u00e1 que los aranceles de sus profesionales sean facturados por v\u00edas totalmente ajenas a lo convenido\u201d. 2 de julio de 2023 BUENOS AIRES -\u00a0 La experiencia indica que cuando terceros act\u00faan de intermediarios para la\u2026","rel":"","context":"En \u00abREGIONALES\u00bb","block_context":{"text":"REGIONALES","link":"https:\/\/larevistadigital.com.ar\/blog\/category\/regionales\/"},"img":{"alt_text":"","src":"https:\/\/i0.wp.com\/larevistadigital.com.ar\/blog\/wp-content\/uploads\/20230702114622_femeba-honorarios-medicos.jpg?fit=880%2C512&ssl=1&resize=350%2C200","width":350,"height":200,"srcset":"https:\/\/i0.wp.com\/larevistadigital.com.ar\/blog\/wp-content\/uploads\/20230702114622_femeba-honorarios-medicos.jpg?fit=880%2C512&ssl=1&resize=350%2C200 1x, https:\/\/i0.wp.com\/larevistadigital.com.ar\/blog\/wp-content\/uploads\/20230702114622_femeba-honorarios-medicos.jpg?fit=880%2C512&ssl=1&resize=525%2C300 1.5x, https:\/\/i0.wp.com\/larevistadigital.com.ar\/blog\/wp-content\/uploads\/20230702114622_femeba-honorarios-medicos.jpg?fit=880%2C512&ssl=1&resize=700%2C400 2x"},"classes":[]},{"id":4967,"url":"https:\/\/larevistadigital.com.ar\/blog\/chascomus-la-clinica-podria-dejar-atender-los-afiliados-ioma\/","url_meta":{"origin":5109,"position":4},"title":"CHASCOM\u00daS: LA CL\u00cdNICA PODR\u00cdA DEJAR DE ATENDER A LOS AFILIADOS A IOMA","author":"Alejandro Sosa Ruda","date":"23 febrero, 2018","format":false,"excerpt":"Desde el C\u00edrculo M\u00e9dico de Chascom\u00fas, se dio a conocer un comunicado con la firma de su Presidente, Dr. Marcelo Giacobone en donde hace alusi\u00f3n a la situaci\u00f3n financiera de la Cl\u00ednica Privada de esa ciudad. La nota refiere a que la situaci\u00f3n, se origin\u00f3 por la falta de cumplimiento\u2026","rel":"","context":"En \u00abCHASCOM\u00daS\u00bb","block_context":{"text":"CHASCOM\u00daS","link":"https:\/\/larevistadigital.com.ar\/blog\/category\/chascomus\/"},"img":{"alt_text":"","src":"https:\/\/i0.wp.com\/larevistadigital.com.ar\/blog\/wp-content\/uploads\/2018\/02\/Cl%C3%ADnica-Privada-Chascom%C3%BAs-SA.jpg?fit=620%2C369&ssl=1&resize=350%2C200","width":350,"height":200,"srcset":"https:\/\/i0.wp.com\/larevistadigital.com.ar\/blog\/wp-content\/uploads\/2018\/02\/Cl%C3%ADnica-Privada-Chascom%C3%BAs-SA.jpg?fit=620%2C369&ssl=1&resize=350%2C200 1x, https:\/\/i0.wp.com\/larevistadigital.com.ar\/blog\/wp-content\/uploads\/2018\/02\/Cl%C3%ADnica-Privada-Chascom%C3%BAs-SA.jpg?fit=620%2C369&ssl=1&resize=525%2C300 1.5x"},"classes":[]},{"id":2167,"url":"https:\/\/larevistadigital.com.ar\/blog\/desde-el-1o-de-mayo-los-afiliados-a-ioma-cuentan-con-servicio-gratuito-de-ambulancias\/","url_meta":{"origin":5109,"position":5},"title":"DESDE EL 1\u00ba DE MAYO LOS AFILIADOS A IOMA CUENTAN CON SERVICIO GRATUITO DE AMBULANCIAS","author":"Alejandro Sosa Ruda","date":"2 mayo, 2017","format":false,"excerpt":"Desde este 1\u00ba de mayo, y por primera vez en su historia, el Instituto Obra M\u00e9dica Asistencial (IOMA) -la obra social de la provincia de Buenos Aires- brindar\u00e1 a sus afiliados un servicio gratuito de ambulancias para riesgo de vida y emergencias, las 24 horas, los 365 d\u00edas del a\u00f1o.\u2026","rel":"","context":"En \u00abDESTACADAS\u00bb","block_context":{"text":"DESTACADAS","link":"https:\/\/larevistadigital.com.ar\/blog\/category\/destacadas\/"},"img":{"alt_text":"","src":"https:\/\/i0.wp.com\/larevistadigital.com.ar\/blog\/wp-content\/uploads\/2017\/05\/bbx_899877545_ioma.jpg?fit=1200%2C544&ssl=1&resize=350%2C200","width":350,"height":200,"srcset":"https:\/\/i0.wp.com\/larevistadigital.com.ar\/blog\/wp-content\/uploads\/2017\/05\/bbx_899877545_ioma.jpg?fit=1200%2C544&ssl=1&resize=350%2C200 1x, https:\/\/i0.wp.com\/larevistadigital.com.ar\/blog\/wp-content\/uploads\/2017\/05\/bbx_899877545_ioma.jpg?fit=1200%2C544&ssl=1&resize=525%2C300 1.5x, https:\/\/i0.wp.com\/larevistadigital.com.ar\/blog\/wp-content\/uploads\/2017\/05\/bbx_899877545_ioma.jpg?fit=1200%2C544&ssl=1&resize=700%2C400 2x, https:\/\/i0.wp.com\/larevistadigital.com.ar\/blog\/wp-content\/uploads\/2017\/05\/bbx_899877545_ioma.jpg?fit=1200%2C544&ssl=1&resize=1050%2C600 3x"},"classes":[]}],"_links":{"self":[{"href":"https:\/\/larevistadigital.com.ar\/blog\/wp-json\/wp\/v2\/posts\/5109","targetHints":{"allow":["GET"]}}],"collection":[{"href":"https:\/\/larevistadigital.com.ar\/blog\/wp-json\/wp\/v2\/posts"}],"about":[{"href":"https:\/\/larevistadigital.com.ar\/blog\/wp-json\/wp\/v2\/types\/post"}],"author":[{"embeddable":true,"href":"https:\/\/larevistadigital.com.ar\/blog\/wp-json\/wp\/v2\/users\/1"}],"replies":[{"embeddable":true,"href":"https:\/\/larevistadigital.com.ar\/blog\/wp-json\/wp\/v2\/comments?post=5109"}],"version-history":[{"count":1,"href":"https:\/\/larevistadigital.com.ar\/blog\/wp-json\/wp\/v2\/posts\/5109\/revisions"}],"predecessor-version":[{"id":5111,"href":"https:\/\/larevistadigital.com.ar\/blog\/wp-json\/wp\/v2\/posts\/5109\/revisions\/5111"}],"wp:featuredmedia":[{"embeddable":true,"href":"https:\/\/larevistadigital.com.ar\/blog\/wp-json\/wp\/v2\/media\/5110"}],"wp:attachment":[{"href":"https:\/\/larevistadigital.com.ar\/blog\/wp-json\/wp\/v2\/media?parent=5109"}],"wp:term":[{"taxonomy":"category","embeddable":true,"href":"https:\/\/larevistadigital.com.ar\/blog\/wp-json\/wp\/v2\/categories?post=5109"},{"taxonomy":"post_tag","embeddable":true,"href":"https:\/\/larevistadigital.com.ar\/blog\/wp-json\/wp\/v2\/tags?post=5109"}],"curies":[{"name":"wp","href":"https:\/\/api.w.org\/{rel}","templated":true}]}}