{"id":5112,"date":"2018-03-01T09:25:14","date_gmt":"2018-03-01T09:25:14","guid":{"rendered":"https:\/\/larevistadigital.com.ar\/blog\/?p=5112"},"modified":"2018-03-01T09:25:37","modified_gmt":"2018-03-01T09:25:37","slug":"paritaria-se-complica-los-docentes-decidiran-van-al-paro-tras-rechazar-la-propuesta-la-gobernadora-vidal","status":"publish","type":"post","link":"https:\/\/larevistadigital.com.ar\/blog\/paritaria-se-complica-los-docentes-decidiran-van-al-paro-tras-rechazar-la-propuesta-la-gobernadora-vidal\/","title":{"rendered":"Paritaria que se complica Los docentes decidir\u00e1n si van al paro, tras rechazar la propuesta de la gobernadora Vidal"},"content":{"rendered":"<p>Los gremios docentes rechazaron de manera un\u00e1nime la propuesta de recomposici\u00f3n salarial para este a\u00f1o elevada por el Gobierno bonaerense, consistente, como en las ocasiones anteriores, de un aumento del 15 por ciento a pagarse en tres tramos, un bono por presentismo y la novedad de la imposici\u00f3n de una cl\u00e1usula de revisi\u00f3n \u2013no autom\u00e1tica- para octubre.<br \/>\nLa distancia con las pretensiones del Frente de Unidad es de al menos cinco puntos en lo que hace a la recomposici\u00f3n, pero la negativa a incorporar una cl\u00e1usula \u201cgatillo\u201d, de actualizaci\u00f3n autom\u00e1tica, que impida que el salario pierda poder adquisitivo, es, una vez m\u00e1s, clave.<br \/>\nEn ese marco, la posibilidad de que tomen medidas de fuerza est\u00e1 latente. Para eso celebrar\u00e1n congresos de afiliados desde el viernes. \u201cVolvemos a rechazar la propuesta porque es id\u00e9ntica al anterior\u201d, dijo Mirta Petrocini, de FEB, al t\u00e9rmino de la reuni\u00f3n. \u201cEstamos dispuestos a discutir hasta \u00faltimo momento, pero hay una profunda preocupaci\u00f3n en toda la comunidad\u201d, admiti\u00f3.<br \/>\nEn el caso de SUTEBA hay matices. La agrupaci\u00f3n Multicolor, opositora a la conducci\u00f3n de Roberto Baradel, ya lanz\u00f3 medidas de fuerza de 72 horas a partir del lunes, que empalmar\u00e1n con el paro de mujeres hasta completar cuatro d\u00edas sin clases. La medida tiene validez en aquellas seccionales que controla: La Matanza, Escobar, Ensenada y Madariaga, entre otras.<br \/>\nTambi\u00e9n est\u00e1 latente la posibilidad de que la CTERA, entidad de la que SUTEBA depende org\u00e1nicamente, lance medidas de fuerza, con lo cual \u201carrastrar\u00eda\u201d a su filial bonaerense al paro. La decisi\u00f3n, como en el caso de FEB, se tomar\u00e1 el viernes, tras el debate de los congresos sindicales.<br \/>\nAyer, Sonia Alessio, titular del sindicato nacional, advirti\u00f3 que \u201clas provincias pueden mejorar las propuestas que hicieron a la baja y convocar a los sindicatos en el caso de que todav\u00eda no lo hayan hecho\u201d. Esto, en el caso bonaerense, no ocurri\u00f3, con lo cual quedaron abiertas las puertas al primer paro de 2018. Los estatales enrolados de ATE -gremio que volvi\u00f3 a sentarse en la mesa de negociaciones, tras ser excluido en la primera reuni\u00f3n- ya tienen programado un paro para 5 y 6 de este mes y, como sus pares, rechazan las propuestas del Gobierno.<\/p>\n","protected":false},"excerpt":{"rendered":"<div class=\"mh-excerpt\"><p>Los gremios docentes rechazaron de manera un\u00e1nime la propuesta de recomposici\u00f3n salarial para este a\u00f1o elevada por el Gobierno bonaerense, consistente, como en las ocasiones anteriores, de un aumento del 15 por ciento a pagarse <a class=\"mh-excerpt-more\" href=\"https:\/\/larevistadigital.com.ar\/blog\/paritaria-se-complica-los-docentes-decidiran-van-al-paro-tras-rechazar-la-propuesta-la-gobernadora-vidal\/\" title=\"Paritaria que se complica Los docentes decidir\u00e1n si van al paro, tras rechazar la propuesta de la gobernadora Vidal\">[Leer M\u00e1s]<\/a><\/p>\n<\/div>","protected":false},"author":1,"featured_media":5113,"comment_status":"open","ping_status":"open","sticky":false,"template":"","format":"standard","meta":{"_jetpack_memberships_contains_paid_content":false,"footnotes":"","jetpack_publicize_message":"","jetpack_publicize_feature_enabled":true,"jetpack_social_post_already_shared":true,"jetpack_social_options":{"image_generator_settings":{"template":"highway","default_image_id":0,"font":"","enabled":false},"version":2}},"categories":[10,12],"tags":[],"class_list":{"0":"post-5112","1":"post","2":"type-post","3":"status-publish","4":"format-standard","5":"has-post-thumbnail","7":"category-gremiales","8":"category-politica"},"jetpack_publicize_connections":[],"jetpack_featured_media_url":"https:\/\/i0.wp.com\/larevistadigital.com.ar\/blog\/wp-content\/uploads\/2018\/03\/f999x666-387133_482198_0.jpg?fit=737%2C415&ssl=1","jetpack_sharing_enabled":true,"jetpack_shortlink":"https:\/\/wp.me\/p8qtrQ-1ks","jetpack-related-posts":[{"id":4953,"url":"https:\/\/larevistadigital.com.ar\/blog\/paritarias-vidal-convoco-los-docentes-jueves\/","url_meta":{"origin":5112,"position":0},"title":"PARITARIAS: VIDAL CONVOC\u00d3 A LOS DOCENTES PARA EL JUEVES","author":"Alejandro Sosa Ruda","date":"20 febrero, 2018","format":false,"excerpt":"El gobierno de la provincia de Buenos Aires convoc\u00f3 a los gremios docentes a una nueva reuni\u00f3n paritaria, que se realizar\u00e1 el pr\u00f3ximo jueves a las 17. El \u00e1mbito de la reuni\u00f3n, ser\u00eda\u00a0en el Ministerio de Econom\u00eda bonaerense, en La Plata. En el primer encuentro, realizado la semana pasada, las\u2026","rel":"","context":"En \u00abDESTACADAS\u00bb","block_context":{"text":"DESTACADAS","link":"https:\/\/larevistadigital.com.ar\/blog\/category\/destacadas\/"},"img":{"alt_text":"","src":"https:\/\/i0.wp.com\/larevistadigital.com.ar\/blog\/wp-content\/uploads\/2018\/02\/not_879166_12_115344.jpg?fit=768%2C425&ssl=1&resize=350%2C200","width":350,"height":200,"srcset":"https:\/\/i0.wp.com\/larevistadigital.com.ar\/blog\/wp-content\/uploads\/2018\/02\/not_879166_12_115344.jpg?fit=768%2C425&ssl=1&resize=350%2C200 1x, https:\/\/i0.wp.com\/larevistadigital.com.ar\/blog\/wp-content\/uploads\/2018\/02\/not_879166_12_115344.jpg?fit=768%2C425&ssl=1&resize=525%2C300 1.5x, https:\/\/i0.wp.com\/larevistadigital.com.ar\/blog\/wp-content\/uploads\/2018\/02\/not_879166_12_115344.jpg?fit=768%2C425&ssl=1&resize=700%2C400 2x"},"classes":[]},{"id":24200,"url":"https:\/\/larevistadigital.com.ar\/blog\/docentes-aceptan-la-propuesta-salarial-del-gobierno-de-la-provicia-42-en-tres-tramos\/","url_meta":{"origin":5112,"position":1},"title":"DOCENTES ACEPTAN LA PROPUESTA SALARIAL DEL GOBIERNO DE LA PROVICIA (42% EN TRES TRAMOS)","author":"Alejandro Sosa Ruda","date":"25 febrero, 2022","format":false,"excerpt":"La propuesta consisten en el incremento salarial del 42% en 3 tramos lleva el salario inicial del cargo testigo del MG sin antig\u00fcedad de $55.110,7 a $65.006,3 en marzo,\u00a0$71.070,3 en julio y\u00a0$78.549,3 en septiembre. El pasado 22 de febreroel Gobierno de la provincia de Buenos Aires ofreci\u00f3 a los docentes\u2026","rel":"","context":"En \u00abGREMIALES\u00bb","block_context":{"text":"GREMIALES","link":"https:\/\/larevistadigital.com.ar\/blog\/category\/gremiales\/"},"img":{"alt_text":"","src":"https:\/\/i0.wp.com\/larevistadigital.com.ar\/blog\/wp-content\/uploads\/621936340540c_750x499.jpg?fit=750%2C499&ssl=1&resize=350%2C200","width":350,"height":200,"srcset":"https:\/\/i0.wp.com\/larevistadigital.com.ar\/blog\/wp-content\/uploads\/621936340540c_750x499.jpg?fit=750%2C499&ssl=1&resize=350%2C200 1x, https:\/\/i0.wp.com\/larevistadigital.com.ar\/blog\/wp-content\/uploads\/621936340540c_750x499.jpg?fit=750%2C499&ssl=1&resize=525%2C300 1.5x, https:\/\/i0.wp.com\/larevistadigital.com.ar\/blog\/wp-content\/uploads\/621936340540c_750x499.jpg?fit=750%2C499&ssl=1&resize=700%2C400 2x"},"classes":[]},{"id":2032,"url":"https:\/\/larevistadigital.com.ar\/blog\/no-huboacuerdo-los-gremios-docentes-volvieron-a-rechazar-la-propuesta-del-gobierno\/","url_meta":{"origin":5112,"position":2},"title":"NO HUBOACUERDO: LOS GREMIOS DOCENTES VOLVIERON A RECHAZAR LA PROPUESTA DEL GOBIERNO","author":"Alejandro Sosa Ruda","date":"18 abril, 2017","format":false,"excerpt":"En los pr\u00f3ximos d\u00edas volver\u00edan a reunirse. La propuesta del gobierno era por tres a\u00f1os. Se llev\u00f3 a cabo una nueva reuni\u00f3n entre el gobierno de la provincia y los gremios, en la que nuevamente los sindicatos rechazaron la propuesta del gobierno bonaerense. Algunos dirigentes gremiales a la salida de\u2026","rel":"","context":"En \u00abDESTACADAS\u00bb","block_context":{"text":"DESTACADAS","link":"https:\/\/larevistadigital.com.ar\/blog\/category\/destacadas\/"},"img":{"alt_text":"","src":"https:\/\/i0.wp.com\/larevistadigital.com.ar\/blog\/wp-content\/uploads\/2017\/04\/reunion-docentes-pba.jpg?fit=862%2C590&ssl=1&resize=350%2C200","width":350,"height":200,"srcset":"https:\/\/i0.wp.com\/larevistadigital.com.ar\/blog\/wp-content\/uploads\/2017\/04\/reunion-docentes-pba.jpg?fit=862%2C590&ssl=1&resize=350%2C200 1x, https:\/\/i0.wp.com\/larevistadigital.com.ar\/blog\/wp-content\/uploads\/2017\/04\/reunion-docentes-pba.jpg?fit=862%2C590&ssl=1&resize=525%2C300 1.5x, https:\/\/i0.wp.com\/larevistadigital.com.ar\/blog\/wp-content\/uploads\/2017\/04\/reunion-docentes-pba.jpg?fit=862%2C590&ssl=1&resize=700%2C400 2x"},"classes":[]},{"id":518,"url":"https:\/\/larevistadigital.com.ar\/blog\/mensaje-maria-eugenia-vidal-los-docentes\/","url_meta":{"origin":5112,"position":3},"title":"El mensaje de Mar\u00eda Eugenia Vidal a los docentes","author":"editor","date":"4 marzo, 2017","format":false,"excerpt":"La gobernadora bonaerense difundi\u00f3 un texto en las redes sociales tras la confirmaci\u00f3n del paro por parte de los gremios. Poco despu\u00e9s de la conferencia de prensa en la que los docentes bonaerenses confirmaron el paro del lunes y martes pr\u00f3ximos, la gobernadora Mar\u00eda Eugenia Vidal difundi\u00f3 un mensaje en\u2026","rel":"","context":"En \u00abDESTACADAS\u00bb","block_context":{"text":"DESTACADAS","link":"https:\/\/larevistadigital.com.ar\/blog\/category\/destacadas\/"},"img":{"alt_text":"","src":"https:\/\/i0.wp.com\/larevistadigital.com.ar\/blog\/wp-content\/uploads\/2017\/03\/Maria-Eugenia-Vidal-entrevista-AE-1920-5.jpg?fit=600%2C338&ssl=1&resize=350%2C200","width":350,"height":200,"srcset":"https:\/\/i0.wp.com\/larevistadigital.com.ar\/blog\/wp-content\/uploads\/2017\/03\/Maria-Eugenia-Vidal-entrevista-AE-1920-5.jpg?fit=600%2C338&ssl=1&resize=350%2C200 1x, https:\/\/i0.wp.com\/larevistadigital.com.ar\/blog\/wp-content\/uploads\/2017\/03\/Maria-Eugenia-Vidal-entrevista-AE-1920-5.jpg?fit=600%2C338&ssl=1&resize=525%2C300 1.5x"},"classes":[]},{"id":5275,"url":"https:\/\/larevistadigital.com.ar\/blog\/secretaria-de-asuntos-docentes-listado-ad-hoc-para-planes-fines\/","url_meta":{"origin":5112,"position":4},"title":"Secretar\u00eda de Asuntos Docentes: Listado \u201cad hoc\u201d para Planes FinEs","author":"admin","date":"29 marzo, 2018","format":false,"excerpt":"A pedido de Jefatura Distrital y en el marco de la Comunicaci\u00f3n N\u00ba 50\/17, se llam\u00f3 a inscripci\u00f3n para la conformaci\u00f3n de un Listado \u201cAd hoc\u201d, el cual caducar\u00e1 en forma cuatrimestral, para la cobertura de las asignaturas Biolog\u00eda e Ingles, correspondientes al Plan FinEs. Los interesados deber\u00e1n presentar, al\u2026","rel":"","context":"En \u00abPILA\u00bb","block_context":{"text":"PILA","link":"https:\/\/larevistadigital.com.ar\/blog\/category\/pila\/"},"img":{"alt_text":"","src":"https:\/\/i0.wp.com\/larevistadigital.com.ar\/blog\/wp-content\/uploads\/2018\/03\/sad-pila.jpg?fit=726%2C407&ssl=1&resize=350%2C200","width":350,"height":200,"srcset":"https:\/\/i0.wp.com\/larevistadigital.com.ar\/blog\/wp-content\/uploads\/2018\/03\/sad-pila.jpg?fit=726%2C407&ssl=1&resize=350%2C200 1x, https:\/\/i0.wp.com\/larevistadigital.com.ar\/blog\/wp-content\/uploads\/2018\/03\/sad-pila.jpg?fit=726%2C407&ssl=1&resize=525%2C300 1.5x, https:\/\/i0.wp.com\/larevistadigital.com.ar\/blog\/wp-content\/uploads\/2018\/03\/sad-pila.jpg?fit=726%2C407&ssl=1&resize=700%2C400 2x"},"classes":[]},{"id":1708,"url":"https:\/\/larevistadigital.com.ar\/blog\/mientras-los-docentes-van-por-48-horas-mas-de-paro-vidal-redobla-la-apuesta\/","url_meta":{"origin":5112,"position":5},"title":"MIENTRAS LOS DOCENTES VAN POR 48 HORAS M\u00c1S DE PARO, VIDAL REDOBLA LA APUESTA","author":"Alejandro Sosa Ruda","date":"29 marzo, 2017","format":false,"excerpt":"La situaci\u00f3n de conflicto entre el gobierno de la provincia de Buenos Aires, y los gremios docentes en lugar de ir mejorando, parece complicarse cada d\u00eda m\u00e1s. La gobernadora Mar\u00eda Eugenia Vidal est\u00e1 dispuesta a ir m\u00e1s all\u00e1, ya que no solo no firm\u00f3 por decreto un aumento salarial para\u2026","rel":"","context":"En \u00abDESTACADAS\u00bb","block_context":{"text":"DESTACADAS","link":"https:\/\/larevistadigital.com.ar\/blog\/category\/destacadas\/"},"img":{"alt_text":"","src":"https:\/\/i0.wp.com\/larevistadigital.com.ar\/blog\/wp-content\/uploads\/2017\/03\/B5.jpg?fit=1200%2C900&ssl=1&resize=350%2C200","width":350,"height":200,"srcset":"https:\/\/i0.wp.com\/larevistadigital.com.ar\/blog\/wp-content\/uploads\/2017\/03\/B5.jpg?fit=1200%2C900&ssl=1&resize=350%2C200 1x, https:\/\/i0.wp.com\/larevistadigital.com.ar\/blog\/wp-content\/uploads\/2017\/03\/B5.jpg?fit=1200%2C900&ssl=1&resize=525%2C300 1.5x, https:\/\/i0.wp.com\/larevistadigital.com.ar\/blog\/wp-content\/uploads\/2017\/03\/B5.jpg?fit=1200%2C900&ssl=1&resize=700%2C400 2x, https:\/\/i0.wp.com\/larevistadigital.com.ar\/blog\/wp-content\/uploads\/2017\/03\/B5.jpg?fit=1200%2C900&ssl=1&resize=1050%2C600 3x"},"classes":[]}],"_links":{"self":[{"href":"https:\/\/larevistadigital.com.ar\/blog\/wp-json\/wp\/v2\/posts\/5112","targetHints":{"allow":["GET"]}}],"collection":[{"href":"https:\/\/larevistadigital.com.ar\/blog\/wp-json\/wp\/v2\/posts"}],"about":[{"href":"https:\/\/larevistadigital.com.ar\/blog\/wp-json\/wp\/v2\/types\/post"}],"author":[{"embeddable":true,"href":"https:\/\/larevistadigital.com.ar\/blog\/wp-json\/wp\/v2\/users\/1"}],"replies":[{"embeddable":true,"href":"https:\/\/larevistadigital.com.ar\/blog\/wp-json\/wp\/v2\/comments?post=5112"}],"version-history":[{"count":1,"href":"https:\/\/larevistadigital.com.ar\/blog\/wp-json\/wp\/v2\/posts\/5112\/revisions"}],"predecessor-version":[{"id":5114,"href":"https:\/\/larevistadigital.com.ar\/blog\/wp-json\/wp\/v2\/posts\/5112\/revisions\/5114"}],"wp:featuredmedia":[{"embeddable":true,"href":"https:\/\/larevistadigital.com.ar\/blog\/wp-json\/wp\/v2\/media\/5113"}],"wp:attachment":[{"href":"https:\/\/larevistadigital.com.ar\/blog\/wp-json\/wp\/v2\/media?parent=5112"}],"wp:term":[{"taxonomy":"category","embeddable":true,"href":"https:\/\/larevistadigital.com.ar\/blog\/wp-json\/wp\/v2\/categories?post=5112"},{"taxonomy":"post_tag","embeddable":true,"href":"https:\/\/larevistadigital.com.ar\/blog\/wp-json\/wp\/v2\/tags?post=5112"}],"curies":[{"name":"wp","href":"https:\/\/api.w.org\/{rel}","templated":true}]}}