{"id":5115,"date":"2018-03-01T09:30:16","date_gmt":"2018-03-01T09:30:16","guid":{"rendered":"https:\/\/larevistadigital.com.ar\/blog\/?p=5115"},"modified":"2018-03-01T09:30:16","modified_gmt":"2018-03-01T09:30:16","slug":"habra-clases-educacion-vial-desde-12-marzo-chascomus","status":"publish","type":"post","link":"https:\/\/larevistadigital.com.ar\/blog\/habra-clases-educacion-vial-desde-12-marzo-chascomus\/","title":{"rendered":"Habr\u00e1 clases de Educaci\u00f3n Vial desde el 12 de marzo en Chascom\u00fas"},"content":{"rendered":"<p>Desde la Secretar\u00eda de Seguridad Ciudadana del Municipio se inform\u00f3 que \u201cse est\u00e1 trabajando con las escuelas del distrito para que a partir del 12 de marzo se comiencen con las clases de educaci\u00f3n vial\u201d.<br \/>\nSe agreg\u00f3 en un parte de prensa que \u201cse han realizado los primeros encuentros con la Direcci\u00f3n de Educaci\u00f3n Municipal para comenzar el ciclo de charlas 2018 por las escuelas municipales. En principio se dar\u00e1 inicio a estas charlas con las divisiones de los primeros a\u00f1os de primaria de la Escuela Municipal 2\u201d.<br \/>\nLa informaci\u00f3n oficial dice adem\u00e1s que \u201c\u2026el prop\u00f3sito de estas charlas es concientizar y formar a los m\u00e1s peque\u00f1os sobre el uso adecuado, responsable y solidario del espacio p\u00fablico; entendiendo la importancia de la educaci\u00f3n vial como un proceso educativo integral y permanente con la finalidad de generar un tr\u00e1nsito seguro\u201d<\/p>\n","protected":false},"excerpt":{"rendered":"<div class=\"mh-excerpt\"><p>Desde la Secretar\u00eda de Seguridad Ciudadana del Municipio se inform\u00f3 que \u201cse est\u00e1 trabajando con las escuelas del distrito para que a partir del 12 de marzo se comiencen con las clases de educaci\u00f3n vial\u201d. <a class=\"mh-excerpt-more\" href=\"https:\/\/larevistadigital.com.ar\/blog\/habra-clases-educacion-vial-desde-12-marzo-chascomus\/\" title=\"Habr\u00e1 clases de Educaci\u00f3n Vial desde el 12 de marzo en Chascom\u00fas\">[Leer M\u00e1s]<\/a><\/p>\n<\/div>","protected":false},"author":1,"featured_media":5116,"comment_status":"open","ping_status":"open","sticky":false,"template":"","format":"standard","meta":{"_jetpack_memberships_contains_paid_content":false,"footnotes":"","jetpack_publicize_message":"","jetpack_publicize_feature_enabled":true,"jetpack_social_post_already_shared":true,"jetpack_social_options":{"image_generator_settings":{"template":"highway","default_image_id":0,"font":"","enabled":false},"version":2}},"categories":[6],"tags":[],"class_list":{"0":"post-5115","1":"post","2":"type-post","3":"status-publish","4":"format-standard","5":"has-post-thumbnail","7":"category-chascomus"},"jetpack_publicize_connections":[],"jetpack_featured_media_url":"https:\/\/i0.wp.com\/larevistadigital.com.ar\/blog\/wp-content\/uploads\/2018\/03\/educacin-vialpptx-1-638.jpg?fit=638%2C479&ssl=1","jetpack_sharing_enabled":true,"jetpack_shortlink":"https:\/\/wp.me\/p8qtrQ-1kv","jetpack-related-posts":[{"id":9932,"url":"https:\/\/larevistadigital.com.ar\/blog\/chascomus-continuan-las-jornadas-de-educacion-vial-rcp-primeros-auxilios-y-monoxido-de-carbono-para-las-escuelas-en-los-tres-niveles\/","url_meta":{"origin":5115,"position":0},"title":"CHASCOM\u00daS: CONTIN\u00daAN LAS JORNADAS DE EDUCACI\u00d3N VIAL, RCP, PRIMEROS AUXILIOS Y MON\u00d3XIDO DE CARBONO PARA LAS ESCUELAS EN LOS TRES NIVELES","author":"Alejandro Sosa Ruda","date":"2 mayo, 2019","format":false,"excerpt":"A trav\u00e9s del Plan Maestro de Seguridad Vial impulsado por el gobierno municipal, se promueve de manera permanente el cumplimiento de las normativas vigentes y la buena convivencia en la v\u00eda p\u00fablica mediante distintas acciones. En este sentido, se puso en marcha un proyecto ambientando el sal\u00f3n de los Bomberos\u2026","rel":"","context":"En \u00abPOLITICA\u00bb","block_context":{"text":"POLITICA","link":"https:\/\/larevistadigital.com.ar\/blog\/category\/politica\/"},"img":{"alt_text":"","src":"https:\/\/i0.wp.com\/larevistadigital.com.ar\/blog\/wp-content\/uploads\/2019\/05\/59106192_2409335435753994_1116390857839214592_o.jpg?fit=1200%2C675&ssl=1&resize=350%2C200","width":350,"height":200,"srcset":"https:\/\/i0.wp.com\/larevistadigital.com.ar\/blog\/wp-content\/uploads\/2019\/05\/59106192_2409335435753994_1116390857839214592_o.jpg?fit=1200%2C675&ssl=1&resize=350%2C200 1x, https:\/\/i0.wp.com\/larevistadigital.com.ar\/blog\/wp-content\/uploads\/2019\/05\/59106192_2409335435753994_1116390857839214592_o.jpg?fit=1200%2C675&ssl=1&resize=525%2C300 1.5x, https:\/\/i0.wp.com\/larevistadigital.com.ar\/blog\/wp-content\/uploads\/2019\/05\/59106192_2409335435753994_1116390857839214592_o.jpg?fit=1200%2C675&ssl=1&resize=700%2C400 2x, https:\/\/i0.wp.com\/larevistadigital.com.ar\/blog\/wp-content\/uploads\/2019\/05\/59106192_2409335435753994_1116390857839214592_o.jpg?fit=1200%2C675&ssl=1&resize=1050%2C600 3x"},"classes":[]},{"id":10506,"url":"https:\/\/larevistadigital.com.ar\/blog\/chascomus-acciones-para-concientizar-sobre-educacion-vial\/","url_meta":{"origin":5115,"position":1},"title":"CHASCOM\u00daS: ACCIONES PARA CONCIENTIZAR SOBRE EDUCACI\u00d3N VIAL","author":"Alejandro Sosa Ruda","date":"9 junio, 2019","format":false,"excerpt":"Este lunes con motivo de celebrar el D\u00eda de la Educaci\u00f3n Vial, desde las 13hs. en la Plaza Independencia, se armar\u00e1 un circuito vial del que participar\u00e1n alumnos de la escuela Municipal N\u00ba1, de primero y segundo grado, con un autito de cart\u00f3n que armaron junto a sus familias. En\u2026","rel":"","context":"En \u00abPOLITICA\u00bb","block_context":{"text":"POLITICA","link":"https:\/\/larevistadigital.com.ar\/blog\/category\/politica\/"},"img":{"alt_text":"","src":"https:\/\/i0.wp.com\/larevistadigital.com.ar\/blog\/wp-content\/uploads\/62124237_2475934969094040_209977283199369216_n.jpg?fit=576%2C960&ssl=1&resize=350%2C200","width":350,"height":200,"srcset":"https:\/\/i0.wp.com\/larevistadigital.com.ar\/blog\/wp-content\/uploads\/62124237_2475934969094040_209977283199369216_n.jpg?fit=576%2C960&ssl=1&resize=350%2C200 1x, https:\/\/i0.wp.com\/larevistadigital.com.ar\/blog\/wp-content\/uploads\/62124237_2475934969094040_209977283199369216_n.jpg?fit=576%2C960&ssl=1&resize=525%2C300 1.5x"},"classes":[]},{"id":44959,"url":"https:\/\/larevistadigital.com.ar\/blog\/chascomus-comenzaron-las-capacitaciones-en-seguridad-vial-en-las-escuelas\/","url_meta":{"origin":5115,"position":2},"title":"Chascom\u00fas: Comenzaron las capacitaciones en seguridad vial en las escuelas","author":"Alejandro Sosa Ruda","date":"6 abril, 2026","format":false,"excerpt":"En el primer mes del desarrollo de esta iniciativa, las jornadas se concentraron en la Escuela Normal, haciendo especial hincapi\u00e9 en el valor de cuidar la vida. 06 de abril de 2026 CHASCOM\u00daS-\u00a0 \u00a0La Municipalidad de Chascom\u00fas informa que comenz\u00f3 a implementarse el proyecto de seguridad vial en las escuelas,\u2026","rel":"","context":"En \u00abCHASCOM\u00daS\u00bb","block_context":{"text":"CHASCOM\u00daS","link":"https:\/\/larevistadigital.com.ar\/blog\/category\/chascomus\/"},"img":{"alt_text":"","src":"https:\/\/i0.wp.com\/larevistadigital.com.ar\/blog\/wp-content\/uploads\/69d3ebd4eb32d.png?fit=668%2C445&ssl=1&resize=350%2C200","width":350,"height":200,"srcset":"https:\/\/i0.wp.com\/larevistadigital.com.ar\/blog\/wp-content\/uploads\/69d3ebd4eb32d.png?fit=668%2C445&ssl=1&resize=350%2C200 1x, https:\/\/i0.wp.com\/larevistadigital.com.ar\/blog\/wp-content\/uploads\/69d3ebd4eb32d.png?fit=668%2C445&ssl=1&resize=525%2C300 1.5x"},"classes":[]},{"id":42184,"url":"https:\/\/larevistadigital.com.ar\/blog\/chascomus-comenzaron-las-jornadas-de-educacion-vial-en-el-ateneo-parroquial\/","url_meta":{"origin":5115,"position":3},"title":"Chascom\u00fas: Comenzaron las jornadas de educaci\u00f3n vial en el Ateneo Parroquial","author":"Alejandro Sosa Ruda","date":"23 octubre, 2025","format":false,"excerpt":"La Municipalidad impulsa acciones para fortalecer la seguridad y el cuidado en la v\u00eda p\u00fablica. 23 de Octubre de 2025 CHASCOM\u00daS -\u00a0 \u00a0Esta semana comenzaron las jornadas de educaci\u00f3n vial organizadas por la Municipalidad en la sede del Ateneo Parroquial Nuestra Se\u00f1ora de la Merced. La capacitaci\u00f3n, a cargo de\u2026","rel":"","context":"En \u00abCHASCOM\u00daS\u00bb","block_context":{"text":"CHASCOM\u00daS","link":"https:\/\/larevistadigital.com.ar\/blog\/category\/chascomus\/"},"img":{"alt_text":"","src":"https:\/\/i0.wp.com\/larevistadigital.com.ar\/blog\/wp-content\/uploads\/68fa5aae96c77.png?fit=668%2C445&ssl=1&resize=350%2C200","width":350,"height":200,"srcset":"https:\/\/i0.wp.com\/larevistadigital.com.ar\/blog\/wp-content\/uploads\/68fa5aae96c77.png?fit=668%2C445&ssl=1&resize=350%2C200 1x, https:\/\/i0.wp.com\/larevistadigital.com.ar\/blog\/wp-content\/uploads\/68fa5aae96c77.png?fit=668%2C445&ssl=1&resize=525%2C300 1.5x"},"classes":[]},{"id":42103,"url":"https:\/\/larevistadigital.com.ar\/blog\/chascomus-la-empresa-atalaya-dialogo-con-estudiantes-secundarios-sobre-los-primeros-pasos-laborales\/","url_meta":{"origin":5115,"position":4},"title":"Chascom\u00fas: La empresa Atalaya dialog\u00f3 con estudiantes secundarios sobre los primeros pasos laborales","author":"Alejandro Sosa Ruda","date":"20 octubre, 2025","format":false,"excerpt":"A trav\u00e9s del programa Coordenadas, desde la Municipalidad se acompa\u00f1a a los j\u00f3venes con valiosas herramientas para que puedan insertarse en el mundo laboral. 20 de Octubre de 2025 CHASCOM\u00daS -\u00a0 \u00a0El \u00faltimo viernes, en el marco del programa \"Coordenadas\", estudiantes de sexto a\u00f1o de escuelas secundarias de la ciudad,\u2026","rel":"","context":"En \u00abCHASCOM\u00daS\u00bb","block_context":{"text":"CHASCOM\u00daS","link":"https:\/\/larevistadigital.com.ar\/blog\/category\/chascomus\/"},"img":{"alt_text":"","src":"https:\/\/i0.wp.com\/larevistadigital.com.ar\/blog\/wp-content\/uploads\/68f684e9949af.png?fit=668%2C445&ssl=1&resize=350%2C200","width":350,"height":200,"srcset":"https:\/\/i0.wp.com\/larevistadigital.com.ar\/blog\/wp-content\/uploads\/68f684e9949af.png?fit=668%2C445&ssl=1&resize=350%2C200 1x, https:\/\/i0.wp.com\/larevistadigital.com.ar\/blog\/wp-content\/uploads\/68f684e9949af.png?fit=668%2C445&ssl=1&resize=525%2C300 1.5x"},"classes":[]},{"id":44082,"url":"https:\/\/larevistadigital.com.ar\/blog\/chascomus-seguridad-y-educacion-coordinan-acciones-ante-el-inicio-del-ciclo-lectivo\/","url_meta":{"origin":5115,"position":5},"title":"Chascom\u00fas: Seguridad y Educaci\u00f3n coordinan acciones ante el inicio del ciclo lectivo","author":"Alejandro Sosa Ruda","date":"20 febrero, 2026","format":false,"excerpt":"En una reuni\u00f3n se analiz\u00f3 una agenda conjunta de prevenci\u00f3n, con eje en corredores seguros, tr\u00e1nsito y el cuidado de ni\u00f1os, ni\u00f1as y adolescentes. 20 de febrero de 2026 CHASCOM\u00daS\u00a0 -\u00a0 \u00a0 A pocos d\u00edas del comienzo de las clases, previsto para el lunes 2 de marzo, la secretaria de\u2026","rel":"","context":"En \u00abCHASCOM\u00daS\u00bb","block_context":{"text":"CHASCOM\u00daS","link":"https:\/\/larevistadigital.com.ar\/blog\/category\/chascomus\/"},"img":{"alt_text":"","src":"https:\/\/i0.wp.com\/larevistadigital.com.ar\/blog\/wp-content\/uploads\/699893e0378c8.png?fit=668%2C445&ssl=1&resize=350%2C200","width":350,"height":200,"srcset":"https:\/\/i0.wp.com\/larevistadigital.com.ar\/blog\/wp-content\/uploads\/699893e0378c8.png?fit=668%2C445&ssl=1&resize=350%2C200 1x, https:\/\/i0.wp.com\/larevistadigital.com.ar\/blog\/wp-content\/uploads\/699893e0378c8.png?fit=668%2C445&ssl=1&resize=525%2C300 1.5x"},"classes":[]}],"_links":{"self":[{"href":"https:\/\/larevistadigital.com.ar\/blog\/wp-json\/wp\/v2\/posts\/5115","targetHints":{"allow":["GET"]}}],"collection":[{"href":"https:\/\/larevistadigital.com.ar\/blog\/wp-json\/wp\/v2\/posts"}],"about":[{"href":"https:\/\/larevistadigital.com.ar\/blog\/wp-json\/wp\/v2\/types\/post"}],"author":[{"embeddable":true,"href":"https:\/\/larevistadigital.com.ar\/blog\/wp-json\/wp\/v2\/users\/1"}],"replies":[{"embeddable":true,"href":"https:\/\/larevistadigital.com.ar\/blog\/wp-json\/wp\/v2\/comments?post=5115"}],"version-history":[{"count":1,"href":"https:\/\/larevistadigital.com.ar\/blog\/wp-json\/wp\/v2\/posts\/5115\/revisions"}],"predecessor-version":[{"id":5117,"href":"https:\/\/larevistadigital.com.ar\/blog\/wp-json\/wp\/v2\/posts\/5115\/revisions\/5117"}],"wp:featuredmedia":[{"embeddable":true,"href":"https:\/\/larevistadigital.com.ar\/blog\/wp-json\/wp\/v2\/media\/5116"}],"wp:attachment":[{"href":"https:\/\/larevistadigital.com.ar\/blog\/wp-json\/wp\/v2\/media?parent=5115"}],"wp:term":[{"taxonomy":"category","embeddable":true,"href":"https:\/\/larevistadigital.com.ar\/blog\/wp-json\/wp\/v2\/categories?post=5115"},{"taxonomy":"post_tag","embeddable":true,"href":"https:\/\/larevistadigital.com.ar\/blog\/wp-json\/wp\/v2\/tags?post=5115"}],"curies":[{"name":"wp","href":"https:\/\/api.w.org\/{rel}","templated":true}]}}