{"id":5118,"date":"2018-03-01T09:31:36","date_gmt":"2018-03-01T09:31:36","guid":{"rendered":"https:\/\/larevistadigital.com.ar\/blog\/?p=5118"},"modified":"2018-03-01T09:31:36","modified_gmt":"2018-03-01T09:31:36","slug":"mesa-agroquimicos-intech-recomendo-las-areas-urbanas-zonas-exclusion-las-fumigaciones","status":"publish","type":"post","link":"https:\/\/larevistadigital.com.ar\/blog\/mesa-agroquimicos-intech-recomendo-las-areas-urbanas-zonas-exclusion-las-fumigaciones\/","title":{"rendered":"Mesa de Agroqu\u00edmicos: El INTECH recomend\u00f3 que en las \u00e1reas urbanas zonas de exclusi\u00f3n para las fumigaciones"},"content":{"rendered":"<p>Se presentaron trabajos cient\u00edficos del orden nacional e internacional en los que se eval\u00faa evalu\u00f3 la asociaci\u00f3n entre diferentes tipos del c\u00e1ncer, determinando uno de ellos que cualquier casa con una proximidad menor a 780 m de un campo cultivado estaba expuesta, otro ubic\u00e1ndola entre 500 y 1500 m y un tercero a 900 metros.<\/p>\n<p>Finaliz\u00f3 d\u00edas atr\u00e1s la Mesa de Estudio para la Regulaci\u00f3n de Agroqu\u00edmicos, despu\u00e9s de m\u00e1s de dos meses de trabajo con encuentros semanales, en los que se expuso sobre la problem\u00e1tica de los agroqu\u00edmicos y sus efectos nocivos para la salud, el ambiente y la biodiversidad.<br \/>\nEn ese marco, los representantes del Instituto de investigaciones biotecnol\u00f3gicas (IIB-INTECH- CONICET-UNSAM) presentaron ante los concejales trabajos cient\u00edficos del orden nacional e internacional que evidencian que los agroqu\u00edmicos son potenciales causantes de enfermedades.<br \/>\nEstos estudios publicados en revistas cient\u00edficas internacionales exponen distancias m\u00ednimas de protecci\u00f3n para la poblaci\u00f3n en general y la de ni\u00f1os en particular, por ser estos el grupo social m\u00e1s expuestos a los efectos t\u00f3xicos de los agroqu\u00edmicos.<\/p>\n<p>Estudios en el pa\u00eds<br \/>\ny en EE.UU<br \/>\nLos estudios expuestos por la Dra. Tania Melina Rodr\u00edguez (Doctora en Biolog\u00eda Molecular y Biotecnolog\u00eda UNSAM) se corresponden a investigaciones llevadas adelante en EE.UU y Argentina.<br \/>\nEl primero trabajo expuesto parte del grupo de investigaci\u00f3n del Dr. Zhang (Massachusetts, EEUU) qui\u00e9n evalu\u00f3 la asociaci\u00f3n entre diferentes tipos del c\u00e1ncer y la proximidad de las residencias de los pacientes a las zonas de cultivo, concluyendo que cualquier casa con una proximidad menor a 780 m de un campo cultivado estaba expuesta.<br \/>\nEl segundo trabajo expuesto fue el del grupo del Dr. Beaumont y colaboradores (California, EEUU) quienes demostraron la asociaci\u00f3n entre la exposici\u00f3n ambiental a plaguicidas y la muerte fetal debido a anomal\u00edas cong\u00e9nitas. En el trabajo se evalu\u00f3 la proximidad de la residencia de las madres a los lugares donde se aplicaron pesticidas espec\u00edficos, concluyendo que las mujeres embarazadas (particularmente aquellas transitando las primeras semanas de gestaci\u00f3n) son especialmente susceptibles a da\u00f1os si su residencia se encuentra dentro de los 900 metros pr\u00f3ximos al sitio de uso de plaguicida).<\/p>\n<p>Otra presentaci\u00f3n<br \/>\nEl \u00faltimo trabajo de investigaci\u00f3n que se present\u00f3 fue el realizado en nuestro pa\u00eds por el grupo de la Dra. Aiassa, el cual fue publicado en 2015. En dicho trabajo se determin\u00f3 el efecto de los pesticidas glifosato, cipermetrina y clorpirif\u00f3s, por medio de evaluaci\u00f3n de genotoxicidad en dos grupos de ni\u00f1os considerados como expuestos: Grupo I residentes en Marcos Ju\u00e1rez a menos 500 m de las zonas de fumigaci\u00f3n y Grupo II residentes en Marcos Ju\u00e1rez entre 500 y 1500 m de distancia de dichas zonas. En ambos casos se constato da\u00f1o gen\u00e9tico.<br \/>\nLa Dra. Rodr\u00edguez entreg\u00f3 a los concejales las referencias t\u00e9cnicas-cient\u00edficas como as\u00ed tambi\u00e9n una descripci\u00f3n de la metodolog\u00eda de investigaci\u00f3n y recomend\u00f3 en conjunto con los investigadores Dr. Sergio \u00c1ngel (Licenciado en Biolog\u00eda, Doctor en Ciencias Biol\u00f3gicas, Investigador Principal de CONICET, Profesor Titular UNSAM, Vice-Director y Administrador Responsable INTECH) y los miembros Investigadores del Consejo Directivo: Dr. Horacio Zagarese (Licenciado en Biolog\u00eda, Doctor en Ciencias Biol\u00f3gicas, Investigador Superior del CONICET, Profesor Asociado UNSAM), Dra. Mar\u00eda Marina (Bioqu\u00edmica, Doctora de la Universidad de Buenos Aires, \u00e1rea Bioqu\u00edmica vegetal, Investigadora Adjunta de CONICET, Profesora UNSAM) Dr. Leandro Miranda (Licenciado en Biolog\u00eda, Doctor Ciencias Biol\u00f3gicas, Investigador Principal de CONICET, Profesor UNSAM). Dr. Fernando Pieckenstain (Licenciado en Biolog\u00eda, Doctor en Ciencias Biol\u00f3gicas, Investigador Independiente de CONICET, Profesor UNSAM) se tenga en cuenta el riesgo para la salud y el medio ambiente, extensamente demostrado a nivel nacional e internacional que implica la falta de control sobre el uso de agroqu\u00edmicos, y recomiendan que se tenga en consideraci\u00f3n distancias de exclusi\u00f3n no menores a las de las referencias arriba mencionadas. Acompa\u00f1an tambi\u00e9n esta recomendaci\u00f3n con su firma m\u00e1s de 30 t\u00e9cnicos cient\u00edficos de distintos laboratorios del instituto.<\/p>\n<p>Valoraci\u00f3n del espacio<br \/>\nde discusi\u00f3n y debate<br \/>\nDe esta \u00faltima reuni\u00f3n tambi\u00e9n particip\u00f3 la Asamblea Paren de Fumigarnos Chascom\u00fas, quienes consideraron que el espacio de la Mesa de estudio fue un espacio muy valioso ya que brindo la posibilidad de tomar verdadera noci\u00f3n del riesgo que para la salud implica tener las fumigaciones tan cerca de los lugares habitados.<br \/>\nLa mesa de estudio brind\u00f3 la informaci\u00f3n necesaria que los concejales necesitan para terminar de redondear el proyecto de ordenanza y presentarlo prontamente en sesi\u00f3n del concejo para su votaci\u00f3n.<br \/>\n\u201cCreemos que el proyecto debe entrar en vigencia antes del comienzo de las clases, ya que marzo es mes de fumigaciones y de no contar con la protecci\u00f3n de la ordenanza estar\u00edamos poniendo nuevamente en riesgo a los chicos y chicas que asisten a las escuelas rurales. Las recomendaciones que formul\u00f3 el Instituto de investigaciones biotecnol\u00f3gicas (IIB-INTECH- CONICET-UNSAM)\u201d fueron contundentes esperamos que los concejales act\u00faen en consecuencia. No todas las ciudades tienen este nivel de cient\u00edficos como vecinos preocupados por la salud de su comunidad.\u201d se\u00f1al\u00f3 Daniel Conte integrante de la Asamblea.<\/p>\n","protected":false},"excerpt":{"rendered":"<div class=\"mh-excerpt\"><p>Se presentaron trabajos cient\u00edficos del orden nacional e internacional en los que se eval\u00faa evalu\u00f3 la asociaci\u00f3n entre diferentes tipos del c\u00e1ncer, determinando uno de ellos que cualquier casa con una proximidad menor a 780 <a class=\"mh-excerpt-more\" href=\"https:\/\/larevistadigital.com.ar\/blog\/mesa-agroquimicos-intech-recomendo-las-areas-urbanas-zonas-exclusion-las-fumigaciones\/\" title=\"Mesa de Agroqu\u00edmicos: El INTECH recomend\u00f3 que en las \u00e1reas urbanas zonas de exclusi\u00f3n para las fumigaciones\">[Leer M\u00e1s]<\/a><\/p>\n<\/div>","protected":false},"author":1,"featured_media":5119,"comment_status":"open","ping_status":"open","sticky":false,"template":"","format":"standard","meta":{"_jetpack_memberships_contains_paid_content":false,"footnotes":"","jetpack_publicize_message":"","jetpack_publicize_feature_enabled":true,"jetpack_social_post_already_shared":true,"jetpack_social_options":{"image_generator_settings":{"template":"highway","default_image_id":0,"font":"","enabled":false},"version":2}},"categories":[6,12],"tags":[],"class_list":{"0":"post-5118","1":"post","2":"type-post","3":"status-publish","4":"format-standard","5":"has-post-thumbnail","7":"category-chascomus","8":"category-politica"},"jetpack_publicize_connections":[],"jetpack_featured_media_url":"https:\/\/i0.wp.com\/larevistadigital.com.ar\/blog\/wp-content\/uploads\/2018\/03\/l5-elfuertediario-010318.jpg?fit=737%2C415&ssl=1","jetpack_sharing_enabled":true,"jetpack_shortlink":"https:\/\/wp.me\/p8qtrQ-1ky","jetpack-related-posts":[{"id":5008,"url":"https:\/\/larevistadigital.com.ar\/blog\/mesa-agroquimicos-desde-la-asamblea-paren-fumigarnos-sostienen-los-herbicidas-producen-cancer-otras-enfermedades\/","url_meta":{"origin":5118,"position":0},"title":"MESA DE AGROQU\u00cdMICOS: DESDE LA ASAMBLEA \u00abPAREN DE FUMIGARNOS\u00bb SOSTIENEN QUE LOS HERBICIDAS PRODUCEN C\u00c1NCER Y OTRAS ENFERMEDADES","author":"Alejandro Sosa Ruda","date":"23 febrero, 2018","format":false,"excerpt":"Daniel Conte, integrante de la asamblea \u201cParen de fumigarnos\u201d fue entrevistado por la FM 101,5 de Chascom\u00fas, para dar su visi\u00f3n del trabajo realizado en conjunto con distintos concejales y sectores de la sociedad para elaborar una ordenanza que regule la utilizaci\u00f3n de los agroqu\u00edmicos. Conte cont\u00f3 que comenz\u00f3 a\u2026","rel":"","context":"En \u00abCHASCOM\u00daS\u00bb","block_context":{"text":"CHASCOM\u00daS","link":"https:\/\/larevistadigital.com.ar\/blog\/category\/chascomus\/"},"img":{"alt_text":"","src":"https:\/\/i0.wp.com\/larevistadigital.com.ar\/blog\/wp-content\/uploads\/2018\/02\/agrotoxicos.jpg?fit=960%2C400&ssl=1&resize=350%2C200","width":350,"height":200,"srcset":"https:\/\/i0.wp.com\/larevistadigital.com.ar\/blog\/wp-content\/uploads\/2018\/02\/agrotoxicos.jpg?fit=960%2C400&ssl=1&resize=350%2C200 1x, https:\/\/i0.wp.com\/larevistadigital.com.ar\/blog\/wp-content\/uploads\/2018\/02\/agrotoxicos.jpg?fit=960%2C400&ssl=1&resize=525%2C300 1.5x, https:\/\/i0.wp.com\/larevistadigital.com.ar\/blog\/wp-content\/uploads\/2018\/02\/agrotoxicos.jpg?fit=960%2C400&ssl=1&resize=700%2C400 2x"},"classes":[]},{"id":3819,"url":"https:\/\/larevistadigital.com.ar\/blog\/chascomus-se-integrara-plazos-la-mesa-estudio-del-impacto-agroquimicos\/","url_meta":{"origin":5118,"position":1},"title":"CHASCOM\u00daS: COMO SE INTEGRAR\u00c1 Y QUE PLAZOS TIENE LA MESA PARA EL ESTUDIO DEL IMPACTO DE AGROQU\u00cdMICOS","author":"Alejandro Sosa Ruda","date":"14 noviembre, 2017","format":false,"excerpt":"El integrante de la asamblea \u201cParen de fumigarnos Chascom\u00fas\u201d Pablo Kulbaba, mantuvo un di\u00e1logo con el periodista Alfredo Perona, durante su programa \u201cTardes EL Tr\u00e9bol\u201d que se emite por la FM 101.5 acerca de la invitaci\u00f3n del Concejo Deliberante a la creaci\u00f3n de una Mesa para el estudio del impacto\u2026","rel":"","context":"En \u00abPOLITICA\u00bb","block_context":{"text":"POLITICA","link":"https:\/\/larevistadigital.com.ar\/blog\/category\/politica\/"},"img":{"alt_text":"","src":"https:\/\/i0.wp.com\/larevistadigital.com.ar\/blog\/wp-content\/uploads\/2017\/11\/descarga.jpg?fit=650%2C364&ssl=1&resize=350%2C200","width":350,"height":200,"srcset":"https:\/\/i0.wp.com\/larevistadigital.com.ar\/blog\/wp-content\/uploads\/2017\/11\/descarga.jpg?fit=650%2C364&ssl=1&resize=350%2C200 1x, https:\/\/i0.wp.com\/larevistadigital.com.ar\/blog\/wp-content\/uploads\/2017\/11\/descarga.jpg?fit=650%2C364&ssl=1&resize=525%2C300 1.5x"},"classes":[]},{"id":38857,"url":"https:\/\/larevistadigital.com.ar\/blog\/reunion-de-la-mesa-de-trabajo-por-el-estado-de-la-laguna\/","url_meta":{"origin":5118,"position":2},"title":"Reuni\u00f3n de la mesa de trabajo por el estado de la laguna","author":"Alejandro Sosa Ruda","date":"27 febrero, 2025","format":false,"excerpt":"Tuvo lugar ayer en el INTECH con la presencia del intendente Gast\u00f3n y de autoridades locales y provinciales 27 De Febrero de 2025 CHASCOM\u00daS -\u00a0 \u00a0Ayer por la tarde en la sede del Instituto Tecnol\u00f3gico de Chascom\u00fas (INTECH), se reuni\u00f3 la mesa de trabajo sobre cianobacteria. El encuentro tuvo como\u2026","rel":"","context":"En \u00abCHASCOM\u00daS\u00bb","block_context":{"text":"CHASCOM\u00daS","link":"https:\/\/larevistadigital.com.ar\/blog\/category\/chascomus\/"},"img":{"alt_text":"","src":"https:\/\/i0.wp.com\/larevistadigital.com.ar\/blog\/wp-content\/uploads\/67c09bc88d107.png?fit=668%2C445&ssl=1&resize=350%2C200","width":350,"height":200,"srcset":"https:\/\/i0.wp.com\/larevistadigital.com.ar\/blog\/wp-content\/uploads\/67c09bc88d107.png?fit=668%2C445&ssl=1&resize=350%2C200 1x, https:\/\/i0.wp.com\/larevistadigital.com.ar\/blog\/wp-content\/uploads\/67c09bc88d107.png?fit=668%2C445&ssl=1&resize=525%2C300 1.5x"},"classes":[]},{"id":3788,"url":"https:\/\/larevistadigital.com.ar\/blog\/chascomus-se-creara-la-mesa-estudio-la-regulacion-del-uso-agroquimicos\/","url_meta":{"origin":5118,"position":3},"title":"CHASCOM\u00daS: SE CREAR\u00c1 LA MESA DE ESTUDIO PARA LA REGULACI\u00d3N DEL USO DE AGROQU\u00cdMICOS","author":"Alejandro Sosa Ruda","date":"12 noviembre, 2017","format":false,"excerpt":"En la \u00faltima sesi\u00f3n del Concejo Deliberante de Chascom\u00fas, fue aprobada la creaci\u00f3n de la Mesa de Estudio para la Regulaci\u00f3n de Agroqu\u00edmicos. La misma, ser\u00e1 un \u00f3rgano interdisciplinario que permitir\u00eda la elaboraci\u00f3n de un diagn\u00f3stico sobre dicha problem\u00e1tica, ampliando el conocimiento y que dictamine sobre las dos propuestas presentadas\u2026","rel":"","context":"En \u00abCHASCOM\u00daS\u00bb","block_context":{"text":"CHASCOM\u00daS","link":"https:\/\/larevistadigital.com.ar\/blog\/category\/chascomus\/"},"img":{"alt_text":"","src":"https:\/\/i0.wp.com\/larevistadigital.com.ar\/blog\/wp-content\/uploads\/2017\/11\/concejo-chascomus.jpg?fit=1024%2C768&ssl=1&resize=350%2C200","width":350,"height":200,"srcset":"https:\/\/i0.wp.com\/larevistadigital.com.ar\/blog\/wp-content\/uploads\/2017\/11\/concejo-chascomus.jpg?fit=1024%2C768&ssl=1&resize=350%2C200 1x, https:\/\/i0.wp.com\/larevistadigital.com.ar\/blog\/wp-content\/uploads\/2017\/11\/concejo-chascomus.jpg?fit=1024%2C768&ssl=1&resize=525%2C300 1.5x, https:\/\/i0.wp.com\/larevistadigital.com.ar\/blog\/wp-content\/uploads\/2017\/11\/concejo-chascomus.jpg?fit=1024%2C768&ssl=1&resize=700%2C400 2x"},"classes":[]},{"id":36258,"url":"https:\/\/larevistadigital.com.ar\/blog\/respaldo-de-la-municipalidad-de-chascomus-para-proyectos-de-investigacion-del-intech\/","url_meta":{"origin":5118,"position":4},"title":"RESPALDO DE LA MUNICIPALIDAD DE CHASCOM\u00daS PARA PROYECTOS DE INVESTIGACI\u00d3N DEL INTECH","author":"Alejandro Sosa Ruda","date":"7 junio, 2024","format":false,"excerpt":"El acompa\u00f1amiento busca contribuir al importante trabajo cient\u00edfico realizado por la instituci\u00f3n con sede en Chascom\u00fas, as\u00ed como promover el desarrollo de actividades que generen producci\u00f3n, empleo, mejoras en la salud p\u00fablica y aportes al ambiente, entre otros beneficios. 7 de Junio de 2024 CHASCOM\u00daS -\u00a0 El intendente Javier Gast\u00f3n\u2026","rel":"","context":"En \u00abINTERES GENERAL\u00bb","block_context":{"text":"INTERES GENERAL","link":"https:\/\/larevistadigital.com.ar\/blog\/category\/interes-general\/"},"img":{"alt_text":"","src":"https:\/\/i0.wp.com\/larevistadigital.com.ar\/blog\/wp-content\/uploads\/2024_06_07_01_33_14_894326.jpg?fit=600%2C400&ssl=1&resize=350%2C200","width":350,"height":200,"srcset":"https:\/\/i0.wp.com\/larevistadigital.com.ar\/blog\/wp-content\/uploads\/2024_06_07_01_33_14_894326.jpg?fit=600%2C400&ssl=1&resize=350%2C200 1x, https:\/\/i0.wp.com\/larevistadigital.com.ar\/blog\/wp-content\/uploads\/2024_06_07_01_33_14_894326.jpg?fit=600%2C400&ssl=1&resize=525%2C300 1.5x"},"classes":[]},{"id":23322,"url":"https:\/\/larevistadigital.com.ar\/blog\/un-operario-internado-y-ocho-con-principios-de-intoxicacion-al-haber-sido-alcanzados-por-agroquimicos\/","url_meta":{"origin":5118,"position":5},"title":"UN OPERARIO INTERNADO, Y OCHO CON PRINCIPIOS DE INTOXICACI\u00d3N AL HABER SIDO ALCANZADOS POR AGROQU\u00cdMICOS","author":"Alejandro Sosa Ruda","date":"12 enero, 2022","format":false,"excerpt":"Al menos nueve trabajadores sufrieron principios de intoxicaci\u00f3n, y uno fue internado en un centro de salud, al ser alcanzados por los productos en un campo del kil\u00f3metro 15 de la ruta nacional 178. A las seis de la ma\u00f1ana del martes en un lote implantado con girasoles operarios rurales\u2026","rel":"","context":"En \u00abREGIONALES\u00bb","block_context":{"text":"REGIONALES","link":"https:\/\/larevistadigital.com.ar\/blog\/category\/regionales\/"},"img":{"alt_text":"","src":"https:\/\/i0.wp.com\/larevistadigital.com.ar\/blog\/wp-content\/uploads\/20220112140130_fumi.jpg?fit=880%2C512&ssl=1&resize=350%2C200","width":350,"height":200,"srcset":"https:\/\/i0.wp.com\/larevistadigital.com.ar\/blog\/wp-content\/uploads\/20220112140130_fumi.jpg?fit=880%2C512&ssl=1&resize=350%2C200 1x, https:\/\/i0.wp.com\/larevistadigital.com.ar\/blog\/wp-content\/uploads\/20220112140130_fumi.jpg?fit=880%2C512&ssl=1&resize=525%2C300 1.5x, https:\/\/i0.wp.com\/larevistadigital.com.ar\/blog\/wp-content\/uploads\/20220112140130_fumi.jpg?fit=880%2C512&ssl=1&resize=700%2C400 2x"},"classes":[]}],"_links":{"self":[{"href":"https:\/\/larevistadigital.com.ar\/blog\/wp-json\/wp\/v2\/posts\/5118","targetHints":{"allow":["GET"]}}],"collection":[{"href":"https:\/\/larevistadigital.com.ar\/blog\/wp-json\/wp\/v2\/posts"}],"about":[{"href":"https:\/\/larevistadigital.com.ar\/blog\/wp-json\/wp\/v2\/types\/post"}],"author":[{"embeddable":true,"href":"https:\/\/larevistadigital.com.ar\/blog\/wp-json\/wp\/v2\/users\/1"}],"replies":[{"embeddable":true,"href":"https:\/\/larevistadigital.com.ar\/blog\/wp-json\/wp\/v2\/comments?post=5118"}],"version-history":[{"count":1,"href":"https:\/\/larevistadigital.com.ar\/blog\/wp-json\/wp\/v2\/posts\/5118\/revisions"}],"predecessor-version":[{"id":5120,"href":"https:\/\/larevistadigital.com.ar\/blog\/wp-json\/wp\/v2\/posts\/5118\/revisions\/5120"}],"wp:featuredmedia":[{"embeddable":true,"href":"https:\/\/larevistadigital.com.ar\/blog\/wp-json\/wp\/v2\/media\/5119"}],"wp:attachment":[{"href":"https:\/\/larevistadigital.com.ar\/blog\/wp-json\/wp\/v2\/media?parent=5118"}],"wp:term":[{"taxonomy":"category","embeddable":true,"href":"https:\/\/larevistadigital.com.ar\/blog\/wp-json\/wp\/v2\/categories?post=5118"},{"taxonomy":"post_tag","embeddable":true,"href":"https:\/\/larevistadigital.com.ar\/blog\/wp-json\/wp\/v2\/tags?post=5118"}],"curies":[{"name":"wp","href":"https:\/\/api.w.org\/{rel}","templated":true}]}}