{"id":5121,"date":"2018-03-01T09:33:53","date_gmt":"2018-03-01T09:33:53","guid":{"rendered":"https:\/\/larevistadigital.com.ar\/blog\/?p=5121"},"modified":"2018-03-01T09:33:53","modified_gmt":"2018-03-01T09:33:53","slug":"hospital-municipal-la-inauguracion-del-nuevo-mamografo-podria-este-mes","status":"publish","type":"post","link":"https:\/\/larevistadigital.com.ar\/blog\/hospital-municipal-la-inauguracion-del-nuevo-mamografo-podria-este-mes\/","title":{"rendered":"Hospital Municipal: La inauguraci\u00f3n del nuevo mam\u00f3grafo podr\u00eda ser este mes"},"content":{"rendered":"<p>La Secretaria de Salud Marcela Arias indic\u00f3 que resta acordar con la firma una fecha para la entrega del mam\u00f3grafo, y luego coordinar la inauguraci\u00f3n con la Embajada de Jap\u00f3n, pero en principio ser\u00eda en este mes.<\/p>\n<p>La Secretaria de Salud Dra. Marcela Arias fue entrevistada en el programa \u201cAM Show\u201d que conducen Alberto Morel y Mart\u00edn Palmero por FM La Radio 101.5, donde se refiri\u00f3 a la adquisici\u00f3n de un nuevo mam\u00f3grafo, a trav\u00e9s de la aprobaci\u00f3n de ayuda financiera por parte de la Embajada de Jap\u00f3n.<br \/>\nAl respecto dijo, que tras haber logrado la excepci\u00f3n del IVA y que el dinero se haya hecho efectivo en la cuenta de la Cooperadora, se realiz\u00f3 hace pocos d\u00edas la compra del aparato a la firma Gran Buenos Aires Rayos X S.A.<br \/>\nAgregando que el que estaba en funciones en el nosocomio tuvo varios inconvenientes, por lo que surgi\u00f3 est\u00e1 posibilidad de adquirir uno nuevo.<br \/>\nSe\u00f1al\u00f3 adem\u00e1s que antes se hac\u00edan las derivaciones a otros nosocomios de mayor complejidad para efectuar estas pr\u00e1cticas, y ahora se podr\u00e1n hacer los estudios aqu\u00ed, tanto los regulares como peri\u00f3dicos para la prevenci\u00f3n de alg\u00fan tipo de enfermedad.<br \/>\nPor \u00faltimo manifest\u00f3 que resta acordar con la firma una fecha para la entrega del mam\u00f3grafo, y luego coordinar la inauguraci\u00f3n con la Embajada de Jap\u00f3n, pero en principio ser\u00eda en este mes. A\u00f1adiendo que la colocaci\u00f3n estar\u00e1 a cargo de la empresa donde se adquiri\u00f3 el equipo, expresando que ya poseen el espacio y el personal que realizar\u00e1 las pr\u00e1cticas.<\/p>\n","protected":false},"excerpt":{"rendered":"<div class=\"mh-excerpt\"><p>La Secretaria de Salud Marcela Arias indic\u00f3 que resta acordar con la firma una fecha para la entrega del mam\u00f3grafo, y luego coordinar la inauguraci\u00f3n con la Embajada de Jap\u00f3n, pero en principio ser\u00eda en <a class=\"mh-excerpt-more\" href=\"https:\/\/larevistadigital.com.ar\/blog\/hospital-municipal-la-inauguracion-del-nuevo-mamografo-podria-este-mes\/\" title=\"Hospital Municipal: La inauguraci\u00f3n del nuevo mam\u00f3grafo podr\u00eda ser este mes\">[Leer M\u00e1s]<\/a><\/p>\n<\/div>","protected":false},"author":1,"featured_media":5122,"comment_status":"open","ping_status":"open","sticky":false,"template":"","format":"standard","meta":{"_jetpack_memberships_contains_paid_content":false,"footnotes":"","jetpack_publicize_message":"","jetpack_publicize_feature_enabled":true,"jetpack_social_post_already_shared":true,"jetpack_social_options":{"image_generator_settings":{"template":"highway","default_image_id":0,"font":"","enabled":false},"version":2}},"categories":[6],"tags":[],"class_list":{"0":"post-5121","1":"post","2":"type-post","3":"status-publish","4":"format-standard","5":"has-post-thumbnail","7":"category-chascomus"},"jetpack_publicize_connections":[],"jetpack_featured_media_url":"https:\/\/i0.wp.com\/larevistadigital.com.ar\/blog\/wp-content\/uploads\/2018\/03\/bbx_996700448_hospital.jpg?fit=800%2C579&ssl=1","jetpack_sharing_enabled":true,"jetpack_shortlink":"https:\/\/wp.me\/p8qtrQ-1kB","jetpack-related-posts":[{"id":6586,"url":"https:\/\/larevistadigital.com.ar\/blog\/chascomus-el-embajador-de-japon-estara-en-la-inauguracion-del-mamografo-donado-al-hospital-municipal\/","url_meta":{"origin":5121,"position":0},"title":"CHASCOM\u00daS: EL EMBAJADOR DE JAP\u00d3N ESTAR\u00c1 EN LA INAUGURACI\u00d3N DEL MAM\u00d3GRAFO DONADO AL HOSPITAL MUNICIPAL","author":"Alejandro Sosa Ruda","date":"21 septiembre, 2018","format":false,"excerpt":"El pr\u00f3ximo mi\u00e9rcoles 26 se llevar\u00e1 adelante la inauguraci\u00f3n oficial del nuevo equipo de mamograf\u00eda que se encuentra funcionando en el Hospital Municipal, con la presencia del Embajador del Jap\u00f3n, Noriteru Fukushima. En el marco de las acciones de cooperaci\u00f3n entre Jap\u00f3n y Argentina, mediante el Programa de Asistencia para\u2026","rel":"","context":"En \u00abCHASCOM\u00daS\u00bb","block_context":{"text":"CHASCOM\u00daS","link":"https:\/\/larevistadigital.com.ar\/blog\/category\/chascomus\/"},"img":{"alt_text":"","src":"https:\/\/i0.wp.com\/larevistadigital.com.ar\/blog\/wp-content\/uploads\/2018\/09\/42177569_2072367659450775_8089747163178860544_o.jpg?fit=1200%2C800&ssl=1&resize=350%2C200","width":350,"height":200,"srcset":"https:\/\/i0.wp.com\/larevistadigital.com.ar\/blog\/wp-content\/uploads\/2018\/09\/42177569_2072367659450775_8089747163178860544_o.jpg?fit=1200%2C800&ssl=1&resize=350%2C200 1x, https:\/\/i0.wp.com\/larevistadigital.com.ar\/blog\/wp-content\/uploads\/2018\/09\/42177569_2072367659450775_8089747163178860544_o.jpg?fit=1200%2C800&ssl=1&resize=525%2C300 1.5x, https:\/\/i0.wp.com\/larevistadigital.com.ar\/blog\/wp-content\/uploads\/2018\/09\/42177569_2072367659450775_8089747163178860544_o.jpg?fit=1200%2C800&ssl=1&resize=700%2C400 2x, https:\/\/i0.wp.com\/larevistadigital.com.ar\/blog\/wp-content\/uploads\/2018\/09\/42177569_2072367659450775_8089747163178860544_o.jpg?fit=1200%2C800&ssl=1&resize=1050%2C600 3x"},"classes":[]},{"id":4054,"url":"https:\/\/larevistadigital.com.ar\/blog\/japon-aportara-mamografo-al-hospital\/","url_meta":{"origin":5121,"position":1},"title":"Jap\u00f3n aportar\u00e1 un mam\u00f3grafo al hospital","author":"admin","date":"27 noviembre, 2017","format":false,"excerpt":"En el d\u00eda de hoy, funcionarios municipales junto a integrantes de la asociaci\u00f3n cooperadora del hospital municipal, rubricar\u00e1n un convenio de asistencia en la Embajada del Jap\u00f3n en el pa\u00eds. En principio y de acuerdo a lo que pudo saberse, esto implicar\u00e1 la posibilidad de comprar un mam\u00f3grafo para el\u2026","rel":"","context":"En \u00abCHASCOM\u00daS\u00bb","block_context":{"text":"CHASCOM\u00daS","link":"https:\/\/larevistadigital.com.ar\/blog\/category\/chascomus\/"},"img":{"alt_text":"","src":"https:\/\/i0.wp.com\/larevistadigital.com.ar\/blog\/wp-content\/uploads\/2017\/11\/JAPON_25denoviembrede2017_elfuerte.jpg?fit=737%2C415&ssl=1&resize=350%2C200","width":350,"height":200,"srcset":"https:\/\/i0.wp.com\/larevistadigital.com.ar\/blog\/wp-content\/uploads\/2017\/11\/JAPON_25denoviembrede2017_elfuerte.jpg?fit=737%2C415&ssl=1&resize=350%2C200 1x, https:\/\/i0.wp.com\/larevistadigital.com.ar\/blog\/wp-content\/uploads\/2017\/11\/JAPON_25denoviembrede2017_elfuerte.jpg?fit=737%2C415&ssl=1&resize=525%2C300 1.5x, https:\/\/i0.wp.com\/larevistadigital.com.ar\/blog\/wp-content\/uploads\/2017\/11\/JAPON_25denoviembrede2017_elfuerte.jpg?fit=737%2C415&ssl=1&resize=700%2C400 2x"},"classes":[]},{"id":6246,"url":"https:\/\/larevistadigital.com.ar\/blog\/chascomus-sancionan-a-la-secretaria-de-salud-dra-arias\/","url_meta":{"origin":5121,"position":2},"title":"CHASCOM\u00daS: SANCIONAN A LA SECRETARIA DE SALUD DRA. ARIAS","author":"Alejandro Sosa Ruda","date":"16 agosto, 2018","format":false,"excerpt":"La Revista Digital tuvo en exclusiva acceso a un fallo del Colegio de M\u00e9dicos del IX Distrito, en relaci\u00f3n a la denuncia \u201cDra. ARIAS, Mar\u00eda Esther s\/Presunta infracci\u00f3n a las normas de \u00e9tica profesional\u201d. El fallo, es a ra\u00edz de una denuncia que el m\u00e9dico cirujano Santiago Dos Santos hab\u00eda\u2026","rel":"","context":"En \u00abDESTACADAS\u00bb","block_context":{"text":"DESTACADAS","link":"https:\/\/larevistadigital.com.ar\/blog\/category\/destacadas\/"},"img":{"alt_text":"","src":"https:\/\/i0.wp.com\/larevistadigital.com.ar\/blog\/wp-content\/uploads\/2018\/08\/enfermera-silencio-1.jpg?fit=1200%2C675&ssl=1&resize=350%2C200","width":350,"height":200,"srcset":"https:\/\/i0.wp.com\/larevistadigital.com.ar\/blog\/wp-content\/uploads\/2018\/08\/enfermera-silencio-1.jpg?fit=1200%2C675&ssl=1&resize=350%2C200 1x, https:\/\/i0.wp.com\/larevistadigital.com.ar\/blog\/wp-content\/uploads\/2018\/08\/enfermera-silencio-1.jpg?fit=1200%2C675&ssl=1&resize=525%2C300 1.5x, https:\/\/i0.wp.com\/larevistadigital.com.ar\/blog\/wp-content\/uploads\/2018\/08\/enfermera-silencio-1.jpg?fit=1200%2C675&ssl=1&resize=700%2C400 2x, https:\/\/i0.wp.com\/larevistadigital.com.ar\/blog\/wp-content\/uploads\/2018\/08\/enfermera-silencio-1.jpg?fit=1200%2C675&ssl=1&resize=1050%2C600 3x"},"classes":[]},{"id":35682,"url":"https:\/\/larevistadigital.com.ar\/blog\/el-programa-de-salud-bucal-municipal-busca-prevenir-la-caries-desde-la-primera-infancia\/","url_meta":{"origin":5121,"position":3},"title":"EL PROGRAMA DE SALUD BUCAL MUNICIPAL BUSCA PREVENIR LA CARIES DESDE LA PRIMERA INFANCIA","author":"Alejandro Sosa Ruda","date":"23 marzo, 2024","format":false,"excerpt":"Con una charla realizada el viernes por la ma\u00f1ana en el Centro Integrador Comunitario (CIC) del barrio 30 de Mayo, se lanz\u00f3 el programa municipal \"La Salud en Boca de Todos los Ni\u00f1os y Ni\u00f1as de Chascom\u00fas\". 23 de marzo de 2024 CHASCOM\u00daS -\u00a0 \u00a0Este proyecto, encabezado por la secretaria\u2026","rel":"","context":"En \u00abCHASCOM\u00daS\u00bb","block_context":{"text":"CHASCOM\u00daS","link":"https:\/\/larevistadigital.com.ar\/blog\/category\/chascomus\/"},"img":{"alt_text":"","src":"https:\/\/i0.wp.com\/larevistadigital.com.ar\/blog\/wp-content\/uploads\/2024_03_23_01_23_03_6460605.jpg?fit=600%2C401&ssl=1&resize=350%2C200","width":350,"height":200,"srcset":"https:\/\/i0.wp.com\/larevistadigital.com.ar\/blog\/wp-content\/uploads\/2024_03_23_01_23_03_6460605.jpg?fit=600%2C401&ssl=1&resize=350%2C200 1x, https:\/\/i0.wp.com\/larevistadigital.com.ar\/blog\/wp-content\/uploads\/2024_03_23_01_23_03_6460605.jpg?fit=600%2C401&ssl=1&resize=525%2C300 1.5x"},"classes":[]},{"id":4231,"url":"https:\/\/larevistadigital.com.ar\/blog\/chascomus-continua-enojo-vecinos-porteno-municipio\/","url_meta":{"origin":5121,"position":4},"title":"CHASCOM\u00daS: CONTINUA EL ENOJO DE VECINOS DE EL PORTE\u00d1O CON EL MUNICIPIO","author":"Alejandro Sosa Ruda","date":"15 diciembre, 2017","format":false,"excerpt":"Seg\u00fan informa el diario El Fuerte de Chascom\u00fas, las m\u00e1ximas autoridades de la sociedad de fomento del barrio El Porte\u00f1o, Walter Zapata y Rosa C\u00e9spedes, dirigieron una nota a los bloques pol\u00edticos del Concejo\u2008Deliberante, en la que denuncian la situaci\u00f3n de tensi\u00f3n que mantienen con el gobierno del intendente Javier\u2026","rel":"","context":"En \u00abDESTACADAS\u00bb","block_context":{"text":"DESTACADAS","link":"https:\/\/larevistadigital.com.ar\/blog\/category\/destacadas\/"},"img":{"alt_text":"","src":"https:\/\/i0.wp.com\/larevistadigital.com.ar\/blog\/wp-content\/uploads\/2017\/12\/Screenshot_2.jpg?fit=644%2C358&ssl=1&resize=350%2C200","width":350,"height":200,"srcset":"https:\/\/i0.wp.com\/larevistadigital.com.ar\/blog\/wp-content\/uploads\/2017\/12\/Screenshot_2.jpg?fit=644%2C358&ssl=1&resize=350%2C200 1x, https:\/\/i0.wp.com\/larevistadigital.com.ar\/blog\/wp-content\/uploads\/2017\/12\/Screenshot_2.jpg?fit=644%2C358&ssl=1&resize=525%2C300 1.5x"},"classes":[]},{"id":39587,"url":"https:\/\/larevistadigital.com.ar\/blog\/javier-gaston-participo-del-congreso-provincial-de-salud-junto-a-autoridades-bonaerenses-en-salud30-04-2025-134343-javier-gaston-participo-del-congreso-provincial-de-salud-junto-a-autoridades-bonaer\/","url_meta":{"origin":5121,"position":5},"title":"Javier Gast\u00f3n particip\u00f3 del Congreso Provincial de Salud junto a autoridades bonaerenses En Salud30\/04\/2025 13:43:43 Javier Gast\u00f3n particip\u00f3 del Congreso Provincial de Salud junto a autoridades bonaerensesJavier Gast\u00f3n particip\u00f3 del Congreso Provincial de Salud junto a autoridades bonaerensesJavier Gast\u00f3n particip\u00f3 del Congreso Provincial de Salud junto a autoridades bonaerenses Javier Gast\u00f3n particip\u00f3 del Congreso Provincial de Salud junto a autoridades bonaerensesJavier Gast\u00f3n particip\u00f3 del Congreso Provincial de Salud junto a autoridades bonaerensesJavier Gast\u00f3n particip\u00f3 del Congreso Provincial de Salud junto a autoridades bonaerenses El intendente de Chascom\u00fas form\u00f3 parte del encuentro encabezado por el gobernador Axel Kicillof en Mar del Plata, acompa\u00f1ado por la secretaria de Salud P\u00fablica, Marcela Arias. El intendente Javier Gast\u00f3n particip\u00f3 este martes de la cuarta edici\u00f3n del Congreso Provincial de Salud (CO.SA.PRO), un espacio de encuentro e intercambio entre trabajadores del sistema sanitario, que tuvo lugar en el Gran Hotel Provincial de Mar del Plata.  El evento fue encabezado por el gobernador Axel Kicillof y el ministro de Salud bonaerense, Nicol\u00e1s Kreplak, quienes destacaron la importancia de sostener y fortalecer el sistema de salud p\u00fablico en un contexto de dificultades econ\u00f3micas y recorte de fondos nacionales.  En la oportunidad, Javier Gast\u00f3n estuvo acompa\u00f1ado por la secretaria de Salud P\u00fablica municipal, Marcela Arias, en una jornada que reuni\u00f3 a intendentes, secretarios de salud y funcionarios provinciales, con el objetivo de debatir pol\u00edticas p\u00fablicas en torno al sistema de salud.  El congreso es un espacio de discusi\u00f3n e intercambio entre trabajadores del sistema de salud donde se desarrollan paneles, rondas de debate y exposici\u00f3n de trabajos cient\u00edficos que se realiza todos los a\u00f1os desde 2022. En esta cuarta edici\u00f3n participan m\u00e1s de 12.000 profesionales provenientes de los 135 municipios bonaerenses y de 16 provincias del pa\u00eds, transform\u00e1ndolo en un encuentro federal.  Durante la jornada, Kicillof tambi\u00e9n particip\u00f3 de la Asamblea anual de la que formaron parte intendentes y secretarios de Salud de los 135 municipios as\u00ed como tambi\u00e9n autoridades provinciales de la cartera sanitaria, con el objetivo de debatir los lineamientos pol\u00edticos y de gesti\u00f3n del sistema sanitario y la implementaci\u00f3n del Plan Quinquenal de Salud provincial.  Escuchar Compartir:     Salud Destacadas","author":"Alejandro Sosa Ruda","date":"30 abril, 2025","format":false,"excerpt":"El intendente de Chascom\u00fas form\u00f3 parte del encuentro encabezado por el gobernador Axel Kicillof en Mar del Plata, acompa\u00f1ado por la secretaria de Salud P\u00fablica, Marcela Arias. 30 de Abril de 2025 CHASCOM\u00daS -\u00a0 El intendente Javier Gast\u00f3n particip\u00f3 este martes de la cuarta edici\u00f3n del Congreso Provincial de Salud\u2026","rel":"","context":"En \u00abINTERES GENERAL\u00bb","block_context":{"text":"INTERES GENERAL","link":"https:\/\/larevistadigital.com.ar\/blog\/category\/interes-general\/"},"img":{"alt_text":"","src":"https:\/\/i0.wp.com\/larevistadigital.com.ar\/blog\/wp-content\/uploads\/6812533fdd195.png?fit=668%2C445&ssl=1&resize=350%2C200","width":350,"height":200,"srcset":"https:\/\/i0.wp.com\/larevistadigital.com.ar\/blog\/wp-content\/uploads\/6812533fdd195.png?fit=668%2C445&ssl=1&resize=350%2C200 1x, https:\/\/i0.wp.com\/larevistadigital.com.ar\/blog\/wp-content\/uploads\/6812533fdd195.png?fit=668%2C445&ssl=1&resize=525%2C300 1.5x"},"classes":[]}],"_links":{"self":[{"href":"https:\/\/larevistadigital.com.ar\/blog\/wp-json\/wp\/v2\/posts\/5121","targetHints":{"allow":["GET"]}}],"collection":[{"href":"https:\/\/larevistadigital.com.ar\/blog\/wp-json\/wp\/v2\/posts"}],"about":[{"href":"https:\/\/larevistadigital.com.ar\/blog\/wp-json\/wp\/v2\/types\/post"}],"author":[{"embeddable":true,"href":"https:\/\/larevistadigital.com.ar\/blog\/wp-json\/wp\/v2\/users\/1"}],"replies":[{"embeddable":true,"href":"https:\/\/larevistadigital.com.ar\/blog\/wp-json\/wp\/v2\/comments?post=5121"}],"version-history":[{"count":1,"href":"https:\/\/larevistadigital.com.ar\/blog\/wp-json\/wp\/v2\/posts\/5121\/revisions"}],"predecessor-version":[{"id":5123,"href":"https:\/\/larevistadigital.com.ar\/blog\/wp-json\/wp\/v2\/posts\/5121\/revisions\/5123"}],"wp:featuredmedia":[{"embeddable":true,"href":"https:\/\/larevistadigital.com.ar\/blog\/wp-json\/wp\/v2\/media\/5122"}],"wp:attachment":[{"href":"https:\/\/larevistadigital.com.ar\/blog\/wp-json\/wp\/v2\/media?parent=5121"}],"wp:term":[{"taxonomy":"category","embeddable":true,"href":"https:\/\/larevistadigital.com.ar\/blog\/wp-json\/wp\/v2\/categories?post=5121"},{"taxonomy":"post_tag","embeddable":true,"href":"https:\/\/larevistadigital.com.ar\/blog\/wp-json\/wp\/v2\/tags?post=5121"}],"curies":[{"name":"wp","href":"https:\/\/api.w.org\/{rel}","templated":true}]}}