{"id":5124,"date":"2018-03-01T09:37:59","date_gmt":"2018-03-01T09:37:59","guid":{"rendered":"https:\/\/larevistadigital.com.ar\/blog\/?p=5124"},"modified":"2018-03-01T09:37:59","modified_gmt":"2018-03-01T09:37:59","slug":"una-lamentable-decision-cristina-kirchner-no-asistira-la-asamblea-legislativa","status":"publish","type":"post","link":"https:\/\/larevistadigital.com.ar\/blog\/una-lamentable-decision-cristina-kirchner-no-asistira-la-asamblea-legislativa\/","title":{"rendered":"Una lamentable decisi\u00f3n: Cristina Kirchner no asistir\u00e1 a la Asamblea Legislativa"},"content":{"rendered":"<p>Cristina Kirchner no asistir\u00e1 a la Asamblea Legislativa hoy. El motivo: no quiere escuchar el discurso del presidente Mauricio Macri y, como todos los a\u00f1os, se fue a Santa Cruz para estar en su provincia el d\u00eda del cumplea\u00f1os de N\u00e9stor Kirchner, que fue el domingo 25.<br \/>\nViaj\u00f3 al Sur el s\u00e1bado pasado tras participar de un almuerzo en el Caf\u00e9 de las Palabras junto con el ex presidente del Paraguay, Fernando Lugo, el due\u00f1o del lugar, el ex embajador Eduardo Vald\u00e9s, y su ex canciller Jorge Taiana, entre otros. Despu\u00e9s de la comida termin\u00f3 abrazada con Taiana, a pesar de las escuchas telef\u00f3nicas en las que se la oy\u00f3 refiri\u00e9ndose a \u00e9l en duros t\u00e9rminos. Tambi\u00e9n sopl\u00f3 las velitas por su natalicio mientras todos le cantaban animadamente el \u201cCumplea\u00f1os feliz\u201d.<br \/>\nLa ex jefa de Estado y senadora nacional por Buenos Aires tiene pasaje de regreso para el pr\u00f3ximo fin de semana, por lo que ma\u00f1ana no estar\u00e1 presente en el Congreso ni estuvo tampoco hoy en la sesi\u00f3n preparatoria del Senado.<br \/>\nHoy la C\u00e1mara alta eligi\u00f3 a Federico Pinedo nuevamente presidente provisional de ese cuerpo legislativo, por lo que queda segundo en la l\u00ednea de sucesi\u00f3n presidencial. A propuesta de Miguel \u00c1ngel Pichetto, el peronista santafesino Omar Perotti fue electo vicepresidente primero, mientras que el radical Juan Carlos Marino y la kirchnerista chaque\u00f1a In\u00e9s Pilatti Vergara quedaron como vices segundo y tercera, respectivamente.<br \/>\nSeg\u00fan dijeron a Infobae, en el entorno de CFK evaluaron que anticipar el regreso para la Asamblea no ser\u00eda conveniente. Dicen que ella ya sabe lo que dir\u00e1 Macri: definiciones que \u201cella no comparte y que no se condicen con la realidad del pa\u00eds\u201d.<br \/>\n\u201cSer\u00e1 un mon\u00f3logo de 40 minutos, similar a los de los a\u00f1os anteriores\u201d, analizaban en relaci\u00f3n a las dos aperturas de sesiones previas (2016 y 2017) en las que Cristina Kirchner todav\u00eda no hab\u00eda vuelto a ocupar una banca.<br \/>\nM\u00e1ximo Kirchner, que s\u00ed est\u00e1 en Buenos Aires, tambi\u00e9n se ausentar\u00e1. Una costumbre en el diputado del Frente para la Victoria, quien, desde que asumi\u00f3 en 2015, nunca fue a una apertura de sesiones.<\/p>\n","protected":false},"excerpt":{"rendered":"<div class=\"mh-excerpt\"><p>Cristina Kirchner no asistir\u00e1 a la Asamblea Legislativa hoy. El motivo: no quiere escuchar el discurso del presidente Mauricio Macri y, como todos los a\u00f1os, se fue a Santa Cruz para estar en su provincia <a class=\"mh-excerpt-more\" href=\"https:\/\/larevistadigital.com.ar\/blog\/una-lamentable-decision-cristina-kirchner-no-asistira-la-asamblea-legislativa\/\" title=\"Una lamentable decisi\u00f3n: Cristina Kirchner no asistir\u00e1 a la Asamblea Legislativa\">[Leer M\u00e1s]<\/a><\/p>\n<\/div>","protected":false},"author":1,"featured_media":5125,"comment_status":"open","ping_status":"open","sticky":false,"template":"","format":"standard","meta":{"_jetpack_memberships_contains_paid_content":false,"footnotes":"","jetpack_publicize_message":"","jetpack_publicize_feature_enabled":true,"jetpack_social_post_already_shared":true,"jetpack_social_options":{"image_generator_settings":{"template":"highway","default_image_id":0,"font":"","enabled":false},"version":2}},"categories":[41],"tags":[],"class_list":{"0":"post-5124","1":"post","2":"type-post","3":"status-publish","4":"format-standard","5":"has-post-thumbnail","7":"category-destacadas"},"jetpack_publicize_connections":[],"jetpack_featured_media_url":"https:\/\/i0.wp.com\/larevistadigital.com.ar\/blog\/wp-content\/uploads\/2018\/03\/cristina-admitio-que-los-fondos-de-santa-cruz-se-evaporaron.jpg?fit=640%2C369&ssl=1","jetpack_sharing_enabled":true,"jetpack_shortlink":"https:\/\/wp.me\/p8qtrQ-1kE","jetpack-related-posts":[{"id":2986,"url":"https:\/\/larevistadigital.com.ar\/blog\/jorge-taiana-visito-la-ciudad-y-fue-recibido-por-gabriel-macchi\/","url_meta":{"origin":5124,"position":0},"title":"Jorge Taiana visit\u00f3 la ciudad y fue recibido por Gabriel Macchi","author":"admin","date":"4 agosto, 2017","format":false,"excerpt":"El candidato a senador nacional por la provincia de Buenos Aires Jorge Taiana, visit\u00f3 Chascom\u00fas Fue recibido por Gabriel Macchi junto al resto de los candidatos locales de Unidad Ciudadana y los actuales concejales Alfredo Ateasuain, Ana Francese, Hector Larramendy y Juan Cano y el diputado Jos\u00e9 Cote Rossi. Tras\u2026","rel":"","context":"En \u00abPOLITICA\u00bb","block_context":{"text":"POLITICA","link":"https:\/\/larevistadigital.com.ar\/blog\/category\/politica\/"},"img":{"alt_text":"","src":"https:\/\/i0.wp.com\/larevistadigital.com.ar\/blog\/wp-content\/uploads\/2017\/08\/20604157_10212049465145895_2066480076831303291_n.jpg?fit=960%2C744&ssl=1&resize=350%2C200","width":350,"height":200,"srcset":"https:\/\/i0.wp.com\/larevistadigital.com.ar\/blog\/wp-content\/uploads\/2017\/08\/20604157_10212049465145895_2066480076831303291_n.jpg?fit=960%2C744&ssl=1&resize=350%2C200 1x, https:\/\/i0.wp.com\/larevistadigital.com.ar\/blog\/wp-content\/uploads\/2017\/08\/20604157_10212049465145895_2066480076831303291_n.jpg?fit=960%2C744&ssl=1&resize=525%2C300 1.5x, https:\/\/i0.wp.com\/larevistadigital.com.ar\/blog\/wp-content\/uploads\/2017\/08\/20604157_10212049465145895_2066480076831303291_n.jpg?fit=960%2C744&ssl=1&resize=700%2C400 2x"},"classes":[]},{"id":4289,"url":"https:\/\/larevistadigital.com.ar\/blog\/contador-los-kirchner-admitio-haber-adulterado-documentos-orden-cristina\/","url_meta":{"origin":5124,"position":1},"title":"EL CONTADOR DE LOS KIRCHNER ADMITI\u00d3 HABER ADULTERADO DOCUMENTOS POR ORDEN DE CRISTINA","author":"Alejandro Sosa Ruda","date":"22 diciembre, 2017","format":false,"excerpt":"V\u00edctor Manzanares, el contador detenido de la familia Kirchner, complic\u00f3 hoy a la ex presidente en su declaraci\u00f3n ante el Juez, al admitir que hab\u00eda usado Liquid Paper para modificar actas de \u201cHotesur\u201d por orden de Cristina Fernandez. Manzanares admiti\u00f3 ante la Justicia que corrigi\u00f3 libros societarios y contables de\u2026","rel":"","context":"En \u00abPOLITICA\u00bb","block_context":{"text":"POLITICA","link":"https:\/\/larevistadigital.com.ar\/blog\/category\/politica\/"},"img":{"alt_text":"","src":"https:\/\/i0.wp.com\/larevistadigital.com.ar\/blog\/wp-content\/uploads\/2017\/12\/descarga-4.jpg?fit=650%2C364&ssl=1&resize=350%2C200","width":350,"height":200,"srcset":"https:\/\/i0.wp.com\/larevistadigital.com.ar\/blog\/wp-content\/uploads\/2017\/12\/descarga-4.jpg?fit=650%2C364&ssl=1&resize=350%2C200 1x, https:\/\/i0.wp.com\/larevistadigital.com.ar\/blog\/wp-content\/uploads\/2017\/12\/descarga-4.jpg?fit=650%2C364&ssl=1&resize=525%2C300 1.5x"},"classes":[]},{"id":3471,"url":"https:\/\/larevistadigital.com.ar\/blog\/dolores-el-viernes-visitara-la-ciudad-cristina-fernandez-de-kirchner\/","url_meta":{"origin":5124,"position":2},"title":"DOLORES: EL VIERNES VISITAR\u00c1 LA CIUDAD CRISTINA FERN\u00c1NDEZ DE KIRCHNER","author":"Alejandro Sosa Ruda","date":"12 octubre, 2017","format":false,"excerpt":"La ex presidente y candidata a senadora por Unidad Ciudadana, Cristina Fern\u00e1ndez de Kirchner, visitar\u00e1 el viernes la ciudad de Dolores. La cita ser\u00e1 a partir de las 19 horas en donde Cristina inaugurar\u00e1 una nueva sede de SMATA en la ciudad, en calle Buenos Aires, n\u00famero 1075. En un\u2026","rel":"","context":"En \u00abDOLORES\u00bb","block_context":{"text":"DOLORES","link":"https:\/\/larevistadigital.com.ar\/blog\/category\/dolores\/"},"img":{"alt_text":"","src":"https:\/\/i0.wp.com\/larevistadigital.com.ar\/blog\/wp-content\/uploads\/2017\/10\/cf.jpg?fit=600%2C600&ssl=1&resize=350%2C200","width":350,"height":200,"srcset":"https:\/\/i0.wp.com\/larevistadigital.com.ar\/blog\/wp-content\/uploads\/2017\/10\/cf.jpg?fit=600%2C600&ssl=1&resize=350%2C200 1x, https:\/\/i0.wp.com\/larevistadigital.com.ar\/blog\/wp-content\/uploads\/2017\/10\/cf.jpg?fit=600%2C600&ssl=1&resize=525%2C300 1.5x"},"classes":[]},{"id":469,"url":"https:\/\/larevistadigital.com.ar\/blog\/primeras-encuestas-massa-saca-ventaja-provincia-seguido-cristina-kirchner\/","url_meta":{"origin":5124,"position":3},"title":"Primeras encuestas: Massa saca ventaja en provincia, seguido por Cristina Kirchner","author":"Alejandro Sosa Ruda","date":"1 marzo, 2017","format":false,"excerpt":"Los primeros sondeos con respecto a la elecci\u00f3n de Octubre, dan como ganador a Sergio Massa, seguido por la ex presidente. El oficialismo ocupa el tercer lugar. Si bien faltan ocho meses para los comicios intermedios, ya han comenzado a salir a la luz las primeras mediciones pronosticando las preferencias\u2026","rel":"","context":"En \u00abPOLITICA\u00bb","block_context":{"text":"POLITICA","link":"https:\/\/larevistadigital.com.ar\/blog\/category\/politica\/"},"img":{"alt_text":"","src":"https:\/\/i0.wp.com\/larevistadigital.com.ar\/blog\/wp-content\/uploads\/2017\/03\/pincipalpn010317ms.jpg?fit=1200%2C674&ssl=1&resize=350%2C200","width":350,"height":200,"srcset":"https:\/\/i0.wp.com\/larevistadigital.com.ar\/blog\/wp-content\/uploads\/2017\/03\/pincipalpn010317ms.jpg?fit=1200%2C674&ssl=1&resize=350%2C200 1x, https:\/\/i0.wp.com\/larevistadigital.com.ar\/blog\/wp-content\/uploads\/2017\/03\/pincipalpn010317ms.jpg?fit=1200%2C674&ssl=1&resize=525%2C300 1.5x, https:\/\/i0.wp.com\/larevistadigital.com.ar\/blog\/wp-content\/uploads\/2017\/03\/pincipalpn010317ms.jpg?fit=1200%2C674&ssl=1&resize=700%2C400 2x, https:\/\/i0.wp.com\/larevistadigital.com.ar\/blog\/wp-content\/uploads\/2017\/03\/pincipalpn010317ms.jpg?fit=1200%2C674&ssl=1&resize=1050%2C600 3x"},"classes":[]},{"id":1571,"url":"https:\/\/larevistadigital.com.ar\/blog\/bonadio-imputo-a-cristina-kirchner-que-ira-a-juicio-oral\/","url_meta":{"origin":5124,"position":4},"title":"BONADIO IMPUT\u00d3 A CRISTINA KIRCHNER QUE IR\u00c1 A  JUICIO ORAL","author":"Alejandro Sosa Ruda","date":"24 marzo, 2017","format":false,"excerpt":"El juez federal Claudio Bonad\u00edo dio por finalizada la instrucci\u00f3n penal y elev\u00f3 a juicio la causa conocida como \u00a0\u201cd\u00f3lar futuro\u201d en la que la ex presidente Cristina Kirchner fue imputada por el delito de \u201cadministraci\u00f3n infiel\u201d en perjuicio de la administraci\u00f3n p\u00fablica. Aquel procesamiento de Bonadio se\u00f1al\u00f3 que el\u2026","rel":"","context":"En \u00abDESTACADAS\u00bb","block_context":{"text":"DESTACADAS","link":"https:\/\/larevistadigital.com.ar\/blog\/category\/destacadas\/"},"img":{"alt_text":"","src":"https:\/\/i0.wp.com\/larevistadigital.com.ar\/blog\/wp-content\/uploads\/2017\/03\/393531.jpg?fit=1071%2C837&ssl=1&resize=350%2C200","width":350,"height":200,"srcset":"https:\/\/i0.wp.com\/larevistadigital.com.ar\/blog\/wp-content\/uploads\/2017\/03\/393531.jpg?fit=1071%2C837&ssl=1&resize=350%2C200 1x, https:\/\/i0.wp.com\/larevistadigital.com.ar\/blog\/wp-content\/uploads\/2017\/03\/393531.jpg?fit=1071%2C837&ssl=1&resize=525%2C300 1.5x, https:\/\/i0.wp.com\/larevistadigital.com.ar\/blog\/wp-content\/uploads\/2017\/03\/393531.jpg?fit=1071%2C837&ssl=1&resize=700%2C400 2x, https:\/\/i0.wp.com\/larevistadigital.com.ar\/blog\/wp-content\/uploads\/2017\/03\/393531.jpg?fit=1071%2C837&ssl=1&resize=1050%2C600 3x"},"classes":[]},{"id":625,"url":"https:\/\/larevistadigital.com.ar\/blog\/625-2\/","url_meta":{"origin":5124,"position":5},"title":"Con escritos pol\u00edticos, M\u00e1ximo y Florencia Kirchner fueron indagados en la causa \u00abLos Sauces\u00bb","author":"editor","date":"6 marzo, 2017","format":false,"excerpt":"Dijeron que hay una persecuci\u00f3n y hostigamiento a su familia. \u201cEst\u00e1n decididos a proscribir a la ex presidenta de la Naci\u00f3n\u201d, dijo M\u00e1ximo sobre Cristina Kirchner, que ser\u00e1 indagada ma\u00f1ana, y apunt\u00f3 a Macri por los \u201cPanam\u00e1 Papers\u201d, Avianca y el Correo Argentino Por Mart\u00edn Angulo 6 de marzo de\u2026","rel":"","context":"En \u00abDESTACADAS\u00bb","block_context":{"text":"DESTACADAS","link":"https:\/\/larevistadigital.com.ar\/blog\/category\/destacadas\/"},"img":{"alt_text":"","src":"https:\/\/i0.wp.com\/larevistadigital.com.ar\/blog\/wp-content\/uploads\/2017\/03\/Comodoro-Py-Maximo-Florencia-Kirchner-AE-1920-5.jpg?fit=600%2C338&ssl=1&resize=350%2C200","width":350,"height":200,"srcset":"https:\/\/i0.wp.com\/larevistadigital.com.ar\/blog\/wp-content\/uploads\/2017\/03\/Comodoro-Py-Maximo-Florencia-Kirchner-AE-1920-5.jpg?fit=600%2C338&ssl=1&resize=350%2C200 1x, https:\/\/i0.wp.com\/larevistadigital.com.ar\/blog\/wp-content\/uploads\/2017\/03\/Comodoro-Py-Maximo-Florencia-Kirchner-AE-1920-5.jpg?fit=600%2C338&ssl=1&resize=525%2C300 1.5x"},"classes":[]}],"_links":{"self":[{"href":"https:\/\/larevistadigital.com.ar\/blog\/wp-json\/wp\/v2\/posts\/5124","targetHints":{"allow":["GET"]}}],"collection":[{"href":"https:\/\/larevistadigital.com.ar\/blog\/wp-json\/wp\/v2\/posts"}],"about":[{"href":"https:\/\/larevistadigital.com.ar\/blog\/wp-json\/wp\/v2\/types\/post"}],"author":[{"embeddable":true,"href":"https:\/\/larevistadigital.com.ar\/blog\/wp-json\/wp\/v2\/users\/1"}],"replies":[{"embeddable":true,"href":"https:\/\/larevistadigital.com.ar\/blog\/wp-json\/wp\/v2\/comments?post=5124"}],"version-history":[{"count":1,"href":"https:\/\/larevistadigital.com.ar\/blog\/wp-json\/wp\/v2\/posts\/5124\/revisions"}],"predecessor-version":[{"id":5126,"href":"https:\/\/larevistadigital.com.ar\/blog\/wp-json\/wp\/v2\/posts\/5124\/revisions\/5126"}],"wp:featuredmedia":[{"embeddable":true,"href":"https:\/\/larevistadigital.com.ar\/blog\/wp-json\/wp\/v2\/media\/5125"}],"wp:attachment":[{"href":"https:\/\/larevistadigital.com.ar\/blog\/wp-json\/wp\/v2\/media?parent=5124"}],"wp:term":[{"taxonomy":"category","embeddable":true,"href":"https:\/\/larevistadigital.com.ar\/blog\/wp-json\/wp\/v2\/categories?post=5124"},{"taxonomy":"post_tag","embeddable":true,"href":"https:\/\/larevistadigital.com.ar\/blog\/wp-json\/wp\/v2\/tags?post=5124"}],"curies":[{"name":"wp","href":"https:\/\/api.w.org\/{rel}","templated":true}]}}