{"id":5131,"date":"2018-03-01T09:49:25","date_gmt":"2018-03-01T09:49:25","guid":{"rendered":"https:\/\/larevistadigital.com.ar\/blog\/?p=5131"},"modified":"2018-03-01T09:49:25","modified_gmt":"2018-03-01T09:49:25","slug":"nuevo-software-google-podria-anticipar-riesgo-ataque-cardiaco","status":"publish","type":"post","link":"https:\/\/larevistadigital.com.ar\/blog\/nuevo-software-google-podria-anticipar-riesgo-ataque-cardiaco\/","title":{"rendered":"Nuevo software de Google podr\u00eda anticipar el riesgo de un ataque card\u00edaco"},"content":{"rendered":"<div class=\"row\">\n<div class=\"col-xs-12 col-print-12\">\n<p class=\"element element-paragraph\"><strong>Al observar el ojo humano, los algoritmos de Google podr\u00edan predecir si alguien ten\u00eda hipertensi\u00f3n arterial o si corr\u00eda el riesgo de tener un ataque card\u00edaco o un derrame cerebral<\/strong>, seg\u00fan algunos investigadores de Google. Esa observaci\u00f3n abri\u00f3 una nueva oportunidad a la inteligencia artificial en la vasta y lucrativa industria de la salud mental.<\/p>\n<\/div>\n<\/div>\n<div class=\"row\">\n<div class=\"col-xs-12 col-print-12\">\n<p class=\"element element-paragraph\">De acuerdo a un estudio del hallazgo, publicado por la revista\u00a0<em>Nature Biomedical Engineering<\/em>, los algoritmos no superaron los procedimientos m\u00e9dicos existentes, como los an\u00e1lisis de sangre.<strong>El trabajo debe ser validado y repetido en m\u00e1s personas antes de tener una aceptaci\u00f3n m\u00e1s amplia, seg\u00fan indicaron varios m\u00e9dicos externos.<\/strong><\/p>\n<\/div>\n<\/div>\n<div class=\"row\">\n<div class=\"col-xs-12 col-print-12\">\n<p class=\"element element-paragraph\">Pero el nuevo enfoque podr\u00eda basarse en las capacidades actuales de los m\u00e9dicos al proporcionar una herramienta que las personas podr\u00edan usar\u00a0<strong>alg\u00fan d\u00eda para detectar de forma r\u00e1pida y sencilla los riesgos de salud que pueden contribuir a la enfermedad card\u00edaca, la principal causa de muerte en todo el mundo<\/strong>.<\/p>\n<\/div>\n<\/div>\n<div class=\"row\">\n<div class=\"col-xs-12 col-print-12\">\n<p class=\"element element-paragraph\">\u00abEsta puede ser una forma r\u00e1pida para que las personas eval\u00faen el riesgo\u00bb, escribi\u00f3 en un correo electr\u00f3nico Harlan Krumholz, un cardi\u00f3logo de la Universidad de Yale que no particip\u00f3 en el estudio. \u00ab<strong>Una v\u00eda es capacitar a las personas con opciones r\u00e1pidas para obtener informaci\u00f3n \u00fatil sobre su salud<\/strong>\u00ab, agrega en ese sentido.<\/p>\n<\/div>\n<\/div>\n<div class=\"row\">\n<div id=\"\" class=\"wrapper clearfix pb-feature pb-layout-item pb-f-ads-dfp no-align\"><\/div>\n<div class=\"col-xs-12 col-print-12\">\n<p class=\"element element-paragraph\">Los investigadores de Google<strong>\u00a0incluyeron im\u00e1genes escaneadas de las retinas de m\u00e1s de 280,000 pacientes en Estados Unidos y el Reino Unido en sus intrincados algoritmos de reconocimiento de patrones, conocidos como redes neuronales<\/strong>. Esos escaneos ayudaron a entrenar al sistema a observar signos reveladores que tend\u00edan a indicar peligros de salud a largo plazo.<\/p>\n<\/div>\n<\/div>\n<div class=\"row\">\n<div class=\"col-xs-12 col-print-12\">\n<p class=\"element element-paragraph\">Los profesionales m\u00e9dicos de hoy en d\u00eda pueden buscar signos similares al de la retina extrayendo la sangre del paciente o evaluando factores de riesgo como su edad, sexo, peso y si fuman.<strong>\u00a0Los propios sistemas, ahora, pueden revisar los datos que se necesitan para aprender los patrones que, a menudo, se encuentran en los ojos de las personas en situaci\u00f3n de riesgo<\/strong>.<\/p>\n<\/div>\n<\/div>\n<div class=\"row\">\n<div class=\"col-xs-12 col-print-12\">\n<p class=\"element element-paragraph\">El verdadero poder de este tipo de soluci\u00f3n tecnol\u00f3gica es que podr\u00eda marcar el riesgo con una prueba r\u00e1pida, barata y no invasiva que podr\u00eda administrarse en una variedad de entornos,\u00a0<strong>lo que permitir\u00eda a las personas saber si deber\u00edan someterse a un seguimiento<\/strong>.<\/p>\n<\/div>\n<\/div>\n<div class=\"row\">\n<div class=\"col-xs-12 col-print-12\">\n<p class=\"element element-paragraph\">La investigaci\u00f3n fue realizada por Google y Verify Life Sciences, una subsidiaria de Alphabet (matriz de Google).<\/p>\n<\/div>\n<\/div>\n<div class=\"row\">\n<div class=\"col-xs-12 col-print-12\">\n<p class=\"element element-paragraph\"><strong>La idea de que los ojos de las personas pueden revelar signos de enfermedades cardiovasculares subyacentes no es tan extravagante como podr\u00eda parecer.<\/strong>\u00a0La diabetes y la presi\u00f3n arterial alta, por ejemplo, pueden causar cambios en la retina.<\/p>\n<\/div>\n<\/div>\n<div class=\"row\">\n<div class=\"col-xs-12 col-print-12\">\n<p class=\"element element-paragraph\">Krumholz advirti\u00f3 que el procedimiento de escaneo de un ojo no est\u00e1 listo para reemplazar otros enfoques m\u00e1s convencionales.\u00a0<strong>Maulik Majmudar, director asociado del Healthcare Transformation Lab, en el Massachusetts General Hospital, calific\u00f3 el modelo de \u00abimpresionante\u00bb<\/strong>, aunque se\u00f1al\u00f3 que los resultados muestran lo dif\u00edcil que es hacer mejoras significativas en la predicci\u00f3n del riesgo cardiovascular. La edad y el g\u00e9nero son poderosos predictores de riesgo, sin la necesidad de ninguna prueba adicional.<\/p>\n<\/div>\n<\/div>\n<div class=\"row\">\n<div class=\"col-xs-12 col-print-12\">\n<p class=\"element element-paragraph\">Cuando se presentaron im\u00e1genes de los ojos de dos personas diferentes, una que sufri\u00f3 un episodio card\u00edaco adverso importante,\u00a0<strong>como un ataque card\u00edaco o un accidente cerebrovascular dentro de los cinco a\u00f1os posteriores a la foto y otra que no<\/strong>, los algoritmos pudieron seleccionar correctamente al paciente que cay\u00f3 enferm\u00f3.<\/p>\n<\/div>\n<\/div>\n<div class=\"row\">\n<div class=\"col-xs-12 col-print-12\">\n<p class=\"element element-paragraph\">Tecnolog\u00edas similares de aprendizaje profundo se han disparado en los \u00faltimos cinco a\u00f1os y se usan ampliamente hoy en d\u00eda en sistemas como la b\u00fasqueda de im\u00e1genes de Google y el reconocimiento facial de Facebook..\u00a0<strong>Tambi\u00e9n se muestran prometedores en otros \u00e1mbitos de la salud, incluso buscando signos de c\u00e1ncer en los esc\u00e1neres de rayos X revisados por radi\u00f3logos<\/strong>.<\/p>\n<\/div>\n<\/div>\n<div class=\"row\">\n<div class=\"col-xs-12 col-print-12\">\n<p class=\"element element-paragraph\">Los investigadores de Google utilizaron m\u00e9todos similares de aprendizaje autom\u00e1tico en 2016 para buscar la retinopat\u00eda diab\u00e9tica, una enfermedad ocular que es una causa importante de ceguera.\u00a0<strong>Esta vez, tambi\u00e9n usaron una t\u00e9cnica de aprendizaje autom\u00e1tico conocida como \u00abatenci\u00f3n suave\u00bb, para ayudar a identificar qu\u00e9 partes de la imagen fueron m\u00e1s instrumentales para impulsar la predicci\u00f3n de los algoritmos<\/strong>. Hoy en d\u00eda no est\u00e1 claro c\u00f3mo y por qu\u00e9 llegaron a esa conclusi\u00f3n: un problema que podr\u00eda influir en la confianza de los resultados por parte de los m\u00e9dicos o pacientes.<\/p>\n<\/div>\n<\/div>\n<div class=\"row\">\n<div class=\"col-xs-12 col-print-12\">\n<p class=\"element element-paragraph\">La idea de que las caracter\u00edsticas distintivas de la enfermedad podr\u00edan detectarse a trav\u00e9s del an\u00e1lisis computacional ha sido atractiva para los ingenieros.\u00a0<strong>DeepMind, la firma de desarrollo de inteligencia artificial, con sede en Londres, que Google compr\u00f3 en 2014 y que con frecuencia opera de manera aut\u00f3noma, public\u00f3 una investigaci\u00f3n que muestra algoritmos similares que podr\u00edan ayudar a detectar signos de glaucoma y otras enfermedades oculares.<\/strong><\/p>\n<\/div>\n<\/div>\n<div class=\"row\">\n<div class=\"col-xs-12 col-print-12\">\n<p class=\"element element-paragraph\">En esa l\u00ednea, a finales del a\u00f1o pasado,\u00a0<strong>Apple lanz\u00f3 un estudio de coraz\u00f3n relacionado con su reloj Apple Watch para ver si pod\u00eda detectar<\/strong>\u00a0y alertar a las personas sobre ritmos card\u00edacos irregulares que podr\u00edan ser un signo de fibrilaci\u00f3n auricular, una de las principales causas de accidente cerebrovascular.<\/p>\n<\/div>\n<\/div>\n","protected":false},"excerpt":{"rendered":"<div class=\"mh-excerpt\"><p>Al observar el ojo humano, los algoritmos de Google podr\u00edan predecir si alguien ten\u00eda hipertensi\u00f3n arterial o si corr\u00eda el riesgo de tener un ataque card\u00edaco o un derrame cerebral, seg\u00fan algunos investigadores de Google. <a class=\"mh-excerpt-more\" href=\"https:\/\/larevistadigital.com.ar\/blog\/nuevo-software-google-podria-anticipar-riesgo-ataque-cardiaco\/\" title=\"Nuevo software de Google podr\u00eda anticipar el riesgo de un ataque card\u00edaco\">[Leer M\u00e1s]<\/a><\/p>\n<\/div>","protected":false},"author":1,"featured_media":5133,"comment_status":"open","ping_status":"open","sticky":false,"template":"","format":"standard","meta":{"_jetpack_memberships_contains_paid_content":false,"footnotes":"","jetpack_publicize_message":"","jetpack_publicize_feature_enabled":true,"jetpack_social_post_already_shared":true,"jetpack_social_options":{"image_generator_settings":{"template":"highway","default_image_id":0,"font":"","enabled":false},"version":2}},"categories":[13],"tags":[],"class_list":{"0":"post-5131","1":"post","2":"type-post","3":"status-publish","4":"format-standard","5":"has-post-thumbnail","7":"category-tecnologia"},"jetpack_publicize_connections":[],"jetpack_featured_media_url":"https:\/\/i0.wp.com\/larevistadigital.com.ar\/blog\/wp-content\/uploads\/2018\/03\/ojo-ia.jpg?fit=760%2C570&ssl=1","jetpack_sharing_enabled":true,"jetpack_shortlink":"https:\/\/wp.me\/p8qtrQ-1kL","jetpack-related-posts":[{"id":29900,"url":"https:\/\/larevistadigital.com.ar\/blog\/encuentran-un-sorprendente-beneficio-adicional-en-el-viagra\/","url_meta":{"origin":5131,"position":0},"title":"ENCUENTRAN UN SORPRENDENTE BENEFICIO ADICIONAL EN EL VIAGRA","author":"Alejandro Sosa Ruda","date":"23 enero, 2023","format":false,"excerpt":"El f\u00e1rmaco reducir\u00eda las probabilidades de morir por cualquier causa y las probabilidades de tener un evento card\u00edaco, seg\u00fan un reciente estudio. 23 de enero de 2023 Seg\u00fan publica el sitio \"Urgente 24\", recientemente un grupo de cient\u00edficos\u00a0 descubri\u00f3 que los varones que toman Viagra\u00a0para la disfunci\u00f3n er\u00e9ctil podr\u00edan tener\u2026","rel":"","context":"En \u00abINTERES GENERAL\u00bb","block_context":{"text":"INTERES GENERAL","link":"https:\/\/larevistadigital.com.ar\/blog\/category\/interes-general\/"},"img":{"alt_text":"","src":"https:\/\/i0.wp.com\/larevistadigital.com.ar\/blog\/wp-content\/uploads\/VIAGRA.jpg?fit=900%2C684&ssl=1&resize=350%2C200","width":350,"height":200,"srcset":"https:\/\/i0.wp.com\/larevistadigital.com.ar\/blog\/wp-content\/uploads\/VIAGRA.jpg?fit=900%2C684&ssl=1&resize=350%2C200 1x, https:\/\/i0.wp.com\/larevistadigital.com.ar\/blog\/wp-content\/uploads\/VIAGRA.jpg?fit=900%2C684&ssl=1&resize=525%2C300 1.5x, https:\/\/i0.wp.com\/larevistadigital.com.ar\/blog\/wp-content\/uploads\/VIAGRA.jpg?fit=900%2C684&ssl=1&resize=700%2C400 2x"},"classes":[]},{"id":31136,"url":"https:\/\/larevistadigital.com.ar\/blog\/chascomus-un-hombre-murio-en-la-calle-de-un-ataque-cardiaco\/","url_meta":{"origin":5131,"position":1},"title":"CHASCOM\u00daS: UN HOMBRE MURI\u00d3 EN LA CALLE DE UN ATAQUE CARD\u00cdACO","author":"Alejandro Sosa Ruda","date":"20 abril, 2023","format":false,"excerpt":"Sucedi\u00f3 hoy, fue fulminante. 19 de abril de 2023 CHASCOM\u00daS -\u00a0 Durante el d\u00eda de hoy, aproximadamente a las 14 horas una persona de sexo masculino falleci\u00f3 v\u00edctima de un paro card\u00edaco en plena calle en el barrio Jard\u00edn. Pudimos averiguar que se trataba de un adulto de 81 a\u00f1os\u2026","rel":"","context":"En \u00abINTERES GENERAL\u00bb","block_context":{"text":"INTERES GENERAL","link":"https:\/\/larevistadigital.com.ar\/blog\/category\/interes-general\/"},"img":{"alt_text":"","src":"https:\/\/i0.wp.com\/larevistadigital.com.ar\/blog\/wp-content\/uploads\/WhatsApp-Image-2023-04-19-at-14.16.03-e1681948223529.jpeg?fit=720%2C720&ssl=1&resize=350%2C200","width":350,"height":200,"srcset":"https:\/\/i0.wp.com\/larevistadigital.com.ar\/blog\/wp-content\/uploads\/WhatsApp-Image-2023-04-19-at-14.16.03-e1681948223529.jpeg?fit=720%2C720&ssl=1&resize=350%2C200 1x, https:\/\/i0.wp.com\/larevistadigital.com.ar\/blog\/wp-content\/uploads\/WhatsApp-Image-2023-04-19-at-14.16.03-e1681948223529.jpeg?fit=720%2C720&ssl=1&resize=525%2C300 1.5x, https:\/\/i0.wp.com\/larevistadigital.com.ar\/blog\/wp-content\/uploads\/WhatsApp-Image-2023-04-19-at-14.16.03-e1681948223529.jpeg?fit=720%2C720&ssl=1&resize=700%2C400 2x"},"classes":[]},{"id":34660,"url":"https:\/\/larevistadigital.com.ar\/blog\/intendente-bonaerense-fue-a-capital-por-un-chequeo-lo-internaron-y-fue-operado-de-urgencia-por-un-problema-cardiaco\/","url_meta":{"origin":5131,"position":2},"title":"INTENDENTE BONAERENSE FUE A CAPITAL POR UN CHEQUEO, LO INTERNARON Y FUE OPERADO DE URGENCIA POR UN PROBLEMA CARD\u00cdACO","author":"Alejandro Sosa Ruda","date":"27 noviembre, 2023","format":false,"excerpt":"El jefe comunal fue sometido a una intervenci\u00f3n card\u00edaca luego de que le detectaran una arritmia. \u201cGracias a Dios evolucion\u00e9 favorablemente y hoy recib\u00ed el alta m\u00e9dica\u201d, agradeci\u00f3. 27 de Noviembre de 2023 BUENOS AIRES -\u00a0 El intendente de Ituzaing\u00f3, Alberto Descalzo, fue sometido a una card\u00edaca despu\u00e9s de que\u2026","rel":"","context":"En \u00abPOLITICA\u00bb","block_context":{"text":"POLITICA","link":"https:\/\/larevistadigital.com.ar\/blog\/category\/politica\/"},"img":{"alt_text":"","src":"https:\/\/i0.wp.com\/larevistadigital.com.ar\/blog\/wp-content\/uploads\/20231127152734_beto.jpg?fit=880%2C512&ssl=1&resize=350%2C200","width":350,"height":200,"srcset":"https:\/\/i0.wp.com\/larevistadigital.com.ar\/blog\/wp-content\/uploads\/20231127152734_beto.jpg?fit=880%2C512&ssl=1&resize=350%2C200 1x, https:\/\/i0.wp.com\/larevistadigital.com.ar\/blog\/wp-content\/uploads\/20231127152734_beto.jpg?fit=880%2C512&ssl=1&resize=525%2C300 1.5x, https:\/\/i0.wp.com\/larevistadigital.com.ar\/blog\/wp-content\/uploads\/20231127152734_beto.jpg?fit=880%2C512&ssl=1&resize=700%2C400 2x"},"classes":[]},{"id":45091,"url":"https:\/\/larevistadigital.com.ar\/blog\/paro-en-pami-medicos-denuncian-recorte-salarial\/","url_meta":{"origin":5131,"position":3},"title":"Paro en PAMI: m\u00e9dicos denuncian recorte salarial","author":"Alejandro Sosa Ruda","date":"13 abril, 2026","format":false,"excerpt":"Paro en PAMI: m\u00e9dicos denuncian recortes que reducen sus ingresos y ponen en riesgo la atenci\u00f3n. Crece el conflicto en el sistema de salud. 13 de abril de 2026 Los m\u00e9dicos de cabecera del PAMI iniciaron este lunes un paro de 72 horas en todo el pa\u00eds en rechazo a\u2026","rel":"","context":"En \u00abINTERES GENERAL\u00bb","block_context":{"text":"INTERES GENERAL","link":"https:\/\/larevistadigital.com.ar\/blog\/category\/interes-general\/"},"img":{"alt_text":"","src":"https:\/\/i0.wp.com\/larevistadigital.com.ar\/blog\/wp-content\/uploads\/Captura-de-pantalla-2026-04-13-212933.jpg?fit=852%2C540&ssl=1&resize=350%2C200","width":350,"height":200,"srcset":"https:\/\/i0.wp.com\/larevistadigital.com.ar\/blog\/wp-content\/uploads\/Captura-de-pantalla-2026-04-13-212933.jpg?fit=852%2C540&ssl=1&resize=350%2C200 1x, https:\/\/i0.wp.com\/larevistadigital.com.ar\/blog\/wp-content\/uploads\/Captura-de-pantalla-2026-04-13-212933.jpg?fit=852%2C540&ssl=1&resize=525%2C300 1.5x, https:\/\/i0.wp.com\/larevistadigital.com.ar\/blog\/wp-content\/uploads\/Captura-de-pantalla-2026-04-13-212933.jpg?fit=852%2C540&ssl=1&resize=700%2C400 2x"},"classes":[]},{"id":40348,"url":"https:\/\/larevistadigital.com.ar\/blog\/que-hacer-ante-el-ataque-de-un-perro-claves-para-salvar-tu-vida-y-la-de-tu-mascota\/","url_meta":{"origin":5131,"position":4},"title":"\u00bfQu\u00e9 hacer ante el ataque de un perro? Claves para salvar tu vida\u2026 y la de tu mascota","author":"Alejandro Sosa Ruda","date":"6 julio, 2025","format":false,"excerpt":"C\u00f3mo actuar ante una situaci\u00f3n de riesgo y c\u00f3mo prevenir heridas graves en personas y animales. Consejos pr\u00e1cticos que pueden marcar la diferencia. 06 de Julio de 2025 Los ataques de perros pueden ser aterradores, inesperados y, muchas veces, peligrosos. M\u00e1s de 4,5 millones de personas sufren mordeduras de perro\u2026","rel":"","context":"En \u00abINTERES GENERAL\u00bb","block_context":{"text":"INTERES GENERAL","link":"https:\/\/larevistadigital.com.ar\/blog\/category\/interes-general\/"},"img":{"alt_text":"","src":"https:\/\/i0.wp.com\/larevistadigital.com.ar\/blog\/wp-content\/uploads\/ChatGPT-Image-6-jul-2025-06_42_41-p.m.png?fit=1024%2C1024&ssl=1&resize=350%2C200","width":350,"height":200,"srcset":"https:\/\/i0.wp.com\/larevistadigital.com.ar\/blog\/wp-content\/uploads\/ChatGPT-Image-6-jul-2025-06_42_41-p.m.png?fit=1024%2C1024&ssl=1&resize=350%2C200 1x, https:\/\/i0.wp.com\/larevistadigital.com.ar\/blog\/wp-content\/uploads\/ChatGPT-Image-6-jul-2025-06_42_41-p.m.png?fit=1024%2C1024&ssl=1&resize=525%2C300 1.5x, https:\/\/i0.wp.com\/larevistadigital.com.ar\/blog\/wp-content\/uploads\/ChatGPT-Image-6-jul-2025-06_42_41-p.m.png?fit=1024%2C1024&ssl=1&resize=700%2C400 2x"},"classes":[]},{"id":21130,"url":"https:\/\/larevistadigital.com.ar\/blog\/marcha-por-los-medicos-y-sus-condiciones-de-trabajo-para-que-no-hayan-mas-fallecidos-por-negligencia-de-las-autoridades-del-hospital\/","url_meta":{"origin":5131,"position":5},"title":"MARCHA POR LOS M\u00c9DICOS Y SUS CONDICIONES DE TRABAJO,  PARA QUE NO HAYAN M\u00c1S FALLECIDOS POR NEGLIGENCIA DE LAS AUTORIDADES DEL HOSPITAL","author":"Alejandro Sosa Ruda","date":"16 julio, 2021","format":false,"excerpt":"CHASCOM\u00daS -\u00a0 Hoy, desde las 11 hs los vecinos de Chascom\u00fas se reunir\u00e1n en la puerta del Hospital Municipal San Vicente de Paul, para reclamar por que no haya m\u00e1s fallecidos por falta de insumos o negligencia de las autoridades del Hospital, con denuncias de familiares de personas que fallecieron\u2026","rel":"","context":"En \u00abDESTACADAS\u00bb","block_context":{"text":"DESTACADAS","link":"https:\/\/larevistadigital.com.ar\/blog\/category\/destacadas\/"},"img":{"alt_text":"","src":"https:\/\/i0.wp.com\/larevistadigital.com.ar\/blog\/wp-content\/uploads\/WhatsApp-Image-2021-07-14-at-23.33.45.jpeg?fit=675%2C1200&ssl=1&resize=350%2C200","width":350,"height":200,"srcset":"https:\/\/i0.wp.com\/larevistadigital.com.ar\/blog\/wp-content\/uploads\/WhatsApp-Image-2021-07-14-at-23.33.45.jpeg?fit=675%2C1200&ssl=1&resize=350%2C200 1x, https:\/\/i0.wp.com\/larevistadigital.com.ar\/blog\/wp-content\/uploads\/WhatsApp-Image-2021-07-14-at-23.33.45.jpeg?fit=675%2C1200&ssl=1&resize=525%2C300 1.5x"},"classes":[]}],"_links":{"self":[{"href":"https:\/\/larevistadigital.com.ar\/blog\/wp-json\/wp\/v2\/posts\/5131","targetHints":{"allow":["GET"]}}],"collection":[{"href":"https:\/\/larevistadigital.com.ar\/blog\/wp-json\/wp\/v2\/posts"}],"about":[{"href":"https:\/\/larevistadigital.com.ar\/blog\/wp-json\/wp\/v2\/types\/post"}],"author":[{"embeddable":true,"href":"https:\/\/larevistadigital.com.ar\/blog\/wp-json\/wp\/v2\/users\/1"}],"replies":[{"embeddable":true,"href":"https:\/\/larevistadigital.com.ar\/blog\/wp-json\/wp\/v2\/comments?post=5131"}],"version-history":[{"count":1,"href":"https:\/\/larevistadigital.com.ar\/blog\/wp-json\/wp\/v2\/posts\/5131\/revisions"}],"predecessor-version":[{"id":5134,"href":"https:\/\/larevistadigital.com.ar\/blog\/wp-json\/wp\/v2\/posts\/5131\/revisions\/5134"}],"wp:featuredmedia":[{"embeddable":true,"href":"https:\/\/larevistadigital.com.ar\/blog\/wp-json\/wp\/v2\/media\/5133"}],"wp:attachment":[{"href":"https:\/\/larevistadigital.com.ar\/blog\/wp-json\/wp\/v2\/media?parent=5131"}],"wp:term":[{"taxonomy":"category","embeddable":true,"href":"https:\/\/larevistadigital.com.ar\/blog\/wp-json\/wp\/v2\/categories?post=5131"},{"taxonomy":"post_tag","embeddable":true,"href":"https:\/\/larevistadigital.com.ar\/blog\/wp-json\/wp\/v2\/tags?post=5131"}],"curies":[{"name":"wp","href":"https:\/\/api.w.org\/{rel}","templated":true}]}}