{"id":5147,"date":"2018-03-01T10:12:01","date_gmt":"2018-03-01T10:12:01","guid":{"rendered":"https:\/\/larevistadigital.com.ar\/blog\/?p=5147"},"modified":"2018-03-01T10:12:01","modified_gmt":"2018-03-01T10:12:01","slug":"le-pasaria-cuerpo-bebemos-tres-litros-agua-diariamente-mes","status":"publish","type":"post","link":"https:\/\/larevistadigital.com.ar\/blog\/le-pasaria-cuerpo-bebemos-tres-litros-agua-diariamente-mes\/","title":{"rendered":"\u00bfQu\u00e9 le pasar\u00eda a nuestro cuerpo si bebemos tres litros de agua diariamente durante un mes?"},"content":{"rendered":"<div class=\"summary desktop summaryreadspeaker-desktop\">\n<p>Desde la disminuci\u00f3n de la fatiga hasta la p\u00e9rdida de peso, son algunos de los beneficios que puede traer el consumo de agua.<\/p>\n<\/div>\n<div id=\"description\" class=\"description descriptionreadspeaker\">\n<p>El aumento del consumo de agua y la reducci\u00f3n de bebidas azucaradas pueden generar varios cambios positivos para el cuerpo humano. En un video publicado en Facebook por la p\u00e1gina\u00a0\u2018Tipo sano\u2019\u00a0se ilustra sobre los beneficios que puede traer beber tres litros de agua diariamente, durante cuatro semanas.<\/p>\n<p>Piel limpia, p\u00e9rdida de peso, disminuci\u00f3n de la fatiga y el mejoramiento de las funciones del h\u00edgado son algunos de los beneficios que seg\u00fan el video pueden traer el consumo peri\u00f3dico de agua.<\/p>\n<\/div>\n<p>En una publicaci\u00f3n realizada en el portal \u2018No te lo creo\u2019 los autores del video comentan sobre el reto de beber los tres litros de agua por cuatro semanas seguidas y los notorios cambios que se evidenciaron en Sarah Smith, de 42 a\u00f1os, quien se someti\u00f3 al experimento.<\/p>\n<p>La mujer asegura que su m\u00e9dico le recomend\u00f3 beber menos caf\u00e9 y tomar abundante agua como una manera de solucionar sus problemas de migra\u00f1a.<\/p>\n<p>Para verificar los resultados de este experimento decidi\u00f3 realizarse una foto por semana. Sarah acompa\u00f1aba su comida con un vaso grande de agua y en tres semanas logr\u00f3 perder 1 kilo.<\/p>\n<p><iframe loading=\"lazy\" style=\"border: none; overflow: hidden;\" src=\"https:\/\/www.facebook.com\/plugins\/video.php?href=https%3A%2F%2Fwww.facebook.com%2Ftiposanocom%2Fvideos%2F676866995797321%2F&amp;show_text=0&amp;width=476\" width=\"476\" height=\"476\" frameborder=\"0\" scrolling=\"no\" allowfullscreen=\"allowfullscreen\"><\/iframe><\/p>\n","protected":false},"excerpt":{"rendered":"<div class=\"mh-excerpt\"><p>Desde la disminuci\u00f3n de la fatiga hasta la p\u00e9rdida de peso, son algunos de los beneficios que puede traer el consumo de agua. El aumento del consumo de agua y la reducci\u00f3n de bebidas azucaradas <a class=\"mh-excerpt-more\" href=\"https:\/\/larevistadigital.com.ar\/blog\/le-pasaria-cuerpo-bebemos-tres-litros-agua-diariamente-mes\/\" title=\"\u00bfQu\u00e9 le pasar\u00eda a nuestro cuerpo si bebemos tres litros de agua diariamente durante un mes?\">[Leer M\u00e1s]<\/a><\/p>\n<\/div>","protected":false},"author":1,"featured_media":5148,"comment_status":"open","ping_status":"open","sticky":false,"template":"","format":"standard","meta":{"_jetpack_memberships_contains_paid_content":false,"footnotes":"","jetpack_publicize_message":"","jetpack_publicize_feature_enabled":true,"jetpack_social_post_already_shared":true,"jetpack_social_options":{"image_generator_settings":{"template":"highway","default_image_id":0,"font":"","enabled":false},"version":2}},"categories":[11],"tags":[],"class_list":{"0":"post-5147","1":"post","2":"type-post","3":"status-publish","4":"format-standard","5":"has-post-thumbnail","7":"category-curiosas"},"jetpack_publicize_connections":[],"jetpack_featured_media_url":"https:\/\/i0.wp.com\/larevistadigital.com.ar\/blog\/wp-content\/uploads\/2018\/03\/tomar_agua_por_cuatro_semanas.jpg?fit=860%2C437&ssl=1","jetpack_sharing_enabled":true,"jetpack_shortlink":"https:\/\/wp.me\/p8qtrQ-1l1","jetpack-related-posts":[{"id":7871,"url":"https:\/\/larevistadigital.com.ar\/blog\/chascomus-recomendaciones-del-municipio-por-la-ola-de-calor\/","url_meta":{"origin":5147,"position":0},"title":"CHASCOM\u00daS: RECOMENDACIONES DEL MUNICIPIO POR LA OLA DE CALOR","author":"Alejandro Sosa Ruda","date":"22 enero, 2019","format":false,"excerpt":"Desde la Secretar\u00eda de Salud, se ofrecen algunos consejos para evitar los golpes de calor que se producen por la p\u00e9rdida de agua y sales esenciales que el cuerpo necesita para su buen funcionamiento. Es importante consumir mucho l\u00edquido, agua fresca durante todo el d\u00eda, evitar el consumo de infusiones\u2026","rel":"","context":"En \u00abCHASCOM\u00daS\u00bb","block_context":{"text":"CHASCOM\u00daS","link":"https:\/\/larevistadigital.com.ar\/blog\/category\/chascomus\/"},"img":{"alt_text":"","src":"https:\/\/i0.wp.com\/larevistadigital.com.ar\/blog\/wp-content\/uploads\/2019\/01\/2019_01_22_13_21_31_6098022.jpg?fit=600%2C401&ssl=1&resize=350%2C200","width":350,"height":200,"srcset":"https:\/\/i0.wp.com\/larevistadigital.com.ar\/blog\/wp-content\/uploads\/2019\/01\/2019_01_22_13_21_31_6098022.jpg?fit=600%2C401&ssl=1&resize=350%2C200 1x, https:\/\/i0.wp.com\/larevistadigital.com.ar\/blog\/wp-content\/uploads\/2019\/01\/2019_01_22_13_21_31_6098022.jpg?fit=600%2C401&ssl=1&resize=525%2C300 1.5x"},"classes":[]},{"id":45204,"url":"https:\/\/larevistadigital.com.ar\/blog\/el-agua-que-enferma-alertan-que-la-salinidad-en-el-consumo-diario-eleva-el-riesgo-de-hipertension\/","url_meta":{"origin":5147,"position":1},"title":"El agua que enferma: alertan que la salinidad en el consumo diario eleva el riesgo de hipertensi\u00f3n","author":"Alejandro Sosa Ruda","date":"19 abril, 2026","format":false,"excerpt":"Un estudio internacional advierte que beber agua con alto contenido de sodio aumenta la presi\u00f3n arterial y podr\u00eda agravar una de las principales causas de muerte en el mundo. El fen\u00f3meno crece con el avance del cambio clim\u00e1tico. La salinidad en el agua potable dej\u00f3 de ser un problema aislado\u2026","rel":"","context":"En \u00abINTERES GENERAL\u00bb","block_context":{"text":"INTERES GENERAL","link":"https:\/\/larevistadigital.com.ar\/blog\/category\/interes-general\/"},"img":{"alt_text":"","src":"https:\/\/i0.wp.com\/larevistadigital.com.ar\/blog\/wp-content\/uploads\/Captura-de-pantalla-2026-04-19-234547.jpg?fit=910%2C503&ssl=1&resize=350%2C200","width":350,"height":200,"srcset":"https:\/\/i0.wp.com\/larevistadigital.com.ar\/blog\/wp-content\/uploads\/Captura-de-pantalla-2026-04-19-234547.jpg?fit=910%2C503&ssl=1&resize=350%2C200 1x, https:\/\/i0.wp.com\/larevistadigital.com.ar\/blog\/wp-content\/uploads\/Captura-de-pantalla-2026-04-19-234547.jpg?fit=910%2C503&ssl=1&resize=525%2C300 1.5x, https:\/\/i0.wp.com\/larevistadigital.com.ar\/blog\/wp-content\/uploads\/Captura-de-pantalla-2026-04-19-234547.jpg?fit=910%2C503&ssl=1&resize=700%2C400 2x"},"classes":[]},{"id":24261,"url":"https:\/\/larevistadigital.com.ar\/blog\/peligro-de-intoxicacion-con-cianobacterias-en-la-laguna-de-gomez-en-junin\/","url_meta":{"origin":5147,"position":2},"title":"PEL\u00cdGRO DE INTOXICACI\u00d3N CON CIANOBACTERIAS EN LA LAGUNA DE G\u00d3MEZ EN JUNIN","author":"Alejandro Sosa Ruda","date":"28 febrero, 2022","format":false,"excerpt":"Los ministerios de Salud, Infraestructura, Seguridad y Ambiente de la Provincia de Buenos Aires, en conjunto con la Mesa Interinstitucional de Cianobacterias, alertaron a la comunidad, que en las \u00faltimas horas se detectaron cianobacterias en las aguas de la Laguna de G\u00f3mez- Bajada \u201cMar\u00eda Mar\u00eda\u201d, ubicada en el distrito de\u2026","rel":"","context":"En \u00abINTERES GENERAL\u00bb","block_context":{"text":"INTERES GENERAL","link":"https:\/\/larevistadigital.com.ar\/blog\/category\/interes-general\/"},"img":{"alt_text":"","src":"https:\/\/i0.wp.com\/larevistadigital.com.ar\/blog\/wp-content\/uploads\/20220227064939_laguna-gomez-cianobacterias-junin.jpg?fit=880%2C512&ssl=1&resize=350%2C200","width":350,"height":200,"srcset":"https:\/\/i0.wp.com\/larevistadigital.com.ar\/blog\/wp-content\/uploads\/20220227064939_laguna-gomez-cianobacterias-junin.jpg?fit=880%2C512&ssl=1&resize=350%2C200 1x, https:\/\/i0.wp.com\/larevistadigital.com.ar\/blog\/wp-content\/uploads\/20220227064939_laguna-gomez-cianobacterias-junin.jpg?fit=880%2C512&ssl=1&resize=525%2C300 1.5x, https:\/\/i0.wp.com\/larevistadigital.com.ar\/blog\/wp-content\/uploads\/20220227064939_laguna-gomez-cianobacterias-junin.jpg?fit=880%2C512&ssl=1&resize=700%2C400 2x"},"classes":[]},{"id":38601,"url":"https:\/\/larevistadigital.com.ar\/blog\/reunion-de-intercambio-con-obras-sanitarias-de-mar-del-plata-sobre-el-funcionamiento-del-sistema-local-de-agua-potable\/","url_meta":{"origin":5147,"position":3},"title":"Reuni\u00f3n de intercambio con Obras Sanitarias de Mar del Plata sobre el funcionamiento del sistema local de agua potable","author":"Alejandro Sosa Ruda","date":"5 febrero, 2025","format":false,"excerpt":"Funcionarios municipales se interiorizaron sobre el sistema p\u00fablico marplatense y compartieron detalles sobre las acciones que se llevan a cabo en Chascom\u00fas para el uso racional y la gesti\u00f3n m\u00e1s eficiente del recurso h\u00eddrico. 05 de Febrero de 2025 CHASCOM\u00daS -\u00a0 En el marco de la reestructuraci\u00f3n de la Direcci\u00f3n\u2026","rel":"","context":"En \u00abCHASCOM\u00daS\u00bb","block_context":{"text":"CHASCOM\u00daS","link":"https:\/\/larevistadigital.com.ar\/blog\/category\/chascomus\/"},"img":{"alt_text":"","src":"https:\/\/i0.wp.com\/larevistadigital.com.ar\/blog\/wp-content\/uploads\/67a39883dc469.png?fit=668%2C445&ssl=1&resize=350%2C200","width":350,"height":200,"srcset":"https:\/\/i0.wp.com\/larevistadigital.com.ar\/blog\/wp-content\/uploads\/67a39883dc469.png?fit=668%2C445&ssl=1&resize=350%2C200 1x, https:\/\/i0.wp.com\/larevistadigital.com.ar\/blog\/wp-content\/uploads\/67a39883dc469.png?fit=668%2C445&ssl=1&resize=525%2C300 1.5x"},"classes":[]},{"id":12186,"url":"https:\/\/larevistadigital.com.ar\/blog\/monte-por-la-causa-del-arsenico-en-el-agua-absa-debera-repartir-bidones-de-agua-potable\/","url_meta":{"origin":5147,"position":4},"title":"MONTE: POR LA CAUSA DEL ARS\u00c9NICO EN EL AGUA, ABSA DEBER\u00c1 REPARTIR BIDONES DE AGUA POTABLE","author":"Alejandro Sosa Ruda","date":"21 septiembre, 2019","format":false,"excerpt":"En el marco de la lucha que llevan adelante los vecinos de Monte\u00a0por el caso del ars\u00e9nico en la red de agua potable, los montenses presentaron ante la Justicia una demanda colectiva que fue aprobada por la Jueza Sandra Nilda Grahl. En esta instancia, la Justicia apoy\u00f3 y fall\u00f3 a\u2026","rel":"","context":"En \u00abREGIONALES\u00bb","block_context":{"text":"REGIONALES","link":"https:\/\/larevistadigital.com.ar\/blog\/category\/regionales\/"},"img":{"alt_text":"","src":"https:\/\/i0.wp.com\/larevistadigital.com.ar\/blog\/wp-content\/uploads\/agua-envenenada.jpg?fit=1200%2C621&ssl=1&resize=350%2C200","width":350,"height":200,"srcset":"https:\/\/i0.wp.com\/larevistadigital.com.ar\/blog\/wp-content\/uploads\/agua-envenenada.jpg?fit=1200%2C621&ssl=1&resize=350%2C200 1x, https:\/\/i0.wp.com\/larevistadigital.com.ar\/blog\/wp-content\/uploads\/agua-envenenada.jpg?fit=1200%2C621&ssl=1&resize=525%2C300 1.5x, https:\/\/i0.wp.com\/larevistadigital.com.ar\/blog\/wp-content\/uploads\/agua-envenenada.jpg?fit=1200%2C621&ssl=1&resize=700%2C400 2x, https:\/\/i0.wp.com\/larevistadigital.com.ar\/blog\/wp-content\/uploads\/agua-envenenada.jpg?fit=1200%2C621&ssl=1&resize=1050%2C600 3x"},"classes":[]},{"id":42535,"url":"https:\/\/larevistadigital.com.ar\/blog\/42535-2\/","url_meta":{"origin":5147,"position":5},"title":"Agua: consumo responsable, cuentas claras En CH entre todos","author":"Alejandro Sosa Ruda","date":"20 noviembre, 2025","format":false,"excerpt":"Cuidar este recurso es un compromiso con la vida y un ahorro considerable al momento de pagar las cuentas. 20 de Noviembre de 2025 CHASCOM\u00daS -\u00a0 \u00a0Es el recurso m\u00e1s preciado aunque pocos lo reconozcan. Partes del planeta son ricos en reservas de agua dulce, como nuestro pa\u00eds, y otros\u2026","rel":"","context":"En \u00abCHASCOM\u00daS\u00bb","block_context":{"text":"CHASCOM\u00daS","link":"https:\/\/larevistadigital.com.ar\/blog\/category\/chascomus\/"},"img":{"alt_text":"","src":"https:\/\/i0.wp.com\/larevistadigital.com.ar\/blog\/wp-content\/uploads\/691f3b36dccaa.png?fit=668%2C445&ssl=1&resize=350%2C200","width":350,"height":200,"srcset":"https:\/\/i0.wp.com\/larevistadigital.com.ar\/blog\/wp-content\/uploads\/691f3b36dccaa.png?fit=668%2C445&ssl=1&resize=350%2C200 1x, https:\/\/i0.wp.com\/larevistadigital.com.ar\/blog\/wp-content\/uploads\/691f3b36dccaa.png?fit=668%2C445&ssl=1&resize=525%2C300 1.5x"},"classes":[]}],"_links":{"self":[{"href":"https:\/\/larevistadigital.com.ar\/blog\/wp-json\/wp\/v2\/posts\/5147","targetHints":{"allow":["GET"]}}],"collection":[{"href":"https:\/\/larevistadigital.com.ar\/blog\/wp-json\/wp\/v2\/posts"}],"about":[{"href":"https:\/\/larevistadigital.com.ar\/blog\/wp-json\/wp\/v2\/types\/post"}],"author":[{"embeddable":true,"href":"https:\/\/larevistadigital.com.ar\/blog\/wp-json\/wp\/v2\/users\/1"}],"replies":[{"embeddable":true,"href":"https:\/\/larevistadigital.com.ar\/blog\/wp-json\/wp\/v2\/comments?post=5147"}],"version-history":[{"count":1,"href":"https:\/\/larevistadigital.com.ar\/blog\/wp-json\/wp\/v2\/posts\/5147\/revisions"}],"predecessor-version":[{"id":5149,"href":"https:\/\/larevistadigital.com.ar\/blog\/wp-json\/wp\/v2\/posts\/5147\/revisions\/5149"}],"wp:featuredmedia":[{"embeddable":true,"href":"https:\/\/larevistadigital.com.ar\/blog\/wp-json\/wp\/v2\/media\/5148"}],"wp:attachment":[{"href":"https:\/\/larevistadigital.com.ar\/blog\/wp-json\/wp\/v2\/media?parent=5147"}],"wp:term":[{"taxonomy":"category","embeddable":true,"href":"https:\/\/larevistadigital.com.ar\/blog\/wp-json\/wp\/v2\/categories?post=5147"},{"taxonomy":"post_tag","embeddable":true,"href":"https:\/\/larevistadigital.com.ar\/blog\/wp-json\/wp\/v2\/tags?post=5147"}],"curies":[{"name":"wp","href":"https:\/\/api.w.org\/{rel}","templated":true}]}}