{"id":5150,"date":"2018-03-01T10:14:02","date_gmt":"2018-03-01T10:14:02","guid":{"rendered":"https:\/\/larevistadigital.com.ar\/blog\/?p=5150"},"modified":"2018-03-01T10:14:02","modified_gmt":"2018-03-01T10:14:02","slug":"adolescente-murio-mexico-luego-novia-le-diera-beso-cuello","status":"publish","type":"post","link":"https:\/\/larevistadigital.com.ar\/blog\/adolescente-murio-mexico-luego-novia-le-diera-beso-cuello\/","title":{"rendered":"Un adolescente muri\u00f3 en M\u00e9xico luego de que su novia le diera un beso en el cuello"},"content":{"rendered":"<div class=\"summary desktop summaryreadspeaker-desktop\">Julio Mac\u00edas, de 17 a\u00f1os, muri\u00f3 mientras cenaba con su familia en Iztapalapa, M\u00e9xico.<\/div>\n<div id=\"description\" class=\"description descriptionreadspeaker\">\n<p>Medios mexicanos informan que un joven de 17 a\u00f1os muri\u00f3 a causa de las marcas que su novia le hizo en el cuello, lo que popularmente se conoce como \u2018chupet\u00f3n\u2019.<\/p>\n<p>Seg\u00fan el informe m\u00e9dico el adolescente falleci\u00f3 debido a un co\u00e1gulo de sangre que se form\u00f3 por la succi\u00f3n de su novia y que le ocasion\u00f3 una embolia.<\/p>\n<p>Luego de haber estado con su novia, de 24 a\u00f1os, el hombre identificado Julio Mac\u00edas, lleg\u00f3 a su casa en Iztapalapa, M\u00e9xico,\u00a0 a cenar con su familia y de repente\u00a0 empez\u00f3 a convulsionar.<\/p>\n<p>Inmediatamente param\u00e9dicos llegaron al lugar pero Mac\u00edas ya hab\u00eda muerto a causa de un co\u00e1gulo que viaj\u00f3 del cuello, lugar del \u2018chup\u00f3n\u2019, al cerebro, lo que provoc\u00f3 la embolia.<\/p>\n<p>El medio Hoy Estado de M\u00e9xico inform\u00f3 que la novia desapareci\u00f3 mientras que la familia del joven la acusa como responsable de la muerte.<\/p>\n<\/div>\n","protected":false},"excerpt":{"rendered":"<div class=\"mh-excerpt\"><p>Julio Mac\u00edas, de 17 a\u00f1os, muri\u00f3 mientras cenaba con su familia en Iztapalapa, M\u00e9xico. Medios mexicanos informan que un joven de 17 a\u00f1os muri\u00f3 a causa de las marcas que su novia le hizo en <a class=\"mh-excerpt-more\" href=\"https:\/\/larevistadigital.com.ar\/blog\/adolescente-murio-mexico-luego-novia-le-diera-beso-cuello\/\" title=\"Un adolescente muri\u00f3 en M\u00e9xico luego de que su novia le diera un beso en el cuello\">[Leer M\u00e1s]<\/a><\/p>\n<\/div>","protected":false},"author":1,"featured_media":5151,"comment_status":"open","ping_status":"open","sticky":false,"template":"","format":"standard","meta":{"_jetpack_memberships_contains_paid_content":false,"footnotes":"","jetpack_publicize_message":"","jetpack_publicize_feature_enabled":true,"jetpack_social_post_already_shared":true,"jetpack_social_options":{"image_generator_settings":{"template":"highway","default_image_id":0,"font":"","enabled":false},"version":2}},"categories":[11],"tags":[],"class_list":{"0":"post-5150","1":"post","2":"type-post","3":"status-publish","4":"format-standard","5":"has-post-thumbnail","7":"category-curiosas"},"jetpack_publicize_connections":[],"jetpack_featured_media_url":"https:\/\/i0.wp.com\/larevistadigital.com.ar\/blog\/wp-content\/uploads\/2018\/03\/novios_0.jpg?fit=860%2C437&ssl=1","jetpack_sharing_enabled":true,"jetpack_shortlink":"https:\/\/wp.me\/p8qtrQ-1l4","jetpack-related-posts":[{"id":23108,"url":"https:\/\/larevistadigital.com.ar\/blog\/murio-electrocutado-cuando-cortaba-el-pasto-lo-encontro-su-novia\/","url_meta":{"origin":5150,"position":0},"title":"MURI\u00d3 ELECTROCUTADO  CUANDO CORTABA EL PASTO. LO ENCONTR\u00d3 SU NOVIA","author":"Alejandro Sosa Ruda","date":"29 diciembre, 2021","format":false,"excerpt":"Sucedi\u00f3 en la tarde de este mi\u00e9rcoles. La v\u00edctima de 27 a\u00f1os fue hallada por su novia. MAR DEL PLATA -\u00a0 Un joven de 27 a\u00f1os\u00a0que estaba cortando el c\u00e9sped muri\u00f3 esta tarde tras recibir una descarga el\u00e9ctrica. Si bien fue trasladado al\u00a0centro de salud del barrio Ameghino, los profesionales\u2026","rel":"","context":"En \u00abPOLICIALES\u00bb","block_context":{"text":"POLICIALES","link":"https:\/\/larevistadigital.com.ar\/blog\/category\/policiales\/"},"img":{"alt_text":"","src":"https:\/\/i0.wp.com\/larevistadigital.com.ar\/blog\/wp-content\/uploads\/Captura-de-pantalla-2021-12-29-203210.jpg?fit=1013%2C675&ssl=1&resize=350%2C200","width":350,"height":200,"srcset":"https:\/\/i0.wp.com\/larevistadigital.com.ar\/blog\/wp-content\/uploads\/Captura-de-pantalla-2021-12-29-203210.jpg?fit=1013%2C675&ssl=1&resize=350%2C200 1x, https:\/\/i0.wp.com\/larevistadigital.com.ar\/blog\/wp-content\/uploads\/Captura-de-pantalla-2021-12-29-203210.jpg?fit=1013%2C675&ssl=1&resize=525%2C300 1.5x, https:\/\/i0.wp.com\/larevistadigital.com.ar\/blog\/wp-content\/uploads\/Captura-de-pantalla-2021-12-29-203210.jpg?fit=1013%2C675&ssl=1&resize=700%2C400 2x"},"classes":[]},{"id":12384,"url":"https:\/\/larevistadigital.com.ar\/blog\/horror-hombre-degollo-a-su-ex-novia-y-los-vecinos-casi-lo-linchan\/","url_meta":{"origin":5150,"position":1},"title":"HORROR: HOMBRE DEGOLL\u00d3 A SU EX NOVIA, Y LOS VECINOS CASI LO LINCHAN","author":"Alejandro Sosa Ruda","date":"30 septiembre, 2019","format":false,"excerpt":"Un hombre de nacionalidad paraguaya mat\u00f3 a su ex pareja, Miriam Adela Portillo,\u00a0de 39 a\u00f1os. Despu\u00e9s, fue atacado por familiares de la v\u00edctima y vecinos del lugar. El femicida fue trasladado al Hospital Mi Pueblo donde constataron que presenta hundimiento de cr\u00e1neo.\u00a0 El caso conmociona a todo Florencio Varela. Una\u2026","rel":"","context":"En \u00abINTERES GENERAL\u00bb","block_context":{"text":"INTERES GENERAL","link":"https:\/\/larevistadigital.com.ar\/blog\/category\/interes-general\/"},"img":{"alt_text":"","src":"https:\/\/i0.wp.com\/larevistadigital.com.ar\/blog\/wp-content\/uploads\/0023097206.jpg?fit=1030%2C474&ssl=1&resize=350%2C200","width":350,"height":200,"srcset":"https:\/\/i0.wp.com\/larevistadigital.com.ar\/blog\/wp-content\/uploads\/0023097206.jpg?fit=1030%2C474&ssl=1&resize=350%2C200 1x, https:\/\/i0.wp.com\/larevistadigital.com.ar\/blog\/wp-content\/uploads\/0023097206.jpg?fit=1030%2C474&ssl=1&resize=525%2C300 1.5x, https:\/\/i0.wp.com\/larevistadigital.com.ar\/blog\/wp-content\/uploads\/0023097206.jpg?fit=1030%2C474&ssl=1&resize=700%2C400 2x"},"classes":[]},{"id":34399,"url":"https:\/\/larevistadigital.com.ar\/blog\/la-plata-ataco-a-su-novia-y-le-corto-el-cuello-con-un-tenedor\/","url_meta":{"origin":5150,"position":2},"title":"LA PLATA: ATAC\u00d3 A SU NOVIA, Y LE CORT\u00d3 EL CUELLO CON UN TENEDOR","author":"Alejandro Sosa Ruda","date":"6 noviembre, 2023","format":false,"excerpt":"Sufri\u00f3 cortes, golpes y cachetazos hasta que logr\u00f3 llamar a la polic\u00eda de La Plata. El agresor qued\u00f3 detenido por lesiones en contexto de violencia de g\u00e9nero. 6 de Noviembre de 2023 LA PLATA -\u00a0 Un hombre fue detenido por agredir salvajemente a su pareja en La Plata. La v\u00edctima\u2026","rel":"","context":"En \u00abPOLICIALES\u00bb","block_context":{"text":"POLICIALES","link":"https:\/\/larevistadigital.com.ar\/blog\/category\/policiales\/"},"img":{"alt_text":"","src":"https:\/\/i0.wp.com\/larevistadigital.com.ar\/blog\/wp-content\/uploads\/Captura-de-pantalla-2023-11-06-232613.png?fit=887%2C446&ssl=1&resize=350%2C200","width":350,"height":200,"srcset":"https:\/\/i0.wp.com\/larevistadigital.com.ar\/blog\/wp-content\/uploads\/Captura-de-pantalla-2023-11-06-232613.png?fit=887%2C446&ssl=1&resize=350%2C200 1x, https:\/\/i0.wp.com\/larevistadigital.com.ar\/blog\/wp-content\/uploads\/Captura-de-pantalla-2023-11-06-232613.png?fit=887%2C446&ssl=1&resize=525%2C300 1.5x, https:\/\/i0.wp.com\/larevistadigital.com.ar\/blog\/wp-content\/uploads\/Captura-de-pantalla-2023-11-06-232613.png?fit=887%2C446&ssl=1&resize=700%2C400 2x"},"classes":[]},{"id":20380,"url":"https:\/\/larevistadigital.com.ar\/blog\/lo-buscan-en-la-plata-un-joven-fue-testigo-de-la-muerte-de-su-novia-y-ahora-esta-desaparecido\/","url_meta":{"origin":5150,"position":3},"title":"LO BUSCAN EN LA PLATA: UN JOVEN FUE TESTIGO DE LA MUERTE DE SU NOVIA, Y AHORA EST\u00c1 DESAPARECIDO.","author":"Alejandro Sosa Ruda","date":"20 mayo, 2021","format":false,"excerpt":"\u00c1ngel Jes\u00fas Ruiz presenci\u00f3 un brutal accidente que termin\u00f3 en tragedia\u00a0y ahora sus suegros denunciaron la desaparici\u00f3n del joven perturbado por lo sucedido. LA PLATA -\u00a0 La comunidad de la localidad platense de \u00c1ngel Etcheverry no sale de la conmoci\u00f3n y\u00a0ahora\u00a0busca desesperadamente a\u00a0\u00c1ngel Jes\u00fas Ruiz, quien desapareci\u00f3 en las \u00faltimas\u2026","rel":"","context":"En \u00abPOLICIALES\u00bb","block_context":{"text":"POLICIALES","link":"https:\/\/larevistadigital.com.ar\/blog\/category\/policiales\/"},"img":{"alt_text":"","src":"https:\/\/i0.wp.com\/larevistadigital.com.ar\/blog\/wp-content\/uploads\/una-mujer-fue-rescatada-la-policia-la-plata.jpg?fit=1200%2C675&ssl=1&resize=350%2C200","width":350,"height":200,"srcset":"https:\/\/i0.wp.com\/larevistadigital.com.ar\/blog\/wp-content\/uploads\/una-mujer-fue-rescatada-la-policia-la-plata.jpg?fit=1200%2C675&ssl=1&resize=350%2C200 1x, https:\/\/i0.wp.com\/larevistadigital.com.ar\/blog\/wp-content\/uploads\/una-mujer-fue-rescatada-la-policia-la-plata.jpg?fit=1200%2C675&ssl=1&resize=525%2C300 1.5x, https:\/\/i0.wp.com\/larevistadigital.com.ar\/blog\/wp-content\/uploads\/una-mujer-fue-rescatada-la-policia-la-plata.jpg?fit=1200%2C675&ssl=1&resize=700%2C400 2x, https:\/\/i0.wp.com\/larevistadigital.com.ar\/blog\/wp-content\/uploads\/una-mujer-fue-rescatada-la-policia-la-plata.jpg?fit=1200%2C675&ssl=1&resize=1050%2C600 3x"},"classes":[]},{"id":13296,"url":"https:\/\/larevistadigital.com.ar\/blog\/chico-de-18-anos-se-suicido-luego-que-su-ex-lo-acuso-de-abuso-en-las-redes\/","url_meta":{"origin":5150,"position":4},"title":"CHICO DE 18 A\u00d1OS SE SUICID\u00d3 LUEGO QUE SU EX LO ACUS\u00d3 DE ABUSO EN LAS REDES","author":"Alejandro Sosa Ruda","date":"20 noviembre, 2019","format":false,"excerpt":"ALMIRANTE BROWN - Un chico de 18 a\u00f1os se suicid\u00f3 despu\u00e9s de que su ex novia lo acus\u00f3 en las redes sociales de haber abusado de ella. El hecho ocurri\u00f3 el domingo en las calles Eva Per\u00f3n y R\u00edo Carcara\u00f1\u00e1, en la localidad de Don Orione. Seg\u00fan inform\u00f3 el Diario\u2026","rel":"","context":"En \u00abPOLICIALES\u00bb","block_context":{"text":"POLICIALES","link":"https:\/\/larevistadigital.com.ar\/blog\/category\/policiales\/"},"img":{"alt_text":"","src":"https:\/\/i0.wp.com\/larevistadigital.com.ar\/blog\/wp-content\/uploads\/Screenshot_20191119-145421_1.png?fit=1080%2C798&ssl=1&resize=350%2C200","width":350,"height":200,"srcset":"https:\/\/i0.wp.com\/larevistadigital.com.ar\/blog\/wp-content\/uploads\/Screenshot_20191119-145421_1.png?fit=1080%2C798&ssl=1&resize=350%2C200 1x, https:\/\/i0.wp.com\/larevistadigital.com.ar\/blog\/wp-content\/uploads\/Screenshot_20191119-145421_1.png?fit=1080%2C798&ssl=1&resize=525%2C300 1.5x, https:\/\/i0.wp.com\/larevistadigital.com.ar\/blog\/wp-content\/uploads\/Screenshot_20191119-145421_1.png?fit=1080%2C798&ssl=1&resize=700%2C400 2x, https:\/\/i0.wp.com\/larevistadigital.com.ar\/blog\/wp-content\/uploads\/Screenshot_20191119-145421_1.png?fit=1080%2C798&ssl=1&resize=1050%2C600 3x"},"classes":[]},{"id":6562,"url":"https:\/\/larevistadigital.com.ar\/blog\/tras-la-polemica-renuncio-la-novia-de-julio-cobos-al-cargo-que-le-habian-asignado\/","url_meta":{"origin":5150,"position":5},"title":"TRAS LA POL\u00c9MICA, RENUNCI\u00d3 LA NOVIA DE JULIO COBOS AL CARGO QUE LE HAB\u00cdAN ASIGNADO","author":"Alejandro Sosa Ruda","date":"21 septiembre, 2018","format":false,"excerpt":"Tras la pol\u00e9mica, renunci\u00f3 la novia de Julio Cobos al cargo que hab\u00eda sido designada. Luego de la publicaci\u00f3n del nombramiento de la novia del ex vicepresidente de Cristina Kirchner, el radical mendocino Julio Cobos,\u00a0 la misma decidi\u00f3 renunciar al cargo que se le hab\u00eda asignado. Abajo reproducimos la nota\u2026","rel":"","context":"En \u00abPOLITICA\u00bb","block_context":{"text":"POLITICA","link":"https:\/\/larevistadigital.com.ar\/blog\/category\/politica\/"},"img":{"alt_text":"","src":"https:\/\/i0.wp.com\/larevistadigital.com.ar\/blog\/wp-content\/uploads\/2018\/09\/hGGxSufLn_1200x0__1.jpg?fit=1200%2C647&ssl=1&resize=350%2C200","width":350,"height":200,"srcset":"https:\/\/i0.wp.com\/larevistadigital.com.ar\/blog\/wp-content\/uploads\/2018\/09\/hGGxSufLn_1200x0__1.jpg?fit=1200%2C647&ssl=1&resize=350%2C200 1x, https:\/\/i0.wp.com\/larevistadigital.com.ar\/blog\/wp-content\/uploads\/2018\/09\/hGGxSufLn_1200x0__1.jpg?fit=1200%2C647&ssl=1&resize=525%2C300 1.5x, https:\/\/i0.wp.com\/larevistadigital.com.ar\/blog\/wp-content\/uploads\/2018\/09\/hGGxSufLn_1200x0__1.jpg?fit=1200%2C647&ssl=1&resize=700%2C400 2x, https:\/\/i0.wp.com\/larevistadigital.com.ar\/blog\/wp-content\/uploads\/2018\/09\/hGGxSufLn_1200x0__1.jpg?fit=1200%2C647&ssl=1&resize=1050%2C600 3x"},"classes":[]}],"_links":{"self":[{"href":"https:\/\/larevistadigital.com.ar\/blog\/wp-json\/wp\/v2\/posts\/5150","targetHints":{"allow":["GET"]}}],"collection":[{"href":"https:\/\/larevistadigital.com.ar\/blog\/wp-json\/wp\/v2\/posts"}],"about":[{"href":"https:\/\/larevistadigital.com.ar\/blog\/wp-json\/wp\/v2\/types\/post"}],"author":[{"embeddable":true,"href":"https:\/\/larevistadigital.com.ar\/blog\/wp-json\/wp\/v2\/users\/1"}],"replies":[{"embeddable":true,"href":"https:\/\/larevistadigital.com.ar\/blog\/wp-json\/wp\/v2\/comments?post=5150"}],"version-history":[{"count":1,"href":"https:\/\/larevistadigital.com.ar\/blog\/wp-json\/wp\/v2\/posts\/5150\/revisions"}],"predecessor-version":[{"id":5152,"href":"https:\/\/larevistadigital.com.ar\/blog\/wp-json\/wp\/v2\/posts\/5150\/revisions\/5152"}],"wp:featuredmedia":[{"embeddable":true,"href":"https:\/\/larevistadigital.com.ar\/blog\/wp-json\/wp\/v2\/media\/5151"}],"wp:attachment":[{"href":"https:\/\/larevistadigital.com.ar\/blog\/wp-json\/wp\/v2\/media?parent=5150"}],"wp:term":[{"taxonomy":"category","embeddable":true,"href":"https:\/\/larevistadigital.com.ar\/blog\/wp-json\/wp\/v2\/categories?post=5150"},{"taxonomy":"post_tag","embeddable":true,"href":"https:\/\/larevistadigital.com.ar\/blog\/wp-json\/wp\/v2\/tags?post=5150"}],"curies":[{"name":"wp","href":"https:\/\/api.w.org\/{rel}","templated":true}]}}