{"id":5153,"date":"2018-03-01T10:20:43","date_gmt":"2018-03-01T10:20:43","guid":{"rendered":"https:\/\/larevistadigital.com.ar\/blog\/?p=5153"},"modified":"2018-03-01T10:20:43","modified_gmt":"2018-03-01T10:20:43","slug":"la-vuelta-los-valles-calchaquies-saltenos","status":"publish","type":"post","link":"https:\/\/larevistadigital.com.ar\/blog\/la-vuelta-los-valles-calchaquies-saltenos\/","title":{"rendered":"La vuelta a los Valles Calchaqu\u00edes salte\u00f1os"},"content":{"rendered":"<p class=\"ng-binding ng-scope\">Un camino que sube y que baja por las monta\u00f1as, que cruza r\u00edos y atraviesa rectas interminables e inquietantes cornisas, que descubre a su paso pueblitos encantadores.<\/p>\n<p class=\"ng-binding ng-scope\">La entrada norte a los Valles Calchaqu\u00edes es toda una experiencia. Un viaje por paisajes naturales y culturales donde se descubren lugares de gran belleza: imponentes postales del Norte argentino.<\/p>\n<p class=\"ng-binding ng-scope\">La Ruta Provincial 33 sale de la ciudad de Salta, atraviesa el Valle de Lerma y la Quebrada de Escoipe y sube luego por la Cuesta del Obispo, el tramo m\u00e1s dif\u00edcil pero a la vez el m\u00e1s bello del trayecto. A lo largo de esta cuesta hay miradores desde los que se obtienen vistas \u00fanicas, ideales para tomar fotograf\u00edas. Piedra de Molino, a 3.600 m.s.n.m., es una parada obligada. Pasada la cuesta y el Valle Encantado se entra en la Recta del Tin-Tin, cuyo trazo \u2013incre\u00edble- se remonta a tiempos incaicos; aqu\u00ed el camino atraviesa el Parque Nacional Los Cardones (un \u00c1rea Protegida de 65 mil hect\u00e1reas de des\u00e9rtica belleza, donde se pueden encontrar ejemplares de cardones de hasta 3 metros de alto que, se calcula, tienen entre 250 y 300 a\u00f1os). Ya en el tramo final de este recorrido se accede a Payogasta, el primero de los pueblos de los Valles Calchaqu\u00edes salte\u00f1os, y se toma la Ruta 40 para llegar hasta Cachi. Este trayecto se puede hacer en veh\u00edculo particular o en excursiones que salen desde la ciudad de Salta y que llevan todo el d\u00eda. Tambi\u00e9n hay transporte p\u00fablico, pero requiere pasar una noche en Cachi y, adem\u00e1s, no permite detenerse en sitios de inter\u00e9s y miradores a lo largo del camino.<\/p>\n<p class=\"ng-binding ng-scope\">En Cachi, el tiempo se detiene. En sus callecitas adoquinadas, en el patio de alguna de sus casitas blancas, entre las campanas de la antigua Iglesia Parroquial (Data del siglo XVIII), bajo la sombra del molle centenario, el tiempo se ha dormido. Y uno anda por Cachi sin tiempo, conversa con sus cordiales pobladores, descubre mil y una especias, de todos los colores y aromas posibles. Y, con la tranquilidad que transmiten los cerros y los r\u00edos, se encuentra con una cultura profundamente ligada a la tierra. En los alrededores de Cachi se pueden visitar los sitios arqueol\u00f3gicos La Paya y Las Pailas, este \u00faltimo ubicado en un lugar de enorme belleza, a los pies del imponente Nevado de Cachi (6.380 m.s.n.m.). All\u00ed donde habitaron culturas antiguas, hoy los amantes del monta\u00f1ismo encuentran un desaf\u00edo irresistible. En Cachi Adentro, a 7 km de la plaza central, puede conocerse el estilo de vida de los productores rurales y recorrer la belleza paisaj\u00edstica de El Algarrobal.<\/p>\n<p class=\"ng-binding ng-scope\">Con un gran desarrollo en la oferta de servicios, Cachi cuenta con hoteles boutique y restaurantes de primer nivel.<\/p>\n","protected":false},"excerpt":{"rendered":"<div class=\"mh-excerpt\"><p>Un camino que sube y que baja por las monta\u00f1as, que cruza r\u00edos y atraviesa rectas interminables e inquietantes cornisas, que descubre a su paso pueblitos encantadores. La entrada norte a los Valles Calchaqu\u00edes es <a class=\"mh-excerpt-more\" href=\"https:\/\/larevistadigital.com.ar\/blog\/la-vuelta-los-valles-calchaquies-saltenos\/\" title=\"La vuelta a los Valles Calchaqu\u00edes salte\u00f1os\">[Leer M\u00e1s]<\/a><\/p>\n<\/div>","protected":false},"author":1,"featured_media":5154,"comment_status":"open","ping_status":"open","sticky":false,"template":"","format":"standard","meta":{"_jetpack_memberships_contains_paid_content":false,"footnotes":"","jetpack_publicize_message":"","jetpack_publicize_feature_enabled":true,"jetpack_social_post_already_shared":true,"jetpack_social_options":{"image_generator_settings":{"template":"highway","default_image_id":0,"font":"","enabled":false},"version":2}},"categories":[30],"tags":[],"class_list":{"0":"post-5153","1":"post","2":"type-post","3":"status-publish","4":"format-standard","5":"has-post-thumbnail","7":"category-turismo"},"jetpack_publicize_connections":[],"jetpack_featured_media_url":"https:\/\/i0.wp.com\/larevistadigital.com.ar\/blog\/wp-content\/uploads\/2018\/03\/1495835891448-cachi_7.jpg?fit=1300%2C557&ssl=1","jetpack_sharing_enabled":true,"jetpack_shortlink":"https:\/\/wp.me\/p8qtrQ-1l7","jetpack-related-posts":[{"id":7754,"url":"https:\/\/larevistadigital.com.ar\/blog\/chascomus-vecina-sufre-robo-de-su-moto-y-sube-filmacion-del-hecho\/","url_meta":{"origin":5153,"position":0},"title":"CHASCOM\u00daS: VECINA SUFRE ROBO DE SU MOTO, Y SUBE FILMACI\u00d3N DEL HECHO","author":"Alejandro Sosa Ruda","date":"12 enero, 2019","format":false,"excerpt":"Aqu\u00ed compartimos el video de las c\u00e1maras de seguridad del Club Deportivo Chascom\u00fas, donde se ve claramente al sujeto que se lleva la moto. Sucedi\u00f3 la noche de ayer, como se puede observar la fecha en los monitores de las c\u00e1maras de seguridad del Club Deportivo Chascom\u00fas, cuando un individuo,\u2026","rel":"","context":"En \u00abDESTACADAS\u00bb","block_context":{"text":"DESTACADAS","link":"https:\/\/larevistadigital.com.ar\/blog\/category\/destacadas\/"},"img":{"alt_text":"","src":"https:\/\/i0.wp.com\/larevistadigital.com.ar\/blog\/wp-content\/uploads\/2019\/01\/ROBO-MOTO-DEPORTIVO.jpg?fit=796%2C643&ssl=1&resize=350%2C200","width":350,"height":200,"srcset":"https:\/\/i0.wp.com\/larevistadigital.com.ar\/blog\/wp-content\/uploads\/2019\/01\/ROBO-MOTO-DEPORTIVO.jpg?fit=796%2C643&ssl=1&resize=350%2C200 1x, https:\/\/i0.wp.com\/larevistadigital.com.ar\/blog\/wp-content\/uploads\/2019\/01\/ROBO-MOTO-DEPORTIVO.jpg?fit=796%2C643&ssl=1&resize=525%2C300 1.5x, https:\/\/i0.wp.com\/larevistadigital.com.ar\/blog\/wp-content\/uploads\/2019\/01\/ROBO-MOTO-DEPORTIVO.jpg?fit=796%2C643&ssl=1&resize=700%2C400 2x"},"classes":[]},{"id":39102,"url":"https:\/\/larevistadigital.com.ar\/blog\/pensamiento-lateral-acertijo-para-resolver-te-animas\/","url_meta":{"origin":5153,"position":1},"title":"(\u00abPensamiento Lateral\u00bb) Acertijo para resolver. \u00bfTe anim\u00e1s?","author":"Alejandro Sosa Ruda","date":"24 marzo, 2025","format":false,"excerpt":"El pensamiento lateral es un concepto creado por el fil\u00f3sofo Edward de Bono. Es una t\u00e9cnica que invita a dejar de lado la l\u00f3gica para encontrar soluciones creativas. 24 de Marzo de 2025 \u00bfTe suena el concepto de\u00a0pensamiento lateral? Su otro nombre es\u00a0pensamiento creativo, y el padre es Edward de\u2026","rel":"","context":"En \u00abINTERES GENERAL\u00bb","block_context":{"text":"INTERES GENERAL","link":"https:\/\/larevistadigital.com.ar\/blog\/category\/interes-general\/"},"img":{"alt_text":"","src":"https:\/\/i0.wp.com\/larevistadigital.com.ar\/blog\/wp-content\/uploads\/pensamiento-lateral.jpg?fit=1200%2C830&ssl=1&resize=350%2C200","width":350,"height":200,"srcset":"https:\/\/i0.wp.com\/larevistadigital.com.ar\/blog\/wp-content\/uploads\/pensamiento-lateral.jpg?fit=1200%2C830&ssl=1&resize=350%2C200 1x, https:\/\/i0.wp.com\/larevistadigital.com.ar\/blog\/wp-content\/uploads\/pensamiento-lateral.jpg?fit=1200%2C830&ssl=1&resize=525%2C300 1.5x, https:\/\/i0.wp.com\/larevistadigital.com.ar\/blog\/wp-content\/uploads\/pensamiento-lateral.jpg?fit=1200%2C830&ssl=1&resize=700%2C400 2x, https:\/\/i0.wp.com\/larevistadigital.com.ar\/blog\/wp-content\/uploads\/pensamiento-lateral.jpg?fit=1200%2C830&ssl=1&resize=1050%2C600 3x"},"classes":[]},{"id":29035,"url":"https:\/\/larevistadigital.com.ar\/blog\/tandil-llega-el-sistema-sube-a-la-ciudad\/","url_meta":{"origin":5153,"position":2},"title":"TANDIL: LLEGA EL SISTEMA \u00abSUBE\u00bb A LA CIUDAD.","author":"Alejandro Sosa Ruda","date":"24 noviembre, 2022","format":false,"excerpt":"El ministro de Transporte, Alexis Guerrera, recibi\u00f3 al intendente de Tandil, Miguel \u00c1ngel Lunghi, y sellaron un convenio a partir del cual se genera una mesa de trabajo para avanzar en el proceso de implementaci\u00f3n del sistema SUBE en la ciudad. Actualmente, SUBE funciona en 46 localidades de todo el\u2026","rel":"","context":"En \u00abREGIONALES\u00bb","block_context":{"text":"REGIONALES","link":"https:\/\/larevistadigital.com.ar\/blog\/category\/regionales\/"},"img":{"alt_text":"","src":"https:\/\/i0.wp.com\/larevistadigital.com.ar\/blog\/wp-content\/uploads\/20221124193335_el-sistema-sube-tambien-llegara-a-la-ciudad-de-tandil.jpg?fit=880%2C512&ssl=1&resize=350%2C200","width":350,"height":200,"srcset":"https:\/\/i0.wp.com\/larevistadigital.com.ar\/blog\/wp-content\/uploads\/20221124193335_el-sistema-sube-tambien-llegara-a-la-ciudad-de-tandil.jpg?fit=880%2C512&ssl=1&resize=350%2C200 1x, https:\/\/i0.wp.com\/larevistadigital.com.ar\/blog\/wp-content\/uploads\/20221124193335_el-sistema-sube-tambien-llegara-a-la-ciudad-de-tandil.jpg?fit=880%2C512&ssl=1&resize=525%2C300 1.5x, https:\/\/i0.wp.com\/larevistadigital.com.ar\/blog\/wp-content\/uploads\/20221124193335_el-sistema-sube-tambien-llegara-a-la-ciudad-de-tandil.jpg?fit=880%2C512&ssl=1&resize=700%2C400 2x"},"classes":[]},{"id":14305,"url":"https:\/\/larevistadigital.com.ar\/blog\/cuanto-cuesta-ser-imprudente-aca-los-costos-de-las-multas-en-la-provincia-de-buenos-aires\/","url_meta":{"origin":5153,"position":3},"title":"\u00bfCUANTO CUESTA SER IMPRUDENTE? AC\u00c1 LOS COSTOS DE LAS MULTAS EN LA PROVINCIA DE BUENOS AIRES","author":"Alejandro Sosa Ruda","date":"23 enero, 2020","format":false,"excerpt":"Con la actualizaci\u00f3n de la Unidad Fija a 63.09, vigente para los meses de enero y febrero, las infracciones m\u00e1s graves pueden costar m\u00e1s de 75 mil pesos. Los datos oficiales correspondientes a la primera quincena de controles, en el marco del Operativo Sol, mostr\u00f3 datos preocupantes respecto de la\u2026","rel":"","context":"En \u00abPOLITICA PROVINCIAL\u00bb","block_context":{"text":"POLITICA PROVINCIAL","link":"https:\/\/larevistadigital.com.ar\/blog\/category\/politica\/politica-provincial\/"},"img":{"alt_text":"","src":"https:\/\/i0.wp.com\/larevistadigital.com.ar\/blog\/wp-content\/uploads\/Transito.jpg?fit=960%2C960&ssl=1&resize=350%2C200","width":350,"height":200,"srcset":"https:\/\/i0.wp.com\/larevistadigital.com.ar\/blog\/wp-content\/uploads\/Transito.jpg?fit=960%2C960&ssl=1&resize=350%2C200 1x, https:\/\/i0.wp.com\/larevistadigital.com.ar\/blog\/wp-content\/uploads\/Transito.jpg?fit=960%2C960&ssl=1&resize=525%2C300 1.5x, https:\/\/i0.wp.com\/larevistadigital.com.ar\/blog\/wp-content\/uploads\/Transito.jpg?fit=960%2C960&ssl=1&resize=700%2C400 2x"},"classes":[]},{"id":26753,"url":"https:\/\/larevistadigital.com.ar\/blog\/los-precios-de-alimentos-y-bebidas-se-aumentaron-por-7-en-los-ultimos-5-anos\/","url_meta":{"origin":5153,"position":4},"title":"LOS PRECIOS DE ALIMENTOS Y BEBIDAS SE AUMENTARON POR 7 EN LOS \u00daLTIMOS 5 A\u00d1OS","author":"Alejandro Sosa Ruda","date":"20 julio, 2022","format":false,"excerpt":"La fundaci\u00f3n FADA inform\u00f3 que llenar el changuito, con similares productos, hoy cuesta $7.080 cuando en 2017 se necesitaban $1.000. Pero la inflaci\u00f3n no se circunscribe solo a los productos agropecuarios, ya que en el caso de la ropa y el calzado fue superior durante el mismo per\u00edodo. El INDEC\u2026","rel":"","context":"En \u00abINTERES GENERAL\u00bb","block_context":{"text":"INTERES GENERAL","link":"https:\/\/larevistadigital.com.ar\/blog\/category\/interes-general\/"},"img":{"alt_text":"","src":"https:\/\/i0.wp.com\/larevistadigital.com.ar\/blog\/wp-content\/uploads\/GM7HEKU7I5ECFKYO35BJEZLIC4.jpg?fit=1200%2C672&ssl=1&resize=350%2C200","width":350,"height":200,"srcset":"https:\/\/i0.wp.com\/larevistadigital.com.ar\/blog\/wp-content\/uploads\/GM7HEKU7I5ECFKYO35BJEZLIC4.jpg?fit=1200%2C672&ssl=1&resize=350%2C200 1x, https:\/\/i0.wp.com\/larevistadigital.com.ar\/blog\/wp-content\/uploads\/GM7HEKU7I5ECFKYO35BJEZLIC4.jpg?fit=1200%2C672&ssl=1&resize=525%2C300 1.5x, https:\/\/i0.wp.com\/larevistadigital.com.ar\/blog\/wp-content\/uploads\/GM7HEKU7I5ECFKYO35BJEZLIC4.jpg?fit=1200%2C672&ssl=1&resize=700%2C400 2x, https:\/\/i0.wp.com\/larevistadigital.com.ar\/blog\/wp-content\/uploads\/GM7HEKU7I5ECFKYO35BJEZLIC4.jpg?fit=1200%2C672&ssl=1&resize=1050%2C600 3x"},"classes":[]},{"id":27133,"url":"https:\/\/larevistadigital.com.ar\/blog\/marcha-de-la-cgt-comenzo-la-concentracion-y-el-centro-porteno-es-un-caos\/","url_meta":{"origin":5153,"position":5},"title":"MARCHA DE LA CGT: COMENZ\u00d3 LA CONCENTRACI\u00d3N Y EL CENTRO PORTE\u00d1O ES UN CAOS","author":"Alejandro Sosa Ruda","date":"17 agosto, 2022","format":false,"excerpt":"Las columnas de las organizaciones obreras y sociales se congregan en distintos puntos Julio para marchar luego al Congreso. Hubo incidentes con la polic\u00eda por una bandera colgada sobre la Autopista 25 de Mayo. A la tarde la izquierda se movilizar\u00e1 a Plaza de Mayo La Ciudad de Buenos Aires,\u2026","rel":"","context":"En \u00abDESTACADAS\u00bb","block_context":{"text":"DESTACADAS","link":"https:\/\/larevistadigital.com.ar\/blog\/category\/destacadas\/"},"img":{"alt_text":"","src":"https:\/\/i0.wp.com\/larevistadigital.com.ar\/blog\/wp-content\/uploads\/E254BOAJAJDOVGB5NYUJKWEX7E.jpg?fit=1200%2C672&ssl=1&resize=350%2C200","width":350,"height":200,"srcset":"https:\/\/i0.wp.com\/larevistadigital.com.ar\/blog\/wp-content\/uploads\/E254BOAJAJDOVGB5NYUJKWEX7E.jpg?fit=1200%2C672&ssl=1&resize=350%2C200 1x, https:\/\/i0.wp.com\/larevistadigital.com.ar\/blog\/wp-content\/uploads\/E254BOAJAJDOVGB5NYUJKWEX7E.jpg?fit=1200%2C672&ssl=1&resize=525%2C300 1.5x, https:\/\/i0.wp.com\/larevistadigital.com.ar\/blog\/wp-content\/uploads\/E254BOAJAJDOVGB5NYUJKWEX7E.jpg?fit=1200%2C672&ssl=1&resize=700%2C400 2x, https:\/\/i0.wp.com\/larevistadigital.com.ar\/blog\/wp-content\/uploads\/E254BOAJAJDOVGB5NYUJKWEX7E.jpg?fit=1200%2C672&ssl=1&resize=1050%2C600 3x"},"classes":[]}],"_links":{"self":[{"href":"https:\/\/larevistadigital.com.ar\/blog\/wp-json\/wp\/v2\/posts\/5153","targetHints":{"allow":["GET"]}}],"collection":[{"href":"https:\/\/larevistadigital.com.ar\/blog\/wp-json\/wp\/v2\/posts"}],"about":[{"href":"https:\/\/larevistadigital.com.ar\/blog\/wp-json\/wp\/v2\/types\/post"}],"author":[{"embeddable":true,"href":"https:\/\/larevistadigital.com.ar\/blog\/wp-json\/wp\/v2\/users\/1"}],"replies":[{"embeddable":true,"href":"https:\/\/larevistadigital.com.ar\/blog\/wp-json\/wp\/v2\/comments?post=5153"}],"version-history":[{"count":1,"href":"https:\/\/larevistadigital.com.ar\/blog\/wp-json\/wp\/v2\/posts\/5153\/revisions"}],"predecessor-version":[{"id":5155,"href":"https:\/\/larevistadigital.com.ar\/blog\/wp-json\/wp\/v2\/posts\/5153\/revisions\/5155"}],"wp:featuredmedia":[{"embeddable":true,"href":"https:\/\/larevistadigital.com.ar\/blog\/wp-json\/wp\/v2\/media\/5154"}],"wp:attachment":[{"href":"https:\/\/larevistadigital.com.ar\/blog\/wp-json\/wp\/v2\/media?parent=5153"}],"wp:term":[{"taxonomy":"category","embeddable":true,"href":"https:\/\/larevistadigital.com.ar\/blog\/wp-json\/wp\/v2\/categories?post=5153"},{"taxonomy":"post_tag","embeddable":true,"href":"https:\/\/larevistadigital.com.ar\/blog\/wp-json\/wp\/v2\/tags?post=5153"}],"curies":[{"name":"wp","href":"https:\/\/api.w.org\/{rel}","templated":true}]}}