{"id":5156,"date":"2018-03-01T10:22:48","date_gmt":"2018-03-01T10:22:48","guid":{"rendered":"https:\/\/larevistadigital.com.ar\/blog\/?p=5156"},"modified":"2018-03-01T10:22:48","modified_gmt":"2018-03-01T10:22:48","slug":"rosario-aventuras-familia","status":"publish","type":"post","link":"https:\/\/larevistadigital.com.ar\/blog\/rosario-aventuras-familia\/","title":{"rendered":"Rosario: aventuras en familia"},"content":{"rendered":"<p class=\"ng-binding ng-scope\">En un entorno amable y distendido, frente a la belleza litorale\u00f1a del r\u00edo Paran\u00e1, una ciudad \u2013hist\u00f3rica, natural, cultural- que sorprende a ni\u00f1os y adultos.<\/p>\n<p class=\"ng-binding ng-scope\">Rosario, en la provincia de Santa Fe, es una ciudad ideal para pasarla bien en familia, por sus distancias cortas, que permiten recorrerla a pie o en bicicleta, su gran n\u00famero de espacios verdes y un recorrido de 8 kil\u00f3metros para disfrutar de paseos junto al r\u00edo Paran\u00e1. Entre las opciones para la familia se destaca el \u201cTr\u00edptico de la Infancia\u201d, premiado por Naciones Unidas, e integrado por La Isla de los Inventos, El Jard\u00edn de los Ni\u00f1os y La Granja de la Infancia. Tres espacios ubicados en distintos puntos de la ciudad, cada uno con una identidad propia pero a la vez con criterios comunes: lugares en los que est\u00e1 \u201cprohibido no tocar\u201d, en los que se fomenta la creaci\u00f3n colectiva y en los que se entretienen por igual grandes y chicos. Adem\u00e1s, en d\u00edas soleados, siempre es una buena elecci\u00f3n disfrutar de los distintos paseos y parques con juegos al aire libre&#8230; y del inmenso r\u00edo Paran\u00e1. All\u00ed, muy cerca de la ciudad est\u00e1n las islas, de una naturaleza exuberante y misteriosa, que reciben a los visitantes con sus historias, con juegos y asados preparados por lugare\u00f1os, para compartir una jornada inolvidable.<\/p>\n<p class=\"ng-binding ng-scope\">Las propuestas del \u201cTr\u00edptico de la Infancia\u201d constituyen una aventura en s\u00ed misma. Basta como ejemplo la misteriosa Sala de las P\u00f3cimas -en La Isla de los Inventos-, donde los m\u00e1s peque\u00f1os disfrutar\u00e1n de un ritual de producci\u00f3n de f\u00f3rmulas en un laboratorio preparado exclusivamente para ellos, o la M\u00e1quina de Volar \u2013en El Jard\u00edn de los Ni\u00f1os- donde, sostenidos por arneses, pueden experimentar un vuelo como el de sus superh\u00e9roes favoritos. La oferta se completa con Las F\u00e1bricas, un espacio para construir y dise\u00f1ar objetos con diferentes t\u00e9cnicas y materiales; El Ferrocarril, una recreaci\u00f3n para conocer la historia ferroviaria; La Monta\u00f1ita Encantada, un recorrido laber\u00edntico con alteraciones, entradas falsas, puntos de duda, obst\u00e1culos y se\u00f1ales; y La M\u00e1quina de Trepar, dos bergantines del siglo XVI convertidos en grandes trepadores que pueden abordarse desde distintos puntos. En La Granja de la Infancia, los chicos pueden realizar actividades vinculadas a la tierra: sembrar, regar, alimentar a los animales y hasta preparar un rico pan casero. La amplia gama de los juegos y actividades ofrecidos por el Tr\u00edptico encuentra un complemento perfecto en la naturaleza isle\u00f1a. Es imperdible realizar una excursi\u00f3n n\u00e1utica para surcar el r\u00edo Paran\u00e1 en lancha e internarse por arroyos y riachos. Algunas excursiones ofrecen desembarcar en un sector de las islas preparado para recibir visitantes. All\u00ed, entre caminatas y avistajes de aves, los chicos se divierten pescando mojarritas y participando de una original b\u00fasqueda del tesoro. Al regreso, una propuesta divertida para los ni\u00f1os consiste en cocinar, junto a sus padres, con productos regionales y bajo la direcci\u00f3n de un reconocido chef rosarino (con el lema \u201cCocina con tus papis\u201d). M\u00e1s tarde, siempre ser\u00e1 reconfortante compartir una picada en un bar de la costa, observando el atardecer sobre el Alto Delta del Paran\u00e1.<\/p>\n<p class=\"ng-binding ng-scope\">Otros espacios para pasarla bien en familia son: Plataforma Lavard\u00e9n, el Complejo Astron\u00f3mico Municipal, La Casa del Agua, el Museo de los Ni\u00f1os y el International Park.<\/p>\n<p class=\"ng-binding ng-scope\">Adem\u00e1s, en Rosario hay restaurantes que conjugan una excelente gastronom\u00eda con sala de juegos (kinder), lo que permite que los grandes se relajen por la noche, disfrutando de cenas donde las claves del sabor local siempre est\u00e1n presentes.<\/p>\n","protected":false},"excerpt":{"rendered":"<div class=\"mh-excerpt\"><p>En un entorno amable y distendido, frente a la belleza litorale\u00f1a del r\u00edo Paran\u00e1, una ciudad \u2013hist\u00f3rica, natural, cultural- que sorprende a ni\u00f1os y adultos. Rosario, en la provincia de Santa Fe, es una ciudad <a class=\"mh-excerpt-more\" href=\"https:\/\/larevistadigital.com.ar\/blog\/rosario-aventuras-familia\/\" title=\"Rosario: aventuras en familia\">[Leer M\u00e1s]<\/a><\/p>\n<\/div>","protected":false},"author":1,"featured_media":5157,"comment_status":"open","ping_status":"open","sticky":false,"template":"","format":"standard","meta":{"_jetpack_memberships_contains_paid_content":false,"footnotes":"","jetpack_publicize_message":"","jetpack_publicize_feature_enabled":true,"jetpack_social_post_already_shared":true,"jetpack_social_options":{"image_generator_settings":{"template":"highway","default_image_id":0,"font":"","enabled":false},"version":2}},"categories":[30],"tags":[],"class_list":{"0":"post-5156","1":"post","2":"type-post","3":"status-publish","4":"format-standard","5":"has-post-thumbnail","7":"category-turismo"},"jetpack_publicize_connections":[],"jetpack_featured_media_url":"https:\/\/i0.wp.com\/larevistadigital.com.ar\/blog\/wp-content\/uploads\/2018\/03\/QQQQ.jpg?fit=1300%2C557&ssl=1","jetpack_sharing_enabled":true,"jetpack_shortlink":"https:\/\/wp.me\/p8qtrQ-1la","jetpack-related-posts":[{"id":43895,"url":"https:\/\/larevistadigital.com.ar\/blog\/chascomus-inicio-de-clases-en-los-espacios-municipales-de-primera-infancia\/","url_meta":{"origin":5156,"position":0},"title":"Chascom\u00fas: Inicio de clases en los espacios municipales de primera infancia","author":"Alejandro Sosa Ruda","date":"9 febrero, 2026","format":false,"excerpt":"El EPI del barrio 30 de Mayo y el CDI del barrio San Luis recibieron a ni\u00f1os y ni\u00f1as. 09 de febrero de 2026 CHASCOM\u00daS\u00a0 -\u00a0 \u00a0Este lunes comenz\u00f3 el ciclo lectivo en el Espacio de Primera Infancia (EPI) del barrio 30 de Mayo y en el Centro de Desarrollo\u2026","rel":"","context":"En \u00abCHASCOM\u00daS\u00bb","block_context":{"text":"CHASCOM\u00daS","link":"https:\/\/larevistadigital.com.ar\/blog\/category\/chascomus\/"},"img":{"alt_text":"","src":"https:\/\/i0.wp.com\/larevistadigital.com.ar\/blog\/wp-content\/uploads\/698a188c2bee1.png?fit=668%2C445&ssl=1&resize=350%2C200","width":350,"height":200,"srcset":"https:\/\/i0.wp.com\/larevistadigital.com.ar\/blog\/wp-content\/uploads\/698a188c2bee1.png?fit=668%2C445&ssl=1&resize=350%2C200 1x, https:\/\/i0.wp.com\/larevistadigital.com.ar\/blog\/wp-content\/uploads\/698a188c2bee1.png?fit=668%2C445&ssl=1&resize=525%2C300 1.5x"},"classes":[]},{"id":31371,"url":"https:\/\/larevistadigital.com.ar\/blog\/chascomus-este-lunes-comienza-a-funcionar-el-espacio-de-primera-infancia-en-el-barrio-30-de-mayo\/","url_meta":{"origin":5156,"position":1},"title":"CHASCOM\u00daS: ESTE LUNES COMIENZA A FUNCIONAR EL ESPACIO DE PRIMERA INFANCIA EN EL BARRIO 30 DE MAYO","author":"Alejandro Sosa Ruda","date":"5 mayo, 2023","format":false,"excerpt":"El EPI brindar\u00e1 atenci\u00f3n integral, contenci\u00f3n y estimulaci\u00f3n basado en la crianza compartida de ni\u00f1os y ni\u00f1as de 45 d\u00edas a 2 a\u00f1os del barrio. 4 DE MAYO DE 2023 CHASCOM\u00daS -\u00a0 Este lunes 8, empezar\u00e1 a brindar sus servicios este espacio ubicado Calle Francisco Serantes entre M. Dom\u00ednguez y\u2026","rel":"","context":"En \u00abCHASCOM\u00daS\u00bb","block_context":{"text":"CHASCOM\u00daS","link":"https:\/\/larevistadigital.com.ar\/blog\/category\/chascomus\/"},"img":{"alt_text":"","src":"https:\/\/i0.wp.com\/larevistadigital.com.ar\/blog\/wp-content\/uploads\/2023_05_05_01_05_05_8580377-1.jpg?fit=799%2C533&ssl=1&resize=350%2C200","width":350,"height":200,"srcset":"https:\/\/i0.wp.com\/larevistadigital.com.ar\/blog\/wp-content\/uploads\/2023_05_05_01_05_05_8580377-1.jpg?fit=799%2C533&ssl=1&resize=350%2C200 1x, https:\/\/i0.wp.com\/larevistadigital.com.ar\/blog\/wp-content\/uploads\/2023_05_05_01_05_05_8580377-1.jpg?fit=799%2C533&ssl=1&resize=525%2C300 1.5x, https:\/\/i0.wp.com\/larevistadigital.com.ar\/blog\/wp-content\/uploads\/2023_05_05_01_05_05_8580377-1.jpg?fit=799%2C533&ssl=1&resize=700%2C400 2x"},"classes":[]},{"id":35682,"url":"https:\/\/larevistadigital.com.ar\/blog\/el-programa-de-salud-bucal-municipal-busca-prevenir-la-caries-desde-la-primera-infancia\/","url_meta":{"origin":5156,"position":2},"title":"EL PROGRAMA DE SALUD BUCAL MUNICIPAL BUSCA PREVENIR LA CARIES DESDE LA PRIMERA INFANCIA","author":"Alejandro Sosa Ruda","date":"23 marzo, 2024","format":false,"excerpt":"Con una charla realizada el viernes por la ma\u00f1ana en el Centro Integrador Comunitario (CIC) del barrio 30 de Mayo, se lanz\u00f3 el programa municipal \"La Salud en Boca de Todos los Ni\u00f1os y Ni\u00f1as de Chascom\u00fas\". 23 de marzo de 2024 CHASCOM\u00daS -\u00a0 \u00a0Este proyecto, encabezado por la secretaria\u2026","rel":"","context":"En \u00abCHASCOM\u00daS\u00bb","block_context":{"text":"CHASCOM\u00daS","link":"https:\/\/larevistadigital.com.ar\/blog\/category\/chascomus\/"},"img":{"alt_text":"","src":"https:\/\/i0.wp.com\/larevistadigital.com.ar\/blog\/wp-content\/uploads\/2024_03_23_01_23_03_6460605.jpg?fit=600%2C401&ssl=1&resize=350%2C200","width":350,"height":200,"srcset":"https:\/\/i0.wp.com\/larevistadigital.com.ar\/blog\/wp-content\/uploads\/2024_03_23_01_23_03_6460605.jpg?fit=600%2C401&ssl=1&resize=350%2C200 1x, https:\/\/i0.wp.com\/larevistadigital.com.ar\/blog\/wp-content\/uploads\/2024_03_23_01_23_03_6460605.jpg?fit=600%2C401&ssl=1&resize=525%2C300 1.5x"},"classes":[]},{"id":8275,"url":"https:\/\/larevistadigital.com.ar\/blog\/brandsen-noche-de-terror-delincuentes-mantuvieron-cautivas-a-dos-familias\/","url_meta":{"origin":5156,"position":3},"title":"BRANDSEN: NOCHE DE TERROR. DELINCUENTES MANTUVIERON CAUTIVAS A DOS FAMILIAS","author":"Alejandro Sosa Ruda","date":"10 febrero, 2019","format":false,"excerpt":"El tremendo hecho ocurri\u00f3 en el campo \u201cLa permanense\u201d ubicado en las rutas 58 y 29 de Jeppener. Eran tres delincuentes armados que luego de maniatar a la familia oriunda de la ciudad de Brandsen, entre ellos ni\u00f1os, se dieron a la fuga en el veh\u00edculo perteneciente a una de\u2026","rel":"","context":"En \u00abLOCAL Y DE LA ZONA\u00bb","block_context":{"text":"LOCAL Y DE LA ZONA","link":"https:\/\/larevistadigital.com.ar\/blog\/category\/gremiales\/local-y-de-la-zona\/"},"img":{"alt_text":"","src":"https:\/\/i0.wp.com\/larevistadigital.com.ar\/blog\/wp-content\/uploads\/2019\/02\/20190209_032220.jpg?fit=1080%2C606&ssl=1&resize=350%2C200","width":350,"height":200,"srcset":"https:\/\/i0.wp.com\/larevistadigital.com.ar\/blog\/wp-content\/uploads\/2019\/02\/20190209_032220.jpg?fit=1080%2C606&ssl=1&resize=350%2C200 1x, https:\/\/i0.wp.com\/larevistadigital.com.ar\/blog\/wp-content\/uploads\/2019\/02\/20190209_032220.jpg?fit=1080%2C606&ssl=1&resize=525%2C300 1.5x, https:\/\/i0.wp.com\/larevistadigital.com.ar\/blog\/wp-content\/uploads\/2019\/02\/20190209_032220.jpg?fit=1080%2C606&ssl=1&resize=700%2C400 2x, https:\/\/i0.wp.com\/larevistadigital.com.ar\/blog\/wp-content\/uploads\/2019\/02\/20190209_032220.jpg?fit=1080%2C606&ssl=1&resize=1050%2C600 3x"},"classes":[]},{"id":41067,"url":"https:\/\/larevistadigital.com.ar\/blog\/u-p-s-r-a-volvio-a-reunir-a-su-gente-con-un-gran-festejo-en-la-ciudad-de-los-ninos-bajada\/","url_meta":{"origin":5156,"position":4},"title":"U.P.S.R.A. volvi\u00f3 a reunir a su gente con un gran festejo en la Ciudad de los Ni\u00f1os  Bajada:","author":"Alejandro Sosa Ruda","date":"26 agosto, 2025","format":false,"excerpt":"Con juegos, sorteos y una jornada para toda la familia, la Uni\u00f3n del Personal de Seguridad de la Rep\u00fablica Argentina (U.P.S.R.A.) celebr\u00f3 junto a m\u00e1s de 800 afiliados y delegados. El trabajo de Diego Garc\u00eda reafirma su compromiso con la idea de \u201cmirar al interior\u201d, reorganizando el gremio bajo la\u2026","rel":"","context":"En \u00abGREMIALES\u00bb","block_context":{"text":"GREMIALES","link":"https:\/\/larevistadigital.com.ar\/blog\/category\/gremiales\/"},"img":{"alt_text":"","src":"https:\/\/i0.wp.com\/larevistadigital.com.ar\/blog\/wp-content\/uploads\/fiesta-UPSRA-dia-del-nino-1.jpg?fit=1200%2C675&ssl=1&resize=350%2C200","width":350,"height":200,"srcset":"https:\/\/i0.wp.com\/larevistadigital.com.ar\/blog\/wp-content\/uploads\/fiesta-UPSRA-dia-del-nino-1.jpg?fit=1200%2C675&ssl=1&resize=350%2C200 1x, https:\/\/i0.wp.com\/larevistadigital.com.ar\/blog\/wp-content\/uploads\/fiesta-UPSRA-dia-del-nino-1.jpg?fit=1200%2C675&ssl=1&resize=525%2C300 1.5x, https:\/\/i0.wp.com\/larevistadigital.com.ar\/blog\/wp-content\/uploads\/fiesta-UPSRA-dia-del-nino-1.jpg?fit=1200%2C675&ssl=1&resize=700%2C400 2x, https:\/\/i0.wp.com\/larevistadigital.com.ar\/blog\/wp-content\/uploads\/fiesta-UPSRA-dia-del-nino-1.jpg?fit=1200%2C675&ssl=1&resize=1050%2C600 3x"},"classes":[]},{"id":6551,"url":"https:\/\/larevistadigital.com.ar\/blog\/chascomus-el-municipio-coloca-nuevos-juegos-en-las-plazas\/","url_meta":{"origin":5156,"position":5},"title":"CHASCOM\u00daS: EL MUNICIPIO COLOCA NUEVOS JUEGOS EN LAS PLAZAS","author":"Alejandro Sosa Ruda","date":"20 septiembre, 2018","format":false,"excerpt":"A trav\u00e9s de su cuenta d facebook el municipio de Chascom\u00fas inform\u00f3 que est\u00e1 abocado a colocar nuevos juegos en distintas plazas de la ciudad para el disfrute de los ni\u00f1os. El comunicado dice lo siguiente: Continuando con la readecuaci\u00f3n y puesta en valor de los espacios p\u00fablicos de la\u2026","rel":"","context":"En \u00abPOLITICA\u00bb","block_context":{"text":"POLITICA","link":"https:\/\/larevistadigital.com.ar\/blog\/category\/politica\/"},"img":{"alt_text":"","src":"https:\/\/i0.wp.com\/larevistadigital.com.ar\/blog\/wp-content\/uploads\/2018\/09\/42194036_2071034052917469_4836271451768094720_n.jpg?fit=960%2C640&ssl=1&resize=350%2C200","width":350,"height":200,"srcset":"https:\/\/i0.wp.com\/larevistadigital.com.ar\/blog\/wp-content\/uploads\/2018\/09\/42194036_2071034052917469_4836271451768094720_n.jpg?fit=960%2C640&ssl=1&resize=350%2C200 1x, https:\/\/i0.wp.com\/larevistadigital.com.ar\/blog\/wp-content\/uploads\/2018\/09\/42194036_2071034052917469_4836271451768094720_n.jpg?fit=960%2C640&ssl=1&resize=525%2C300 1.5x, https:\/\/i0.wp.com\/larevistadigital.com.ar\/blog\/wp-content\/uploads\/2018\/09\/42194036_2071034052917469_4836271451768094720_n.jpg?fit=960%2C640&ssl=1&resize=700%2C400 2x"},"classes":[]}],"_links":{"self":[{"href":"https:\/\/larevistadigital.com.ar\/blog\/wp-json\/wp\/v2\/posts\/5156","targetHints":{"allow":["GET"]}}],"collection":[{"href":"https:\/\/larevistadigital.com.ar\/blog\/wp-json\/wp\/v2\/posts"}],"about":[{"href":"https:\/\/larevistadigital.com.ar\/blog\/wp-json\/wp\/v2\/types\/post"}],"author":[{"embeddable":true,"href":"https:\/\/larevistadigital.com.ar\/blog\/wp-json\/wp\/v2\/users\/1"}],"replies":[{"embeddable":true,"href":"https:\/\/larevistadigital.com.ar\/blog\/wp-json\/wp\/v2\/comments?post=5156"}],"version-history":[{"count":1,"href":"https:\/\/larevistadigital.com.ar\/blog\/wp-json\/wp\/v2\/posts\/5156\/revisions"}],"predecessor-version":[{"id":5158,"href":"https:\/\/larevistadigital.com.ar\/blog\/wp-json\/wp\/v2\/posts\/5156\/revisions\/5158"}],"wp:featuredmedia":[{"embeddable":true,"href":"https:\/\/larevistadigital.com.ar\/blog\/wp-json\/wp\/v2\/media\/5157"}],"wp:attachment":[{"href":"https:\/\/larevistadigital.com.ar\/blog\/wp-json\/wp\/v2\/media?parent=5156"}],"wp:term":[{"taxonomy":"category","embeddable":true,"href":"https:\/\/larevistadigital.com.ar\/blog\/wp-json\/wp\/v2\/categories?post=5156"},{"taxonomy":"post_tag","embeddable":true,"href":"https:\/\/larevistadigital.com.ar\/blog\/wp-json\/wp\/v2\/tags?post=5156"}],"curies":[{"name":"wp","href":"https:\/\/api.w.org\/{rel}","templated":true}]}}